{"id":141127,"date":"2026-03-11T13:33:34","date_gmt":"2026-03-11T12:33:34","guid":{"rendered":"https:\/\/kulturonline.tv\/?p=141127"},"modified":"2026-03-13T18:01:06","modified_gmt":"2026-03-13T17:01:06","slug":"polit-eklat-in-venedig-russlands-rueckkehr-zur-biennale-2026","status":"publish","type":"post","link":"https:\/\/kulturonline.tv\/de\/polit-eklat-in-venedig-russlands-rueckkehr-zur-biennale-2026\/","title":{"rendered":"Polit-Eklat in Venedig: Russlands R\u00fcckkehr zur Biennale 2026"},"content":{"rendered":"\n<figure class=\"wp-block-image size-large is-resized\"><img fetchpriority=\"high\" decoding=\"async\" width=\"1600\" height=\"311\" src=\"https:\/\/kulturonline.tv\/wp-content\/uploads\/2026\/03\/radiobeitrag-46-1600x311.png\" alt=\"\" class=\"wp-image-141128\" style=\"width:461px;height:auto\" srcset=\"https:\/\/kulturonline.tv\/wp-content\/uploads\/2026\/03\/radiobeitrag-46-1600x311.png 1600w, https:\/\/kulturonline.tv\/wp-content\/uploads\/2026\/03\/radiobeitrag-46-800x155.png 800w, https:\/\/kulturonline.tv\/wp-content\/uploads\/2026\/03\/radiobeitrag-46-768x149.png 768w, https:\/\/kulturonline.tv\/wp-content\/uploads\/2026\/03\/radiobeitrag-46-1536x298.png 1536w, https:\/\/kulturonline.tv\/wp-content\/uploads\/2026\/03\/radiobeitrag-46-2048x398.png 2048w\" sizes=\"(max-width: 1600px) 100vw, 1600px\" \/><\/figure>\n\n\n\n<div style=\"height:0px\" aria-hidden=\"true\" class=\"wp-block-spacer\"><\/div>\n\n\n\n<figure class=\"wp-block-audio\"><audio controls src=\"https:\/\/kulturonline.tv\/wp-content\/uploads\/2026\/03\/Venedig-Bienale-26-Beitrag.mp3\"><\/audio><\/figure>\n\n\n\n<p>Eigentlich sollte Venedig im Mai 2026 im Zeichen der Inspiration stehen. Doch statt \u00fcber vision\u00e4re Installationen diskutiert die Kunstwelt \u00fcber einen handfesten Skandal: Nach vierj\u00e4hriger Pause kehrt Russland offiziell in die Giardini zur\u00fcck \u2013 eine Entscheidung, die f\u00fcr massive Ersch\u00fctterungen sorgt.<\/p>\n\n\n\n<figure class=\"wp-block-image size-full\"><img decoding=\"async\" width=\"1365\" height=\"768\" src=\"https:\/\/kulturonline.tv\/wp-content\/uploads\/2026\/03\/Gemini_Generated_Image_8upqa18upqa18upq-edited.png\" alt=\"\" class=\"wp-image-141134\" srcset=\"https:\/\/kulturonline.tv\/wp-content\/uploads\/2026\/03\/Gemini_Generated_Image_8upqa18upqa18upq-edited.png 1365w, https:\/\/kulturonline.tv\/wp-content\/uploads\/2026\/03\/Gemini_Generated_Image_8upqa18upqa18upq-edited-800x450.png 800w, https:\/\/kulturonline.tv\/wp-content\/uploads\/2026\/03\/Gemini_Generated_Image_8upqa18upqa18upq-edited-768x432.png 768w\" sizes=\"(max-width: 1365px) 100vw, 1365px\" \/><\/figure>\n\n\n\n<p>\u00a9 Bild KI Generiert<\/p>\n\n\n\n<p>Pietrangelo Buttafuoco, der neue Pr\u00e4sident der Biennale, rechtfertigt die Einladung mit der Unabh\u00e4ngigkeit der Kunst. F\u00fcr ihn bleibt die Schau ein Ort des \u201est\u00e4ndigen Austauschs\u201c, der \u00fcber tagespolitischen Gr\u00e4ben stehen m\u00fcsse.<\/p>\n\n\n\n<p>Diese Haltung st\u00f6\u00dft auf erbitterten Widerstand.<\/p>\n\n\n\n<p>Kultur Online FM<\/p>\n\n\n\n<p>Biennale2026 #Venedig #VeniceBiennale #Kunstwelt #PolitikUndKunst #BiennaleDiVenezia #Kunstskandal #Giardini #PietrangeloButtafuoco<\/p>\n\n\n\n<div style=\"height:100px\" aria-hidden=\"true\" class=\"wp-block-spacer\"><\/div>\n\n\n\n<a href=\"https:\/\/t.adcell.com\/p\/click?promoId=133519&#038;slotId=98564\" target=\"_blank\" >\n    <img decoding=\"async\" src=\"https:\/\/t.adcell.com\/p\/image?promoId=133519&#038;slotId=98564\" width=\"728\" height=\"90\" border=\"0\" alt=\"meinfoto.de\" \/>\n<\/a>\n\n\n\n<p><\/p>\n","protected":false},"excerpt":{"rendered":"<p>Eigentlich sollte Venedig im Mai 2026 im Zeichen der Inspiration stehen. Doch statt \u00fcber vision\u00e4re Installationen diskutiert die Kunstwelt \u00fcber einen handfesten Skandal: Nach vierj\u00e4hriger Pause kehrt Russland offiziell in die Giardini zur\u00fcck \u2013 eine Entscheidung, die f\u00fcr massive Ersch\u00fctterungen sorgt. \u00a9 Bild KI Generiert Pietrangelo Buttafuoco, der neue Pr\u00e4sident der Biennale, rechtfertigt die Einladung [&hellip;]<\/p>\n","protected":false},"author":2,"featured_media":141134,"comment_status":"closed","ping_status":"closed","sticky":false,"template":"","format":"standard","meta":{"_acf_changed":false,"footnotes":""},"categories":[683],"tags":[],"class_list":["post-141127","post","type-post","status-publish","format-standard","has-post-thumbnail","hentry","category-fm-themenbeitraege"],"acf":[],"yoast_head":"<!-- This site is optimized with the Yoast SEO plugin v26.1.1 - https:\/\/yoast.com\/wordpress\/plugins\/seo\/ -->\n<title>Polit-Eklat in Venedig: Russlands R\u00fcckkehr zur Biennale 2026 - Kultur Online TV &amp; FM<\/title>\n<meta name=\"description\" content=\"Eigentlich sollte Venedig im Mai 2026 im Zeichen der Inspiration stehen. Doch statt \u00fcber vision\u00e4re Installationen diskutiert die Kunstwelt \u00fcber einen handfesten Skandal:\" \/>\n<meta name=\"robots\" content=\"index, follow, max-snippet:-1, max-image-preview:large, max-video-preview:-1\" \/>\n<link rel=\"canonical\" href=\"https:\/\/kulturonline.tv\/de\/polit-eklat-in-venedig-russlands-rueckkehr-zur-biennale-2026\/\" \/>\n<meta property=\"og:locale\" content=\"de_DE\" \/>\n<meta property=\"og:type\" content=\"article\" \/>\n<meta property=\"og:title\" content=\"Polit-Eklat in Venedig: Russlands R\u00fcckkehr zur Biennale 2026 - Kultur Online TV &amp; FM\" \/>\n<meta property=\"og:description\" content=\"Eigentlich sollte Venedig im Mai 2026 im Zeichen der Inspiration stehen. Doch statt \u00fcber vision\u00e4re Installationen diskutiert die Kunstwelt \u00fcber einen handfesten Skandal:\" \/>\n<meta property=\"og:url\" content=\"https:\/\/kulturonline.tv\/de\/polit-eklat-in-venedig-russlands-rueckkehr-zur-biennale-2026\/\" \/>\n<meta property=\"og:site_name\" content=\"Kultur Online TV &amp; FM\" \/>\n<meta property=\"article:publisher\" content=\"https:\/\/www.facebook.com\/kulturonline.tv\" \/>\n<meta property=\"article:published_time\" content=\"2026-03-11T12:33:34+00:00\" \/>\n<meta property=\"article:modified_time\" content=\"2026-03-13T17:01:06+00:00\" \/>\n<meta property=\"og:image\" content=\"https:\/\/kulturonline.tv\/wp-content\/uploads\/2026\/03\/Gemini_Generated_Image_8upqa18upqa18upq-edited.png\" \/>\n\t<meta property=\"og:image:width\" content=\"800\" \/>\n\t<meta property=\"og:image:height\" content=\"450\" \/>\n\t<meta property=\"og:image:type\" content=\"image\/png\" \/>\n<meta name=\"author\" content=\"guenter.wolfgang\" \/>\n<meta name=\"twitter:card\" content=\"summary_large_image\" \/>\n<meta name=\"twitter:label1\" content=\"Verfasst von\" \/>\n\t<meta name=\"twitter:data1\" content=\"guenter.wolfgang\" \/>\n\t<meta name=\"twitter:label2\" content=\"Gesch\u00e4tzte Lesezeit\" \/>\n\t<meta name=\"twitter:data2\" content=\"1\u00a0Minute\" \/>\n<script type=\"application\/ld+json\" class=\"yoast-schema-graph\">{\"@context\":\"https:\/\/schema.org\",\"@graph\":[{\"@type\":\"Article\",\"@id\":\"https:\/\/kulturonline.tv\/de\/polit-eklat-in-venedig-russlands-rueckkehr-zur-biennale-2026\/#article\",\"isPartOf\":{\"@id\":\"https:\/\/kulturonline.tv\/de\/polit-eklat-in-venedig-russlands-rueckkehr-zur-biennale-2026\/\"},\"author\":{\"name\":\"guenter.wolfgang\",\"@id\":\"https:\/\/kulturonline.tv\/de\/#\/schema\/person\/b0fac729bb9a0c193fb1df23449df4fe\"},\"headline\":\"Polit-Eklat in Venedig: Russlands R\u00fcckkehr zur Biennale 2026\",\"datePublished\":\"2026-03-11T12:33:34+00:00\",\"dateModified\":\"2026-03-13T17:01:06+00:00\",\"mainEntityOfPage\":{\"@id\":\"https:\/\/kulturonline.tv\/de\/polit-eklat-in-venedig-russlands-rueckkehr-zur-biennale-2026\/\"},\"wordCount\":111,\"publisher\":{\"@id\":\"https:\/\/kulturonline.tv\/de\/#organization\"},\"image\":{\"@id\":\"https:\/\/kulturonline.tv\/de\/polit-eklat-in-venedig-russlands-rueckkehr-zur-biennale-2026\/#primaryimage\"},\"thumbnailUrl\":\"https:\/\/kulturonline.tv\/wp-content\/uploads\/2026\/03\/Gemini_Generated_Image_8upqa18upqa18upq-edited.png\",\"articleSection\":[\"FM Themenbeitr\u00e4ge\"],\"inLanguage\":\"de\"},{\"@type\":\"WebPage\",\"@id\":\"https:\/\/kulturonline.tv\/de\/polit-eklat-in-venedig-russlands-rueckkehr-zur-biennale-2026\/\",\"url\":\"https:\/\/kulturonline.tv\/de\/polit-eklat-in-venedig-russlands-rueckkehr-zur-biennale-2026\/\",\"name\":\"Polit-Eklat in Venedig: Russlands R\u00fcckkehr zur Biennale 2026 - Kultur Online TV &amp; FM\",\"isPartOf\":{\"@id\":\"https:\/\/kulturonline.tv\/de\/#website\"},\"primaryImageOfPage\":{\"@id\":\"https:\/\/kulturonline.tv\/de\/polit-eklat-in-venedig-russlands-rueckkehr-zur-biennale-2026\/#primaryimage\"},\"image\":{\"@id\":\"https:\/\/kulturonline.tv\/de\/polit-eklat-in-venedig-russlands-rueckkehr-zur-biennale-2026\/#primaryimage\"},\"thumbnailUrl\":\"https:\/\/kulturonline.tv\/wp-content\/uploads\/2026\/03\/Gemini_Generated_Image_8upqa18upqa18upq-edited.png\",\"datePublished\":\"2026-03-11T12:33:34+00:00\",\"dateModified\":\"2026-03-13T17:01:06+00:00\",\"description\":\"Eigentlich sollte Venedig im Mai 2026 im Zeichen der Inspiration stehen. Doch statt \u00fcber vision\u00e4re Installationen diskutiert die Kunstwelt \u00fcber einen handfesten Skandal:\",\"breadcrumb\":{\"@id\":\"https:\/\/kulturonline.tv\/de\/polit-eklat-in-venedig-russlands-rueckkehr-zur-biennale-2026\/#breadcrumb\"},\"inLanguage\":\"de\",\"potentialAction\":[{\"@type\":\"ReadAction\",\"target\":[\"https:\/\/kulturonline.tv\/de\/polit-eklat-in-venedig-russlands-rueckkehr-zur-biennale-2026\/\"]}]},{\"@type\":\"ImageObject\",\"inLanguage\":\"de\",\"@id\":\"https:\/\/kulturonline.tv\/de\/polit-eklat-in-venedig-russlands-rueckkehr-zur-biennale-2026\/#primaryimage\",\"url\":\"https:\/\/kulturonline.tv\/wp-content\/uploads\/2026\/03\/Gemini_Generated_Image_8upqa18upqa18upq-edited.png\",\"contentUrl\":\"https:\/\/kulturonline.tv\/wp-content\/uploads\/2026\/03\/Gemini_Generated_Image_8upqa18upqa18upq-edited.png\",\"width\":1365,\"height\":768},{\"@type\":\"BreadcrumbList\",\"@id\":\"https:\/\/kulturonline.tv\/de\/polit-eklat-in-venedig-russlands-rueckkehr-zur-biennale-2026\/#breadcrumb\",\"itemListElement\":[{\"@type\":\"ListItem\",\"position\":1,\"name\":\"Startseite\",\"item\":\"https:\/\/kulturonline.tv\/de\/\"},{\"@type\":\"ListItem\",\"position\":2,\"name\":\"Polit-Eklat in Venedig: Russlands R\u00fcckkehr zur Biennale 2026\"}]},{\"@type\":\"WebSite\",\"@id\":\"https:\/\/kulturonline.tv\/de\/#website\",\"url\":\"https:\/\/kulturonline.tv\/de\/\",\"name\":\"Kultur Online TV &amp; FM\",\"description\":\"Wir sind Kultur 2.0 zum sehen &amp; h\u00f6ren\",\"publisher\":{\"@id\":\"https:\/\/kulturonline.tv\/de\/#organization\"},\"potentialAction\":[{\"@type\":\"SearchAction\",\"target\":{\"@type\":\"EntryPoint\",\"urlTemplate\":\"https:\/\/kulturonline.tv\/de\/?s={search_term_string}\"},\"query-input\":{\"@type\":\"PropertyValueSpecification\",\"valueRequired\":true,\"valueName\":\"search_term_string\"}}],\"inLanguage\":\"de\"},{\"@type\":\"Organization\",\"@id\":\"https:\/\/kulturonline.tv\/de\/#organization\",\"name\":\"Kultur Online TV\",\"url\":\"https:\/\/kulturonline.tv\/de\/\",\"logo\":{\"@type\":\"ImageObject\",\"inLanguage\":\"de\",\"@id\":\"https:\/\/kulturonline.tv\/de\/#\/schema\/logo\/image\/\",\"url\":\"https:\/\/kulturonline.tv\/wp-content\/uploads\/2021\/08\/Kultur-Online-Tv-Logo-Endversion-neu.png\",\"contentUrl\":\"https:\/\/kulturonline.tv\/wp-content\/uploads\/2021\/08\/Kultur-Online-Tv-Logo-Endversion-neu.png\",\"width\":200,\"height\":200,\"caption\":\"Kultur Online TV\"},\"image\":{\"@id\":\"https:\/\/kulturonline.tv\/de\/#\/schema\/logo\/image\/\"},\"sameAs\":[\"https:\/\/www.facebook.com\/kulturonline.tv\",\"https:\/\/www.instagram.com\/kulturonline.tv\"]},{\"@type\":\"Person\",\"@id\":\"https:\/\/kulturonline.tv\/de\/#\/schema\/person\/b0fac729bb9a0c193fb1df23449df4fe\",\"name\":\"guenter.wolfgang\"}]}<\/script>\n<!-- \/ Yoast SEO plugin. -->","yoast_head_json":{"title":"Polit-Eklat in Venedig: Russlands R\u00fcckkehr zur Biennale 2026 - Kultur Online TV &amp; FM","description":"Eigentlich sollte Venedig im Mai 2026 im Zeichen der Inspiration stehen. Doch statt \u00fcber vision\u00e4re Installationen diskutiert die Kunstwelt \u00fcber einen handfesten Skandal:","robots":{"index":"index","follow":"follow","max-snippet":"max-snippet:-1","max-image-preview":"max-image-preview:large","max-video-preview":"max-video-preview:-1"},"canonical":"https:\/\/kulturonline.tv\/de\/polit-eklat-in-venedig-russlands-rueckkehr-zur-biennale-2026\/","og_locale":"de_DE","og_type":"article","og_title":"Polit-Eklat in Venedig: Russlands R\u00fcckkehr zur Biennale 2026 - Kultur Online TV &amp; FM","og_description":"Eigentlich sollte Venedig im Mai 2026 im Zeichen der Inspiration stehen. Doch statt \u00fcber vision\u00e4re Installationen diskutiert die Kunstwelt \u00fcber einen handfesten Skandal:","og_url":"https:\/\/kulturonline.tv\/de\/polit-eklat-in-venedig-russlands-rueckkehr-zur-biennale-2026\/","og_site_name":"Kultur Online TV &amp; FM","article_publisher":"https:\/\/www.facebook.com\/kulturonline.tv","article_published_time":"2026-03-11T12:33:34+00:00","article_modified_time":"2026-03-13T17:01:06+00:00","og_image":[{"url":"https:\/\/kulturonline.tv\/wp-content\/uploads\/2026\/03\/Gemini_Generated_Image_8upqa18upqa18upq-edited.png","width":800,"height":450,"type":"image\/png"}],"author":"guenter.wolfgang","twitter_card":"summary_large_image","twitter_misc":{"Verfasst von":"guenter.wolfgang","Gesch\u00e4tzte Lesezeit":"1\u00a0Minute"},"schema":{"@context":"https:\/\/schema.org","@graph":[{"@type":"Article","@id":"https:\/\/kulturonline.tv\/de\/polit-eklat-in-venedig-russlands-rueckkehr-zur-biennale-2026\/#article","isPartOf":{"@id":"https:\/\/kulturonline.tv\/de\/polit-eklat-in-venedig-russlands-rueckkehr-zur-biennale-2026\/"},"author":{"name":"guenter.wolfgang","@id":"https:\/\/kulturonline.tv\/de\/#\/schema\/person\/b0fac729bb9a0c193fb1df23449df4fe"},"headline":"Polit-Eklat in Venedig: Russlands R\u00fcckkehr zur Biennale 2026","datePublished":"2026-03-11T12:33:34+00:00","dateModified":"2026-03-13T17:01:06+00:00","mainEntityOfPage":{"@id":"https:\/\/kulturonline.tv\/de\/polit-eklat-in-venedig-russlands-rueckkehr-zur-biennale-2026\/"},"wordCount":111,"publisher":{"@id":"https:\/\/kulturonline.tv\/de\/#organization"},"image":{"@id":"https:\/\/kulturonline.tv\/de\/polit-eklat-in-venedig-russlands-rueckkehr-zur-biennale-2026\/#primaryimage"},"thumbnailUrl":"https:\/\/kulturonline.tv\/wp-content\/uploads\/2026\/03\/Gemini_Generated_Image_8upqa18upqa18upq-edited.png","articleSection":["FM Themenbeitr\u00e4ge"],"inLanguage":"de"},{"@type":"WebPage","@id":"https:\/\/kulturonline.tv\/de\/polit-eklat-in-venedig-russlands-rueckkehr-zur-biennale-2026\/","url":"https:\/\/kulturonline.tv\/de\/polit-eklat-in-venedig-russlands-rueckkehr-zur-biennale-2026\/","name":"Polit-Eklat in Venedig: Russlands R\u00fcckkehr zur Biennale 2026 - Kultur Online TV &amp; FM","isPartOf":{"@id":"https:\/\/kulturonline.tv\/de\/#website"},"primaryImageOfPage":{"@id":"https:\/\/kulturonline.tv\/de\/polit-eklat-in-venedig-russlands-rueckkehr-zur-biennale-2026\/#primaryimage"},"image":{"@id":"https:\/\/kulturonline.tv\/de\/polit-eklat-in-venedig-russlands-rueckkehr-zur-biennale-2026\/#primaryimage"},"thumbnailUrl":"https:\/\/kulturonline.tv\/wp-content\/uploads\/2026\/03\/Gemini_Generated_Image_8upqa18upqa18upq-edited.png","datePublished":"2026-03-11T12:33:34+00:00","dateModified":"2026-03-13T17:01:06+00:00","description":"Eigentlich sollte Venedig im Mai 2026 im Zeichen der Inspiration stehen. Doch statt \u00fcber vision\u00e4re Installationen diskutiert die Kunstwelt \u00fcber einen handfesten Skandal:","breadcrumb":{"@id":"https:\/\/kulturonline.tv\/de\/polit-eklat-in-venedig-russlands-rueckkehr-zur-biennale-2026\/#breadcrumb"},"inLanguage":"de","potentialAction":[{"@type":"ReadAction","target":["https:\/\/kulturonline.tv\/de\/polit-eklat-in-venedig-russlands-rueckkehr-zur-biennale-2026\/"]}]},{"@type":"ImageObject","inLanguage":"de","@id":"https:\/\/kulturonline.tv\/de\/polit-eklat-in-venedig-russlands-rueckkehr-zur-biennale-2026\/#primaryimage","url":"https:\/\/kulturonline.tv\/wp-content\/uploads\/2026\/03\/Gemini_Generated_Image_8upqa18upqa18upq-edited.png","contentUrl":"https:\/\/kulturonline.tv\/wp-content\/uploads\/2026\/03\/Gemini_Generated_Image_8upqa18upqa18upq-edited.png","width":1365,"height":768},{"@type":"BreadcrumbList","@id":"https:\/\/kulturonline.tv\/de\/polit-eklat-in-venedig-russlands-rueckkehr-zur-biennale-2026\/#breadcrumb","itemListElement":[{"@type":"ListItem","position":1,"name":"Startseite","item":"https:\/\/kulturonline.tv\/de\/"},{"@type":"ListItem","position":2,"name":"Polit-Eklat in Venedig: Russlands R\u00fcckkehr zur Biennale 2026"}]},{"@type":"WebSite","@id":"https:\/\/kulturonline.tv\/de\/#website","url":"https:\/\/kulturonline.tv\/de\/","name":"Kultur Online TV &amp; FM","description":"Wir sind Kultur 2.0 zum sehen &amp; h\u00f6ren","publisher":{"@id":"https:\/\/kulturonline.tv\/de\/#organization"},"potentialAction":[{"@type":"SearchAction","target":{"@type":"EntryPoint","urlTemplate":"https:\/\/kulturonline.tv\/de\/?s={search_term_string}"},"query-input":{"@type":"PropertyValueSpecification","valueRequired":true,"valueName":"search_term_string"}}],"inLanguage":"de"},{"@type":"Organization","@id":"https:\/\/kulturonline.tv\/de\/#organization","name":"Kultur Online TV","url":"https:\/\/kulturonline.tv\/de\/","logo":{"@type":"ImageObject","inLanguage":"de","@id":"https:\/\/kulturonline.tv\/de\/#\/schema\/logo\/image\/","url":"https:\/\/kulturonline.tv\/wp-content\/uploads\/2021\/08\/Kultur-Online-Tv-Logo-Endversion-neu.png","contentUrl":"https:\/\/kulturonline.tv\/wp-content\/uploads\/2021\/08\/Kultur-Online-Tv-Logo-Endversion-neu.png","width":200,"height":200,"caption":"Kultur Online TV"},"image":{"@id":"https:\/\/kulturonline.tv\/de\/#\/schema\/logo\/image\/"},"sameAs":["https:\/\/www.facebook.com\/kulturonline.tv","https:\/\/www.instagram.com\/kulturonline.tv"]},{"@type":"Person","@id":"https:\/\/kulturonline.tv\/de\/#\/schema\/person\/b0fac729bb9a0c193fb1df23449df4fe","name":"guenter.wolfgang"}]}},"_links":{"self":[{"href":"https:\/\/kulturonline.tv\/de\/wp-json\/wp\/v2\/posts\/141127","targetHints":{"allow":["GET"]}}],"collection":[{"href":"https:\/\/kulturonline.tv\/de\/wp-json\/wp\/v2\/posts"}],"about":[{"href":"https:\/\/kulturonline.tv\/de\/wp-json\/wp\/v2\/types\/post"}],"author":[{"embeddable":true,"href":"https:\/\/kulturonline.tv\/de\/wp-json\/wp\/v2\/users\/2"}],"replies":[{"embeddable":true,"href":"https:\/\/kulturonline.tv\/de\/wp-json\/wp\/v2\/comments?post=141127"}],"version-history":[{"count":6,"href":"https:\/\/kulturonline.tv\/de\/wp-json\/wp\/v2\/posts\/141127\/revisions"}],"predecessor-version":[{"id":141464,"href":"https:\/\/kulturonline.tv\/de\/wp-json\/wp\/v2\/posts\/141127\/revisions\/141464"}],"wp:featuredmedia":[{"embeddable":true,"href":"https:\/\/kulturonline.tv\/de\/wp-json\/wp\/v2\/media\/141134"}],"wp:attachment":[{"href":"https:\/\/kulturonline.tv\/de\/wp-json\/wp\/v2\/media?parent=141127"}],"wp:term":[{"taxonomy":"category","embeddable":true,"href":"https:\/\/kulturonline.tv\/de\/wp-json\/wp\/v2\/categories?post=141127"},{"taxonomy":"post_tag","embeddable":true,"href":"https:\/\/kulturonline.tv\/de\/wp-json\/wp\/v2\/tags?post=141127"}],"curies":[{"name":"wp","href":"https:\/\/api.w.org\/{rel}","templated":true}]}}