{"id":141287,"date":"2026-03-12T23:31:49","date_gmt":"2026-03-12T22:31:49","guid":{"rendered":"https:\/\/kulturonline.tv\/?p=141287"},"modified":"2026-03-15T08:43:37","modified_gmt":"2026-03-15T07:43:37","slug":"margaritha-wanitschek-kuenstlerin-aus-tirol","status":"publish","type":"post","link":"https:\/\/kulturonline.tv\/de\/margaritha-wanitschek-kuenstlerin-aus-tirol\/","title":{"rendered":"Margaritha Wanitschek K\u00fcnstlerin, aus Tirol"},"content":{"rendered":"\n<p>Nach dem Matura Studium in Paris und Wien zu Malerei, Theologie, Philosophie sowie Erfahrungen am Theater am Petersplatz in Wien arbeitete Margaritha Wanitschek nach ihrer R\u00fcckkehr wieder in Schwaz in Tirol u.\u2009a. als Werbegraphikerin bei der Firma Swarovski.<\/p>\n\n\n\n<p>Die K\u00fcnstlerin mit gro\u00dfer N\u00e4he zur Literatur, will ihre eigenen Arbeiten nicht detailliert erkl\u00e4ren. Dies w\u00fcrde dem Betrachter die M\u00f6glichkeit nehmen, \u00fcber die Interpretation durch seine eigene Fantasie sich dem Thema zu n\u00e4hern. Es ist, was der Betrachter, der das Bild durch seine Betrachtung vervollst\u00e4ndigt, zu sehen gewillt ist. Trotzdem ein Versuch, der einem unvoreingenommenen Sehen nicht im Wege steht.<\/p>\n\n\n\n<p>Wir haben Margaritha Wanitschek in Ihrem Atelier in Schwaz in Tirol besucht und das folgende Gespr\u00e4ch mit Ihr gef\u00fchrt.<\/p>\n\n\n\n<p>Kultur Online FM<\/p>\n\n\n\n<p>#interview #news #gespr\u00e4ch<\/p>\n","protected":false},"excerpt":{"rendered":"<p>Nach dem Matura Studium in Paris und Wien zu Malerei, Theologie, Philosophie sowie Erfahrungen am Theater am Petersplatz in Wien arbeitete Margaritha Wanitschek nach ihrer R\u00fcckkehr wieder in Schwaz in Tirol u.\u2009a. als Werbegraphikerin bei der Firma Swarovski. Die K\u00fcnstlerin mit gro\u00dfer N\u00e4he zur Literatur, will ihre eigenen Arbeiten nicht detailliert erkl\u00e4ren. Dies w\u00fcrde dem [&hellip;]<\/p>\n","protected":false},"author":2,"featured_media":141756,"comment_status":"closed","ping_status":"closed","sticky":false,"template":"","format":"standard","meta":{"_acf_changed":false,"footnotes":""},"categories":[194],"tags":[],"class_list":["post-141287","post","type-post","status-publish","format-standard","has-post-thumbnail","hentry","category-fm-audio-kulturflash"],"acf":[],"yoast_head":"<!-- This site is optimized with the Yoast SEO plugin v26.1.1 - https:\/\/yoast.com\/wordpress\/plugins\/seo\/ -->\n<title>Margaritha Wanitschek K\u00fcnstlerin, aus Tirol - Kultur Online TV &amp; FM<\/title>\n<meta name=\"description\" content=\"Kultur sehen und H\u00f6ren\" \/>\n<meta name=\"robots\" content=\"index, follow, max-snippet:-1, max-image-preview:large, max-video-preview:-1\" \/>\n<link rel=\"canonical\" href=\"https:\/\/kulturonline.tv\/de\/margaritha-wanitschek-kuenstlerin-aus-tirol\/\" \/>\n<meta property=\"og:locale\" content=\"de_DE\" \/>\n<meta property=\"og:type\" content=\"article\" \/>\n<meta property=\"og:title\" content=\"Margaritha Wanitschek K\u00fcnstlerin, aus Tirol - Kultur Online TV &amp; FM\" \/>\n<meta property=\"og:description\" content=\"Kultur sehen und H\u00f6ren\" \/>\n<meta property=\"og:url\" content=\"https:\/\/kulturonline.tv\/de\/margaritha-wanitschek-kuenstlerin-aus-tirol\/\" \/>\n<meta property=\"og:site_name\" content=\"Kultur Online TV &amp; FM\" \/>\n<meta property=\"article:publisher\" content=\"https:\/\/www.facebook.com\/kulturonline.tv\" \/>\n<meta property=\"article:published_time\" content=\"2026-03-12T22:31:49+00:00\" \/>\n<meta property=\"article:modified_time\" content=\"2026-03-15T07:43:37+00:00\" \/>\n<meta property=\"og:image\" content=\"https:\/\/kulturonline.tv\/wp-content\/uploads\/2026\/03\/Dark-Modern-Elegant-Singer-New-Song-YouTube-Thumbnail-8.png\" \/>\n\t<meta property=\"og:image:width\" content=\"1280\" \/>\n\t<meta property=\"og:image:height\" content=\"720\" \/>\n\t<meta property=\"og:image:type\" content=\"image\/png\" \/>\n<meta name=\"author\" content=\"guenter.wolfgang\" \/>\n<meta name=\"twitter:card\" content=\"summary_large_image\" \/>\n<meta name=\"twitter:label1\" content=\"Verfasst von\" \/>\n\t<meta name=\"twitter:data1\" content=\"guenter.wolfgang\" \/>\n\t<meta name=\"twitter:label2\" content=\"Gesch\u00e4tzte Lesezeit\" \/>\n\t<meta name=\"twitter:data2\" content=\"1\u00a0Minute\" \/>\n<script type=\"application\/ld+json\" class=\"yoast-schema-graph\">{\"@context\":\"https:\/\/schema.org\",\"@graph\":[{\"@type\":\"Article\",\"@id\":\"https:\/\/kulturonline.tv\/de\/margaritha-wanitschek-kuenstlerin-aus-tirol\/#article\",\"isPartOf\":{\"@id\":\"https:\/\/kulturonline.tv\/de\/margaritha-wanitschek-kuenstlerin-aus-tirol\/\"},\"author\":{\"name\":\"guenter.wolfgang\",\"@id\":\"https:\/\/kulturonline.tv\/de\/#\/schema\/person\/b0fac729bb9a0c193fb1df23449df4fe\"},\"headline\":\"Margaritha Wanitschek K\u00fcnstlerin, aus Tirol\",\"datePublished\":\"2026-03-12T22:31:49+00:00\",\"dateModified\":\"2026-03-15T07:43:37+00:00\",\"mainEntityOfPage\":{\"@id\":\"https:\/\/kulturonline.tv\/de\/margaritha-wanitschek-kuenstlerin-aus-tirol\/\"},\"wordCount\":142,\"publisher\":{\"@id\":\"https:\/\/kulturonline.tv\/de\/#organization\"},\"image\":{\"@id\":\"https:\/\/kulturonline.tv\/de\/margaritha-wanitschek-kuenstlerin-aus-tirol\/#primaryimage\"},\"thumbnailUrl\":\"https:\/\/kulturonline.tv\/wp-content\/uploads\/2026\/03\/Dark-Modern-Elegant-Singer-New-Song-YouTube-Thumbnail-8.png\",\"articleSection\":[\"FM Audio Kulturflash\"],\"inLanguage\":\"de\"},{\"@type\":\"WebPage\",\"@id\":\"https:\/\/kulturonline.tv\/de\/margaritha-wanitschek-kuenstlerin-aus-tirol\/\",\"url\":\"https:\/\/kulturonline.tv\/de\/margaritha-wanitschek-kuenstlerin-aus-tirol\/\",\"name\":\"Margaritha Wanitschek K\u00fcnstlerin, aus Tirol - Kultur Online TV &amp; FM\",\"isPartOf\":{\"@id\":\"https:\/\/kulturonline.tv\/de\/#website\"},\"primaryImageOfPage\":{\"@id\":\"https:\/\/kulturonline.tv\/de\/margaritha-wanitschek-kuenstlerin-aus-tirol\/#primaryimage\"},\"image\":{\"@id\":\"https:\/\/kulturonline.tv\/de\/margaritha-wanitschek-kuenstlerin-aus-tirol\/#primaryimage\"},\"thumbnailUrl\":\"https:\/\/kulturonline.tv\/wp-content\/uploads\/2026\/03\/Dark-Modern-Elegant-Singer-New-Song-YouTube-Thumbnail-8.png\",\"datePublished\":\"2026-03-12T22:31:49+00:00\",\"dateModified\":\"2026-03-15T07:43:37+00:00\",\"description\":\"Kultur sehen und H\u00f6ren\",\"breadcrumb\":{\"@id\":\"https:\/\/kulturonline.tv\/de\/margaritha-wanitschek-kuenstlerin-aus-tirol\/#breadcrumb\"},\"inLanguage\":\"de\",\"potentialAction\":[{\"@type\":\"ReadAction\",\"target\":[\"https:\/\/kulturonline.tv\/de\/margaritha-wanitschek-kuenstlerin-aus-tirol\/\"]}]},{\"@type\":\"ImageObject\",\"inLanguage\":\"de\",\"@id\":\"https:\/\/kulturonline.tv\/de\/margaritha-wanitschek-kuenstlerin-aus-tirol\/#primaryimage\",\"url\":\"https:\/\/kulturonline.tv\/wp-content\/uploads\/2026\/03\/Dark-Modern-Elegant-Singer-New-Song-YouTube-Thumbnail-8.png\",\"contentUrl\":\"https:\/\/kulturonline.tv\/wp-content\/uploads\/2026\/03\/Dark-Modern-Elegant-Singer-New-Song-YouTube-Thumbnail-8.png\",\"width\":1280,\"height\":720},{\"@type\":\"BreadcrumbList\",\"@id\":\"https:\/\/kulturonline.tv\/de\/margaritha-wanitschek-kuenstlerin-aus-tirol\/#breadcrumb\",\"itemListElement\":[{\"@type\":\"ListItem\",\"position\":1,\"name\":\"Startseite\",\"item\":\"https:\/\/kulturonline.tv\/de\/\"},{\"@type\":\"ListItem\",\"position\":2,\"name\":\"Margaritha Wanitschek K\u00fcnstlerin, aus Tirol\"}]},{\"@type\":\"WebSite\",\"@id\":\"https:\/\/kulturonline.tv\/de\/#website\",\"url\":\"https:\/\/kulturonline.tv\/de\/\",\"name\":\"Kultur Online TV &amp; FM\",\"description\":\"Wir sind Kultur 2.0 zum sehen &amp; h\u00f6ren\",\"publisher\":{\"@id\":\"https:\/\/kulturonline.tv\/de\/#organization\"},\"potentialAction\":[{\"@type\":\"SearchAction\",\"target\":{\"@type\":\"EntryPoint\",\"urlTemplate\":\"https:\/\/kulturonline.tv\/de\/?s={search_term_string}\"},\"query-input\":{\"@type\":\"PropertyValueSpecification\",\"valueRequired\":true,\"valueName\":\"search_term_string\"}}],\"inLanguage\":\"de\"},{\"@type\":\"Organization\",\"@id\":\"https:\/\/kulturonline.tv\/de\/#organization\",\"name\":\"Kultur Online TV\",\"url\":\"https:\/\/kulturonline.tv\/de\/\",\"logo\":{\"@type\":\"ImageObject\",\"inLanguage\":\"de\",\"@id\":\"https:\/\/kulturonline.tv\/de\/#\/schema\/logo\/image\/\",\"url\":\"https:\/\/kulturonline.tv\/wp-content\/uploads\/2021\/08\/Kultur-Online-Tv-Logo-Endversion-neu.png\",\"contentUrl\":\"https:\/\/kulturonline.tv\/wp-content\/uploads\/2021\/08\/Kultur-Online-Tv-Logo-Endversion-neu.png\",\"width\":200,\"height\":200,\"caption\":\"Kultur Online TV\"},\"image\":{\"@id\":\"https:\/\/kulturonline.tv\/de\/#\/schema\/logo\/image\/\"},\"sameAs\":[\"https:\/\/www.facebook.com\/kulturonline.tv\",\"https:\/\/www.instagram.com\/kulturonline.tv\"]},{\"@type\":\"Person\",\"@id\":\"https:\/\/kulturonline.tv\/de\/#\/schema\/person\/b0fac729bb9a0c193fb1df23449df4fe\",\"name\":\"guenter.wolfgang\"}]}<\/script>\n<!-- \/ Yoast SEO plugin. -->","yoast_head_json":{"title":"Margaritha Wanitschek K\u00fcnstlerin, aus Tirol - Kultur Online TV &amp; FM","description":"Kultur sehen und H\u00f6ren","robots":{"index":"index","follow":"follow","max-snippet":"max-snippet:-1","max-image-preview":"max-image-preview:large","max-video-preview":"max-video-preview:-1"},"canonical":"https:\/\/kulturonline.tv\/de\/margaritha-wanitschek-kuenstlerin-aus-tirol\/","og_locale":"de_DE","og_type":"article","og_title":"Margaritha Wanitschek K\u00fcnstlerin, aus Tirol - Kultur Online TV &amp; FM","og_description":"Kultur sehen und H\u00f6ren","og_url":"https:\/\/kulturonline.tv\/de\/margaritha-wanitschek-kuenstlerin-aus-tirol\/","og_site_name":"Kultur Online TV &amp; FM","article_publisher":"https:\/\/www.facebook.com\/kulturonline.tv","article_published_time":"2026-03-12T22:31:49+00:00","article_modified_time":"2026-03-15T07:43:37+00:00","og_image":[{"width":1280,"height":720,"url":"https:\/\/kulturonline.tv\/wp-content\/uploads\/2026\/03\/Dark-Modern-Elegant-Singer-New-Song-YouTube-Thumbnail-8.png","type":"image\/png"}],"author":"guenter.wolfgang","twitter_card":"summary_large_image","twitter_misc":{"Verfasst von":"guenter.wolfgang","Gesch\u00e4tzte Lesezeit":"1\u00a0Minute"},"schema":{"@context":"https:\/\/schema.org","@graph":[{"@type":"Article","@id":"https:\/\/kulturonline.tv\/de\/margaritha-wanitschek-kuenstlerin-aus-tirol\/#article","isPartOf":{"@id":"https:\/\/kulturonline.tv\/de\/margaritha-wanitschek-kuenstlerin-aus-tirol\/"},"author":{"name":"guenter.wolfgang","@id":"https:\/\/kulturonline.tv\/de\/#\/schema\/person\/b0fac729bb9a0c193fb1df23449df4fe"},"headline":"Margaritha Wanitschek K\u00fcnstlerin, aus Tirol","datePublished":"2026-03-12T22:31:49+00:00","dateModified":"2026-03-15T07:43:37+00:00","mainEntityOfPage":{"@id":"https:\/\/kulturonline.tv\/de\/margaritha-wanitschek-kuenstlerin-aus-tirol\/"},"wordCount":142,"publisher":{"@id":"https:\/\/kulturonline.tv\/de\/#organization"},"image":{"@id":"https:\/\/kulturonline.tv\/de\/margaritha-wanitschek-kuenstlerin-aus-tirol\/#primaryimage"},"thumbnailUrl":"https:\/\/kulturonline.tv\/wp-content\/uploads\/2026\/03\/Dark-Modern-Elegant-Singer-New-Song-YouTube-Thumbnail-8.png","articleSection":["FM Audio Kulturflash"],"inLanguage":"de"},{"@type":"WebPage","@id":"https:\/\/kulturonline.tv\/de\/margaritha-wanitschek-kuenstlerin-aus-tirol\/","url":"https:\/\/kulturonline.tv\/de\/margaritha-wanitschek-kuenstlerin-aus-tirol\/","name":"Margaritha Wanitschek K\u00fcnstlerin, aus Tirol - Kultur Online TV &amp; FM","isPartOf":{"@id":"https:\/\/kulturonline.tv\/de\/#website"},"primaryImageOfPage":{"@id":"https:\/\/kulturonline.tv\/de\/margaritha-wanitschek-kuenstlerin-aus-tirol\/#primaryimage"},"image":{"@id":"https:\/\/kulturonline.tv\/de\/margaritha-wanitschek-kuenstlerin-aus-tirol\/#primaryimage"},"thumbnailUrl":"https:\/\/kulturonline.tv\/wp-content\/uploads\/2026\/03\/Dark-Modern-Elegant-Singer-New-Song-YouTube-Thumbnail-8.png","datePublished":"2026-03-12T22:31:49+00:00","dateModified":"2026-03-15T07:43:37+00:00","description":"Kultur sehen und H\u00f6ren","breadcrumb":{"@id":"https:\/\/kulturonline.tv\/de\/margaritha-wanitschek-kuenstlerin-aus-tirol\/#breadcrumb"},"inLanguage":"de","potentialAction":[{"@type":"ReadAction","target":["https:\/\/kulturonline.tv\/de\/margaritha-wanitschek-kuenstlerin-aus-tirol\/"]}]},{"@type":"ImageObject","inLanguage":"de","@id":"https:\/\/kulturonline.tv\/de\/margaritha-wanitschek-kuenstlerin-aus-tirol\/#primaryimage","url":"https:\/\/kulturonline.tv\/wp-content\/uploads\/2026\/03\/Dark-Modern-Elegant-Singer-New-Song-YouTube-Thumbnail-8.png","contentUrl":"https:\/\/kulturonline.tv\/wp-content\/uploads\/2026\/03\/Dark-Modern-Elegant-Singer-New-Song-YouTube-Thumbnail-8.png","width":1280,"height":720},{"@type":"BreadcrumbList","@id":"https:\/\/kulturonline.tv\/de\/margaritha-wanitschek-kuenstlerin-aus-tirol\/#breadcrumb","itemListElement":[{"@type":"ListItem","position":1,"name":"Startseite","item":"https:\/\/kulturonline.tv\/de\/"},{"@type":"ListItem","position":2,"name":"Margaritha Wanitschek K\u00fcnstlerin, aus Tirol"}]},{"@type":"WebSite","@id":"https:\/\/kulturonline.tv\/de\/#website","url":"https:\/\/kulturonline.tv\/de\/","name":"Kultur Online TV &amp; FM","description":"Wir sind Kultur 2.0 zum sehen &amp; h\u00f6ren","publisher":{"@id":"https:\/\/kulturonline.tv\/de\/#organization"},"potentialAction":[{"@type":"SearchAction","target":{"@type":"EntryPoint","urlTemplate":"https:\/\/kulturonline.tv\/de\/?s={search_term_string}"},"query-input":{"@type":"PropertyValueSpecification","valueRequired":true,"valueName":"search_term_string"}}],"inLanguage":"de"},{"@type":"Organization","@id":"https:\/\/kulturonline.tv\/de\/#organization","name":"Kultur Online TV","url":"https:\/\/kulturonline.tv\/de\/","logo":{"@type":"ImageObject","inLanguage":"de","@id":"https:\/\/kulturonline.tv\/de\/#\/schema\/logo\/image\/","url":"https:\/\/kulturonline.tv\/wp-content\/uploads\/2021\/08\/Kultur-Online-Tv-Logo-Endversion-neu.png","contentUrl":"https:\/\/kulturonline.tv\/wp-content\/uploads\/2021\/08\/Kultur-Online-Tv-Logo-Endversion-neu.png","width":200,"height":200,"caption":"Kultur Online TV"},"image":{"@id":"https:\/\/kulturonline.tv\/de\/#\/schema\/logo\/image\/"},"sameAs":["https:\/\/www.facebook.com\/kulturonline.tv","https:\/\/www.instagram.com\/kulturonline.tv"]},{"@type":"Person","@id":"https:\/\/kulturonline.tv\/de\/#\/schema\/person\/b0fac729bb9a0c193fb1df23449df4fe","name":"guenter.wolfgang"}]}},"_links":{"self":[{"href":"https:\/\/kulturonline.tv\/de\/wp-json\/wp\/v2\/posts\/141287","targetHints":{"allow":["GET"]}}],"collection":[{"href":"https:\/\/kulturonline.tv\/de\/wp-json\/wp\/v2\/posts"}],"about":[{"href":"https:\/\/kulturonline.tv\/de\/wp-json\/wp\/v2\/types\/post"}],"author":[{"embeddable":true,"href":"https:\/\/kulturonline.tv\/de\/wp-json\/wp\/v2\/users\/2"}],"replies":[{"embeddable":true,"href":"https:\/\/kulturonline.tv\/de\/wp-json\/wp\/v2\/comments?post=141287"}],"version-history":[{"count":1,"href":"https:\/\/kulturonline.tv\/de\/wp-json\/wp\/v2\/posts\/141287\/revisions"}],"predecessor-version":[{"id":141290,"href":"https:\/\/kulturonline.tv\/de\/wp-json\/wp\/v2\/posts\/141287\/revisions\/141290"}],"wp:featuredmedia":[{"embeddable":true,"href":"https:\/\/kulturonline.tv\/de\/wp-json\/wp\/v2\/media\/141756"}],"wp:attachment":[{"href":"https:\/\/kulturonline.tv\/de\/wp-json\/wp\/v2\/media?parent=141287"}],"wp:term":[{"taxonomy":"category","embeddable":true,"href":"https:\/\/kulturonline.tv\/de\/wp-json\/wp\/v2\/categories?post=141287"},{"taxonomy":"post_tag","embeddable":true,"href":"https:\/\/kulturonline.tv\/de\/wp-json\/wp\/v2\/tags?post=141287"}],"curies":[{"name":"wp","href":"https:\/\/api.w.org\/{rel}","templated":true}]}}