{"id":141466,"date":"2026-03-13T18:46:03","date_gmt":"2026-03-13T17:46:03","guid":{"rendered":"https:\/\/kulturonline.tv\/?p=141466"},"modified":"2026-03-13T18:57:34","modified_gmt":"2026-03-13T17:57:34","slug":"spark-art-fair-vienna","status":"publish","type":"post","link":"https:\/\/kulturonline.tv\/de\/spark-art-fair-vienna\/","title":{"rendered":"Spark Art Fair Vienna"},"content":{"rendered":"\n<figure class=\"wp-block-image size-large is-resized\"><img fetchpriority=\"high\" decoding=\"async\" width=\"1600\" height=\"311\" src=\"https:\/\/kulturonline.tv\/wp-content\/uploads\/2026\/03\/radiobeitrag-22-1600x311.png\" alt=\"\" class=\"wp-image-141450\" style=\"width:465px;height:auto\" srcset=\"https:\/\/kulturonline.tv\/wp-content\/uploads\/2026\/03\/radiobeitrag-22-1600x311.png 1600w, https:\/\/kulturonline.tv\/wp-content\/uploads\/2026\/03\/radiobeitrag-22-800x155.png 800w, https:\/\/kulturonline.tv\/wp-content\/uploads\/2026\/03\/radiobeitrag-22-768x149.png 768w, https:\/\/kulturonline.tv\/wp-content\/uploads\/2026\/03\/radiobeitrag-22-1536x298.png 1536w, https:\/\/kulturonline.tv\/wp-content\/uploads\/2026\/03\/radiobeitrag-22-2048x398.png 2048w\" sizes=\"(max-width: 1600px) 100vw, 1600px\" \/><\/figure>\n\n\n\n<p>Die Messe f\u00fcr zeitgen\u00f6ssische Kunst \u00f6ffnet vom <strong>20. bis 22. M\u00e4rz<\/strong> ihre Tore in der Marx Halle.<\/p>\n\n\n\n<p>Vom 20. bis 22. M\u00e4rz verwandelt sich die historische Marx Halle wieder in ein riesiges Schaufenster f\u00fcr zeitgen\u00f6ssische Kunst. Das Besondere an der SPARK ist ja dieses Jahr wieder das Konzept: Hier gibt es keine \u00fcberladenen Koje-Labyrinthe. Stattdessen setzt die Messe auf Einzelpr\u00e4sentationen. Das hei\u00dft, man bekommt als Besucher wirklich die Chance, tief in die Welt eines einzelnen K\u00fcnstlers einzutauchen, statt nur im Vorbeigehen ein Bild zu scannen.<\/p>\n\n\n\n<p>Kultur Online TV-FM<\/p>\n\n\n\n<p>#SparkArtFair #SparkArtFairVienna #MarxHalle #ContemporaryArt #ViennaArt #KunstWien #ArtFair #ContemporaryArtist<\/p>\n\n\n\n<p><\/p>\n\n\n\n<figure class=\"wp-block-image size-full\"><img decoding=\"async\" width=\"1408\" height=\"768\" src=\"https:\/\/kulturonline.tv\/wp-content\/uploads\/2026\/03\/Gemini_Generated_Image_qcdxyxqcdxyxqcdx-1.png\" alt=\"\" class=\"wp-image-141467\" srcset=\"https:\/\/kulturonline.tv\/wp-content\/uploads\/2026\/03\/Gemini_Generated_Image_qcdxyxqcdxyxqcdx-1.png 1408w, https:\/\/kulturonline.tv\/wp-content\/uploads\/2026\/03\/Gemini_Generated_Image_qcdxyxqcdxyxqcdx-1-800x436.png 800w, https:\/\/kulturonline.tv\/wp-content\/uploads\/2026\/03\/Gemini_Generated_Image_qcdxyxqcdxyxqcdx-1-768x419.png 768w\" sizes=\"(max-width: 1408px) 100vw, 1408px\" \/><\/figure>\n\n\n\n<p>\u00a9 Bild: KI Generiert<\/p>\n\n\n\n<div style=\"height:100px\" aria-hidden=\"true\" class=\"wp-block-spacer\"><\/div>\n\n\n\n<p><\/p>\n\n\n\n<a href=\"https:\/\/t.adcell.com\/p\/click?promoId=133519&#038;slotId=98564\" target=\"_blank\" >\n    <img decoding=\"async\" src=\"https:\/\/t.adcell.com\/p\/image?promoId=133519&#038;slotId=98564\" width=\"728\" height=\"90\" border=\"0\" alt=\"meinfoto.de\" \/>\n<\/a>\n\n\n\n\n<p><\/p>\n","protected":false},"excerpt":{"rendered":"<p>Die Messe f\u00fcr zeitgen\u00f6ssische Kunst \u00f6ffnet vom 20. bis 22. M\u00e4rz ihre Tore in der Marx Halle. Vom 20. bis 22. M\u00e4rz verwandelt sich die historische Marx Halle wieder in ein riesiges Schaufenster f\u00fcr zeitgen\u00f6ssische Kunst. Das Besondere an der SPARK ist ja dieses Jahr wieder das Konzept: Hier gibt es keine \u00fcberladenen Koje-Labyrinthe. Stattdessen [&hellip;]<\/p>\n","protected":false},"author":2,"featured_media":141467,"comment_status":"closed","ping_status":"closed","sticky":false,"template":"","format":"standard","meta":{"_acf_changed":false,"footnotes":""},"categories":[1134],"tags":[],"class_list":["post-141466","post","type-post","status-publish","format-standard","has-post-thumbnail","hentry","category-fm-audio-veranstaltungstipps"],"acf":[],"yoast_head":"<!-- This site is optimized with the Yoast SEO plugin v26.1.1 - https:\/\/yoast.com\/wordpress\/plugins\/seo\/ -->\n<title>Spark Art Fair Vienna - Kultur Online TV &amp; FM<\/title>\n<meta name=\"description\" content=\"Kultur sehen und H\u00f6ren\" \/>\n<meta name=\"robots\" content=\"index, follow, max-snippet:-1, max-image-preview:large, max-video-preview:-1\" \/>\n<link rel=\"canonical\" href=\"https:\/\/kulturonline.tv\/de\/spark-art-fair-vienna\/\" \/>\n<meta property=\"og:locale\" content=\"de_DE\" \/>\n<meta property=\"og:type\" content=\"article\" \/>\n<meta property=\"og:title\" content=\"Spark Art Fair Vienna - Kultur Online TV &amp; FM\" \/>\n<meta property=\"og:description\" content=\"Kultur sehen und H\u00f6ren\" \/>\n<meta property=\"og:url\" content=\"https:\/\/kulturonline.tv\/de\/spark-art-fair-vienna\/\" \/>\n<meta property=\"og:site_name\" content=\"Kultur Online TV &amp; FM\" \/>\n<meta property=\"article:publisher\" content=\"https:\/\/www.facebook.com\/kulturonline.tv\" \/>\n<meta property=\"article:published_time\" content=\"2026-03-13T17:46:03+00:00\" \/>\n<meta property=\"article:modified_time\" content=\"2026-03-13T17:57:34+00:00\" \/>\n<meta property=\"og:image\" content=\"https:\/\/kulturonline.tv\/wp-content\/uploads\/2026\/03\/Gemini_Generated_Image_qcdxyxqcdxyxqcdx-1.png\" \/>\n\t<meta property=\"og:image:width\" content=\"800\" \/>\n\t<meta property=\"og:image:height\" content=\"436\" \/>\n\t<meta property=\"og:image:type\" content=\"image\/png\" \/>\n<meta name=\"author\" content=\"guenter.wolfgang\" \/>\n<meta name=\"twitter:card\" content=\"summary_large_image\" \/>\n<meta name=\"twitter:label1\" content=\"Verfasst von\" \/>\n\t<meta name=\"twitter:data1\" content=\"guenter.wolfgang\" \/>\n\t<meta name=\"twitter:label2\" content=\"Gesch\u00e4tzte Lesezeit\" \/>\n\t<meta name=\"twitter:data2\" content=\"1\u00a0Minute\" \/>\n<script type=\"application\/ld+json\" class=\"yoast-schema-graph\">{\"@context\":\"https:\/\/schema.org\",\"@graph\":[{\"@type\":\"Article\",\"@id\":\"https:\/\/kulturonline.tv\/de\/spark-art-fair-vienna\/#article\",\"isPartOf\":{\"@id\":\"https:\/\/kulturonline.tv\/de\/spark-art-fair-vienna\/\"},\"author\":{\"name\":\"guenter.wolfgang\",\"@id\":\"https:\/\/kulturonline.tv\/de\/#\/schema\/person\/b0fac729bb9a0c193fb1df23449df4fe\"},\"headline\":\"Spark Art Fair Vienna\",\"datePublished\":\"2026-03-13T17:46:03+00:00\",\"dateModified\":\"2026-03-13T17:57:34+00:00\",\"mainEntityOfPage\":{\"@id\":\"https:\/\/kulturonline.tv\/de\/spark-art-fair-vienna\/\"},\"wordCount\":108,\"publisher\":{\"@id\":\"https:\/\/kulturonline.tv\/de\/#organization\"},\"image\":{\"@id\":\"https:\/\/kulturonline.tv\/de\/spark-art-fair-vienna\/#primaryimage\"},\"thumbnailUrl\":\"https:\/\/kulturonline.tv\/wp-content\/uploads\/2026\/03\/Gemini_Generated_Image_qcdxyxqcdxyxqcdx-1.png\",\"articleSection\":[\"FM Audio Veranstaltungstipps\"],\"inLanguage\":\"de\"},{\"@type\":\"WebPage\",\"@id\":\"https:\/\/kulturonline.tv\/de\/spark-art-fair-vienna\/\",\"url\":\"https:\/\/kulturonline.tv\/de\/spark-art-fair-vienna\/\",\"name\":\"Spark Art Fair Vienna - Kultur Online TV &amp; FM\",\"isPartOf\":{\"@id\":\"https:\/\/kulturonline.tv\/de\/#website\"},\"primaryImageOfPage\":{\"@id\":\"https:\/\/kulturonline.tv\/de\/spark-art-fair-vienna\/#primaryimage\"},\"image\":{\"@id\":\"https:\/\/kulturonline.tv\/de\/spark-art-fair-vienna\/#primaryimage\"},\"thumbnailUrl\":\"https:\/\/kulturonline.tv\/wp-content\/uploads\/2026\/03\/Gemini_Generated_Image_qcdxyxqcdxyxqcdx-1.png\",\"datePublished\":\"2026-03-13T17:46:03+00:00\",\"dateModified\":\"2026-03-13T17:57:34+00:00\",\"description\":\"Kultur sehen und H\u00f6ren\",\"breadcrumb\":{\"@id\":\"https:\/\/kulturonline.tv\/de\/spark-art-fair-vienna\/#breadcrumb\"},\"inLanguage\":\"de\",\"potentialAction\":[{\"@type\":\"ReadAction\",\"target\":[\"https:\/\/kulturonline.tv\/de\/spark-art-fair-vienna\/\"]}]},{\"@type\":\"ImageObject\",\"inLanguage\":\"de\",\"@id\":\"https:\/\/kulturonline.tv\/de\/spark-art-fair-vienna\/#primaryimage\",\"url\":\"https:\/\/kulturonline.tv\/wp-content\/uploads\/2026\/03\/Gemini_Generated_Image_qcdxyxqcdxyxqcdx-1.png\",\"contentUrl\":\"https:\/\/kulturonline.tv\/wp-content\/uploads\/2026\/03\/Gemini_Generated_Image_qcdxyxqcdxyxqcdx-1.png\",\"width\":1408,\"height\":768},{\"@type\":\"BreadcrumbList\",\"@id\":\"https:\/\/kulturonline.tv\/de\/spark-art-fair-vienna\/#breadcrumb\",\"itemListElement\":[{\"@type\":\"ListItem\",\"position\":1,\"name\":\"Startseite\",\"item\":\"https:\/\/kulturonline.tv\/de\/\"},{\"@type\":\"ListItem\",\"position\":2,\"name\":\"Spark Art Fair Vienna\"}]},{\"@type\":\"WebSite\",\"@id\":\"https:\/\/kulturonline.tv\/de\/#website\",\"url\":\"https:\/\/kulturonline.tv\/de\/\",\"name\":\"Kultur Online TV &amp; FM\",\"description\":\"Wir sind Kultur 2.0 zum sehen &amp; h\u00f6ren\",\"publisher\":{\"@id\":\"https:\/\/kulturonline.tv\/de\/#organization\"},\"potentialAction\":[{\"@type\":\"SearchAction\",\"target\":{\"@type\":\"EntryPoint\",\"urlTemplate\":\"https:\/\/kulturonline.tv\/de\/?s={search_term_string}\"},\"query-input\":{\"@type\":\"PropertyValueSpecification\",\"valueRequired\":true,\"valueName\":\"search_term_string\"}}],\"inLanguage\":\"de\"},{\"@type\":\"Organization\",\"@id\":\"https:\/\/kulturonline.tv\/de\/#organization\",\"name\":\"Kultur Online TV\",\"url\":\"https:\/\/kulturonline.tv\/de\/\",\"logo\":{\"@type\":\"ImageObject\",\"inLanguage\":\"de\",\"@id\":\"https:\/\/kulturonline.tv\/de\/#\/schema\/logo\/image\/\",\"url\":\"https:\/\/kulturonline.tv\/wp-content\/uploads\/2021\/08\/Kultur-Online-Tv-Logo-Endversion-neu.png\",\"contentUrl\":\"https:\/\/kulturonline.tv\/wp-content\/uploads\/2021\/08\/Kultur-Online-Tv-Logo-Endversion-neu.png\",\"width\":200,\"height\":200,\"caption\":\"Kultur Online TV\"},\"image\":{\"@id\":\"https:\/\/kulturonline.tv\/de\/#\/schema\/logo\/image\/\"},\"sameAs\":[\"https:\/\/www.facebook.com\/kulturonline.tv\",\"https:\/\/www.instagram.com\/kulturonline.tv\"]},{\"@type\":\"Person\",\"@id\":\"https:\/\/kulturonline.tv\/de\/#\/schema\/person\/b0fac729bb9a0c193fb1df23449df4fe\",\"name\":\"guenter.wolfgang\"}]}<\/script>\n<!-- \/ Yoast SEO plugin. -->","yoast_head_json":{"title":"Spark Art Fair Vienna - Kultur Online TV &amp; FM","description":"Kultur sehen und H\u00f6ren","robots":{"index":"index","follow":"follow","max-snippet":"max-snippet:-1","max-image-preview":"max-image-preview:large","max-video-preview":"max-video-preview:-1"},"canonical":"https:\/\/kulturonline.tv\/de\/spark-art-fair-vienna\/","og_locale":"de_DE","og_type":"article","og_title":"Spark Art Fair Vienna - Kultur Online TV &amp; FM","og_description":"Kultur sehen und H\u00f6ren","og_url":"https:\/\/kulturonline.tv\/de\/spark-art-fair-vienna\/","og_site_name":"Kultur Online TV &amp; FM","article_publisher":"https:\/\/www.facebook.com\/kulturonline.tv","article_published_time":"2026-03-13T17:46:03+00:00","article_modified_time":"2026-03-13T17:57:34+00:00","og_image":[{"url":"https:\/\/kulturonline.tv\/wp-content\/uploads\/2026\/03\/Gemini_Generated_Image_qcdxyxqcdxyxqcdx-1.png","width":800,"height":436,"type":"image\/png"}],"author":"guenter.wolfgang","twitter_card":"summary_large_image","twitter_misc":{"Verfasst von":"guenter.wolfgang","Gesch\u00e4tzte Lesezeit":"1\u00a0Minute"},"schema":{"@context":"https:\/\/schema.org","@graph":[{"@type":"Article","@id":"https:\/\/kulturonline.tv\/de\/spark-art-fair-vienna\/#article","isPartOf":{"@id":"https:\/\/kulturonline.tv\/de\/spark-art-fair-vienna\/"},"author":{"name":"guenter.wolfgang","@id":"https:\/\/kulturonline.tv\/de\/#\/schema\/person\/b0fac729bb9a0c193fb1df23449df4fe"},"headline":"Spark Art Fair Vienna","datePublished":"2026-03-13T17:46:03+00:00","dateModified":"2026-03-13T17:57:34+00:00","mainEntityOfPage":{"@id":"https:\/\/kulturonline.tv\/de\/spark-art-fair-vienna\/"},"wordCount":108,"publisher":{"@id":"https:\/\/kulturonline.tv\/de\/#organization"},"image":{"@id":"https:\/\/kulturonline.tv\/de\/spark-art-fair-vienna\/#primaryimage"},"thumbnailUrl":"https:\/\/kulturonline.tv\/wp-content\/uploads\/2026\/03\/Gemini_Generated_Image_qcdxyxqcdxyxqcdx-1.png","articleSection":["FM Audio Veranstaltungstipps"],"inLanguage":"de"},{"@type":"WebPage","@id":"https:\/\/kulturonline.tv\/de\/spark-art-fair-vienna\/","url":"https:\/\/kulturonline.tv\/de\/spark-art-fair-vienna\/","name":"Spark Art Fair Vienna - Kultur Online TV &amp; FM","isPartOf":{"@id":"https:\/\/kulturonline.tv\/de\/#website"},"primaryImageOfPage":{"@id":"https:\/\/kulturonline.tv\/de\/spark-art-fair-vienna\/#primaryimage"},"image":{"@id":"https:\/\/kulturonline.tv\/de\/spark-art-fair-vienna\/#primaryimage"},"thumbnailUrl":"https:\/\/kulturonline.tv\/wp-content\/uploads\/2026\/03\/Gemini_Generated_Image_qcdxyxqcdxyxqcdx-1.png","datePublished":"2026-03-13T17:46:03+00:00","dateModified":"2026-03-13T17:57:34+00:00","description":"Kultur sehen und H\u00f6ren","breadcrumb":{"@id":"https:\/\/kulturonline.tv\/de\/spark-art-fair-vienna\/#breadcrumb"},"inLanguage":"de","potentialAction":[{"@type":"ReadAction","target":["https:\/\/kulturonline.tv\/de\/spark-art-fair-vienna\/"]}]},{"@type":"ImageObject","inLanguage":"de","@id":"https:\/\/kulturonline.tv\/de\/spark-art-fair-vienna\/#primaryimage","url":"https:\/\/kulturonline.tv\/wp-content\/uploads\/2026\/03\/Gemini_Generated_Image_qcdxyxqcdxyxqcdx-1.png","contentUrl":"https:\/\/kulturonline.tv\/wp-content\/uploads\/2026\/03\/Gemini_Generated_Image_qcdxyxqcdxyxqcdx-1.png","width":1408,"height":768},{"@type":"BreadcrumbList","@id":"https:\/\/kulturonline.tv\/de\/spark-art-fair-vienna\/#breadcrumb","itemListElement":[{"@type":"ListItem","position":1,"name":"Startseite","item":"https:\/\/kulturonline.tv\/de\/"},{"@type":"ListItem","position":2,"name":"Spark Art Fair Vienna"}]},{"@type":"WebSite","@id":"https:\/\/kulturonline.tv\/de\/#website","url":"https:\/\/kulturonline.tv\/de\/","name":"Kultur Online TV &amp; FM","description":"Wir sind Kultur 2.0 zum sehen &amp; h\u00f6ren","publisher":{"@id":"https:\/\/kulturonline.tv\/de\/#organization"},"potentialAction":[{"@type":"SearchAction","target":{"@type":"EntryPoint","urlTemplate":"https:\/\/kulturonline.tv\/de\/?s={search_term_string}"},"query-input":{"@type":"PropertyValueSpecification","valueRequired":true,"valueName":"search_term_string"}}],"inLanguage":"de"},{"@type":"Organization","@id":"https:\/\/kulturonline.tv\/de\/#organization","name":"Kultur Online TV","url":"https:\/\/kulturonline.tv\/de\/","logo":{"@type":"ImageObject","inLanguage":"de","@id":"https:\/\/kulturonline.tv\/de\/#\/schema\/logo\/image\/","url":"https:\/\/kulturonline.tv\/wp-content\/uploads\/2021\/08\/Kultur-Online-Tv-Logo-Endversion-neu.png","contentUrl":"https:\/\/kulturonline.tv\/wp-content\/uploads\/2021\/08\/Kultur-Online-Tv-Logo-Endversion-neu.png","width":200,"height":200,"caption":"Kultur Online TV"},"image":{"@id":"https:\/\/kulturonline.tv\/de\/#\/schema\/logo\/image\/"},"sameAs":["https:\/\/www.facebook.com\/kulturonline.tv","https:\/\/www.instagram.com\/kulturonline.tv"]},{"@type":"Person","@id":"https:\/\/kulturonline.tv\/de\/#\/schema\/person\/b0fac729bb9a0c193fb1df23449df4fe","name":"guenter.wolfgang"}]}},"_links":{"self":[{"href":"https:\/\/kulturonline.tv\/de\/wp-json\/wp\/v2\/posts\/141466","targetHints":{"allow":["GET"]}}],"collection":[{"href":"https:\/\/kulturonline.tv\/de\/wp-json\/wp\/v2\/posts"}],"about":[{"href":"https:\/\/kulturonline.tv\/de\/wp-json\/wp\/v2\/types\/post"}],"author":[{"embeddable":true,"href":"https:\/\/kulturonline.tv\/de\/wp-json\/wp\/v2\/users\/2"}],"replies":[{"embeddable":true,"href":"https:\/\/kulturonline.tv\/de\/wp-json\/wp\/v2\/comments?post=141466"}],"version-history":[{"count":1,"href":"https:\/\/kulturonline.tv\/de\/wp-json\/wp\/v2\/posts\/141466\/revisions"}],"predecessor-version":[{"id":141469,"href":"https:\/\/kulturonline.tv\/de\/wp-json\/wp\/v2\/posts\/141466\/revisions\/141469"}],"wp:featuredmedia":[{"embeddable":true,"href":"https:\/\/kulturonline.tv\/de\/wp-json\/wp\/v2\/media\/141467"}],"wp:attachment":[{"href":"https:\/\/kulturonline.tv\/de\/wp-json\/wp\/v2\/media?parent=141466"}],"wp:term":[{"taxonomy":"category","embeddable":true,"href":"https:\/\/kulturonline.tv\/de\/wp-json\/wp\/v2\/categories?post=141466"},{"taxonomy":"post_tag","embeddable":true,"href":"https:\/\/kulturonline.tv\/de\/wp-json\/wp\/v2\/tags?post=141466"}],"curies":[{"name":"wp","href":"https:\/\/api.w.org\/{rel}","templated":true}]}}