{"id":141694,"date":"2026-03-14T13:00:33","date_gmt":"2026-03-14T12:00:33","guid":{"rendered":"https:\/\/kulturonline.tv\/?p=141694"},"modified":"2026-03-14T13:10:14","modified_gmt":"2026-03-14T12:10:14","slug":"nach-5-jahren-haft-buergerrechtlerin-maria-kalesnikava-erhaelt-karlspreis","status":"publish","type":"post","link":"https:\/\/kulturonline.tv\/de\/nach-5-jahren-haft-buergerrechtlerin-maria-kalesnikava-erhaelt-karlspreis\/","title":{"rendered":"B\u00fcrgerrechtlerin Maria Kalesnikava erh\u00e4lt Karlspreis"},"content":{"rendered":"\n<figure class=\"wp-block-image size-large is-resized\"><img fetchpriority=\"high\" decoding=\"async\" width=\"1600\" height=\"498\" src=\"https:\/\/kulturonline.tv\/wp-content\/uploads\/2026\/03\/Markus-Kogler-3-1-1600x498.png\" alt=\"\" class=\"wp-image-140895\" style=\"width:342px;height:auto\" srcset=\"https:\/\/kulturonline.tv\/wp-content\/uploads\/2026\/03\/Markus-Kogler-3-1-1600x498.png 1600w, https:\/\/kulturonline.tv\/wp-content\/uploads\/2026\/03\/Markus-Kogler-3-1-800x249.png 800w, https:\/\/kulturonline.tv\/wp-content\/uploads\/2026\/03\/Markus-Kogler-3-1-768x239.png 768w, https:\/\/kulturonline.tv\/wp-content\/uploads\/2026\/03\/Markus-Kogler-3-1-1536x478.png 1536w, https:\/\/kulturonline.tv\/wp-content\/uploads\/2026\/03\/Markus-Kogler-3-1.png 1672w\" sizes=\"(max-width: 1600px) 100vw, 1600px\" \/><\/figure>\n\n\n\n<p><\/p>\n\n\n\n<p>\ud83c\udfa7 <strong>H\u00f6r-Tipp:<\/strong> Du kannst dir diesen Beitrag auch vorlesen lassen. Klicke einfach oben auf den Play-Button!<\/p>\n\n\n\n<figure class=\"wp-block-image size-full is-resized\"><img decoding=\"async\" width=\"540\" height=\"304\" src=\"https:\/\/kulturonline.tv\/wp-content\/uploads\/2026\/03\/Maria_Kalesnikava_2020-08-edited.png\" alt=\"\" class=\"wp-image-141697\" style=\"width:800px;height:auto\"\/><\/figure>\n\n\n\n<p>\u00a9 Bild: GomelTube, CC BY 3.0 <a href=\"https:\/\/creativecommons.org\/licenses\/by\/3.0\">https:\/\/creativecommons.org\/licenses\/by\/3.0<\/a>, via Wikimedia Commons<\/p>\n\n\n\n<h2 class=\"wp-block-heading\">Nach 5 Jahren Haft: B\u00fcrgerrechtlerin Maria Kalesnikava erh\u00e4lt Karlspreis<\/h2>\n\n\n\n<p>Es ist der Moment, auf den viele seit vier Jahren gewartet haben: Maria Kalesnikava, die Ikone des belarussischen Widerstands, steht im Kr\u00f6nungssaal des Aachener Rathauses. Es ist ein Festakt, der unter die Haut geht nicht nur wegen der prestigetr\u00e4chtigen Auszeichnung, sondern weil Kalesnikava hier als freie Frau spricht.<\/p>\n\n\n\n<h4 class=\"wp-block-heading\"><strong>Ein nachgeholter Triumph der Freiheit<\/strong><\/h4>\n\n\n\n<p>Eigentlich wurde Kalesnikava der Internationale Karlspreis bereits im Jahr 2022 zugesprochen, gemeinsam mit ihren Mitstreiterinnen Swetlana Tichanowskaja und Veronica Tsepkalo. Doch w\u00e4hrend ihre Kolleginnen den Preis damals in Aachen entgegennahmen, sa\u00df Kalesnikava in Belarus in politischer Haft. Seit ihrer Freilassung im Dezember 2025 lebt sie in Deutschland \u2013 und heute schlie\u00dft sich in Aachen der Kreis.<\/p>\n\n\n\n<h2 class=\"wp-block-heading\"><em>\u201eIm Inneren war ich immer frei\u201c<\/em><\/h2>\n\n\n\n<p>In ihrer Rede betonte die Musikerin und Aktivistin, dass die Nachricht von der Preisverleihung sie damals in der Isolationshaft erreicht habe. Es sei ein \u201e\u00fcberlebenswichtiges Zeichen der Solidarit\u00e4t\u201c gewesen. Trotz der harten Bedingungen \u2013 sie arbeitete im Gef\u00e4ngnis als N\u00e4herin und lernte heimlich Latein \u2013 habe sie ihren Mut nie verloren.<\/p>\n\n\n\n<p>Die Verleihung ist mehr als eine Zeremonie. Kalesnikava nutzte die B\u00fchne f\u00fcr einen eindringlichen Appell: Die Unterst\u00fctzung f\u00fcr die belarussische Opposition d\u00fcrfe nicht nachlassen. Ohne Hilfe von au\u00dfen drohe Belarus seine europ\u00e4ische Identit\u00e4t unter russischem Einfluss zu verlieren. Freiheit und Menschenrechte seien ein Gut, das t\u00e4glich verteidigt werden m\u00fcsse.<\/p>\n\n\n\n<p>Kultur Online TV-FM<\/p>\n\n\n\n<p>Karlspreis2026 #MariaKalesnikava #Aachen #Demokratie #FreeBelarus #Europa #Menschenrechte #AudioStory<\/p>\n","protected":false},"excerpt":{"rendered":"<p>\ud83c\udfa7 H\u00f6r-Tipp: Du kannst dir diesen Beitrag auch vorlesen lassen. Klicke einfach oben auf den Play-Button! \u00a9 Bild: GomelTube, CC BY 3.0 https:\/\/creativecommons.org\/licenses\/by\/3.0, via Wikimedia Commons Nach 5 Jahren Haft: B\u00fcrgerrechtlerin Maria Kalesnikava erh\u00e4lt Karlspreis Es ist der Moment, auf den viele seit vier Jahren gewartet haben: Maria Kalesnikava, die Ikone des belarussischen Widerstands, steht [&hellip;]<\/p>\n","protected":false},"author":2,"featured_media":141697,"comment_status":"closed","ping_status":"closed","sticky":false,"template":"","format":"standard","meta":{"_acf_changed":false,"footnotes":""},"categories":[1131],"tags":[],"class_list":["post-141694","post","type-post","status-publish","format-standard","has-post-thumbnail","hentry","category-fm-stories-themenbeitraege"],"acf":[],"yoast_head":"<!-- This site is optimized with the Yoast SEO plugin v26.1.1 - https:\/\/yoast.com\/wordpress\/plugins\/seo\/ -->\n<title>B\u00fcrgerrechtlerin Maria Kalesnikava erh\u00e4lt Karlspreis - Kultur Online TV &amp; FM<\/title>\n<meta name=\"description\" content=\"Es ist der Moment, auf den viele seit vier Jahren gewartet haben: Maria Kalesnikava, die Ikone des belarussischen Widerstands, steht heute im Kr\u00f6nungssaal des Aachener Rathauses.\" \/>\n<meta name=\"robots\" content=\"index, follow, max-snippet:-1, max-image-preview:large, max-video-preview:-1\" \/>\n<link rel=\"canonical\" href=\"https:\/\/kulturonline.tv\/de\/nach-5-jahren-haft-buergerrechtlerin-maria-kalesnikava-erhaelt-karlspreis\/\" \/>\n<meta property=\"og:locale\" content=\"de_DE\" \/>\n<meta property=\"og:type\" content=\"article\" \/>\n<meta property=\"og:title\" content=\"B\u00fcrgerrechtlerin Maria Kalesnikava erh\u00e4lt Karlspreis - Kultur Online TV &amp; FM\" \/>\n<meta property=\"og:description\" content=\"Es ist der Moment, auf den viele seit vier Jahren gewartet haben: Maria Kalesnikava, die Ikone des belarussischen Widerstands, steht heute im Kr\u00f6nungssaal des Aachener Rathauses.\" \/>\n<meta property=\"og:url\" content=\"https:\/\/kulturonline.tv\/de\/nach-5-jahren-haft-buergerrechtlerin-maria-kalesnikava-erhaelt-karlspreis\/\" \/>\n<meta property=\"og:site_name\" content=\"Kultur Online TV &amp; FM\" \/>\n<meta property=\"article:publisher\" content=\"https:\/\/www.facebook.com\/kulturonline.tv\" \/>\n<meta property=\"article:published_time\" content=\"2026-03-14T12:00:33+00:00\" \/>\n<meta property=\"article:modified_time\" content=\"2026-03-14T12:10:14+00:00\" \/>\n<meta property=\"og:image\" content=\"https:\/\/kulturonline.tv\/wp-content\/uploads\/2026\/03\/Maria_Kalesnikava_2020-08-edited.png\" \/>\n\t<meta property=\"og:image:width\" content=\"540\" \/>\n\t<meta property=\"og:image:height\" content=\"304\" \/>\n\t<meta property=\"og:image:type\" content=\"image\/png\" \/>\n<meta name=\"author\" content=\"guenter.wolfgang\" \/>\n<meta name=\"twitter:card\" content=\"summary_large_image\" \/>\n<meta name=\"twitter:label1\" content=\"Verfasst von\" \/>\n\t<meta name=\"twitter:data1\" content=\"guenter.wolfgang\" \/>\n\t<meta name=\"twitter:label2\" content=\"Gesch\u00e4tzte Lesezeit\" \/>\n\t<meta name=\"twitter:data2\" content=\"1\u00a0Minute\" \/>\n<script type=\"application\/ld+json\" class=\"yoast-schema-graph\">{\"@context\":\"https:\/\/schema.org\",\"@graph\":[{\"@type\":\"Article\",\"@id\":\"https:\/\/kulturonline.tv\/de\/nach-5-jahren-haft-buergerrechtlerin-maria-kalesnikava-erhaelt-karlspreis\/#article\",\"isPartOf\":{\"@id\":\"https:\/\/kulturonline.tv\/de\/nach-5-jahren-haft-buergerrechtlerin-maria-kalesnikava-erhaelt-karlspreis\/\"},\"author\":{\"name\":\"guenter.wolfgang\",\"@id\":\"https:\/\/kulturonline.tv\/de\/#\/schema\/person\/b0fac729bb9a0c193fb1df23449df4fe\"},\"headline\":\"B\u00fcrgerrechtlerin Maria Kalesnikava erh\u00e4lt Karlspreis\",\"datePublished\":\"2026-03-14T12:00:33+00:00\",\"dateModified\":\"2026-03-14T12:10:14+00:00\",\"mainEntityOfPage\":{\"@id\":\"https:\/\/kulturonline.tv\/de\/nach-5-jahren-haft-buergerrechtlerin-maria-kalesnikava-erhaelt-karlspreis\/\"},\"wordCount\":283,\"publisher\":{\"@id\":\"https:\/\/kulturonline.tv\/de\/#organization\"},\"image\":{\"@id\":\"https:\/\/kulturonline.tv\/de\/nach-5-jahren-haft-buergerrechtlerin-maria-kalesnikava-erhaelt-karlspreis\/#primaryimage\"},\"thumbnailUrl\":\"https:\/\/kulturonline.tv\/wp-content\/uploads\/2026\/03\/Maria_Kalesnikava_2020-08-edited.png\",\"articleSection\":[\"FM Stories Themenbeitr\u00e4ge\"],\"inLanguage\":\"de\"},{\"@type\":\"WebPage\",\"@id\":\"https:\/\/kulturonline.tv\/de\/nach-5-jahren-haft-buergerrechtlerin-maria-kalesnikava-erhaelt-karlspreis\/\",\"url\":\"https:\/\/kulturonline.tv\/de\/nach-5-jahren-haft-buergerrechtlerin-maria-kalesnikava-erhaelt-karlspreis\/\",\"name\":\"B\u00fcrgerrechtlerin Maria Kalesnikava erh\u00e4lt Karlspreis - Kultur Online TV &amp; FM\",\"isPartOf\":{\"@id\":\"https:\/\/kulturonline.tv\/de\/#website\"},\"primaryImageOfPage\":{\"@id\":\"https:\/\/kulturonline.tv\/de\/nach-5-jahren-haft-buergerrechtlerin-maria-kalesnikava-erhaelt-karlspreis\/#primaryimage\"},\"image\":{\"@id\":\"https:\/\/kulturonline.tv\/de\/nach-5-jahren-haft-buergerrechtlerin-maria-kalesnikava-erhaelt-karlspreis\/#primaryimage\"},\"thumbnailUrl\":\"https:\/\/kulturonline.tv\/wp-content\/uploads\/2026\/03\/Maria_Kalesnikava_2020-08-edited.png\",\"datePublished\":\"2026-03-14T12:00:33+00:00\",\"dateModified\":\"2026-03-14T12:10:14+00:00\",\"description\":\"Es ist der Moment, auf den viele seit vier Jahren gewartet haben: Maria Kalesnikava, die Ikone des belarussischen Widerstands, steht heute im Kr\u00f6nungssaal des Aachener Rathauses.\",\"breadcrumb\":{\"@id\":\"https:\/\/kulturonline.tv\/de\/nach-5-jahren-haft-buergerrechtlerin-maria-kalesnikava-erhaelt-karlspreis\/#breadcrumb\"},\"inLanguage\":\"de\",\"potentialAction\":[{\"@type\":\"ReadAction\",\"target\":[\"https:\/\/kulturonline.tv\/de\/nach-5-jahren-haft-buergerrechtlerin-maria-kalesnikava-erhaelt-karlspreis\/\"]}]},{\"@type\":\"ImageObject\",\"inLanguage\":\"de\",\"@id\":\"https:\/\/kulturonline.tv\/de\/nach-5-jahren-haft-buergerrechtlerin-maria-kalesnikava-erhaelt-karlspreis\/#primaryimage\",\"url\":\"https:\/\/kulturonline.tv\/wp-content\/uploads\/2026\/03\/Maria_Kalesnikava_2020-08-edited.png\",\"contentUrl\":\"https:\/\/kulturonline.tv\/wp-content\/uploads\/2026\/03\/Maria_Kalesnikava_2020-08-edited.png\",\"width\":540,\"height\":304},{\"@type\":\"BreadcrumbList\",\"@id\":\"https:\/\/kulturonline.tv\/de\/nach-5-jahren-haft-buergerrechtlerin-maria-kalesnikava-erhaelt-karlspreis\/#breadcrumb\",\"itemListElement\":[{\"@type\":\"ListItem\",\"position\":1,\"name\":\"Startseite\",\"item\":\"https:\/\/kulturonline.tv\/de\/\"},{\"@type\":\"ListItem\",\"position\":2,\"name\":\"B\u00fcrgerrechtlerin Maria Kalesnikava erh\u00e4lt Karlspreis\"}]},{\"@type\":\"WebSite\",\"@id\":\"https:\/\/kulturonline.tv\/de\/#website\",\"url\":\"https:\/\/kulturonline.tv\/de\/\",\"name\":\"Kultur Online TV &amp; FM\",\"description\":\"Wir sind Kultur 2.0 zum sehen &amp; h\u00f6ren\",\"publisher\":{\"@id\":\"https:\/\/kulturonline.tv\/de\/#organization\"},\"potentialAction\":[{\"@type\":\"SearchAction\",\"target\":{\"@type\":\"EntryPoint\",\"urlTemplate\":\"https:\/\/kulturonline.tv\/de\/?s={search_term_string}\"},\"query-input\":{\"@type\":\"PropertyValueSpecification\",\"valueRequired\":true,\"valueName\":\"search_term_string\"}}],\"inLanguage\":\"de\"},{\"@type\":\"Organization\",\"@id\":\"https:\/\/kulturonline.tv\/de\/#organization\",\"name\":\"Kultur Online TV\",\"url\":\"https:\/\/kulturonline.tv\/de\/\",\"logo\":{\"@type\":\"ImageObject\",\"inLanguage\":\"de\",\"@id\":\"https:\/\/kulturonline.tv\/de\/#\/schema\/logo\/image\/\",\"url\":\"https:\/\/kulturonline.tv\/wp-content\/uploads\/2021\/08\/Kultur-Online-Tv-Logo-Endversion-neu.png\",\"contentUrl\":\"https:\/\/kulturonline.tv\/wp-content\/uploads\/2021\/08\/Kultur-Online-Tv-Logo-Endversion-neu.png\",\"width\":200,\"height\":200,\"caption\":\"Kultur Online TV\"},\"image\":{\"@id\":\"https:\/\/kulturonline.tv\/de\/#\/schema\/logo\/image\/\"},\"sameAs\":[\"https:\/\/www.facebook.com\/kulturonline.tv\",\"https:\/\/www.instagram.com\/kulturonline.tv\"]},{\"@type\":\"Person\",\"@id\":\"https:\/\/kulturonline.tv\/de\/#\/schema\/person\/b0fac729bb9a0c193fb1df23449df4fe\",\"name\":\"guenter.wolfgang\"}]}<\/script>\n<!-- \/ Yoast SEO plugin. -->","yoast_head_json":{"title":"B\u00fcrgerrechtlerin Maria Kalesnikava erh\u00e4lt Karlspreis - Kultur Online TV &amp; FM","description":"Es ist der Moment, auf den viele seit vier Jahren gewartet haben: Maria Kalesnikava, die Ikone des belarussischen Widerstands, steht heute im Kr\u00f6nungssaal des Aachener Rathauses.","robots":{"index":"index","follow":"follow","max-snippet":"max-snippet:-1","max-image-preview":"max-image-preview:large","max-video-preview":"max-video-preview:-1"},"canonical":"https:\/\/kulturonline.tv\/de\/nach-5-jahren-haft-buergerrechtlerin-maria-kalesnikava-erhaelt-karlspreis\/","og_locale":"de_DE","og_type":"article","og_title":"B\u00fcrgerrechtlerin Maria Kalesnikava erh\u00e4lt Karlspreis - Kultur Online TV &amp; FM","og_description":"Es ist der Moment, auf den viele seit vier Jahren gewartet haben: Maria Kalesnikava, die Ikone des belarussischen Widerstands, steht heute im Kr\u00f6nungssaal des Aachener Rathauses.","og_url":"https:\/\/kulturonline.tv\/de\/nach-5-jahren-haft-buergerrechtlerin-maria-kalesnikava-erhaelt-karlspreis\/","og_site_name":"Kultur Online TV &amp; FM","article_publisher":"https:\/\/www.facebook.com\/kulturonline.tv","article_published_time":"2026-03-14T12:00:33+00:00","article_modified_time":"2026-03-14T12:10:14+00:00","og_image":[{"width":540,"height":304,"url":"https:\/\/kulturonline.tv\/wp-content\/uploads\/2026\/03\/Maria_Kalesnikava_2020-08-edited.png","type":"image\/png"}],"author":"guenter.wolfgang","twitter_card":"summary_large_image","twitter_misc":{"Verfasst von":"guenter.wolfgang","Gesch\u00e4tzte Lesezeit":"1\u00a0Minute"},"schema":{"@context":"https:\/\/schema.org","@graph":[{"@type":"Article","@id":"https:\/\/kulturonline.tv\/de\/nach-5-jahren-haft-buergerrechtlerin-maria-kalesnikava-erhaelt-karlspreis\/#article","isPartOf":{"@id":"https:\/\/kulturonline.tv\/de\/nach-5-jahren-haft-buergerrechtlerin-maria-kalesnikava-erhaelt-karlspreis\/"},"author":{"name":"guenter.wolfgang","@id":"https:\/\/kulturonline.tv\/de\/#\/schema\/person\/b0fac729bb9a0c193fb1df23449df4fe"},"headline":"B\u00fcrgerrechtlerin Maria Kalesnikava erh\u00e4lt Karlspreis","datePublished":"2026-03-14T12:00:33+00:00","dateModified":"2026-03-14T12:10:14+00:00","mainEntityOfPage":{"@id":"https:\/\/kulturonline.tv\/de\/nach-5-jahren-haft-buergerrechtlerin-maria-kalesnikava-erhaelt-karlspreis\/"},"wordCount":283,"publisher":{"@id":"https:\/\/kulturonline.tv\/de\/#organization"},"image":{"@id":"https:\/\/kulturonline.tv\/de\/nach-5-jahren-haft-buergerrechtlerin-maria-kalesnikava-erhaelt-karlspreis\/#primaryimage"},"thumbnailUrl":"https:\/\/kulturonline.tv\/wp-content\/uploads\/2026\/03\/Maria_Kalesnikava_2020-08-edited.png","articleSection":["FM Stories Themenbeitr\u00e4ge"],"inLanguage":"de"},{"@type":"WebPage","@id":"https:\/\/kulturonline.tv\/de\/nach-5-jahren-haft-buergerrechtlerin-maria-kalesnikava-erhaelt-karlspreis\/","url":"https:\/\/kulturonline.tv\/de\/nach-5-jahren-haft-buergerrechtlerin-maria-kalesnikava-erhaelt-karlspreis\/","name":"B\u00fcrgerrechtlerin Maria Kalesnikava erh\u00e4lt Karlspreis - Kultur Online TV &amp; FM","isPartOf":{"@id":"https:\/\/kulturonline.tv\/de\/#website"},"primaryImageOfPage":{"@id":"https:\/\/kulturonline.tv\/de\/nach-5-jahren-haft-buergerrechtlerin-maria-kalesnikava-erhaelt-karlspreis\/#primaryimage"},"image":{"@id":"https:\/\/kulturonline.tv\/de\/nach-5-jahren-haft-buergerrechtlerin-maria-kalesnikava-erhaelt-karlspreis\/#primaryimage"},"thumbnailUrl":"https:\/\/kulturonline.tv\/wp-content\/uploads\/2026\/03\/Maria_Kalesnikava_2020-08-edited.png","datePublished":"2026-03-14T12:00:33+00:00","dateModified":"2026-03-14T12:10:14+00:00","description":"Es ist der Moment, auf den viele seit vier Jahren gewartet haben: Maria Kalesnikava, die Ikone des belarussischen Widerstands, steht heute im Kr\u00f6nungssaal des Aachener Rathauses.","breadcrumb":{"@id":"https:\/\/kulturonline.tv\/de\/nach-5-jahren-haft-buergerrechtlerin-maria-kalesnikava-erhaelt-karlspreis\/#breadcrumb"},"inLanguage":"de","potentialAction":[{"@type":"ReadAction","target":["https:\/\/kulturonline.tv\/de\/nach-5-jahren-haft-buergerrechtlerin-maria-kalesnikava-erhaelt-karlspreis\/"]}]},{"@type":"ImageObject","inLanguage":"de","@id":"https:\/\/kulturonline.tv\/de\/nach-5-jahren-haft-buergerrechtlerin-maria-kalesnikava-erhaelt-karlspreis\/#primaryimage","url":"https:\/\/kulturonline.tv\/wp-content\/uploads\/2026\/03\/Maria_Kalesnikava_2020-08-edited.png","contentUrl":"https:\/\/kulturonline.tv\/wp-content\/uploads\/2026\/03\/Maria_Kalesnikava_2020-08-edited.png","width":540,"height":304},{"@type":"BreadcrumbList","@id":"https:\/\/kulturonline.tv\/de\/nach-5-jahren-haft-buergerrechtlerin-maria-kalesnikava-erhaelt-karlspreis\/#breadcrumb","itemListElement":[{"@type":"ListItem","position":1,"name":"Startseite","item":"https:\/\/kulturonline.tv\/de\/"},{"@type":"ListItem","position":2,"name":"B\u00fcrgerrechtlerin Maria Kalesnikava erh\u00e4lt Karlspreis"}]},{"@type":"WebSite","@id":"https:\/\/kulturonline.tv\/de\/#website","url":"https:\/\/kulturonline.tv\/de\/","name":"Kultur Online TV &amp; FM","description":"Wir sind Kultur 2.0 zum sehen &amp; h\u00f6ren","publisher":{"@id":"https:\/\/kulturonline.tv\/de\/#organization"},"potentialAction":[{"@type":"SearchAction","target":{"@type":"EntryPoint","urlTemplate":"https:\/\/kulturonline.tv\/de\/?s={search_term_string}"},"query-input":{"@type":"PropertyValueSpecification","valueRequired":true,"valueName":"search_term_string"}}],"inLanguage":"de"},{"@type":"Organization","@id":"https:\/\/kulturonline.tv\/de\/#organization","name":"Kultur Online TV","url":"https:\/\/kulturonline.tv\/de\/","logo":{"@type":"ImageObject","inLanguage":"de","@id":"https:\/\/kulturonline.tv\/de\/#\/schema\/logo\/image\/","url":"https:\/\/kulturonline.tv\/wp-content\/uploads\/2021\/08\/Kultur-Online-Tv-Logo-Endversion-neu.png","contentUrl":"https:\/\/kulturonline.tv\/wp-content\/uploads\/2021\/08\/Kultur-Online-Tv-Logo-Endversion-neu.png","width":200,"height":200,"caption":"Kultur Online TV"},"image":{"@id":"https:\/\/kulturonline.tv\/de\/#\/schema\/logo\/image\/"},"sameAs":["https:\/\/www.facebook.com\/kulturonline.tv","https:\/\/www.instagram.com\/kulturonline.tv"]},{"@type":"Person","@id":"https:\/\/kulturonline.tv\/de\/#\/schema\/person\/b0fac729bb9a0c193fb1df23449df4fe","name":"guenter.wolfgang"}]}},"_links":{"self":[{"href":"https:\/\/kulturonline.tv\/de\/wp-json\/wp\/v2\/posts\/141694","targetHints":{"allow":["GET"]}}],"collection":[{"href":"https:\/\/kulturonline.tv\/de\/wp-json\/wp\/v2\/posts"}],"about":[{"href":"https:\/\/kulturonline.tv\/de\/wp-json\/wp\/v2\/types\/post"}],"author":[{"embeddable":true,"href":"https:\/\/kulturonline.tv\/de\/wp-json\/wp\/v2\/users\/2"}],"replies":[{"embeddable":true,"href":"https:\/\/kulturonline.tv\/de\/wp-json\/wp\/v2\/comments?post=141694"}],"version-history":[{"count":2,"href":"https:\/\/kulturonline.tv\/de\/wp-json\/wp\/v2\/posts\/141694\/revisions"}],"predecessor-version":[{"id":141702,"href":"https:\/\/kulturonline.tv\/de\/wp-json\/wp\/v2\/posts\/141694\/revisions\/141702"}],"wp:featuredmedia":[{"embeddable":true,"href":"https:\/\/kulturonline.tv\/de\/wp-json\/wp\/v2\/media\/141697"}],"wp:attachment":[{"href":"https:\/\/kulturonline.tv\/de\/wp-json\/wp\/v2\/media?parent=141694"}],"wp:term":[{"taxonomy":"category","embeddable":true,"href":"https:\/\/kulturonline.tv\/de\/wp-json\/wp\/v2\/categories?post=141694"},{"taxonomy":"post_tag","embeddable":true,"href":"https:\/\/kulturonline.tv\/de\/wp-json\/wp\/v2\/tags?post=141694"}],"curies":[{"name":"wp","href":"https:\/\/api.w.org\/{rel}","templated":true}]}}