{"id":141706,"date":"2026-03-14T13:30:34","date_gmt":"2026-03-14T12:30:34","guid":{"rendered":"https:\/\/kulturonline.tv\/?p=141706"},"modified":"2026-03-14T13:34:35","modified_gmt":"2026-03-14T12:34:35","slug":"insel-feeling-im-museum-elf-meter-donauinsel-geschichte-in-wien","status":"publish","type":"post","link":"https:\/\/kulturonline.tv\/de\/insel-feeling-im-museum-elf-meter-donauinsel-geschichte-in-wien\/","title":{"rendered":"Elf Meter Donauinsel-Geschichte in Wien"},"content":{"rendered":"\n<figure class=\"wp-block-image size-large is-resized\"><img fetchpriority=\"high\" decoding=\"async\" width=\"1600\" height=\"498\" src=\"https:\/\/kulturonline.tv\/wp-content\/uploads\/2026\/03\/Markus-Kogler-3-1-1600x498.png\" alt=\"\" class=\"wp-image-140895\" style=\"width:400px;height:auto\" srcset=\"https:\/\/kulturonline.tv\/wp-content\/uploads\/2026\/03\/Markus-Kogler-3-1-1600x498.png 1600w, https:\/\/kulturonline.tv\/wp-content\/uploads\/2026\/03\/Markus-Kogler-3-1-800x249.png 800w, https:\/\/kulturonline.tv\/wp-content\/uploads\/2026\/03\/Markus-Kogler-3-1-768x239.png 768w, https:\/\/kulturonline.tv\/wp-content\/uploads\/2026\/03\/Markus-Kogler-3-1-1536x478.png 1536w, https:\/\/kulturonline.tv\/wp-content\/uploads\/2026\/03\/Markus-Kogler-3-1.png 1672w\" sizes=\"(max-width: 1600px) 100vw, 1600px\" \/><\/figure>\n\n\n\n<p><\/p>\n\n\n\n<p>Es ist das Herzst\u00fcck des Wiener Sommers, ein Paradies f\u00fcr Radfahrer, Grillmeister und Badeg\u00e4ste: die Donauinsel. Doch wie plant man eigentlich ein 21 Kilometer langes k\u00fcnstliches Eiland? Das Wien Museum am Karlsplatz gibt darauf nun eine beeindruckende Antwort und zeigt ein historisches, elf Meter langes Modell des Wiener Wahrzeichens.<\/p>\n\n\n\n<figure class=\"wp-block-image size-large\"><img decoding=\"async\" width=\"2560\" height=\"1440\" src=\"https:\/\/kulturonline.tv\/wp-content\/uploads\/2026\/03\/07_Donauinsel-edited-scaled.jpg\" alt=\"\" class=\"wp-image-141709\" srcset=\"https:\/\/kulturonline.tv\/wp-content\/uploads\/2026\/03\/07_Donauinsel-edited-scaled.jpg 2560w, https:\/\/kulturonline.tv\/wp-content\/uploads\/2026\/03\/07_Donauinsel-edited-800x450.jpg 800w, https:\/\/kulturonline.tv\/wp-content\/uploads\/2026\/03\/07_Donauinsel-edited-1600x900.jpg 1600w, https:\/\/kulturonline.tv\/wp-content\/uploads\/2026\/03\/07_Donauinsel-edited-768x432.jpg 768w, https:\/\/kulturonline.tv\/wp-content\/uploads\/2026\/03\/07_Donauinsel-edited-1536x864.jpg 1536w, https:\/\/kulturonline.tv\/wp-content\/uploads\/2026\/03\/07_Donauinsel-edited-2048x1152.jpg 2048w\" sizes=\"(max-width: 2560px) 100vw, 2560px\" \/><\/figure>\n\n\n\n<p>\u00a9 Bild: Presse Wien Museum<\/p>\n\n\n\n<h2 class=\"wp-block-heading\">Ein Gigant aus Holz und Gips<\/h2>\n\n\n\n<p>Das Modell ist weit mehr als nur ein technisches Exponat. Es stammt aus der Planungsphase der 1970er-Jahre und zeigt im Ma\u00dfstab 1:1000 die gesamte L\u00e4nge der Insel \u2013 von der Einlaufbauwerk in Langenzersdorf bis zur \u00d6lhafenm\u00fcndung.<\/p>\n\n\n\n<p>Detailverliebt: Man erkennt darauf noch die urspr\u00fcnglichen Visionen der Stadtplaner, bevor die Insel zum Freizeitparadies wurde, das wir heute kennen. In Zeiten von 3D-Druck und digitalen Simulationen wirkt dieses riesige analoge Modell wie ein Kunstwerk aus einer anderen \u00c4ra.<\/p>\n\n\n\n<h2 class=\"wp-block-heading\">Hochwasserschutz trifft Lebensqualit\u00e4t<\/h2>\n\n\n\n<p>Die Story hinter dem Modell ist spannend: Urspr\u00fcnglich war die Donauinsel ein reines Hochwasserschutzprojekt. Das Modell half den Ingenieuren dabei, die Str\u00f6mungen der Neuen Donau und die Entlastung des Hauptstroms zu berechnen. Dass daraus einmal eine der gr\u00f6\u00dften Naherholungszonen Europas werden w\u00fcrde, war damals zwar gehofft, aber in diesem Ausma\u00df kaum absehbar.<\/p>\n\n\n\n<p><br>Die Ausstellung wirft einen Blick hinter die Kulissen der \u201eInsel-Genese\u201c. Neben dem Riesen-Modell gibt es: Historische Fotos vom Bau (als die Insel noch eine staubige Baustelle war).Interaktive Stationen, die zeigen, wie die Insel die Temperatur in der Stadt reguliert. Zeitzeugen-Interviews mit Wienern, die die Entstehung hautnah miterlebt haben.<\/p>\n\n\n\n<p>Kultur Online TV-FM<\/p>\n\n\n\n<p>WienMuseum #Donauinsel #WienGeschichte #Stadtplanung #VisitVienna #KulturWien #AudioStory #WienAktuell<\/p>\n\n\n\n<div style=\"height:100px\" aria-hidden=\"true\" class=\"wp-block-spacer\"><\/div>\n\n\n\n<a href=\"https:\/\/t.adcell.com\/p\/click?promoId=133519&#038;slotId=98564\" target=\"_blank\" >\n    <img decoding=\"async\" src=\"https:\/\/t.adcell.com\/p\/image?promoId=133519&#038;slotId=98564\" width=\"728\" height=\"90\" border=\"0\" alt=\"meinfoto.de\" \/>\n<\/a>\n\n\n\n<h4 class=\"wp-block-heading\"><\/h4>\n\n\n\n<p><\/p>\n\n\n\n<h1 class=\"wp-block-heading\"><\/h1>\n\n\n\n<p><\/p>\n","protected":false},"excerpt":{"rendered":"<p>Es ist das Herzst\u00fcck des Wiener Sommers, ein Paradies f\u00fcr Radfahrer, Grillmeister und Badeg\u00e4ste: die Donauinsel. Doch wie plant man eigentlich ein 21 Kilometer langes k\u00fcnstliches Eiland? Das Wien Museum am Karlsplatz gibt darauf nun eine beeindruckende Antwort und zeigt ein historisches, elf Meter langes Modell des Wiener Wahrzeichens. \u00a9 Bild: Presse Wien Museum Ein [&hellip;]<\/p>\n","protected":false},"author":2,"featured_media":141709,"comment_status":"closed","ping_status":"closed","sticky":false,"template":"","format":"standard","meta":{"_acf_changed":false,"footnotes":""},"categories":[1131],"tags":[],"class_list":["post-141706","post","type-post","status-publish","format-standard","has-post-thumbnail","hentry","category-fm-stories-themenbeitraege"],"acf":[],"yoast_head":"<!-- This site is optimized with the Yoast SEO plugin v26.1.1 - https:\/\/yoast.com\/wordpress\/plugins\/seo\/ -->\n<title>Elf Meter Donauinsel-Geschichte in Wien - Kultur Online TV &amp; FM<\/title>\n<meta name=\"description\" content=\"Es ist das Herzst\u00fcck des Wiener Sommers, ein Paradies f\u00fcr Radfahrer, Grillmeister und Badeg\u00e4ste: die Donauinsel.\" \/>\n<meta name=\"robots\" content=\"index, follow, max-snippet:-1, max-image-preview:large, max-video-preview:-1\" \/>\n<link rel=\"canonical\" href=\"https:\/\/kulturonline.tv\/de\/insel-feeling-im-museum-elf-meter-donauinsel-geschichte-in-wien\/\" \/>\n<meta property=\"og:locale\" content=\"de_DE\" \/>\n<meta property=\"og:type\" content=\"article\" \/>\n<meta property=\"og:title\" content=\"Elf Meter Donauinsel-Geschichte in Wien - Kultur Online TV &amp; FM\" \/>\n<meta property=\"og:description\" content=\"Es ist das Herzst\u00fcck des Wiener Sommers, ein Paradies f\u00fcr Radfahrer, Grillmeister und Badeg\u00e4ste: die Donauinsel.\" \/>\n<meta property=\"og:url\" content=\"https:\/\/kulturonline.tv\/de\/insel-feeling-im-museum-elf-meter-donauinsel-geschichte-in-wien\/\" \/>\n<meta property=\"og:site_name\" content=\"Kultur Online TV &amp; FM\" \/>\n<meta property=\"article:publisher\" content=\"https:\/\/www.facebook.com\/kulturonline.tv\" \/>\n<meta property=\"article:published_time\" content=\"2026-03-14T12:30:34+00:00\" \/>\n<meta property=\"article:modified_time\" content=\"2026-03-14T12:34:35+00:00\" \/>\n<meta property=\"og:image\" content=\"https:\/\/kulturonline.tv\/wp-content\/uploads\/2026\/03\/07_Donauinsel-edited-scaled.jpg\" \/>\n\t<meta property=\"og:image:width\" content=\"2560\" \/>\n\t<meta property=\"og:image:height\" content=\"1440\" \/>\n\t<meta property=\"og:image:type\" content=\"image\/jpeg\" \/>\n<meta name=\"author\" content=\"guenter.wolfgang\" \/>\n<meta name=\"twitter:card\" content=\"summary_large_image\" \/>\n<meta name=\"twitter:label1\" content=\"Verfasst von\" \/>\n\t<meta name=\"twitter:data1\" content=\"guenter.wolfgang\" \/>\n\t<meta name=\"twitter:label2\" content=\"Gesch\u00e4tzte Lesezeit\" \/>\n\t<meta name=\"twitter:data2\" content=\"1\u00a0Minute\" \/>\n<script type=\"application\/ld+json\" class=\"yoast-schema-graph\">{\"@context\":\"https:\/\/schema.org\",\"@graph\":[{\"@type\":\"Article\",\"@id\":\"https:\/\/kulturonline.tv\/de\/insel-feeling-im-museum-elf-meter-donauinsel-geschichte-in-wien\/#article\",\"isPartOf\":{\"@id\":\"https:\/\/kulturonline.tv\/de\/insel-feeling-im-museum-elf-meter-donauinsel-geschichte-in-wien\/\"},\"author\":{\"name\":\"guenter.wolfgang\",\"@id\":\"https:\/\/kulturonline.tv\/de\/#\/schema\/person\/b0fac729bb9a0c193fb1df23449df4fe\"},\"headline\":\"Elf Meter Donauinsel-Geschichte in Wien\",\"datePublished\":\"2026-03-14T12:30:34+00:00\",\"dateModified\":\"2026-03-14T12:34:35+00:00\",\"mainEntityOfPage\":{\"@id\":\"https:\/\/kulturonline.tv\/de\/insel-feeling-im-museum-elf-meter-donauinsel-geschichte-in-wien\/\"},\"wordCount\":264,\"publisher\":{\"@id\":\"https:\/\/kulturonline.tv\/de\/#organization\"},\"image\":{\"@id\":\"https:\/\/kulturonline.tv\/de\/insel-feeling-im-museum-elf-meter-donauinsel-geschichte-in-wien\/#primaryimage\"},\"thumbnailUrl\":\"https:\/\/kulturonline.tv\/wp-content\/uploads\/2026\/03\/07_Donauinsel-edited-scaled.jpg\",\"articleSection\":[\"FM Stories Themenbeitr\u00e4ge\"],\"inLanguage\":\"de\"},{\"@type\":\"WebPage\",\"@id\":\"https:\/\/kulturonline.tv\/de\/insel-feeling-im-museum-elf-meter-donauinsel-geschichte-in-wien\/\",\"url\":\"https:\/\/kulturonline.tv\/de\/insel-feeling-im-museum-elf-meter-donauinsel-geschichte-in-wien\/\",\"name\":\"Elf Meter Donauinsel-Geschichte in Wien - Kultur Online TV &amp; FM\",\"isPartOf\":{\"@id\":\"https:\/\/kulturonline.tv\/de\/#website\"},\"primaryImageOfPage\":{\"@id\":\"https:\/\/kulturonline.tv\/de\/insel-feeling-im-museum-elf-meter-donauinsel-geschichte-in-wien\/#primaryimage\"},\"image\":{\"@id\":\"https:\/\/kulturonline.tv\/de\/insel-feeling-im-museum-elf-meter-donauinsel-geschichte-in-wien\/#primaryimage\"},\"thumbnailUrl\":\"https:\/\/kulturonline.tv\/wp-content\/uploads\/2026\/03\/07_Donauinsel-edited-scaled.jpg\",\"datePublished\":\"2026-03-14T12:30:34+00:00\",\"dateModified\":\"2026-03-14T12:34:35+00:00\",\"description\":\"Es ist das Herzst\u00fcck des Wiener Sommers, ein Paradies f\u00fcr Radfahrer, Grillmeister und Badeg\u00e4ste: die Donauinsel.\",\"breadcrumb\":{\"@id\":\"https:\/\/kulturonline.tv\/de\/insel-feeling-im-museum-elf-meter-donauinsel-geschichte-in-wien\/#breadcrumb\"},\"inLanguage\":\"de\",\"potentialAction\":[{\"@type\":\"ReadAction\",\"target\":[\"https:\/\/kulturonline.tv\/de\/insel-feeling-im-museum-elf-meter-donauinsel-geschichte-in-wien\/\"]}]},{\"@type\":\"ImageObject\",\"inLanguage\":\"de\",\"@id\":\"https:\/\/kulturonline.tv\/de\/insel-feeling-im-museum-elf-meter-donauinsel-geschichte-in-wien\/#primaryimage\",\"url\":\"https:\/\/kulturonline.tv\/wp-content\/uploads\/2026\/03\/07_Donauinsel-edited-scaled.jpg\",\"contentUrl\":\"https:\/\/kulturonline.tv\/wp-content\/uploads\/2026\/03\/07_Donauinsel-edited-scaled.jpg\",\"width\":2560,\"height\":1440},{\"@type\":\"BreadcrumbList\",\"@id\":\"https:\/\/kulturonline.tv\/de\/insel-feeling-im-museum-elf-meter-donauinsel-geschichte-in-wien\/#breadcrumb\",\"itemListElement\":[{\"@type\":\"ListItem\",\"position\":1,\"name\":\"Startseite\",\"item\":\"https:\/\/kulturonline.tv\/de\/\"},{\"@type\":\"ListItem\",\"position\":2,\"name\":\"Elf Meter Donauinsel-Geschichte in Wien\"}]},{\"@type\":\"WebSite\",\"@id\":\"https:\/\/kulturonline.tv\/de\/#website\",\"url\":\"https:\/\/kulturonline.tv\/de\/\",\"name\":\"Kultur Online TV &amp; FM\",\"description\":\"Wir sind Kultur 2.0 zum sehen &amp; h\u00f6ren\",\"publisher\":{\"@id\":\"https:\/\/kulturonline.tv\/de\/#organization\"},\"potentialAction\":[{\"@type\":\"SearchAction\",\"target\":{\"@type\":\"EntryPoint\",\"urlTemplate\":\"https:\/\/kulturonline.tv\/de\/?s={search_term_string}\"},\"query-input\":{\"@type\":\"PropertyValueSpecification\",\"valueRequired\":true,\"valueName\":\"search_term_string\"}}],\"inLanguage\":\"de\"},{\"@type\":\"Organization\",\"@id\":\"https:\/\/kulturonline.tv\/de\/#organization\",\"name\":\"Kultur Online TV\",\"url\":\"https:\/\/kulturonline.tv\/de\/\",\"logo\":{\"@type\":\"ImageObject\",\"inLanguage\":\"de\",\"@id\":\"https:\/\/kulturonline.tv\/de\/#\/schema\/logo\/image\/\",\"url\":\"https:\/\/kulturonline.tv\/wp-content\/uploads\/2021\/08\/Kultur-Online-Tv-Logo-Endversion-neu.png\",\"contentUrl\":\"https:\/\/kulturonline.tv\/wp-content\/uploads\/2021\/08\/Kultur-Online-Tv-Logo-Endversion-neu.png\",\"width\":200,\"height\":200,\"caption\":\"Kultur Online TV\"},\"image\":{\"@id\":\"https:\/\/kulturonline.tv\/de\/#\/schema\/logo\/image\/\"},\"sameAs\":[\"https:\/\/www.facebook.com\/kulturonline.tv\",\"https:\/\/www.instagram.com\/kulturonline.tv\"]},{\"@type\":\"Person\",\"@id\":\"https:\/\/kulturonline.tv\/de\/#\/schema\/person\/b0fac729bb9a0c193fb1df23449df4fe\",\"name\":\"guenter.wolfgang\"}]}<\/script>\n<!-- \/ Yoast SEO plugin. -->","yoast_head_json":{"title":"Elf Meter Donauinsel-Geschichte in Wien - Kultur Online TV &amp; FM","description":"Es ist das Herzst\u00fcck des Wiener Sommers, ein Paradies f\u00fcr Radfahrer, Grillmeister und Badeg\u00e4ste: die Donauinsel.","robots":{"index":"index","follow":"follow","max-snippet":"max-snippet:-1","max-image-preview":"max-image-preview:large","max-video-preview":"max-video-preview:-1"},"canonical":"https:\/\/kulturonline.tv\/de\/insel-feeling-im-museum-elf-meter-donauinsel-geschichte-in-wien\/","og_locale":"de_DE","og_type":"article","og_title":"Elf Meter Donauinsel-Geschichte in Wien - Kultur Online TV &amp; FM","og_description":"Es ist das Herzst\u00fcck des Wiener Sommers, ein Paradies f\u00fcr Radfahrer, Grillmeister und Badeg\u00e4ste: die Donauinsel.","og_url":"https:\/\/kulturonline.tv\/de\/insel-feeling-im-museum-elf-meter-donauinsel-geschichte-in-wien\/","og_site_name":"Kultur Online TV &amp; FM","article_publisher":"https:\/\/www.facebook.com\/kulturonline.tv","article_published_time":"2026-03-14T12:30:34+00:00","article_modified_time":"2026-03-14T12:34:35+00:00","og_image":[{"width":2560,"height":1440,"url":"https:\/\/kulturonline.tv\/wp-content\/uploads\/2026\/03\/07_Donauinsel-edited-scaled.jpg","type":"image\/jpeg"}],"author":"guenter.wolfgang","twitter_card":"summary_large_image","twitter_misc":{"Verfasst von":"guenter.wolfgang","Gesch\u00e4tzte Lesezeit":"1\u00a0Minute"},"schema":{"@context":"https:\/\/schema.org","@graph":[{"@type":"Article","@id":"https:\/\/kulturonline.tv\/de\/insel-feeling-im-museum-elf-meter-donauinsel-geschichte-in-wien\/#article","isPartOf":{"@id":"https:\/\/kulturonline.tv\/de\/insel-feeling-im-museum-elf-meter-donauinsel-geschichte-in-wien\/"},"author":{"name":"guenter.wolfgang","@id":"https:\/\/kulturonline.tv\/de\/#\/schema\/person\/b0fac729bb9a0c193fb1df23449df4fe"},"headline":"Elf Meter Donauinsel-Geschichte in Wien","datePublished":"2026-03-14T12:30:34+00:00","dateModified":"2026-03-14T12:34:35+00:00","mainEntityOfPage":{"@id":"https:\/\/kulturonline.tv\/de\/insel-feeling-im-museum-elf-meter-donauinsel-geschichte-in-wien\/"},"wordCount":264,"publisher":{"@id":"https:\/\/kulturonline.tv\/de\/#organization"},"image":{"@id":"https:\/\/kulturonline.tv\/de\/insel-feeling-im-museum-elf-meter-donauinsel-geschichte-in-wien\/#primaryimage"},"thumbnailUrl":"https:\/\/kulturonline.tv\/wp-content\/uploads\/2026\/03\/07_Donauinsel-edited-scaled.jpg","articleSection":["FM Stories Themenbeitr\u00e4ge"],"inLanguage":"de"},{"@type":"WebPage","@id":"https:\/\/kulturonline.tv\/de\/insel-feeling-im-museum-elf-meter-donauinsel-geschichte-in-wien\/","url":"https:\/\/kulturonline.tv\/de\/insel-feeling-im-museum-elf-meter-donauinsel-geschichte-in-wien\/","name":"Elf Meter Donauinsel-Geschichte in Wien - Kultur Online TV &amp; FM","isPartOf":{"@id":"https:\/\/kulturonline.tv\/de\/#website"},"primaryImageOfPage":{"@id":"https:\/\/kulturonline.tv\/de\/insel-feeling-im-museum-elf-meter-donauinsel-geschichte-in-wien\/#primaryimage"},"image":{"@id":"https:\/\/kulturonline.tv\/de\/insel-feeling-im-museum-elf-meter-donauinsel-geschichte-in-wien\/#primaryimage"},"thumbnailUrl":"https:\/\/kulturonline.tv\/wp-content\/uploads\/2026\/03\/07_Donauinsel-edited-scaled.jpg","datePublished":"2026-03-14T12:30:34+00:00","dateModified":"2026-03-14T12:34:35+00:00","description":"Es ist das Herzst\u00fcck des Wiener Sommers, ein Paradies f\u00fcr Radfahrer, Grillmeister und Badeg\u00e4ste: die Donauinsel.","breadcrumb":{"@id":"https:\/\/kulturonline.tv\/de\/insel-feeling-im-museum-elf-meter-donauinsel-geschichte-in-wien\/#breadcrumb"},"inLanguage":"de","potentialAction":[{"@type":"ReadAction","target":["https:\/\/kulturonline.tv\/de\/insel-feeling-im-museum-elf-meter-donauinsel-geschichte-in-wien\/"]}]},{"@type":"ImageObject","inLanguage":"de","@id":"https:\/\/kulturonline.tv\/de\/insel-feeling-im-museum-elf-meter-donauinsel-geschichte-in-wien\/#primaryimage","url":"https:\/\/kulturonline.tv\/wp-content\/uploads\/2026\/03\/07_Donauinsel-edited-scaled.jpg","contentUrl":"https:\/\/kulturonline.tv\/wp-content\/uploads\/2026\/03\/07_Donauinsel-edited-scaled.jpg","width":2560,"height":1440},{"@type":"BreadcrumbList","@id":"https:\/\/kulturonline.tv\/de\/insel-feeling-im-museum-elf-meter-donauinsel-geschichte-in-wien\/#breadcrumb","itemListElement":[{"@type":"ListItem","position":1,"name":"Startseite","item":"https:\/\/kulturonline.tv\/de\/"},{"@type":"ListItem","position":2,"name":"Elf Meter Donauinsel-Geschichte in Wien"}]},{"@type":"WebSite","@id":"https:\/\/kulturonline.tv\/de\/#website","url":"https:\/\/kulturonline.tv\/de\/","name":"Kultur Online TV &amp; FM","description":"Wir sind Kultur 2.0 zum sehen &amp; h\u00f6ren","publisher":{"@id":"https:\/\/kulturonline.tv\/de\/#organization"},"potentialAction":[{"@type":"SearchAction","target":{"@type":"EntryPoint","urlTemplate":"https:\/\/kulturonline.tv\/de\/?s={search_term_string}"},"query-input":{"@type":"PropertyValueSpecification","valueRequired":true,"valueName":"search_term_string"}}],"inLanguage":"de"},{"@type":"Organization","@id":"https:\/\/kulturonline.tv\/de\/#organization","name":"Kultur Online TV","url":"https:\/\/kulturonline.tv\/de\/","logo":{"@type":"ImageObject","inLanguage":"de","@id":"https:\/\/kulturonline.tv\/de\/#\/schema\/logo\/image\/","url":"https:\/\/kulturonline.tv\/wp-content\/uploads\/2021\/08\/Kultur-Online-Tv-Logo-Endversion-neu.png","contentUrl":"https:\/\/kulturonline.tv\/wp-content\/uploads\/2021\/08\/Kultur-Online-Tv-Logo-Endversion-neu.png","width":200,"height":200,"caption":"Kultur Online TV"},"image":{"@id":"https:\/\/kulturonline.tv\/de\/#\/schema\/logo\/image\/"},"sameAs":["https:\/\/www.facebook.com\/kulturonline.tv","https:\/\/www.instagram.com\/kulturonline.tv"]},{"@type":"Person","@id":"https:\/\/kulturonline.tv\/de\/#\/schema\/person\/b0fac729bb9a0c193fb1df23449df4fe","name":"guenter.wolfgang"}]}},"_links":{"self":[{"href":"https:\/\/kulturonline.tv\/de\/wp-json\/wp\/v2\/posts\/141706","targetHints":{"allow":["GET"]}}],"collection":[{"href":"https:\/\/kulturonline.tv\/de\/wp-json\/wp\/v2\/posts"}],"about":[{"href":"https:\/\/kulturonline.tv\/de\/wp-json\/wp\/v2\/types\/post"}],"author":[{"embeddable":true,"href":"https:\/\/kulturonline.tv\/de\/wp-json\/wp\/v2\/users\/2"}],"replies":[{"embeddable":true,"href":"https:\/\/kulturonline.tv\/de\/wp-json\/wp\/v2\/comments?post=141706"}],"version-history":[{"count":2,"href":"https:\/\/kulturonline.tv\/de\/wp-json\/wp\/v2\/posts\/141706\/revisions"}],"predecessor-version":[{"id":141712,"href":"https:\/\/kulturonline.tv\/de\/wp-json\/wp\/v2\/posts\/141706\/revisions\/141712"}],"wp:featuredmedia":[{"embeddable":true,"href":"https:\/\/kulturonline.tv\/de\/wp-json\/wp\/v2\/media\/141709"}],"wp:attachment":[{"href":"https:\/\/kulturonline.tv\/de\/wp-json\/wp\/v2\/media?parent=141706"}],"wp:term":[{"taxonomy":"category","embeddable":true,"href":"https:\/\/kulturonline.tv\/de\/wp-json\/wp\/v2\/categories?post=141706"},{"taxonomy":"post_tag","embeddable":true,"href":"https:\/\/kulturonline.tv\/de\/wp-json\/wp\/v2\/tags?post=141706"}],"curies":[{"name":"wp","href":"https:\/\/api.w.org\/{rel}","templated":true}]}}