{"id":141713,"date":"2026-03-14T13:53:34","date_gmt":"2026-03-14T12:53:34","guid":{"rendered":"https:\/\/kulturonline.tv\/?p=141713"},"modified":"2026-03-14T13:55:13","modified_gmt":"2026-03-14T12:55:13","slug":"tanzen-bei-den-toten","status":"publish","type":"post","link":"https:\/\/kulturonline.tv\/de\/tanzen-bei-den-toten\/","title":{"rendered":"Tanzen bei den Toten am Wiener Zentralfriedhof"},"content":{"rendered":"\n<figure class=\"wp-block-image size-large is-resized\"><img fetchpriority=\"high\" decoding=\"async\" width=\"1600\" height=\"498\" src=\"https:\/\/kulturonline.tv\/wp-content\/uploads\/2026\/03\/Markus-Kogler-3-1-1600x498.png\" alt=\"\" class=\"wp-image-140895\" style=\"width:412px;height:auto\" srcset=\"https:\/\/kulturonline.tv\/wp-content\/uploads\/2026\/03\/Markus-Kogler-3-1-1600x498.png 1600w, https:\/\/kulturonline.tv\/wp-content\/uploads\/2026\/03\/Markus-Kogler-3-1-800x249.png 800w, https:\/\/kulturonline.tv\/wp-content\/uploads\/2026\/03\/Markus-Kogler-3-1-768x239.png 768w, https:\/\/kulturonline.tv\/wp-content\/uploads\/2026\/03\/Markus-Kogler-3-1-1536x478.png 1536w, https:\/\/kulturonline.tv\/wp-content\/uploads\/2026\/03\/Markus-Kogler-3-1.png 1672w\" sizes=\"(max-width: 1600px) 100vw, 1600px\" \/><\/figure>\n\n\n\n<p>Es ist wohl der au\u00dfergew\u00f6hnlichste Tanzboden der Stadt: Zwischen Ehrengr\u00e4bern und prachtvollen Jugendstil-Bauten \u00f6ffnet der Wiener Zentralfriedhof seine Tore f\u00fcr ein Event der besonderen Art. Unter dem Motto <strong>\u201eSilent Disco am Campus\u201c<\/strong> wird eine der gr\u00f6\u00dften Friedhofsanlagen Europas f\u00fcr einen Abend zum lautlosen Club.<\/p>\n\n\n\n<figure class=\"wp-block-image size-full\"><img decoding=\"async\" width=\"1365\" height=\"768\" src=\"https:\/\/kulturonline.tv\/wp-content\/uploads\/2026\/03\/Gemini_Generated_Image_d2nzerd2nzerd2nz-edited.png\" alt=\"\" class=\"wp-image-141716\" srcset=\"https:\/\/kulturonline.tv\/wp-content\/uploads\/2026\/03\/Gemini_Generated_Image_d2nzerd2nzerd2nz-edited.png 1365w, https:\/\/kulturonline.tv\/wp-content\/uploads\/2026\/03\/Gemini_Generated_Image_d2nzerd2nzerd2nz-edited-800x450.png 800w, https:\/\/kulturonline.tv\/wp-content\/uploads\/2026\/03\/Gemini_Generated_Image_d2nzerd2nzerd2nz-edited-768x432.png 768w\" sizes=\"(max-width: 1365px) 100vw, 1365px\" \/><\/figure>\n\n\n\n<p>\u00a9 Symbolbild KI Generiert<\/p>\n\n\n\n<h3 class=\"wp-block-heading\"><strong>Pulsierende Beats in absoluter Stille<\/strong><\/h3>\n\n\n\n<p>Was auf den ersten Blick wie ein Tabubruch wirkt, ist Teil einer modernen Philosophie der Friedh\u00f6fe Wien: Der Gottesacker soll nicht nur ein Ort der Trauer, sondern auch ein Ort der Begegnung und des Lebens sein.<\/p>\n\n\n\n<ul class=\"wp-block-list\">\n<li><strong>Das Konzept:<\/strong> Die Teilnehmer tragen kabellose Kopfh\u00f6rer. Man kann zwischen zwei Kan\u00e4len w\u00e4hlen \u2013 w\u00e4hrend auf dem einen DJ-Beats laufen, gibt es auf dem anderen vielleicht modernen Austropop oder Wiener Klassik.<\/li>\n\n\n\n<li><strong>Die Kulisse:<\/strong> Getanzt wird im Bereich des \u201eCampus\u201c, unweit der imposanten Karl-Borrom\u00e4us-Kirche, die in der Abendd\u00e4mmerung spektakul\u00e4r beleuchtet wird.<\/li>\n<\/ul>\n\n\n\n<h3 class=\"wp-block-heading\"><strong>Piet\u00e4t trifft Party<\/strong><\/h3>\n\n\n\n<p>Die Friedhofsverwaltung betont, dass der Respekt vor den Toten oberste Priorit\u00e4t hat. \u201eEs wird keine laute Beschallung der Gr\u00e4ber geben\u201c, hei\u00dft es von offizieller Seite. Die Musik findet ausschlie\u00dflich in den K\u00f6pfen der Tanzenden statt. Es ist ein Versuch, das Tabu rund um das Thema Tod aufzubrechen und den Friedhof als wertvollen Kulturraum im Bewusstsein der Wiener zu verankern.<\/p>\n\n\n\n<h3 class=\"wp-block-heading\"><strong>Der Wiener Weg: \u201eA sch\u00f6ne Leich\u201c und ein guter Beat<\/strong><\/h3>\n\n\n\n<p>In kaum einer anderen Metropole w\u00fcrde ein solches Event so viel Zuspruch finden. Die Wiener haben seit jeher ein entspanntes, fast freundschaftliches Verh\u00e4ltnis zum Tod. Nach dem Motto \u201eDer Tod, das muss ein Wiener sein\u201c wird hier die Grenze zwischen den Welten f\u00fcr ein paar Stunden spielerisch und respektvoll \u00fcberschritten.<\/p>\n\n\n\n<h2 class=\"wp-block-heading\"><strong>Event am 17. April 2026<\/strong> von 20h bis 02 in der Friedhofskirche zum heiligen Borrom\u00e4us statt (Haupteingang Tor 2, Simmeringer Hauptstra\u00dfe 234, 1110 Wien. <\/h2>\n\n\n\n<p>Tickets im Vorverkauf 15 Euro, an der Abendkasse 18 Euro. Weitere Informationen auch auf der Website der Friedh\u00f6fe Wien. <\/p>\n\n\n\n<p>Kultur Online TV-FM<\/p>\n\n\n\n<p>#Zentralfriedhof #Wien #SilentDisco #ViennaCulture #FriedhofWien #Stadtleben #WienMalAnders #AudioStory #KulturNews<\/p>\n\n\n\n<div style=\"height:100px\" aria-hidden=\"true\" class=\"wp-block-spacer\"><\/div>\n\n\n\n<a href=\"https:\/\/t.adcell.com\/p\/click?promoId=133519&#038;slotId=98564\" target=\"_blank\" >\n    <img decoding=\"async\" src=\"https:\/\/t.adcell.com\/p\/image?promoId=133519&#038;slotId=98564\" width=\"728\" height=\"90\" border=\"0\" alt=\"meinfoto.de\" \/>\n<\/a>\n\n\n\n<p><\/p>\n","protected":false},"excerpt":{"rendered":"<p>Es ist wohl der au\u00dfergew\u00f6hnlichste Tanzboden der Stadt: Zwischen Ehrengr\u00e4bern und prachtvollen Jugendstil-Bauten \u00f6ffnet der Wiener Zentralfriedhof seine Tore f\u00fcr ein Event der besonderen Art. Unter dem Motto \u201eSilent Disco am Campus\u201c wird eine der gr\u00f6\u00dften Friedhofsanlagen Europas f\u00fcr einen Abend zum lautlosen Club. \u00a9 Symbolbild KI Generiert Pulsierende Beats in absoluter Stille Was auf [&hellip;]<\/p>\n","protected":false},"author":2,"featured_media":141716,"comment_status":"closed","ping_status":"closed","sticky":false,"template":"","format":"standard","meta":{"_acf_changed":false,"footnotes":""},"categories":[1131],"tags":[],"class_list":["post-141713","post","type-post","status-publish","format-standard","has-post-thumbnail","hentry","category-fm-stories-themenbeitraege"],"acf":[],"yoast_head":"<!-- This site is optimized with the Yoast SEO plugin v26.1.1 - https:\/\/yoast.com\/wordpress\/plugins\/seo\/ -->\n<title>Tanzen bei den Toten am Wiener Zentralfriedhof - Kultur Online TV &amp; FM<\/title>\n<meta name=\"description\" content=\"Es ist wohl der au\u00dfergew\u00f6hnlichste Tanzboden der Stadt: Zwischen Ehrengr\u00e4bern und prachtvollen Jugendstil-Bauten \u00f6ffnet der Wiener Zentralfriedhof seine Tore f\u00fcr ein Event der besonderen Art.\" \/>\n<meta name=\"robots\" content=\"index, follow, max-snippet:-1, max-image-preview:large, max-video-preview:-1\" \/>\n<link rel=\"canonical\" href=\"https:\/\/kulturonline.tv\/de\/tanzen-bei-den-toten\/\" \/>\n<meta property=\"og:locale\" content=\"de_DE\" \/>\n<meta property=\"og:type\" content=\"article\" \/>\n<meta property=\"og:title\" content=\"Tanzen bei den Toten am Wiener Zentralfriedhof - Kultur Online TV &amp; FM\" \/>\n<meta property=\"og:description\" content=\"Es ist wohl der au\u00dfergew\u00f6hnlichste Tanzboden der Stadt: Zwischen Ehrengr\u00e4bern und prachtvollen Jugendstil-Bauten \u00f6ffnet der Wiener Zentralfriedhof seine Tore f\u00fcr ein Event der besonderen Art.\" \/>\n<meta property=\"og:url\" content=\"https:\/\/kulturonline.tv\/de\/tanzen-bei-den-toten\/\" \/>\n<meta property=\"og:site_name\" content=\"Kultur Online TV &amp; FM\" \/>\n<meta property=\"article:publisher\" content=\"https:\/\/www.facebook.com\/kulturonline.tv\" \/>\n<meta property=\"article:published_time\" content=\"2026-03-14T12:53:34+00:00\" \/>\n<meta property=\"article:modified_time\" content=\"2026-03-14T12:55:13+00:00\" \/>\n<meta property=\"og:image\" content=\"https:\/\/kulturonline.tv\/wp-content\/uploads\/2026\/03\/Gemini_Generated_Image_d2nzerd2nzerd2nz-edited.png\" \/>\n\t<meta property=\"og:image:width\" content=\"800\" \/>\n\t<meta property=\"og:image:height\" content=\"450\" \/>\n\t<meta property=\"og:image:type\" content=\"image\/png\" \/>\n<meta name=\"author\" content=\"guenter.wolfgang\" \/>\n<meta name=\"twitter:card\" content=\"summary_large_image\" \/>\n<meta name=\"twitter:label1\" content=\"Verfasst von\" \/>\n\t<meta name=\"twitter:data1\" content=\"guenter.wolfgang\" \/>\n\t<meta name=\"twitter:label2\" content=\"Gesch\u00e4tzte Lesezeit\" \/>\n\t<meta name=\"twitter:data2\" content=\"2\u00a0Minuten\" \/>\n<script type=\"application\/ld+json\" class=\"yoast-schema-graph\">{\"@context\":\"https:\/\/schema.org\",\"@graph\":[{\"@type\":\"Article\",\"@id\":\"https:\/\/kulturonline.tv\/de\/tanzen-bei-den-toten\/#article\",\"isPartOf\":{\"@id\":\"https:\/\/kulturonline.tv\/de\/tanzen-bei-den-toten\/\"},\"author\":{\"name\":\"guenter.wolfgang\",\"@id\":\"https:\/\/kulturonline.tv\/de\/#\/schema\/person\/b0fac729bb9a0c193fb1df23449df4fe\"},\"headline\":\"Tanzen bei den Toten am Wiener Zentralfriedhof\",\"datePublished\":\"2026-03-14T12:53:34+00:00\",\"dateModified\":\"2026-03-14T12:55:13+00:00\",\"mainEntityOfPage\":{\"@id\":\"https:\/\/kulturonline.tv\/de\/tanzen-bei-den-toten\/\"},\"wordCount\":340,\"publisher\":{\"@id\":\"https:\/\/kulturonline.tv\/de\/#organization\"},\"image\":{\"@id\":\"https:\/\/kulturonline.tv\/de\/tanzen-bei-den-toten\/#primaryimage\"},\"thumbnailUrl\":\"https:\/\/kulturonline.tv\/wp-content\/uploads\/2026\/03\/Gemini_Generated_Image_d2nzerd2nzerd2nz-edited.png\",\"articleSection\":[\"FM Stories Themenbeitr\u00e4ge\"],\"inLanguage\":\"de\"},{\"@type\":\"WebPage\",\"@id\":\"https:\/\/kulturonline.tv\/de\/tanzen-bei-den-toten\/\",\"url\":\"https:\/\/kulturonline.tv\/de\/tanzen-bei-den-toten\/\",\"name\":\"Tanzen bei den Toten am Wiener Zentralfriedhof - Kultur Online TV &amp; FM\",\"isPartOf\":{\"@id\":\"https:\/\/kulturonline.tv\/de\/#website\"},\"primaryImageOfPage\":{\"@id\":\"https:\/\/kulturonline.tv\/de\/tanzen-bei-den-toten\/#primaryimage\"},\"image\":{\"@id\":\"https:\/\/kulturonline.tv\/de\/tanzen-bei-den-toten\/#primaryimage\"},\"thumbnailUrl\":\"https:\/\/kulturonline.tv\/wp-content\/uploads\/2026\/03\/Gemini_Generated_Image_d2nzerd2nzerd2nz-edited.png\",\"datePublished\":\"2026-03-14T12:53:34+00:00\",\"dateModified\":\"2026-03-14T12:55:13+00:00\",\"description\":\"Es ist wohl der au\u00dfergew\u00f6hnlichste Tanzboden der Stadt: Zwischen Ehrengr\u00e4bern und prachtvollen Jugendstil-Bauten \u00f6ffnet der Wiener Zentralfriedhof seine Tore f\u00fcr ein Event der besonderen Art.\",\"breadcrumb\":{\"@id\":\"https:\/\/kulturonline.tv\/de\/tanzen-bei-den-toten\/#breadcrumb\"},\"inLanguage\":\"de\",\"potentialAction\":[{\"@type\":\"ReadAction\",\"target\":[\"https:\/\/kulturonline.tv\/de\/tanzen-bei-den-toten\/\"]}]},{\"@type\":\"ImageObject\",\"inLanguage\":\"de\",\"@id\":\"https:\/\/kulturonline.tv\/de\/tanzen-bei-den-toten\/#primaryimage\",\"url\":\"https:\/\/kulturonline.tv\/wp-content\/uploads\/2026\/03\/Gemini_Generated_Image_d2nzerd2nzerd2nz-edited.png\",\"contentUrl\":\"https:\/\/kulturonline.tv\/wp-content\/uploads\/2026\/03\/Gemini_Generated_Image_d2nzerd2nzerd2nz-edited.png\",\"width\":1365,\"height\":768},{\"@type\":\"BreadcrumbList\",\"@id\":\"https:\/\/kulturonline.tv\/de\/tanzen-bei-den-toten\/#breadcrumb\",\"itemListElement\":[{\"@type\":\"ListItem\",\"position\":1,\"name\":\"Startseite\",\"item\":\"https:\/\/kulturonline.tv\/de\/\"},{\"@type\":\"ListItem\",\"position\":2,\"name\":\"Tanzen bei den Toten am Wiener Zentralfriedhof\"}]},{\"@type\":\"WebSite\",\"@id\":\"https:\/\/kulturonline.tv\/de\/#website\",\"url\":\"https:\/\/kulturonline.tv\/de\/\",\"name\":\"Kultur Online TV &amp; FM\",\"description\":\"Wir sind Kultur 2.0 zum sehen &amp; h\u00f6ren\",\"publisher\":{\"@id\":\"https:\/\/kulturonline.tv\/de\/#organization\"},\"potentialAction\":[{\"@type\":\"SearchAction\",\"target\":{\"@type\":\"EntryPoint\",\"urlTemplate\":\"https:\/\/kulturonline.tv\/de\/?s={search_term_string}\"},\"query-input\":{\"@type\":\"PropertyValueSpecification\",\"valueRequired\":true,\"valueName\":\"search_term_string\"}}],\"inLanguage\":\"de\"},{\"@type\":\"Organization\",\"@id\":\"https:\/\/kulturonline.tv\/de\/#organization\",\"name\":\"Kultur Online TV\",\"url\":\"https:\/\/kulturonline.tv\/de\/\",\"logo\":{\"@type\":\"ImageObject\",\"inLanguage\":\"de\",\"@id\":\"https:\/\/kulturonline.tv\/de\/#\/schema\/logo\/image\/\",\"url\":\"https:\/\/kulturonline.tv\/wp-content\/uploads\/2021\/08\/Kultur-Online-Tv-Logo-Endversion-neu.png\",\"contentUrl\":\"https:\/\/kulturonline.tv\/wp-content\/uploads\/2021\/08\/Kultur-Online-Tv-Logo-Endversion-neu.png\",\"width\":200,\"height\":200,\"caption\":\"Kultur Online TV\"},\"image\":{\"@id\":\"https:\/\/kulturonline.tv\/de\/#\/schema\/logo\/image\/\"},\"sameAs\":[\"https:\/\/www.facebook.com\/kulturonline.tv\",\"https:\/\/www.instagram.com\/kulturonline.tv\"]},{\"@type\":\"Person\",\"@id\":\"https:\/\/kulturonline.tv\/de\/#\/schema\/person\/b0fac729bb9a0c193fb1df23449df4fe\",\"name\":\"guenter.wolfgang\"}]}<\/script>\n<!-- \/ Yoast SEO plugin. -->","yoast_head_json":{"title":"Tanzen bei den Toten am Wiener Zentralfriedhof - Kultur Online TV &amp; FM","description":"Es ist wohl der au\u00dfergew\u00f6hnlichste Tanzboden der Stadt: Zwischen Ehrengr\u00e4bern und prachtvollen Jugendstil-Bauten \u00f6ffnet der Wiener Zentralfriedhof seine Tore f\u00fcr ein Event der besonderen Art.","robots":{"index":"index","follow":"follow","max-snippet":"max-snippet:-1","max-image-preview":"max-image-preview:large","max-video-preview":"max-video-preview:-1"},"canonical":"https:\/\/kulturonline.tv\/de\/tanzen-bei-den-toten\/","og_locale":"de_DE","og_type":"article","og_title":"Tanzen bei den Toten am Wiener Zentralfriedhof - Kultur Online TV &amp; FM","og_description":"Es ist wohl der au\u00dfergew\u00f6hnlichste Tanzboden der Stadt: Zwischen Ehrengr\u00e4bern und prachtvollen Jugendstil-Bauten \u00f6ffnet der Wiener Zentralfriedhof seine Tore f\u00fcr ein Event der besonderen Art.","og_url":"https:\/\/kulturonline.tv\/de\/tanzen-bei-den-toten\/","og_site_name":"Kultur Online TV &amp; FM","article_publisher":"https:\/\/www.facebook.com\/kulturonline.tv","article_published_time":"2026-03-14T12:53:34+00:00","article_modified_time":"2026-03-14T12:55:13+00:00","og_image":[{"url":"https:\/\/kulturonline.tv\/wp-content\/uploads\/2026\/03\/Gemini_Generated_Image_d2nzerd2nzerd2nz-edited.png","width":800,"height":450,"type":"image\/png"}],"author":"guenter.wolfgang","twitter_card":"summary_large_image","twitter_misc":{"Verfasst von":"guenter.wolfgang","Gesch\u00e4tzte Lesezeit":"2\u00a0Minuten"},"schema":{"@context":"https:\/\/schema.org","@graph":[{"@type":"Article","@id":"https:\/\/kulturonline.tv\/de\/tanzen-bei-den-toten\/#article","isPartOf":{"@id":"https:\/\/kulturonline.tv\/de\/tanzen-bei-den-toten\/"},"author":{"name":"guenter.wolfgang","@id":"https:\/\/kulturonline.tv\/de\/#\/schema\/person\/b0fac729bb9a0c193fb1df23449df4fe"},"headline":"Tanzen bei den Toten am Wiener Zentralfriedhof","datePublished":"2026-03-14T12:53:34+00:00","dateModified":"2026-03-14T12:55:13+00:00","mainEntityOfPage":{"@id":"https:\/\/kulturonline.tv\/de\/tanzen-bei-den-toten\/"},"wordCount":340,"publisher":{"@id":"https:\/\/kulturonline.tv\/de\/#organization"},"image":{"@id":"https:\/\/kulturonline.tv\/de\/tanzen-bei-den-toten\/#primaryimage"},"thumbnailUrl":"https:\/\/kulturonline.tv\/wp-content\/uploads\/2026\/03\/Gemini_Generated_Image_d2nzerd2nzerd2nz-edited.png","articleSection":["FM Stories Themenbeitr\u00e4ge"],"inLanguage":"de"},{"@type":"WebPage","@id":"https:\/\/kulturonline.tv\/de\/tanzen-bei-den-toten\/","url":"https:\/\/kulturonline.tv\/de\/tanzen-bei-den-toten\/","name":"Tanzen bei den Toten am Wiener Zentralfriedhof - Kultur Online TV &amp; FM","isPartOf":{"@id":"https:\/\/kulturonline.tv\/de\/#website"},"primaryImageOfPage":{"@id":"https:\/\/kulturonline.tv\/de\/tanzen-bei-den-toten\/#primaryimage"},"image":{"@id":"https:\/\/kulturonline.tv\/de\/tanzen-bei-den-toten\/#primaryimage"},"thumbnailUrl":"https:\/\/kulturonline.tv\/wp-content\/uploads\/2026\/03\/Gemini_Generated_Image_d2nzerd2nzerd2nz-edited.png","datePublished":"2026-03-14T12:53:34+00:00","dateModified":"2026-03-14T12:55:13+00:00","description":"Es ist wohl der au\u00dfergew\u00f6hnlichste Tanzboden der Stadt: Zwischen Ehrengr\u00e4bern und prachtvollen Jugendstil-Bauten \u00f6ffnet der Wiener Zentralfriedhof seine Tore f\u00fcr ein Event der besonderen Art.","breadcrumb":{"@id":"https:\/\/kulturonline.tv\/de\/tanzen-bei-den-toten\/#breadcrumb"},"inLanguage":"de","potentialAction":[{"@type":"ReadAction","target":["https:\/\/kulturonline.tv\/de\/tanzen-bei-den-toten\/"]}]},{"@type":"ImageObject","inLanguage":"de","@id":"https:\/\/kulturonline.tv\/de\/tanzen-bei-den-toten\/#primaryimage","url":"https:\/\/kulturonline.tv\/wp-content\/uploads\/2026\/03\/Gemini_Generated_Image_d2nzerd2nzerd2nz-edited.png","contentUrl":"https:\/\/kulturonline.tv\/wp-content\/uploads\/2026\/03\/Gemini_Generated_Image_d2nzerd2nzerd2nz-edited.png","width":1365,"height":768},{"@type":"BreadcrumbList","@id":"https:\/\/kulturonline.tv\/de\/tanzen-bei-den-toten\/#breadcrumb","itemListElement":[{"@type":"ListItem","position":1,"name":"Startseite","item":"https:\/\/kulturonline.tv\/de\/"},{"@type":"ListItem","position":2,"name":"Tanzen bei den Toten am Wiener Zentralfriedhof"}]},{"@type":"WebSite","@id":"https:\/\/kulturonline.tv\/de\/#website","url":"https:\/\/kulturonline.tv\/de\/","name":"Kultur Online TV &amp; FM","description":"Wir sind Kultur 2.0 zum sehen &amp; h\u00f6ren","publisher":{"@id":"https:\/\/kulturonline.tv\/de\/#organization"},"potentialAction":[{"@type":"SearchAction","target":{"@type":"EntryPoint","urlTemplate":"https:\/\/kulturonline.tv\/de\/?s={search_term_string}"},"query-input":{"@type":"PropertyValueSpecification","valueRequired":true,"valueName":"search_term_string"}}],"inLanguage":"de"},{"@type":"Organization","@id":"https:\/\/kulturonline.tv\/de\/#organization","name":"Kultur Online TV","url":"https:\/\/kulturonline.tv\/de\/","logo":{"@type":"ImageObject","inLanguage":"de","@id":"https:\/\/kulturonline.tv\/de\/#\/schema\/logo\/image\/","url":"https:\/\/kulturonline.tv\/wp-content\/uploads\/2021\/08\/Kultur-Online-Tv-Logo-Endversion-neu.png","contentUrl":"https:\/\/kulturonline.tv\/wp-content\/uploads\/2021\/08\/Kultur-Online-Tv-Logo-Endversion-neu.png","width":200,"height":200,"caption":"Kultur Online TV"},"image":{"@id":"https:\/\/kulturonline.tv\/de\/#\/schema\/logo\/image\/"},"sameAs":["https:\/\/www.facebook.com\/kulturonline.tv","https:\/\/www.instagram.com\/kulturonline.tv"]},{"@type":"Person","@id":"https:\/\/kulturonline.tv\/de\/#\/schema\/person\/b0fac729bb9a0c193fb1df23449df4fe","name":"guenter.wolfgang"}]}},"_links":{"self":[{"href":"https:\/\/kulturonline.tv\/de\/wp-json\/wp\/v2\/posts\/141713","targetHints":{"allow":["GET"]}}],"collection":[{"href":"https:\/\/kulturonline.tv\/de\/wp-json\/wp\/v2\/posts"}],"about":[{"href":"https:\/\/kulturonline.tv\/de\/wp-json\/wp\/v2\/types\/post"}],"author":[{"embeddable":true,"href":"https:\/\/kulturonline.tv\/de\/wp-json\/wp\/v2\/users\/2"}],"replies":[{"embeddable":true,"href":"https:\/\/kulturonline.tv\/de\/wp-json\/wp\/v2\/comments?post=141713"}],"version-history":[{"count":2,"href":"https:\/\/kulturonline.tv\/de\/wp-json\/wp\/v2\/posts\/141713\/revisions"}],"predecessor-version":[{"id":141719,"href":"https:\/\/kulturonline.tv\/de\/wp-json\/wp\/v2\/posts\/141713\/revisions\/141719"}],"wp:featuredmedia":[{"embeddable":true,"href":"https:\/\/kulturonline.tv\/de\/wp-json\/wp\/v2\/media\/141716"}],"wp:attachment":[{"href":"https:\/\/kulturonline.tv\/de\/wp-json\/wp\/v2\/media?parent=141713"}],"wp:term":[{"taxonomy":"category","embeddable":true,"href":"https:\/\/kulturonline.tv\/de\/wp-json\/wp\/v2\/categories?post=141713"},{"taxonomy":"post_tag","embeddable":true,"href":"https:\/\/kulturonline.tv\/de\/wp-json\/wp\/v2\/tags?post=141713"}],"curies":[{"name":"wp","href":"https:\/\/api.w.org\/{rel}","templated":true}]}}