{"id":141928,"date":"2026-03-17T12:46:16","date_gmt":"2026-03-17T11:46:16","guid":{"rendered":"https:\/\/kulturonline.tv\/?p=141928"},"modified":"2026-03-17T12:46:17","modified_gmt":"2026-03-17T11:46:17","slug":"der-freistaat-feiert-irisch","status":"publish","type":"post","link":"https:\/\/kulturonline.tv\/de\/der-freistaat-feiert-irisch\/","title":{"rendered":"Der Freistaat feiert irisch"},"content":{"rendered":"\n<figure class=\"wp-block-image size-large is-resized\"><img fetchpriority=\"high\" decoding=\"async\" width=\"1600\" height=\"311\" src=\"https:\/\/kulturonline.tv\/wp-content\/uploads\/2026\/03\/radiobeitrag-22-1600x311.png\" alt=\"\" class=\"wp-image-141450\" style=\"width:400px;height:auto\" srcset=\"https:\/\/kulturonline.tv\/wp-content\/uploads\/2026\/03\/radiobeitrag-22-1600x311.png 1600w, https:\/\/kulturonline.tv\/wp-content\/uploads\/2026\/03\/radiobeitrag-22-800x155.png 800w, https:\/\/kulturonline.tv\/wp-content\/uploads\/2026\/03\/radiobeitrag-22-768x149.png 768w, https:\/\/kulturonline.tv\/wp-content\/uploads\/2026\/03\/radiobeitrag-22-1536x298.png 1536w, https:\/\/kulturonline.tv\/wp-content\/uploads\/2026\/03\/radiobeitrag-22-2048x398.png 2048w\" sizes=\"(max-width: 1600px) 100vw, 1600px\" \/><\/figure>\n\n\n\n<figure class=\"wp-block-audio\"><audio controls src=\"https:\/\/kulturonline.tv\/wp-content\/uploads\/2026\/03\/Standard-Projekt.mp3\"><\/audio><\/figure>\n\n\n\n<p>Wenn sich die bayerischen Prachtstra\u00dfen in sattes Gr\u00fcn h\u00fcllen, ist klar: Der St. Patrick\u2019s Day ist da. Besonders in diesem Jahr, am 17. M\u00e4rz 2026, blickt die Szene auf ein besonderes Jubil\u00e4um, denn das gro\u00dfe M\u00fcnchner Festival feiert sein 30-j\u00e4hriges Bestehen. W\u00e4hrend die gro\u00dfen Paraden traditionell schon am vergangenen Wochenende (14.\/15. M\u00e4rz) Zehntausende in die Innenst\u00e4dte lockten, steht der heutige offizielle Feiertag ganz im Zeichen der authentischen Kultur und Gesellschaft.<\/p>\n\n\n\n<figure class=\"wp-block-image size-full\"><img decoding=\"async\" width=\"1365\" height=\"768\" src=\"https:\/\/kulturonline.tv\/wp-content\/uploads\/2026\/03\/Gemini_Generated_Image_ohc1oqohc1oqohc1-edited.png\" alt=\"\" class=\"wp-image-141933\" srcset=\"https:\/\/kulturonline.tv\/wp-content\/uploads\/2026\/03\/Gemini_Generated_Image_ohc1oqohc1oqohc1-edited.png 1365w, https:\/\/kulturonline.tv\/wp-content\/uploads\/2026\/03\/Gemini_Generated_Image_ohc1oqohc1oqohc1-edited-800x450.png 800w, https:\/\/kulturonline.tv\/wp-content\/uploads\/2026\/03\/Gemini_Generated_Image_ohc1oqohc1oqohc1-edited-768x432.png 768w\" sizes=\"(max-width: 1365px) 100vw, 1365px\" \/><\/figure>\n\n\n\n<p>\u00a9 Symbolbild KI Genriert 2026<\/p>\n\n\n\n<p>Nachdem am Sonntag rund 1.500 Teilnehmer bei der europaweit gr\u00f6\u00dften Parade auf dem Festland von der M\u00fcnchner Freiheit zum Odeonsplatz zogen, verlagert sich das Geschehen heute in die kleineren Kulturst\u00e4tten und Pubs:<\/p>\n\n\n\n<p>Literarischer Ausklang: Im Umfeld der Ludwigskirche finden Lesungen zum \u201eGreat Irish Poets Songbook\u201c statt, die sich der tiefgreifenden irischen Lyrik widmen. Musikalische Identit\u00e4t: In den einschl\u00e4gigen Irish Pubs (wie dem Kilians oder dem Kennedy&#8217;s) stehen heute Live-Sessions im Fokus, die weit \u00fcber das klassische \u201eParty-Image\u201c hinausgehen und traditionelle Instrumente wie die Uilleann Pipes und die Bodhr\u00e1n feiern.<\/p>\n\n\n\n<h2 class=\"wp-block-heading\">Gem\u00fctlichkeit und Tradition<\/h2>\n\n\n\n<p>In der Domstadt Regensburg und dem Umland wird die irische Lebensart oft mit der bayerischen Wirtshauskultur verkn\u00fcpft \u2013zwei Welten, die erstaunlich gut harmonieren. In \u201eTom\u2019s B\u00fchne\u201c wurde bereits vorgefeiert, doch auch heute Abend sind regionale Folk-Gr\u00f6\u00dfen geladen, um die Verbindung zwischen keltischer und bayerischer Heimatliebe musikalisch zu interpretieren.<\/p>\n\n\n\n<h2 class=\"wp-block-heading\">Pub-Kultur<\/h2>\n\n\n\n<p>Regensburgs Altstadt-Pubs nutzen den heutigen Tag f\u00fcr gesellschaftliche Diskussionsrunden \u00fcber die irisch-bayerische Geschichte, oft untermalt von Acoustic-Sets lokaler Musiker. Der heutige Tag zeigt einmal mehr die enge gesellschaftliche Bindung<\/p>\n\n\n\n<p>Die \u201eIroschotten\u201c: Bereits im Fr\u00fchmittelalter pr\u00e4gten irische M\u00f6nche die religi\u00f6se und kulturelle Landschaft Bayerns.Die Liebe zu gutem Bier, handgemachter Musik und einer gewissen \u201eGmiatlichkeit\u201c (oder eben \u201eCraic\u201c, wie die Iren sagen) verbindet beide Kulturen.<\/p>\n\n\n\n<p>Ob in der Landeshauptstadt oder in den l\u00e4ndlichen Regionen wie Simbach am Inn oder Freising \u2013 Bayern beweist heute, dass es seine Identit\u00e4t gerne um eine smaragdgr\u00fcne Nuance erweitert.<\/p>\n\n\n\n<p>Kultur Online FM<\/p>\n\n\n\n<p>StPatricksDay2026 #StPatricksDayMunich #MunichGoesGreen #BavarianIrish #StPatricksDayRegensburg #PaddysDayBayern #30JahreStPatricksDay #SlainteBavaria #IrishBavaria #Gr\u00fcnesBayern<\/p>\n\n\n\n<p><\/p>\n","protected":false},"excerpt":{"rendered":"<p>Wenn sich die bayerischen Prachtstra\u00dfen in sattes Gr\u00fcn h\u00fcllen, ist klar: Der St. Patrick\u2019s Day ist da. Besonders in diesem Jahr, am 17. M\u00e4rz 2026, blickt die Szene auf ein besonderes Jubil\u00e4um, denn das gro\u00dfe M\u00fcnchner Festival feiert sein 30-j\u00e4hriges Bestehen. W\u00e4hrend die gro\u00dfen Paraden traditionell schon am vergangenen Wochenende (14.\/15. M\u00e4rz) Zehntausende in die [&hellip;]<\/p>\n","protected":false},"author":2,"featured_media":141933,"comment_status":"closed","ping_status":"closed","sticky":false,"template":"","format":"standard","meta":{"_acf_changed":false,"footnotes":""},"categories":[1150],"tags":[],"class_list":["post-141928","post","type-post","status-publish","format-standard","has-post-thumbnail","hentry","category-fm-audio-regionen-bayern"],"acf":[],"yoast_head":"<!-- This site is optimized with the Yoast SEO plugin v26.1.1 - https:\/\/yoast.com\/wordpress\/plugins\/seo\/ -->\n<title>Der Freistaat feiert irisch - Kultur Online TV &amp; FM<\/title>\n<meta name=\"description\" content=\"Wenn sich die bayerischen Prachtstra\u00dfen in sattes Gr\u00fcn h\u00fcllen, ist klar: Der St. Patrick\u2019s Day ist da. Besonders in diesem Jahr, am 17. M\u00e4rz 2026, blickt die Szene auf ein besonderes Jubil\u00e4um, denn das gro\u00dfe M\u00fcnchner Festival feiert sein 30-j\u00e4hriges Bestehen.\" \/>\n<meta name=\"robots\" content=\"index, follow, max-snippet:-1, max-image-preview:large, max-video-preview:-1\" \/>\n<link rel=\"canonical\" href=\"https:\/\/kulturonline.tv\/de\/der-freistaat-feiert-irisch\/\" \/>\n<meta property=\"og:locale\" content=\"de_DE\" \/>\n<meta property=\"og:type\" content=\"article\" \/>\n<meta property=\"og:title\" content=\"Der Freistaat feiert irisch - Kultur Online TV &amp; FM\" \/>\n<meta property=\"og:description\" content=\"Wenn sich die bayerischen Prachtstra\u00dfen in sattes Gr\u00fcn h\u00fcllen, ist klar: Der St. Patrick\u2019s Day ist da. Besonders in diesem Jahr, am 17. M\u00e4rz 2026, blickt die Szene auf ein besonderes Jubil\u00e4um, denn das gro\u00dfe M\u00fcnchner Festival feiert sein 30-j\u00e4hriges Bestehen.\" \/>\n<meta property=\"og:url\" content=\"https:\/\/kulturonline.tv\/de\/der-freistaat-feiert-irisch\/\" \/>\n<meta property=\"og:site_name\" content=\"Kultur Online TV &amp; FM\" \/>\n<meta property=\"article:publisher\" content=\"https:\/\/www.facebook.com\/kulturonline.tv\" \/>\n<meta property=\"article:published_time\" content=\"2026-03-17T11:46:16+00:00\" \/>\n<meta property=\"article:modified_time\" content=\"2026-03-17T11:46:17+00:00\" \/>\n<meta property=\"og:image\" content=\"https:\/\/kulturonline.tv\/wp-content\/uploads\/2026\/03\/Gemini_Generated_Image_ohc1oqohc1oqohc1-edited.png\" \/>\n\t<meta property=\"og:image:width\" content=\"800\" \/>\n\t<meta property=\"og:image:height\" content=\"450\" \/>\n\t<meta property=\"og:image:type\" content=\"image\/png\" \/>\n<meta name=\"author\" content=\"guenter.wolfgang\" \/>\n<meta name=\"twitter:card\" content=\"summary_large_image\" \/>\n<meta name=\"twitter:label1\" content=\"Verfasst von\" \/>\n\t<meta name=\"twitter:data1\" content=\"guenter.wolfgang\" \/>\n\t<meta name=\"twitter:label2\" content=\"Gesch\u00e4tzte Lesezeit\" \/>\n\t<meta name=\"twitter:data2\" content=\"2\u00a0Minuten\" \/>\n<script type=\"application\/ld+json\" class=\"yoast-schema-graph\">{\"@context\":\"https:\/\/schema.org\",\"@graph\":[{\"@type\":\"Article\",\"@id\":\"https:\/\/kulturonline.tv\/de\/der-freistaat-feiert-irisch\/#article\",\"isPartOf\":{\"@id\":\"https:\/\/kulturonline.tv\/de\/der-freistaat-feiert-irisch\/\"},\"author\":{\"name\":\"guenter.wolfgang\",\"@id\":\"https:\/\/kulturonline.tv\/de\/#\/schema\/person\/b0fac729bb9a0c193fb1df23449df4fe\"},\"headline\":\"Der Freistaat feiert irisch\",\"datePublished\":\"2026-03-17T11:46:16+00:00\",\"dateModified\":\"2026-03-17T11:46:17+00:00\",\"mainEntityOfPage\":{\"@id\":\"https:\/\/kulturonline.tv\/de\/der-freistaat-feiert-irisch\/\"},\"wordCount\":353,\"publisher\":{\"@id\":\"https:\/\/kulturonline.tv\/de\/#organization\"},\"image\":{\"@id\":\"https:\/\/kulturonline.tv\/de\/der-freistaat-feiert-irisch\/#primaryimage\"},\"thumbnailUrl\":\"https:\/\/kulturonline.tv\/wp-content\/uploads\/2026\/03\/Gemini_Generated_Image_ohc1oqohc1oqohc1-edited.png\",\"articleSection\":[\"FM Audio Regionen Bayern\"],\"inLanguage\":\"de\"},{\"@type\":\"WebPage\",\"@id\":\"https:\/\/kulturonline.tv\/de\/der-freistaat-feiert-irisch\/\",\"url\":\"https:\/\/kulturonline.tv\/de\/der-freistaat-feiert-irisch\/\",\"name\":\"Der Freistaat feiert irisch - Kultur Online TV &amp; FM\",\"isPartOf\":{\"@id\":\"https:\/\/kulturonline.tv\/de\/#website\"},\"primaryImageOfPage\":{\"@id\":\"https:\/\/kulturonline.tv\/de\/der-freistaat-feiert-irisch\/#primaryimage\"},\"image\":{\"@id\":\"https:\/\/kulturonline.tv\/de\/der-freistaat-feiert-irisch\/#primaryimage\"},\"thumbnailUrl\":\"https:\/\/kulturonline.tv\/wp-content\/uploads\/2026\/03\/Gemini_Generated_Image_ohc1oqohc1oqohc1-edited.png\",\"datePublished\":\"2026-03-17T11:46:16+00:00\",\"dateModified\":\"2026-03-17T11:46:17+00:00\",\"description\":\"Wenn sich die bayerischen Prachtstra\u00dfen in sattes Gr\u00fcn h\u00fcllen, ist klar: Der St. Patrick\u2019s Day ist da. Besonders in diesem Jahr, am 17. M\u00e4rz 2026, blickt die Szene auf ein besonderes Jubil\u00e4um, denn das gro\u00dfe M\u00fcnchner Festival feiert sein 30-j\u00e4hriges Bestehen.\",\"breadcrumb\":{\"@id\":\"https:\/\/kulturonline.tv\/de\/der-freistaat-feiert-irisch\/#breadcrumb\"},\"inLanguage\":\"de\",\"potentialAction\":[{\"@type\":\"ReadAction\",\"target\":[\"https:\/\/kulturonline.tv\/de\/der-freistaat-feiert-irisch\/\"]}]},{\"@type\":\"ImageObject\",\"inLanguage\":\"de\",\"@id\":\"https:\/\/kulturonline.tv\/de\/der-freistaat-feiert-irisch\/#primaryimage\",\"url\":\"https:\/\/kulturonline.tv\/wp-content\/uploads\/2026\/03\/Gemini_Generated_Image_ohc1oqohc1oqohc1-edited.png\",\"contentUrl\":\"https:\/\/kulturonline.tv\/wp-content\/uploads\/2026\/03\/Gemini_Generated_Image_ohc1oqohc1oqohc1-edited.png\",\"width\":1365,\"height\":768},{\"@type\":\"BreadcrumbList\",\"@id\":\"https:\/\/kulturonline.tv\/de\/der-freistaat-feiert-irisch\/#breadcrumb\",\"itemListElement\":[{\"@type\":\"ListItem\",\"position\":1,\"name\":\"Startseite\",\"item\":\"https:\/\/kulturonline.tv\/de\/\"},{\"@type\":\"ListItem\",\"position\":2,\"name\":\"Der Freistaat feiert irisch\"}]},{\"@type\":\"WebSite\",\"@id\":\"https:\/\/kulturonline.tv\/de\/#website\",\"url\":\"https:\/\/kulturonline.tv\/de\/\",\"name\":\"Kultur Online TV &amp; FM\",\"description\":\"Wir sind Kultur 2.0 zum sehen &amp; h\u00f6ren\",\"publisher\":{\"@id\":\"https:\/\/kulturonline.tv\/de\/#organization\"},\"potentialAction\":[{\"@type\":\"SearchAction\",\"target\":{\"@type\":\"EntryPoint\",\"urlTemplate\":\"https:\/\/kulturonline.tv\/de\/?s={search_term_string}\"},\"query-input\":{\"@type\":\"PropertyValueSpecification\",\"valueRequired\":true,\"valueName\":\"search_term_string\"}}],\"inLanguage\":\"de\"},{\"@type\":\"Organization\",\"@id\":\"https:\/\/kulturonline.tv\/de\/#organization\",\"name\":\"Kultur Online TV\",\"url\":\"https:\/\/kulturonline.tv\/de\/\",\"logo\":{\"@type\":\"ImageObject\",\"inLanguage\":\"de\",\"@id\":\"https:\/\/kulturonline.tv\/de\/#\/schema\/logo\/image\/\",\"url\":\"https:\/\/kulturonline.tv\/wp-content\/uploads\/2021\/08\/Kultur-Online-Tv-Logo-Endversion-neu.png\",\"contentUrl\":\"https:\/\/kulturonline.tv\/wp-content\/uploads\/2021\/08\/Kultur-Online-Tv-Logo-Endversion-neu.png\",\"width\":200,\"height\":200,\"caption\":\"Kultur Online TV\"},\"image\":{\"@id\":\"https:\/\/kulturonline.tv\/de\/#\/schema\/logo\/image\/\"},\"sameAs\":[\"https:\/\/www.facebook.com\/kulturonline.tv\",\"https:\/\/www.instagram.com\/kulturonline.tv\"]},{\"@type\":\"Person\",\"@id\":\"https:\/\/kulturonline.tv\/de\/#\/schema\/person\/b0fac729bb9a0c193fb1df23449df4fe\",\"name\":\"guenter.wolfgang\"}]}<\/script>\n<!-- \/ Yoast SEO plugin. -->","yoast_head_json":{"title":"Der Freistaat feiert irisch - Kultur Online TV &amp; FM","description":"Wenn sich die bayerischen Prachtstra\u00dfen in sattes Gr\u00fcn h\u00fcllen, ist klar: Der St. Patrick\u2019s Day ist da. Besonders in diesem Jahr, am 17. M\u00e4rz 2026, blickt die Szene auf ein besonderes Jubil\u00e4um, denn das gro\u00dfe M\u00fcnchner Festival feiert sein 30-j\u00e4hriges Bestehen.","robots":{"index":"index","follow":"follow","max-snippet":"max-snippet:-1","max-image-preview":"max-image-preview:large","max-video-preview":"max-video-preview:-1"},"canonical":"https:\/\/kulturonline.tv\/de\/der-freistaat-feiert-irisch\/","og_locale":"de_DE","og_type":"article","og_title":"Der Freistaat feiert irisch - Kultur Online TV &amp; FM","og_description":"Wenn sich die bayerischen Prachtstra\u00dfen in sattes Gr\u00fcn h\u00fcllen, ist klar: Der St. Patrick\u2019s Day ist da. Besonders in diesem Jahr, am 17. M\u00e4rz 2026, blickt die Szene auf ein besonderes Jubil\u00e4um, denn das gro\u00dfe M\u00fcnchner Festival feiert sein 30-j\u00e4hriges Bestehen.","og_url":"https:\/\/kulturonline.tv\/de\/der-freistaat-feiert-irisch\/","og_site_name":"Kultur Online TV &amp; FM","article_publisher":"https:\/\/www.facebook.com\/kulturonline.tv","article_published_time":"2026-03-17T11:46:16+00:00","article_modified_time":"2026-03-17T11:46:17+00:00","og_image":[{"url":"https:\/\/kulturonline.tv\/wp-content\/uploads\/2026\/03\/Gemini_Generated_Image_ohc1oqohc1oqohc1-edited.png","width":800,"height":450,"type":"image\/png"}],"author":"guenter.wolfgang","twitter_card":"summary_large_image","twitter_misc":{"Verfasst von":"guenter.wolfgang","Gesch\u00e4tzte Lesezeit":"2\u00a0Minuten"},"schema":{"@context":"https:\/\/schema.org","@graph":[{"@type":"Article","@id":"https:\/\/kulturonline.tv\/de\/der-freistaat-feiert-irisch\/#article","isPartOf":{"@id":"https:\/\/kulturonline.tv\/de\/der-freistaat-feiert-irisch\/"},"author":{"name":"guenter.wolfgang","@id":"https:\/\/kulturonline.tv\/de\/#\/schema\/person\/b0fac729bb9a0c193fb1df23449df4fe"},"headline":"Der Freistaat feiert irisch","datePublished":"2026-03-17T11:46:16+00:00","dateModified":"2026-03-17T11:46:17+00:00","mainEntityOfPage":{"@id":"https:\/\/kulturonline.tv\/de\/der-freistaat-feiert-irisch\/"},"wordCount":353,"publisher":{"@id":"https:\/\/kulturonline.tv\/de\/#organization"},"image":{"@id":"https:\/\/kulturonline.tv\/de\/der-freistaat-feiert-irisch\/#primaryimage"},"thumbnailUrl":"https:\/\/kulturonline.tv\/wp-content\/uploads\/2026\/03\/Gemini_Generated_Image_ohc1oqohc1oqohc1-edited.png","articleSection":["FM Audio Regionen Bayern"],"inLanguage":"de"},{"@type":"WebPage","@id":"https:\/\/kulturonline.tv\/de\/der-freistaat-feiert-irisch\/","url":"https:\/\/kulturonline.tv\/de\/der-freistaat-feiert-irisch\/","name":"Der Freistaat feiert irisch - Kultur Online TV &amp; FM","isPartOf":{"@id":"https:\/\/kulturonline.tv\/de\/#website"},"primaryImageOfPage":{"@id":"https:\/\/kulturonline.tv\/de\/der-freistaat-feiert-irisch\/#primaryimage"},"image":{"@id":"https:\/\/kulturonline.tv\/de\/der-freistaat-feiert-irisch\/#primaryimage"},"thumbnailUrl":"https:\/\/kulturonline.tv\/wp-content\/uploads\/2026\/03\/Gemini_Generated_Image_ohc1oqohc1oqohc1-edited.png","datePublished":"2026-03-17T11:46:16+00:00","dateModified":"2026-03-17T11:46:17+00:00","description":"Wenn sich die bayerischen Prachtstra\u00dfen in sattes Gr\u00fcn h\u00fcllen, ist klar: Der St. Patrick\u2019s Day ist da. Besonders in diesem Jahr, am 17. M\u00e4rz 2026, blickt die Szene auf ein besonderes Jubil\u00e4um, denn das gro\u00dfe M\u00fcnchner Festival feiert sein 30-j\u00e4hriges Bestehen.","breadcrumb":{"@id":"https:\/\/kulturonline.tv\/de\/der-freistaat-feiert-irisch\/#breadcrumb"},"inLanguage":"de","potentialAction":[{"@type":"ReadAction","target":["https:\/\/kulturonline.tv\/de\/der-freistaat-feiert-irisch\/"]}]},{"@type":"ImageObject","inLanguage":"de","@id":"https:\/\/kulturonline.tv\/de\/der-freistaat-feiert-irisch\/#primaryimage","url":"https:\/\/kulturonline.tv\/wp-content\/uploads\/2026\/03\/Gemini_Generated_Image_ohc1oqohc1oqohc1-edited.png","contentUrl":"https:\/\/kulturonline.tv\/wp-content\/uploads\/2026\/03\/Gemini_Generated_Image_ohc1oqohc1oqohc1-edited.png","width":1365,"height":768},{"@type":"BreadcrumbList","@id":"https:\/\/kulturonline.tv\/de\/der-freistaat-feiert-irisch\/#breadcrumb","itemListElement":[{"@type":"ListItem","position":1,"name":"Startseite","item":"https:\/\/kulturonline.tv\/de\/"},{"@type":"ListItem","position":2,"name":"Der Freistaat feiert irisch"}]},{"@type":"WebSite","@id":"https:\/\/kulturonline.tv\/de\/#website","url":"https:\/\/kulturonline.tv\/de\/","name":"Kultur Online TV &amp; FM","description":"Wir sind Kultur 2.0 zum sehen &amp; h\u00f6ren","publisher":{"@id":"https:\/\/kulturonline.tv\/de\/#organization"},"potentialAction":[{"@type":"SearchAction","target":{"@type":"EntryPoint","urlTemplate":"https:\/\/kulturonline.tv\/de\/?s={search_term_string}"},"query-input":{"@type":"PropertyValueSpecification","valueRequired":true,"valueName":"search_term_string"}}],"inLanguage":"de"},{"@type":"Organization","@id":"https:\/\/kulturonline.tv\/de\/#organization","name":"Kultur Online TV","url":"https:\/\/kulturonline.tv\/de\/","logo":{"@type":"ImageObject","inLanguage":"de","@id":"https:\/\/kulturonline.tv\/de\/#\/schema\/logo\/image\/","url":"https:\/\/kulturonline.tv\/wp-content\/uploads\/2021\/08\/Kultur-Online-Tv-Logo-Endversion-neu.png","contentUrl":"https:\/\/kulturonline.tv\/wp-content\/uploads\/2021\/08\/Kultur-Online-Tv-Logo-Endversion-neu.png","width":200,"height":200,"caption":"Kultur Online TV"},"image":{"@id":"https:\/\/kulturonline.tv\/de\/#\/schema\/logo\/image\/"},"sameAs":["https:\/\/www.facebook.com\/kulturonline.tv","https:\/\/www.instagram.com\/kulturonline.tv"]},{"@type":"Person","@id":"https:\/\/kulturonline.tv\/de\/#\/schema\/person\/b0fac729bb9a0c193fb1df23449df4fe","name":"guenter.wolfgang"}]}},"_links":{"self":[{"href":"https:\/\/kulturonline.tv\/de\/wp-json\/wp\/v2\/posts\/141928","targetHints":{"allow":["GET"]}}],"collection":[{"href":"https:\/\/kulturonline.tv\/de\/wp-json\/wp\/v2\/posts"}],"about":[{"href":"https:\/\/kulturonline.tv\/de\/wp-json\/wp\/v2\/types\/post"}],"author":[{"embeddable":true,"href":"https:\/\/kulturonline.tv\/de\/wp-json\/wp\/v2\/users\/2"}],"replies":[{"embeddable":true,"href":"https:\/\/kulturonline.tv\/de\/wp-json\/wp\/v2\/comments?post=141928"}],"version-history":[{"count":1,"href":"https:\/\/kulturonline.tv\/de\/wp-json\/wp\/v2\/posts\/141928\/revisions"}],"predecessor-version":[{"id":141935,"href":"https:\/\/kulturonline.tv\/de\/wp-json\/wp\/v2\/posts\/141928\/revisions\/141935"}],"wp:featuredmedia":[{"embeddable":true,"href":"https:\/\/kulturonline.tv\/de\/wp-json\/wp\/v2\/media\/141933"}],"wp:attachment":[{"href":"https:\/\/kulturonline.tv\/de\/wp-json\/wp\/v2\/media?parent=141928"}],"wp:term":[{"taxonomy":"category","embeddable":true,"href":"https:\/\/kulturonline.tv\/de\/wp-json\/wp\/v2\/categories?post=141928"},{"taxonomy":"post_tag","embeddable":true,"href":"https:\/\/kulturonline.tv\/de\/wp-json\/wp\/v2\/tags?post=141928"}],"curies":[{"name":"wp","href":"https:\/\/api.w.org\/{rel}","templated":true}]}}