{"id":141951,"date":"2026-03-17T14:34:49","date_gmt":"2026-03-17T13:34:49","guid":{"rendered":"https:\/\/kulturonline.tv\/?p=141951"},"modified":"2026-03-17T15:36:29","modified_gmt":"2026-03-17T14:36:29","slug":"regionales-highlight-in-stuttgart-des-musical-abenteuerland","status":"publish","type":"post","link":"https:\/\/kulturonline.tv\/de\/regionales-highlight-in-stuttgart-des-musical-abenteuerland\/","title":{"rendered":"Regionales Highlight in Stuttgart des Musical \u201eAbenteuerland\u201c"},"content":{"rendered":"\n<figure class=\"wp-block-image size-large is-resized\"><img fetchpriority=\"high\" decoding=\"async\" width=\"1600\" height=\"311\" src=\"https:\/\/kulturonline.tv\/wp-content\/uploads\/2026\/03\/radiobeitrag-22-1600x311.png\" alt=\"\" class=\"wp-image-141450\" style=\"width:460px;height:auto\" srcset=\"https:\/\/kulturonline.tv\/wp-content\/uploads\/2026\/03\/radiobeitrag-22-1600x311.png 1600w, https:\/\/kulturonline.tv\/wp-content\/uploads\/2026\/03\/radiobeitrag-22-800x155.png 800w, https:\/\/kulturonline.tv\/wp-content\/uploads\/2026\/03\/radiobeitrag-22-768x149.png 768w, https:\/\/kulturonline.tv\/wp-content\/uploads\/2026\/03\/radiobeitrag-22-1536x298.png 1536w, https:\/\/kulturonline.tv\/wp-content\/uploads\/2026\/03\/radiobeitrag-22-2048x398.png 2048w\" sizes=\"(max-width: 1600px) 100vw, 1600px\" \/><\/figure>\n\n\n\n<figure class=\"wp-block-audio\"><audio controls src=\"https:\/\/kulturonline.tv\/wp-content\/uploads\/2026\/03\/Abenteuerland.mp3\"><\/audio><\/figure>\n\n\n\n<p>Das Musical <strong>\u201eAbenteuerland\u201c<\/strong> (mit den Hits von PUR) zieht weiterhin Massen ins Theaterhaus Stuttgart und ist ein echtes regionales Highlight f\u00fcr das breite Publikum.<\/p>\n\n\n\n<p>Stuttgart bleibt im PUR-Fieber! Das Musical \u201eAbenteuerland\u201c erweist sich im Theaterhaus Stuttgart weiterhin als absoluter Publikumsmagnet. Was als gewagtes Projekt begann die Hits einer der erfolgreichsten deutschen Bands in eine Musical-Handlung zu weben \u2013 hat sich l\u00e4ngst als regionales Highlight etabliert.<\/p>\n\n\n\n<figure class=\"wp-block-image size-large\"><img decoding=\"async\" width=\"2560\" height=\"1440\" src=\"https:\/\/kulturonline.tv\/wp-content\/uploads\/2026\/03\/abenteuerland-musical-foto-02-credit-jochen-quast-edited-scaled.jpg\" alt=\"\" class=\"wp-image-141954\" srcset=\"https:\/\/kulturonline.tv\/wp-content\/uploads\/2026\/03\/abenteuerland-musical-foto-02-credit-jochen-quast-edited-scaled.jpg 2560w, https:\/\/kulturonline.tv\/wp-content\/uploads\/2026\/03\/abenteuerland-musical-foto-02-credit-jochen-quast-edited-800x450.jpg 800w, https:\/\/kulturonline.tv\/wp-content\/uploads\/2026\/03\/abenteuerland-musical-foto-02-credit-jochen-quast-edited-1600x900.jpg 1600w, https:\/\/kulturonline.tv\/wp-content\/uploads\/2026\/03\/abenteuerland-musical-foto-02-credit-jochen-quast-edited-768x432.jpg 768w, https:\/\/kulturonline.tv\/wp-content\/uploads\/2026\/03\/abenteuerland-musical-foto-02-credit-jochen-quast-edited-1536x864.jpg 1536w, https:\/\/kulturonline.tv\/wp-content\/uploads\/2026\/03\/abenteuerland-musical-foto-02-credit-jochen-quast-edited-2048x1152.jpg 2048w\" sizes=\"(max-width: 2560px) 100vw, 2560px\" \/><\/figure>\n\n\n\n<p>\u00a9 Bild Presse Foto: Jochen Quast<\/p>\n\n\n\n<p>Die Inszenierung schafft es, die emotionalen Texte von Hartmut Engler in eine ber\u00fchrende Familiengeschichte zu integrieren, die weit \u00fcber reines Fan-Entertainment hinausgeht. Es ist das \u201ebreite Publikum\u201c, das hier zusammenkommt: Drei Generationen singen gemeinsam die Hymnen ihrer Jugend und Gegenwart. F\u00fcr die Kulturregion Stuttgart ist dieser Erfolg ein wichtiges Signal f\u00fcr die Strahlkraft popul\u00e4rer B\u00fchnenformate.<\/p>\n\n\n\n<p>Spielort: Theaterhaus Stuttgart<\/p>\n\n\n\n<p>Besonderheit: 30 Hits von PUR in einer neuen, dramaturgischen Form.<\/p>\n\n\n\n<p>Fazit: Ein Muss f\u00fcr alle, die das Lebensgef\u00fchl einer ganzen Generation noch einmal live auf der B\u00fchne sp\u00fcren wollen.<\/p>\n\n\n\n<p><\/p>\n","protected":false},"excerpt":{"rendered":"<p>Das Musical \u201eAbenteuerland\u201c (mit den Hits von PUR) zieht weiterhin Massen ins Theaterhaus Stuttgart und ist ein echtes regionales Highlight f\u00fcr das breite Publikum. Stuttgart bleibt im PUR-Fieber! Das Musical \u201eAbenteuerland\u201c erweist sich im Theaterhaus Stuttgart weiterhin als absoluter Publikumsmagnet. Was als gewagtes Projekt begann die Hits einer der erfolgreichsten deutschen Bands in eine Musical-Handlung [&hellip;]<\/p>\n","protected":false},"author":2,"featured_media":141954,"comment_status":"closed","ping_status":"closed","sticky":false,"template":"","format":"standard","meta":{"_acf_changed":false,"footnotes":""},"categories":[1149],"tags":[],"class_list":["post-141951","post","type-post","status-publish","format-standard","has-post-thumbnail","hentry","category-fm-audio-regionen-baden-wuertenberg"],"acf":[],"yoast_head":"<!-- This site is optimized with the Yoast SEO plugin v26.1.1 - https:\/\/yoast.com\/wordpress\/plugins\/seo\/ -->\n<title>Regionales Highlight in Stuttgart des Musical \u201eAbenteuerland\u201c - Kultur Online TV &amp; FM<\/title>\n<meta name=\"description\" content=\"Das Musical \u201eAbenteuerland\u201c (mit den Hits von PUR) zieht weiterhin Massen ins Theaterhaus Stuttgart und ist ein echtes regionales Highlight f\u00fcr das breite Publikum.\" \/>\n<meta name=\"robots\" content=\"index, follow, max-snippet:-1, max-image-preview:large, max-video-preview:-1\" \/>\n<link rel=\"canonical\" href=\"https:\/\/kulturonline.tv\/de\/regionales-highlight-in-stuttgart-des-musical-abenteuerland\/\" \/>\n<meta property=\"og:locale\" content=\"de_DE\" \/>\n<meta property=\"og:type\" content=\"article\" \/>\n<meta property=\"og:title\" content=\"Regionales Highlight in Stuttgart des Musical \u201eAbenteuerland\u201c - Kultur Online TV &amp; FM\" \/>\n<meta property=\"og:description\" content=\"Das Musical \u201eAbenteuerland\u201c (mit den Hits von PUR) zieht weiterhin Massen ins Theaterhaus Stuttgart und ist ein echtes regionales Highlight f\u00fcr das breite Publikum.\" \/>\n<meta property=\"og:url\" content=\"https:\/\/kulturonline.tv\/de\/regionales-highlight-in-stuttgart-des-musical-abenteuerland\/\" \/>\n<meta property=\"og:site_name\" content=\"Kultur Online TV &amp; FM\" \/>\n<meta property=\"article:publisher\" content=\"https:\/\/www.facebook.com\/kulturonline.tv\" \/>\n<meta property=\"article:published_time\" content=\"2026-03-17T13:34:49+00:00\" \/>\n<meta property=\"article:modified_time\" content=\"2026-03-17T14:36:29+00:00\" \/>\n<meta property=\"og:image\" content=\"https:\/\/kulturonline.tv\/wp-content\/uploads\/2026\/03\/abenteuerland-musical-foto-02-credit-jochen-quast-edited-scaled.jpg\" \/>\n\t<meta property=\"og:image:width\" content=\"2560\" \/>\n\t<meta property=\"og:image:height\" content=\"1440\" \/>\n\t<meta property=\"og:image:type\" content=\"image\/jpeg\" \/>\n<meta name=\"author\" content=\"guenter.wolfgang\" \/>\n<meta name=\"twitter:card\" content=\"summary_large_image\" \/>\n<meta name=\"twitter:label1\" content=\"Verfasst von\" \/>\n\t<meta name=\"twitter:data1\" content=\"guenter.wolfgang\" \/>\n\t<meta name=\"twitter:label2\" content=\"Gesch\u00e4tzte Lesezeit\" \/>\n\t<meta name=\"twitter:data2\" content=\"1\u00a0Minute\" \/>\n<script type=\"application\/ld+json\" class=\"yoast-schema-graph\">{\"@context\":\"https:\/\/schema.org\",\"@graph\":[{\"@type\":\"Article\",\"@id\":\"https:\/\/kulturonline.tv\/de\/regionales-highlight-in-stuttgart-des-musical-abenteuerland\/#article\",\"isPartOf\":{\"@id\":\"https:\/\/kulturonline.tv\/de\/regionales-highlight-in-stuttgart-des-musical-abenteuerland\/\"},\"author\":{\"name\":\"guenter.wolfgang\",\"@id\":\"https:\/\/kulturonline.tv\/de\/#\/schema\/person\/b0fac729bb9a0c193fb1df23449df4fe\"},\"headline\":\"Regionales Highlight in Stuttgart des Musical \u201eAbenteuerland\u201c\",\"datePublished\":\"2026-03-17T13:34:49+00:00\",\"dateModified\":\"2026-03-17T14:36:29+00:00\",\"mainEntityOfPage\":{\"@id\":\"https:\/\/kulturonline.tv\/de\/regionales-highlight-in-stuttgart-des-musical-abenteuerland\/\"},\"wordCount\":173,\"publisher\":{\"@id\":\"https:\/\/kulturonline.tv\/de\/#organization\"},\"image\":{\"@id\":\"https:\/\/kulturonline.tv\/de\/regionales-highlight-in-stuttgart-des-musical-abenteuerland\/#primaryimage\"},\"thumbnailUrl\":\"https:\/\/kulturonline.tv\/wp-content\/uploads\/2026\/03\/abenteuerland-musical-foto-02-credit-jochen-quast-edited-scaled.jpg\",\"articleSection\":[\"FM Audio Regionen Baden W\u00fcrtenberg\"],\"inLanguage\":\"de\"},{\"@type\":\"WebPage\",\"@id\":\"https:\/\/kulturonline.tv\/de\/regionales-highlight-in-stuttgart-des-musical-abenteuerland\/\",\"url\":\"https:\/\/kulturonline.tv\/de\/regionales-highlight-in-stuttgart-des-musical-abenteuerland\/\",\"name\":\"Regionales Highlight in Stuttgart des Musical \u201eAbenteuerland\u201c - Kultur Online TV &amp; FM\",\"isPartOf\":{\"@id\":\"https:\/\/kulturonline.tv\/de\/#website\"},\"primaryImageOfPage\":{\"@id\":\"https:\/\/kulturonline.tv\/de\/regionales-highlight-in-stuttgart-des-musical-abenteuerland\/#primaryimage\"},\"image\":{\"@id\":\"https:\/\/kulturonline.tv\/de\/regionales-highlight-in-stuttgart-des-musical-abenteuerland\/#primaryimage\"},\"thumbnailUrl\":\"https:\/\/kulturonline.tv\/wp-content\/uploads\/2026\/03\/abenteuerland-musical-foto-02-credit-jochen-quast-edited-scaled.jpg\",\"datePublished\":\"2026-03-17T13:34:49+00:00\",\"dateModified\":\"2026-03-17T14:36:29+00:00\",\"description\":\"Das Musical \u201eAbenteuerland\u201c (mit den Hits von PUR) zieht weiterhin Massen ins Theaterhaus Stuttgart und ist ein echtes regionales Highlight f\u00fcr das breite Publikum.\",\"breadcrumb\":{\"@id\":\"https:\/\/kulturonline.tv\/de\/regionales-highlight-in-stuttgart-des-musical-abenteuerland\/#breadcrumb\"},\"inLanguage\":\"de\",\"potentialAction\":[{\"@type\":\"ReadAction\",\"target\":[\"https:\/\/kulturonline.tv\/de\/regionales-highlight-in-stuttgart-des-musical-abenteuerland\/\"]}]},{\"@type\":\"ImageObject\",\"inLanguage\":\"de\",\"@id\":\"https:\/\/kulturonline.tv\/de\/regionales-highlight-in-stuttgart-des-musical-abenteuerland\/#primaryimage\",\"url\":\"https:\/\/kulturonline.tv\/wp-content\/uploads\/2026\/03\/abenteuerland-musical-foto-02-credit-jochen-quast-edited-scaled.jpg\",\"contentUrl\":\"https:\/\/kulturonline.tv\/wp-content\/uploads\/2026\/03\/abenteuerland-musical-foto-02-credit-jochen-quast-edited-scaled.jpg\",\"width\":2560,\"height\":1440},{\"@type\":\"BreadcrumbList\",\"@id\":\"https:\/\/kulturonline.tv\/de\/regionales-highlight-in-stuttgart-des-musical-abenteuerland\/#breadcrumb\",\"itemListElement\":[{\"@type\":\"ListItem\",\"position\":1,\"name\":\"Startseite\",\"item\":\"https:\/\/kulturonline.tv\/de\/\"},{\"@type\":\"ListItem\",\"position\":2,\"name\":\"Regionales Highlight in Stuttgart des Musical \u201eAbenteuerland\u201c\"}]},{\"@type\":\"WebSite\",\"@id\":\"https:\/\/kulturonline.tv\/de\/#website\",\"url\":\"https:\/\/kulturonline.tv\/de\/\",\"name\":\"Kultur Online TV &amp; FM\",\"description\":\"Wir sind Kultur 2.0 zum sehen &amp; h\u00f6ren\",\"publisher\":{\"@id\":\"https:\/\/kulturonline.tv\/de\/#organization\"},\"potentialAction\":[{\"@type\":\"SearchAction\",\"target\":{\"@type\":\"EntryPoint\",\"urlTemplate\":\"https:\/\/kulturonline.tv\/de\/?s={search_term_string}\"},\"query-input\":{\"@type\":\"PropertyValueSpecification\",\"valueRequired\":true,\"valueName\":\"search_term_string\"}}],\"inLanguage\":\"de\"},{\"@type\":\"Organization\",\"@id\":\"https:\/\/kulturonline.tv\/de\/#organization\",\"name\":\"Kultur Online TV\",\"url\":\"https:\/\/kulturonline.tv\/de\/\",\"logo\":{\"@type\":\"ImageObject\",\"inLanguage\":\"de\",\"@id\":\"https:\/\/kulturonline.tv\/de\/#\/schema\/logo\/image\/\",\"url\":\"https:\/\/kulturonline.tv\/wp-content\/uploads\/2021\/08\/Kultur-Online-Tv-Logo-Endversion-neu.png\",\"contentUrl\":\"https:\/\/kulturonline.tv\/wp-content\/uploads\/2021\/08\/Kultur-Online-Tv-Logo-Endversion-neu.png\",\"width\":200,\"height\":200,\"caption\":\"Kultur Online TV\"},\"image\":{\"@id\":\"https:\/\/kulturonline.tv\/de\/#\/schema\/logo\/image\/\"},\"sameAs\":[\"https:\/\/www.facebook.com\/kulturonline.tv\",\"https:\/\/www.instagram.com\/kulturonline.tv\"]},{\"@type\":\"Person\",\"@id\":\"https:\/\/kulturonline.tv\/de\/#\/schema\/person\/b0fac729bb9a0c193fb1df23449df4fe\",\"name\":\"guenter.wolfgang\"}]}<\/script>\n<!-- \/ Yoast SEO plugin. -->","yoast_head_json":{"title":"Regionales Highlight in Stuttgart des Musical \u201eAbenteuerland\u201c - Kultur Online TV &amp; FM","description":"Das Musical \u201eAbenteuerland\u201c (mit den Hits von PUR) zieht weiterhin Massen ins Theaterhaus Stuttgart und ist ein echtes regionales Highlight f\u00fcr das breite Publikum.","robots":{"index":"index","follow":"follow","max-snippet":"max-snippet:-1","max-image-preview":"max-image-preview:large","max-video-preview":"max-video-preview:-1"},"canonical":"https:\/\/kulturonline.tv\/de\/regionales-highlight-in-stuttgart-des-musical-abenteuerland\/","og_locale":"de_DE","og_type":"article","og_title":"Regionales Highlight in Stuttgart des Musical \u201eAbenteuerland\u201c - Kultur Online TV &amp; FM","og_description":"Das Musical \u201eAbenteuerland\u201c (mit den Hits von PUR) zieht weiterhin Massen ins Theaterhaus Stuttgart und ist ein echtes regionales Highlight f\u00fcr das breite Publikum.","og_url":"https:\/\/kulturonline.tv\/de\/regionales-highlight-in-stuttgart-des-musical-abenteuerland\/","og_site_name":"Kultur Online TV &amp; FM","article_publisher":"https:\/\/www.facebook.com\/kulturonline.tv","article_published_time":"2026-03-17T13:34:49+00:00","article_modified_time":"2026-03-17T14:36:29+00:00","og_image":[{"width":2560,"height":1440,"url":"https:\/\/kulturonline.tv\/wp-content\/uploads\/2026\/03\/abenteuerland-musical-foto-02-credit-jochen-quast-edited-scaled.jpg","type":"image\/jpeg"}],"author":"guenter.wolfgang","twitter_card":"summary_large_image","twitter_misc":{"Verfasst von":"guenter.wolfgang","Gesch\u00e4tzte Lesezeit":"1\u00a0Minute"},"schema":{"@context":"https:\/\/schema.org","@graph":[{"@type":"Article","@id":"https:\/\/kulturonline.tv\/de\/regionales-highlight-in-stuttgart-des-musical-abenteuerland\/#article","isPartOf":{"@id":"https:\/\/kulturonline.tv\/de\/regionales-highlight-in-stuttgart-des-musical-abenteuerland\/"},"author":{"name":"guenter.wolfgang","@id":"https:\/\/kulturonline.tv\/de\/#\/schema\/person\/b0fac729bb9a0c193fb1df23449df4fe"},"headline":"Regionales Highlight in Stuttgart des Musical \u201eAbenteuerland\u201c","datePublished":"2026-03-17T13:34:49+00:00","dateModified":"2026-03-17T14:36:29+00:00","mainEntityOfPage":{"@id":"https:\/\/kulturonline.tv\/de\/regionales-highlight-in-stuttgart-des-musical-abenteuerland\/"},"wordCount":173,"publisher":{"@id":"https:\/\/kulturonline.tv\/de\/#organization"},"image":{"@id":"https:\/\/kulturonline.tv\/de\/regionales-highlight-in-stuttgart-des-musical-abenteuerland\/#primaryimage"},"thumbnailUrl":"https:\/\/kulturonline.tv\/wp-content\/uploads\/2026\/03\/abenteuerland-musical-foto-02-credit-jochen-quast-edited-scaled.jpg","articleSection":["FM Audio Regionen Baden W\u00fcrtenberg"],"inLanguage":"de"},{"@type":"WebPage","@id":"https:\/\/kulturonline.tv\/de\/regionales-highlight-in-stuttgart-des-musical-abenteuerland\/","url":"https:\/\/kulturonline.tv\/de\/regionales-highlight-in-stuttgart-des-musical-abenteuerland\/","name":"Regionales Highlight in Stuttgart des Musical \u201eAbenteuerland\u201c - Kultur Online TV &amp; FM","isPartOf":{"@id":"https:\/\/kulturonline.tv\/de\/#website"},"primaryImageOfPage":{"@id":"https:\/\/kulturonline.tv\/de\/regionales-highlight-in-stuttgart-des-musical-abenteuerland\/#primaryimage"},"image":{"@id":"https:\/\/kulturonline.tv\/de\/regionales-highlight-in-stuttgart-des-musical-abenteuerland\/#primaryimage"},"thumbnailUrl":"https:\/\/kulturonline.tv\/wp-content\/uploads\/2026\/03\/abenteuerland-musical-foto-02-credit-jochen-quast-edited-scaled.jpg","datePublished":"2026-03-17T13:34:49+00:00","dateModified":"2026-03-17T14:36:29+00:00","description":"Das Musical \u201eAbenteuerland\u201c (mit den Hits von PUR) zieht weiterhin Massen ins Theaterhaus Stuttgart und ist ein echtes regionales Highlight f\u00fcr das breite Publikum.","breadcrumb":{"@id":"https:\/\/kulturonline.tv\/de\/regionales-highlight-in-stuttgart-des-musical-abenteuerland\/#breadcrumb"},"inLanguage":"de","potentialAction":[{"@type":"ReadAction","target":["https:\/\/kulturonline.tv\/de\/regionales-highlight-in-stuttgart-des-musical-abenteuerland\/"]}]},{"@type":"ImageObject","inLanguage":"de","@id":"https:\/\/kulturonline.tv\/de\/regionales-highlight-in-stuttgart-des-musical-abenteuerland\/#primaryimage","url":"https:\/\/kulturonline.tv\/wp-content\/uploads\/2026\/03\/abenteuerland-musical-foto-02-credit-jochen-quast-edited-scaled.jpg","contentUrl":"https:\/\/kulturonline.tv\/wp-content\/uploads\/2026\/03\/abenteuerland-musical-foto-02-credit-jochen-quast-edited-scaled.jpg","width":2560,"height":1440},{"@type":"BreadcrumbList","@id":"https:\/\/kulturonline.tv\/de\/regionales-highlight-in-stuttgart-des-musical-abenteuerland\/#breadcrumb","itemListElement":[{"@type":"ListItem","position":1,"name":"Startseite","item":"https:\/\/kulturonline.tv\/de\/"},{"@type":"ListItem","position":2,"name":"Regionales Highlight in Stuttgart des Musical \u201eAbenteuerland\u201c"}]},{"@type":"WebSite","@id":"https:\/\/kulturonline.tv\/de\/#website","url":"https:\/\/kulturonline.tv\/de\/","name":"Kultur Online TV &amp; FM","description":"Wir sind Kultur 2.0 zum sehen &amp; h\u00f6ren","publisher":{"@id":"https:\/\/kulturonline.tv\/de\/#organization"},"potentialAction":[{"@type":"SearchAction","target":{"@type":"EntryPoint","urlTemplate":"https:\/\/kulturonline.tv\/de\/?s={search_term_string}"},"query-input":{"@type":"PropertyValueSpecification","valueRequired":true,"valueName":"search_term_string"}}],"inLanguage":"de"},{"@type":"Organization","@id":"https:\/\/kulturonline.tv\/de\/#organization","name":"Kultur Online TV","url":"https:\/\/kulturonline.tv\/de\/","logo":{"@type":"ImageObject","inLanguage":"de","@id":"https:\/\/kulturonline.tv\/de\/#\/schema\/logo\/image\/","url":"https:\/\/kulturonline.tv\/wp-content\/uploads\/2021\/08\/Kultur-Online-Tv-Logo-Endversion-neu.png","contentUrl":"https:\/\/kulturonline.tv\/wp-content\/uploads\/2021\/08\/Kultur-Online-Tv-Logo-Endversion-neu.png","width":200,"height":200,"caption":"Kultur Online TV"},"image":{"@id":"https:\/\/kulturonline.tv\/de\/#\/schema\/logo\/image\/"},"sameAs":["https:\/\/www.facebook.com\/kulturonline.tv","https:\/\/www.instagram.com\/kulturonline.tv"]},{"@type":"Person","@id":"https:\/\/kulturonline.tv\/de\/#\/schema\/person\/b0fac729bb9a0c193fb1df23449df4fe","name":"guenter.wolfgang"}]}},"_links":{"self":[{"href":"https:\/\/kulturonline.tv\/de\/wp-json\/wp\/v2\/posts\/141951","targetHints":{"allow":["GET"]}}],"collection":[{"href":"https:\/\/kulturonline.tv\/de\/wp-json\/wp\/v2\/posts"}],"about":[{"href":"https:\/\/kulturonline.tv\/de\/wp-json\/wp\/v2\/types\/post"}],"author":[{"embeddable":true,"href":"https:\/\/kulturonline.tv\/de\/wp-json\/wp\/v2\/users\/2"}],"replies":[{"embeddable":true,"href":"https:\/\/kulturonline.tv\/de\/wp-json\/wp\/v2\/comments?post=141951"}],"version-history":[{"count":1,"href":"https:\/\/kulturonline.tv\/de\/wp-json\/wp\/v2\/posts\/141951\/revisions"}],"predecessor-version":[{"id":141958,"href":"https:\/\/kulturonline.tv\/de\/wp-json\/wp\/v2\/posts\/141951\/revisions\/141958"}],"wp:featuredmedia":[{"embeddable":true,"href":"https:\/\/kulturonline.tv\/de\/wp-json\/wp\/v2\/media\/141954"}],"wp:attachment":[{"href":"https:\/\/kulturonline.tv\/de\/wp-json\/wp\/v2\/media?parent=141951"}],"wp:term":[{"taxonomy":"category","embeddable":true,"href":"https:\/\/kulturonline.tv\/de\/wp-json\/wp\/v2\/categories?post=141951"},{"taxonomy":"post_tag","embeddable":true,"href":"https:\/\/kulturonline.tv\/de\/wp-json\/wp\/v2\/tags?post=141951"}],"curies":[{"name":"wp","href":"https:\/\/api.w.org\/{rel}","templated":true}]}}