{"id":141990,"date":"2026-03-17T19:12:41","date_gmt":"2026-03-17T18:12:41","guid":{"rendered":"https:\/\/kulturonline.tv\/?p=141990"},"modified":"2026-03-17T19:30:17","modified_gmt":"2026-03-17T18:30:17","slug":"sanierungsschub-fuer-maerkische-schloesser","status":"publish","type":"post","link":"https:\/\/kulturonline.tv\/de\/sanierungsschub-fuer-maerkische-schloesser\/","title":{"rendered":"Sanierungsschub f\u00fcr m\u00e4rkische Schl\u00f6sser"},"content":{"rendered":"\n<figure class=\"wp-block-image size-large is-resized\"><img fetchpriority=\"high\" decoding=\"async\" width=\"1600\" height=\"311\" src=\"https:\/\/kulturonline.tv\/wp-content\/uploads\/2026\/03\/radiobeitrag-22-1600x311.png\" alt=\"\" class=\"wp-image-141450\" style=\"width:402px;height:auto\" srcset=\"https:\/\/kulturonline.tv\/wp-content\/uploads\/2026\/03\/radiobeitrag-22-1600x311.png 1600w, https:\/\/kulturonline.tv\/wp-content\/uploads\/2026\/03\/radiobeitrag-22-800x155.png 800w, https:\/\/kulturonline.tv\/wp-content\/uploads\/2026\/03\/radiobeitrag-22-768x149.png 768w, https:\/\/kulturonline.tv\/wp-content\/uploads\/2026\/03\/radiobeitrag-22-1536x298.png 1536w, https:\/\/kulturonline.tv\/wp-content\/uploads\/2026\/03\/radiobeitrag-22-2048x398.png 2048w\" sizes=\"(max-width: 1600px) 100vw, 1600px\" \/><\/figure>\n\n\n\n<figure class=\"wp-block-audio\"><audio controls src=\"https:\/\/kulturonline.tv\/wp-content\/uploads\/2026\/03\/Schloesser.mp3\"><\/audio><\/figure>\n\n\n\n<p>Die Stiftung Preu\u00dfische Schl\u00f6sser und G\u00e4rten (SPSG) setzt ein starkes Zeichen f\u00fcr die m\u00e4rkische Kulturlandschaft. Wie heute bekannt wurde, flie\u00dfen umfangreiche Investitionsmittel in die Sanierung kleinerer Schlossanlagen in der Prignitz und im Havelland. Damit r\u00fcckt das kulturelle Erbe abseits der gro\u00dfen Potsdamer Magneten verst\u00e4rkt in den Fokus.<\/p>\n\n\n\n<figure class=\"wp-block-image size-large\"><img decoding=\"async\" width=\"2560\" height=\"1440\" src=\"https:\/\/kulturonline.tv\/wp-content\/uploads\/2026\/03\/SPSG_RoemischeBaeder_HansBach_F0019556-edited-scaled.jpg\" alt=\"\" class=\"wp-image-141993\" srcset=\"https:\/\/kulturonline.tv\/wp-content\/uploads\/2026\/03\/SPSG_RoemischeBaeder_HansBach_F0019556-edited-scaled.jpg 2560w, https:\/\/kulturonline.tv\/wp-content\/uploads\/2026\/03\/SPSG_RoemischeBaeder_HansBach_F0019556-edited-800x450.jpg 800w, https:\/\/kulturonline.tv\/wp-content\/uploads\/2026\/03\/SPSG_RoemischeBaeder_HansBach_F0019556-edited-1600x900.jpg 1600w, https:\/\/kulturonline.tv\/wp-content\/uploads\/2026\/03\/SPSG_RoemischeBaeder_HansBach_F0019556-edited-768x432.jpg 768w, https:\/\/kulturonline.tv\/wp-content\/uploads\/2026\/03\/SPSG_RoemischeBaeder_HansBach_F0019556-edited-1536x864.jpg 1536w, https:\/\/kulturonline.tv\/wp-content\/uploads\/2026\/03\/SPSG_RoemischeBaeder_HansBach_F0019556-edited-2048x1152.jpg 2048w\" sizes=\"(max-width: 2560px) 100vw, 2560px\" \/><figcaption class=\"wp-element-caption\">\u00a9 Foto-Inventarnr: F0019556; Fotograf: Bach, Hans; Topographische Informationen:  > Potsdam > Park Sanssouci > R\u00f6mische B\u00e4der > R\u00f6mische B\u00e4der > Au\u00dfenansicht; Aufnahmedatum: 2011<\/figcaption><\/figure>\n\n\n\n<p>Lange Zeit standen die weltber\u00fchmten Ensembles in Potsdam und Berlin im Mittelpunkt der F\u00f6rderungen. Doch die heutige Ank\u00fcndigung der Stiftung l\u00e4utet eine Kehrtwende ein: Der \u201eKultur in der Fl\u00e4che\u201c wird neues Leben eingehaucht. Besonders die historischen Anlagen in der Prignitz und im Havelland sollen durch gezielte Instandsetzungen als touristische Ankerpunkte und regionale Kulturzentren gest\u00e4rkt werden.<\/p>\n\n\n\n<h2 class=\"wp-block-heading\">Erhalt historischer Substanz<\/h2>\n\n\n\n<p>Die Sanierungsma\u00dfnahmen betreffen sowohl die \u00e4u\u00dferen H\u00fcllen \u2013 von Fassaden bis hin zu den markanten Schieferd\u00e4chern als auch die Gartenanlagen, die oft als gr\u00fcne Lungen der m\u00e4rkischen D\u00f6rfer fungieren. Ziel ist es, die bauliche Substanz nicht nur zu sichern, sondern die H\u00e4user wieder st\u00e4rker f\u00fcr Ausstellungen, Konzerte und b\u00fcrgerschaftliches Engagement zu \u00f6ffnen.<\/p>\n\n\n\n<h2 class=\"wp-block-heading\">Rheinsberg als Vorbild<\/h2>\n\n\n\n<p>Parallel zu den baulichen Ma\u00dfnahmen setzt die Stiftung auch inhaltliche Akzente. In Schloss Rheinsberg etwa wird dieser neue Fokus bereits sp\u00fcrbar: Mit der Er\u00f6ffnung einer neuen Sonderausstellung zur Korrespondenz Friedrichs des Gro\u00dfen zeigt das Haus, wie wertvoll die Verkn\u00fcpfung von historischer Architektur und exklusiver Forschung f\u00fcr die Attraktivit\u00e4t der Region ist.<\/p>\n\n\n\n<p>F\u00fcr Brandenburg bedeutet dieser Sanierungsschub weit mehr als Denkmalschutz \u2013 es ist eine Investition in die Identit\u00e4t und die Zukunft des l\u00e4ndlichen Raums.<\/p>\n\n\n\n<p>Kultur Online FM<\/p>\n\n\n\n<p>Brandenburg #Schl\u00f6sserUndG\u00e4rten #KulturErbe #Prignitz #Havelland #Denkmalschutz #Netzgef\u00fcge<\/p>\n\n\n\n<p><\/p>\n","protected":false},"excerpt":{"rendered":"<p>Die Stiftung Preu\u00dfische Schl\u00f6sser und G\u00e4rten (SPSG) setzt ein starkes Zeichen f\u00fcr die m\u00e4rkische Kulturlandschaft. Wie heute bekannt wurde, flie\u00dfen umfangreiche Investitionsmittel in die Sanierung kleinerer Schlossanlagen in der Prignitz und im Havelland. Damit r\u00fcckt das kulturelle Erbe abseits der gro\u00dfen Potsdamer Magneten verst\u00e4rkt in den Fokus. Lange Zeit standen die weltber\u00fchmten Ensembles in Potsdam [&hellip;]<\/p>\n","protected":false},"author":2,"featured_media":141993,"comment_status":"closed","ping_status":"closed","sticky":false,"template":"","format":"standard","meta":{"_acf_changed":false,"footnotes":""},"categories":[1152],"tags":[],"class_list":["post-141990","post","type-post","status-publish","format-standard","has-post-thumbnail","hentry","category-fm-audio-regionen-brandenburg"],"acf":[],"yoast_head":"<!-- This site is optimized with the Yoast SEO plugin v26.1.1 - https:\/\/yoast.com\/wordpress\/plugins\/seo\/ -->\n<title>Sanierungsschub f\u00fcr m\u00e4rkische Schl\u00f6sser - Kultur Online TV &amp; FM<\/title>\n<meta name=\"description\" content=\"Die Stiftung Preu\u00dfische Schl\u00f6sser und G\u00e4rten (SPSG) setzt ein starkes Zeichen f\u00fcr die m\u00e4rkische Kulturlandschaft.\" \/>\n<meta name=\"robots\" content=\"index, follow, max-snippet:-1, max-image-preview:large, max-video-preview:-1\" \/>\n<link rel=\"canonical\" href=\"https:\/\/kulturonline.tv\/de\/sanierungsschub-fuer-maerkische-schloesser\/\" \/>\n<meta property=\"og:locale\" content=\"de_DE\" \/>\n<meta property=\"og:type\" content=\"article\" \/>\n<meta property=\"og:title\" content=\"Sanierungsschub f\u00fcr m\u00e4rkische Schl\u00f6sser - Kultur Online TV &amp; FM\" \/>\n<meta property=\"og:description\" content=\"Die Stiftung Preu\u00dfische Schl\u00f6sser und G\u00e4rten (SPSG) setzt ein starkes Zeichen f\u00fcr die m\u00e4rkische Kulturlandschaft.\" \/>\n<meta property=\"og:url\" content=\"https:\/\/kulturonline.tv\/de\/sanierungsschub-fuer-maerkische-schloesser\/\" \/>\n<meta property=\"og:site_name\" content=\"Kultur Online TV &amp; FM\" \/>\n<meta property=\"article:publisher\" content=\"https:\/\/www.facebook.com\/kulturonline.tv\" \/>\n<meta property=\"article:published_time\" content=\"2026-03-17T18:12:41+00:00\" \/>\n<meta property=\"article:modified_time\" content=\"2026-03-17T18:30:17+00:00\" \/>\n<meta property=\"og:image\" content=\"https:\/\/kulturonline.tv\/wp-content\/uploads\/2026\/03\/SPSG_RoemischeBaeder_HansBach_F0019556-edited-scaled.jpg\" \/>\n\t<meta property=\"og:image:width\" content=\"2560\" \/>\n\t<meta property=\"og:image:height\" content=\"1440\" \/>\n\t<meta property=\"og:image:type\" content=\"image\/jpeg\" \/>\n<meta name=\"author\" content=\"guenter.wolfgang\" \/>\n<meta name=\"twitter:card\" content=\"summary_large_image\" \/>\n<meta name=\"twitter:label1\" content=\"Verfasst von\" \/>\n\t<meta name=\"twitter:data1\" content=\"guenter.wolfgang\" \/>\n\t<meta name=\"twitter:label2\" content=\"Gesch\u00e4tzte Lesezeit\" \/>\n\t<meta name=\"twitter:data2\" content=\"2\u00a0Minuten\" \/>\n<script type=\"application\/ld+json\" class=\"yoast-schema-graph\">{\"@context\":\"https:\/\/schema.org\",\"@graph\":[{\"@type\":\"Article\",\"@id\":\"https:\/\/kulturonline.tv\/de\/sanierungsschub-fuer-maerkische-schloesser\/#article\",\"isPartOf\":{\"@id\":\"https:\/\/kulturonline.tv\/de\/sanierungsschub-fuer-maerkische-schloesser\/\"},\"author\":{\"name\":\"guenter.wolfgang\",\"@id\":\"https:\/\/kulturonline.tv\/de\/#\/schema\/person\/b0fac729bb9a0c193fb1df23449df4fe\"},\"headline\":\"Sanierungsschub f\u00fcr m\u00e4rkische Schl\u00f6sser\",\"datePublished\":\"2026-03-17T18:12:41+00:00\",\"dateModified\":\"2026-03-17T18:30:17+00:00\",\"mainEntityOfPage\":{\"@id\":\"https:\/\/kulturonline.tv\/de\/sanierungsschub-fuer-maerkische-schloesser\/\"},\"wordCount\":309,\"publisher\":{\"@id\":\"https:\/\/kulturonline.tv\/de\/#organization\"},\"image\":{\"@id\":\"https:\/\/kulturonline.tv\/de\/sanierungsschub-fuer-maerkische-schloesser\/#primaryimage\"},\"thumbnailUrl\":\"https:\/\/kulturonline.tv\/wp-content\/uploads\/2026\/03\/SPSG_RoemischeBaeder_HansBach_F0019556-edited-scaled.jpg\",\"articleSection\":[\"FM Audio Regionen Brandenburg\"],\"inLanguage\":\"de\"},{\"@type\":\"WebPage\",\"@id\":\"https:\/\/kulturonline.tv\/de\/sanierungsschub-fuer-maerkische-schloesser\/\",\"url\":\"https:\/\/kulturonline.tv\/de\/sanierungsschub-fuer-maerkische-schloesser\/\",\"name\":\"Sanierungsschub f\u00fcr m\u00e4rkische Schl\u00f6sser - Kultur Online TV &amp; FM\",\"isPartOf\":{\"@id\":\"https:\/\/kulturonline.tv\/de\/#website\"},\"primaryImageOfPage\":{\"@id\":\"https:\/\/kulturonline.tv\/de\/sanierungsschub-fuer-maerkische-schloesser\/#primaryimage\"},\"image\":{\"@id\":\"https:\/\/kulturonline.tv\/de\/sanierungsschub-fuer-maerkische-schloesser\/#primaryimage\"},\"thumbnailUrl\":\"https:\/\/kulturonline.tv\/wp-content\/uploads\/2026\/03\/SPSG_RoemischeBaeder_HansBach_F0019556-edited-scaled.jpg\",\"datePublished\":\"2026-03-17T18:12:41+00:00\",\"dateModified\":\"2026-03-17T18:30:17+00:00\",\"description\":\"Die Stiftung Preu\u00dfische Schl\u00f6sser und G\u00e4rten (SPSG) setzt ein starkes Zeichen f\u00fcr die m\u00e4rkische Kulturlandschaft.\",\"breadcrumb\":{\"@id\":\"https:\/\/kulturonline.tv\/de\/sanierungsschub-fuer-maerkische-schloesser\/#breadcrumb\"},\"inLanguage\":\"de\",\"potentialAction\":[{\"@type\":\"ReadAction\",\"target\":[\"https:\/\/kulturonline.tv\/de\/sanierungsschub-fuer-maerkische-schloesser\/\"]}]},{\"@type\":\"ImageObject\",\"inLanguage\":\"de\",\"@id\":\"https:\/\/kulturonline.tv\/de\/sanierungsschub-fuer-maerkische-schloesser\/#primaryimage\",\"url\":\"https:\/\/kulturonline.tv\/wp-content\/uploads\/2026\/03\/SPSG_RoemischeBaeder_HansBach_F0019556-edited-scaled.jpg\",\"contentUrl\":\"https:\/\/kulturonline.tv\/wp-content\/uploads\/2026\/03\/SPSG_RoemischeBaeder_HansBach_F0019556-edited-scaled.jpg\",\"width\":2560,\"height\":1440,\"caption\":\"Foto-Inventarnr: F0019556; Fotograf: Bach, Hans; Topographische Informationen: &gt; Potsdam &gt; Park Sanssouci &gt; R\u00f6mische B\u00e4der &gt; R\u00f6mische B\u00e4der &gt; Au\u00dfenansicht; Aufnahmedatum: 2011\"},{\"@type\":\"BreadcrumbList\",\"@id\":\"https:\/\/kulturonline.tv\/de\/sanierungsschub-fuer-maerkische-schloesser\/#breadcrumb\",\"itemListElement\":[{\"@type\":\"ListItem\",\"position\":1,\"name\":\"Startseite\",\"item\":\"https:\/\/kulturonline.tv\/de\/\"},{\"@type\":\"ListItem\",\"position\":2,\"name\":\"Sanierungsschub f\u00fcr m\u00e4rkische Schl\u00f6sser\"}]},{\"@type\":\"WebSite\",\"@id\":\"https:\/\/kulturonline.tv\/de\/#website\",\"url\":\"https:\/\/kulturonline.tv\/de\/\",\"name\":\"Kultur Online TV &amp; FM\",\"description\":\"Wir sind Kultur 2.0 zum sehen &amp; h\u00f6ren\",\"publisher\":{\"@id\":\"https:\/\/kulturonline.tv\/de\/#organization\"},\"potentialAction\":[{\"@type\":\"SearchAction\",\"target\":{\"@type\":\"EntryPoint\",\"urlTemplate\":\"https:\/\/kulturonline.tv\/de\/?s={search_term_string}\"},\"query-input\":{\"@type\":\"PropertyValueSpecification\",\"valueRequired\":true,\"valueName\":\"search_term_string\"}}],\"inLanguage\":\"de\"},{\"@type\":\"Organization\",\"@id\":\"https:\/\/kulturonline.tv\/de\/#organization\",\"name\":\"Kultur Online TV\",\"url\":\"https:\/\/kulturonline.tv\/de\/\",\"logo\":{\"@type\":\"ImageObject\",\"inLanguage\":\"de\",\"@id\":\"https:\/\/kulturonline.tv\/de\/#\/schema\/logo\/image\/\",\"url\":\"https:\/\/kulturonline.tv\/wp-content\/uploads\/2021\/08\/Kultur-Online-Tv-Logo-Endversion-neu.png\",\"contentUrl\":\"https:\/\/kulturonline.tv\/wp-content\/uploads\/2021\/08\/Kultur-Online-Tv-Logo-Endversion-neu.png\",\"width\":200,\"height\":200,\"caption\":\"Kultur Online TV\"},\"image\":{\"@id\":\"https:\/\/kulturonline.tv\/de\/#\/schema\/logo\/image\/\"},\"sameAs\":[\"https:\/\/www.facebook.com\/kulturonline.tv\",\"https:\/\/www.instagram.com\/kulturonline.tv\"]},{\"@type\":\"Person\",\"@id\":\"https:\/\/kulturonline.tv\/de\/#\/schema\/person\/b0fac729bb9a0c193fb1df23449df4fe\",\"name\":\"guenter.wolfgang\"}]}<\/script>\n<!-- \/ Yoast SEO plugin. -->","yoast_head_json":{"title":"Sanierungsschub f\u00fcr m\u00e4rkische Schl\u00f6sser - Kultur Online TV &amp; FM","description":"Die Stiftung Preu\u00dfische Schl\u00f6sser und G\u00e4rten (SPSG) setzt ein starkes Zeichen f\u00fcr die m\u00e4rkische Kulturlandschaft.","robots":{"index":"index","follow":"follow","max-snippet":"max-snippet:-1","max-image-preview":"max-image-preview:large","max-video-preview":"max-video-preview:-1"},"canonical":"https:\/\/kulturonline.tv\/de\/sanierungsschub-fuer-maerkische-schloesser\/","og_locale":"de_DE","og_type":"article","og_title":"Sanierungsschub f\u00fcr m\u00e4rkische Schl\u00f6sser - Kultur Online TV &amp; FM","og_description":"Die Stiftung Preu\u00dfische Schl\u00f6sser und G\u00e4rten (SPSG) setzt ein starkes Zeichen f\u00fcr die m\u00e4rkische Kulturlandschaft.","og_url":"https:\/\/kulturonline.tv\/de\/sanierungsschub-fuer-maerkische-schloesser\/","og_site_name":"Kultur Online TV &amp; FM","article_publisher":"https:\/\/www.facebook.com\/kulturonline.tv","article_published_time":"2026-03-17T18:12:41+00:00","article_modified_time":"2026-03-17T18:30:17+00:00","og_image":[{"width":2560,"height":1440,"url":"https:\/\/kulturonline.tv\/wp-content\/uploads\/2026\/03\/SPSG_RoemischeBaeder_HansBach_F0019556-edited-scaled.jpg","type":"image\/jpeg"}],"author":"guenter.wolfgang","twitter_card":"summary_large_image","twitter_misc":{"Verfasst von":"guenter.wolfgang","Gesch\u00e4tzte Lesezeit":"2\u00a0Minuten"},"schema":{"@context":"https:\/\/schema.org","@graph":[{"@type":"Article","@id":"https:\/\/kulturonline.tv\/de\/sanierungsschub-fuer-maerkische-schloesser\/#article","isPartOf":{"@id":"https:\/\/kulturonline.tv\/de\/sanierungsschub-fuer-maerkische-schloesser\/"},"author":{"name":"guenter.wolfgang","@id":"https:\/\/kulturonline.tv\/de\/#\/schema\/person\/b0fac729bb9a0c193fb1df23449df4fe"},"headline":"Sanierungsschub f\u00fcr m\u00e4rkische Schl\u00f6sser","datePublished":"2026-03-17T18:12:41+00:00","dateModified":"2026-03-17T18:30:17+00:00","mainEntityOfPage":{"@id":"https:\/\/kulturonline.tv\/de\/sanierungsschub-fuer-maerkische-schloesser\/"},"wordCount":309,"publisher":{"@id":"https:\/\/kulturonline.tv\/de\/#organization"},"image":{"@id":"https:\/\/kulturonline.tv\/de\/sanierungsschub-fuer-maerkische-schloesser\/#primaryimage"},"thumbnailUrl":"https:\/\/kulturonline.tv\/wp-content\/uploads\/2026\/03\/SPSG_RoemischeBaeder_HansBach_F0019556-edited-scaled.jpg","articleSection":["FM Audio Regionen Brandenburg"],"inLanguage":"de"},{"@type":"WebPage","@id":"https:\/\/kulturonline.tv\/de\/sanierungsschub-fuer-maerkische-schloesser\/","url":"https:\/\/kulturonline.tv\/de\/sanierungsschub-fuer-maerkische-schloesser\/","name":"Sanierungsschub f\u00fcr m\u00e4rkische Schl\u00f6sser - Kultur Online TV &amp; FM","isPartOf":{"@id":"https:\/\/kulturonline.tv\/de\/#website"},"primaryImageOfPage":{"@id":"https:\/\/kulturonline.tv\/de\/sanierungsschub-fuer-maerkische-schloesser\/#primaryimage"},"image":{"@id":"https:\/\/kulturonline.tv\/de\/sanierungsschub-fuer-maerkische-schloesser\/#primaryimage"},"thumbnailUrl":"https:\/\/kulturonline.tv\/wp-content\/uploads\/2026\/03\/SPSG_RoemischeBaeder_HansBach_F0019556-edited-scaled.jpg","datePublished":"2026-03-17T18:12:41+00:00","dateModified":"2026-03-17T18:30:17+00:00","description":"Die Stiftung Preu\u00dfische Schl\u00f6sser und G\u00e4rten (SPSG) setzt ein starkes Zeichen f\u00fcr die m\u00e4rkische Kulturlandschaft.","breadcrumb":{"@id":"https:\/\/kulturonline.tv\/de\/sanierungsschub-fuer-maerkische-schloesser\/#breadcrumb"},"inLanguage":"de","potentialAction":[{"@type":"ReadAction","target":["https:\/\/kulturonline.tv\/de\/sanierungsschub-fuer-maerkische-schloesser\/"]}]},{"@type":"ImageObject","inLanguage":"de","@id":"https:\/\/kulturonline.tv\/de\/sanierungsschub-fuer-maerkische-schloesser\/#primaryimage","url":"https:\/\/kulturonline.tv\/wp-content\/uploads\/2026\/03\/SPSG_RoemischeBaeder_HansBach_F0019556-edited-scaled.jpg","contentUrl":"https:\/\/kulturonline.tv\/wp-content\/uploads\/2026\/03\/SPSG_RoemischeBaeder_HansBach_F0019556-edited-scaled.jpg","width":2560,"height":1440,"caption":"Foto-Inventarnr: F0019556; Fotograf: Bach, Hans; Topographische Informationen: &gt; Potsdam &gt; Park Sanssouci &gt; R\u00f6mische B\u00e4der &gt; R\u00f6mische B\u00e4der &gt; Au\u00dfenansicht; Aufnahmedatum: 2011"},{"@type":"BreadcrumbList","@id":"https:\/\/kulturonline.tv\/de\/sanierungsschub-fuer-maerkische-schloesser\/#breadcrumb","itemListElement":[{"@type":"ListItem","position":1,"name":"Startseite","item":"https:\/\/kulturonline.tv\/de\/"},{"@type":"ListItem","position":2,"name":"Sanierungsschub f\u00fcr m\u00e4rkische Schl\u00f6sser"}]},{"@type":"WebSite","@id":"https:\/\/kulturonline.tv\/de\/#website","url":"https:\/\/kulturonline.tv\/de\/","name":"Kultur Online TV &amp; FM","description":"Wir sind Kultur 2.0 zum sehen &amp; h\u00f6ren","publisher":{"@id":"https:\/\/kulturonline.tv\/de\/#organization"},"potentialAction":[{"@type":"SearchAction","target":{"@type":"EntryPoint","urlTemplate":"https:\/\/kulturonline.tv\/de\/?s={search_term_string}"},"query-input":{"@type":"PropertyValueSpecification","valueRequired":true,"valueName":"search_term_string"}}],"inLanguage":"de"},{"@type":"Organization","@id":"https:\/\/kulturonline.tv\/de\/#organization","name":"Kultur Online TV","url":"https:\/\/kulturonline.tv\/de\/","logo":{"@type":"ImageObject","inLanguage":"de","@id":"https:\/\/kulturonline.tv\/de\/#\/schema\/logo\/image\/","url":"https:\/\/kulturonline.tv\/wp-content\/uploads\/2021\/08\/Kultur-Online-Tv-Logo-Endversion-neu.png","contentUrl":"https:\/\/kulturonline.tv\/wp-content\/uploads\/2021\/08\/Kultur-Online-Tv-Logo-Endversion-neu.png","width":200,"height":200,"caption":"Kultur Online TV"},"image":{"@id":"https:\/\/kulturonline.tv\/de\/#\/schema\/logo\/image\/"},"sameAs":["https:\/\/www.facebook.com\/kulturonline.tv","https:\/\/www.instagram.com\/kulturonline.tv"]},{"@type":"Person","@id":"https:\/\/kulturonline.tv\/de\/#\/schema\/person\/b0fac729bb9a0c193fb1df23449df4fe","name":"guenter.wolfgang"}]}},"_links":{"self":[{"href":"https:\/\/kulturonline.tv\/de\/wp-json\/wp\/v2\/posts\/141990","targetHints":{"allow":["GET"]}}],"collection":[{"href":"https:\/\/kulturonline.tv\/de\/wp-json\/wp\/v2\/posts"}],"about":[{"href":"https:\/\/kulturonline.tv\/de\/wp-json\/wp\/v2\/types\/post"}],"author":[{"embeddable":true,"href":"https:\/\/kulturonline.tv\/de\/wp-json\/wp\/v2\/users\/2"}],"replies":[{"embeddable":true,"href":"https:\/\/kulturonline.tv\/de\/wp-json\/wp\/v2\/comments?post=141990"}],"version-history":[{"count":2,"href":"https:\/\/kulturonline.tv\/de\/wp-json\/wp\/v2\/posts\/141990\/revisions"}],"predecessor-version":[{"id":141999,"href":"https:\/\/kulturonline.tv\/de\/wp-json\/wp\/v2\/posts\/141990\/revisions\/141999"}],"wp:featuredmedia":[{"embeddable":true,"href":"https:\/\/kulturonline.tv\/de\/wp-json\/wp\/v2\/media\/141993"}],"wp:attachment":[{"href":"https:\/\/kulturonline.tv\/de\/wp-json\/wp\/v2\/media?parent=141990"}],"wp:term":[{"taxonomy":"category","embeddable":true,"href":"https:\/\/kulturonline.tv\/de\/wp-json\/wp\/v2\/categories?post=141990"},{"taxonomy":"post_tag","embeddable":true,"href":"https:\/\/kulturonline.tv\/de\/wp-json\/wp\/v2\/tags?post=141990"}],"curies":[{"name":"wp","href":"https:\/\/api.w.org\/{rel}","templated":true}]}}