{"id":14203,"date":"2021-12-03T08:40:57","date_gmt":"2021-12-03T07:40:57","guid":{"rendered":"https:\/\/kulturonline.tv\/unkategorisiert\/stillgelegtes-kraftwerk-in-moskau-wird-kunstzentrum"},"modified":"2021-12-03T16:41:39","modified_gmt":"2021-12-03T15:41:39","slug":"stillgelegtes-kraftwerk-in-moskau-wird-kunstzentrum","status":"publish","type":"post","link":"https:\/\/kulturonline.tv\/de\/stillgelegtes-kraftwerk-in-moskau-wird-kunstzentrum\/","title":{"rendered":"Stillgelegtes Kraftwerk in Moskau wird Kunstzentrum"},"content":{"rendered":"\n<p><strong>Nach mehrj\u00e4hrigem Umbau er\u00f6ffnet am Samstag in Moskau mit dem von Renzo Piano f\u00fcr kulturelle Zwecke adaptierten Kraftwerk &#8222;GES-2&#8220;<\/strong><\/p>\n\n\n\n<figure class=\"wp-block-image size-full\"><img fetchpriority=\"high\" decoding=\"async\" width=\"1024\" height=\"576\" src=\"https:\/\/kulturonline.tv\/wp-content\/uploads\/2021\/12\/Kultur-Kraftwerk.jpg\" alt=\"\" class=\"wp-image-14109\" srcset=\"https:\/\/kulturonline.tv\/wp-content\/uploads\/2021\/12\/Kultur-Kraftwerk.jpg 1024w, https:\/\/kulturonline.tv\/wp-content\/uploads\/2021\/12\/Kultur-Kraftwerk-600x338.jpg 600w, https:\/\/kulturonline.tv\/wp-content\/uploads\/2021\/12\/Kultur-Kraftwerk-800x450.jpg 800w, https:\/\/kulturonline.tv\/wp-content\/uploads\/2021\/12\/Kultur-Kraftwerk-768x432.jpg 768w\" sizes=\"(max-width: 1024px) 100vw, 1024px\" \/><\/figure>\n\n\n\n<p>Verantwortlich f\u00fcr das Projekt ist eine umtriebige Kulturmanagerin aus Italien, die 2009 einen der reichsten Russen \u00fcberzeugte hatte, sich gro\u00df im Kunstbetrieb zu engagieren.<\/p>\n\n\n\n<p>Wiederholt verschoben, darf die Er\u00f6ffnung des 27.000 Quadratmeter gro\u00dfen Baus, in dem bis 2006 Strom produziert wurde, als Meilenstein gelten. Es gibt im Russland keine weiteren Zentren vergleichbarer Gr\u00f6\u00dfenordnung, in denen sich private oder auch staatliche Institutionen ausschlie\u00dflich mit zeitgen\u00f6ssischer Kunst besch\u00e4ftigen w\u00fcrden. Diese historische Bedeutung wurde noch vor der offiziellen Er\u00f6ffnung auch von allerh\u00f6chster Stelle gew\u00fcrdigt: Russlands Pr\u00e4sident Wladimir Putin lie\u00df sich am Mittwoch von V-A-C-Direktorin Teresa Iarocci Mavica, dem Multimilliard\u00e4r Leonid Michelson sowie Moskaus B\u00fcrgermeister Sergej Sobjanin durch &#8222;GES-2&#8220; f\u00fchren.<\/p>\n\n\n\n<p>Jahrestage spielen in Russland eine besondere Rolle und kritische Beobachter scherzten am Mittwoch, dass Putins Visite ausgerechnet auf den Tag genau 59 Jahre nach einer zentralen Episode der sowjetischen Kunstgeschichte erfolgt sei: Am 1. Dezember 1962 hatte der Regierungs- und Parteichef Nikita Chruschtschow eine Ausstellung sowjetischer Avantgardisten besucht und dort zu einer w\u00fcsten wie folgenreichen Tirade gegen abstrakte Kunst angesetzt. Dieser Kelch ging an &#8222;GES-2&#8220; vor\u00fcber: Im Fernsehen ausgestrahlte Passagen zeigten jedoch \u00e4u\u00dferst angespannte Gastgeber und einen grimmig wirkenden Pr\u00e4sidenten, der in Bezug auf die Institution nur etwas zur Vorgeschichte des Ortes im 17. Jahrhundert murmelte. Zeitgen\u00f6ssische Kunst schien ihn nicht zu interessieren.<\/p>\n\n\n\n<p>Zu verdanken ist &#8222;GES-2&#8220; insbesondere der Italienerin Teresa Iarocci Mavica: Die Kulturmanagerin und Kuratorin lebte nach einem Wirtschaftsstudium in der Sowjetunion lange Zeit in Russland und hatte seit den Nullerjahren Kunstaktivit\u00e4ten von russischen Superreichen betreut. Bei \u00dcberlegungen, so erz\u00e4hlt ein Insider, eine solide private Kunstinstitution nach westlichen Vorbildern und mit internationaler Ausstrahlung aufzubauen, sei sie an den in der Gasbranche t\u00e4tigen Oligarchen Michelson geraten. Dieser habe seinerzeit zwar kulturelle Ambitionen gehabt, aber absolut nichts von Kunst verstanden.<\/p>\n\n\n\n<p>2009 gr\u00fcnden die Kulturmanagerin und der Multimilliard\u00e4r die Stiftung V-A-C, die Bezeichnung wird mit &#8222;Victoria &#8211; the Art of being Contemporary&#8220; entschl\u00fcsselt. Bei Victoria handelt es sich um eine Tochter Michelsons. Iarocci Mavica verstand es jedenfalls, den studierten Bauingenieur Michelson f\u00fcr Kunst zu begeistern. Der Superreiche, den das Wirtschaftsmagazin &#8222;Forbes&#8220; zuletzt mit einem Verm\u00f6gen von 22 Milliarden Euro taxierte, war seit damals wiederholt als unscheinbarer Zaungast bei europ\u00e4ischen Kunstevents zu beobachten. Mit russischer und internationaler Kunst setzte die Stiftung aber auch selbst Aktivit\u00e4ten am Rande der Biennale von Venedig, wo 2017 am Zattere eine eigene Location er\u00f6ffnet wurde.<\/p>\n\n\n\n<p>Parallel kaufte Michelson in Wurfweite des Kreml ein stillgelegtes Kraftwerk und beauftragte den italienischen Stararchitekten Renzo Piano mit dessen Adaptierung, deren Kosten laut Medienberichten auf 150 Mio. Euro gesch\u00e4tzt wurden. In Moskau besch\u00e4ftigten sich Iarocci Mavica und eine wachsende Zahl von Kuratoren indes mit k\u00fcnstlerischen Experimenten: In einem Museum war 2018 etwa eine dreiteilige &#8222;Generalprobe&#8220; mit unterschiedlichen kuratorischen &#8222;Libretti&#8220; zu sehen. 2019 pr\u00e4sentierte die Stiftung eine &#8222;GES-2&#8220;-Oper und lud den isl\u00e4ndischen K\u00fcnstler Ragnar Kjartansson zu einer eindrucksvollen Musikperformance ein, in der er eine Stunde lang die Phrase &#8222;Traurigkeit besiegt das Gl\u00fcck&#8220; sang.<\/p>\n\n\n\n<p>Kjartansson spielt nun auch im Er\u00f6ffnungsprogramm eine zentrale Rolle: In der Langzeitperformance &#8222;Santa Barbara&#8220; gilt es, bis Mitte M\u00e4rz 100 Folgen der gleichnamigen, in den 90er-Jahren in Russland \u00e4u\u00dferst popul\u00e4ren Telenovela aus den USA vor Publikum nachzudrehen. Insgesamt sind aufwendige Produktionen zu erwarten, die durchaus auch f\u00fcr Aufmerksamkeit im Ausland sorgen k\u00f6nnten. In Ermangelung einer eigenen Kunstsammlung von herausragender Bedeutung positioniert sich &#8222;GES-2&#8220; explizit nicht als Museum. In Anspielung an sowjetische Vorbilder ist von einem &#8222;Dom kultury&#8220; (DK) &#8211; &#8222;Kulturhaus&#8220; &#8211; die Rede: Sparten\u00fcbergreifend soll nicht nur rezipiert, sondern auch im Haus auch produziert werden, DK suggeriert zudem eine gewisse sozialistische Niederschwelligkeit.<\/p>\n\n\n\n<p>Mit Spannung darf gleichzeitig erwartet werden, wie sich &#8222;GES-2&#8220; angesichts eines autorit\u00e4ren und \u00e4u\u00dferst konservativen Zeitgeists in Russlands positionieren wird, der unter anderem zu einer Zunahme von Selbstzensur im Kunstbetrieb gef\u00fchrt hatte. Trotz der Kreml-N\u00e4he von Michelson ist mit Gegenwind zu rechnen. Als im August vor dem Geb\u00e4ude die zw\u00f6lf Meter hohe Skulptur &#8222;Gro\u00dfer Ton Nr. 4&#8220; des Schweizer K\u00fcnstlers Urs Fischer errichtet wurde, kam es in sozialen Netzwerken zu einem Sturm der Emp\u00f6rung \u00fcber das Kunstwerk, das manche an Kot erinnerte. Selbst der Moskauer B\u00fcrgermeister Sobjanin musste zur Verteidigung ausr\u00fccken. Er versicherte aber gleichzeitig, dass die Skulptur in einigen Monaten wieder verschwinden w\u00fcrde.<\/p>\n\n\n\n<p>Kultur Online TV<\/p>\n\n\n\n<p>#kunst #kultur #russland<\/p>\n","protected":false},"excerpt":{"rendered":"<p>Nach mehrj\u00e4hrigem Umbau er\u00f6ffnet am Samstag in Moskau mit dem von Renzo Piano f\u00fcr kulturelle Zwecke adaptierten Kraftwerk &#8222;GES-2&#8220; Verantwortlich f\u00fcr das Projekt ist eine umtriebige Kulturmanagerin aus Italien, die 2009 einen der reichsten Russen \u00fcberzeugte hatte, sich gro\u00df im Kunstbetrieb zu engagieren. Wiederholt verschoben, darf die Er\u00f6ffnung des 27.000 Quadratmeter gro\u00dfen Baus, in dem [&hellip;]<\/p>\n","protected":false},"author":2,"featured_media":14110,"comment_status":"closed","ping_status":"closed","sticky":false,"template":"","format":"standard","meta":{"_acf_changed":false,"footnotes":""},"categories":[3],"tags":[],"class_list":["post-14203","post","type-post","status-publish","format-standard","has-post-thumbnail","hentry","category-newsflash"],"acf":[],"yoast_head":"<!-- This site is optimized with the Yoast SEO plugin v26.1.1 - https:\/\/yoast.com\/wordpress\/plugins\/seo\/ -->\n<title>Stillgelegtes Kraftwerk in Moskau wird Kunstzentrum - Kultur Online TV &amp; FM<\/title>\n<meta name=\"description\" content=\"Kultur sehen und H\u00f6ren\" \/>\n<meta name=\"robots\" content=\"index, follow, max-snippet:-1, max-image-preview:large, max-video-preview:-1\" \/>\n<link rel=\"canonical\" href=\"https:\/\/kulturonline.tv\/de\/stillgelegtes-kraftwerk-in-moskau-wird-kunstzentrum\/\" \/>\n<meta property=\"og:locale\" content=\"de_DE\" \/>\n<meta property=\"og:type\" content=\"article\" \/>\n<meta property=\"og:title\" content=\"Stillgelegtes Kraftwerk in Moskau wird Kunstzentrum - Kultur Online TV &amp; FM\" \/>\n<meta property=\"og:description\" content=\"Kultur sehen und H\u00f6ren\" \/>\n<meta property=\"og:url\" content=\"https:\/\/kulturonline.tv\/de\/stillgelegtes-kraftwerk-in-moskau-wird-kunstzentrum\/\" \/>\n<meta property=\"og:site_name\" content=\"Kultur Online TV &amp; FM\" \/>\n<meta property=\"article:publisher\" content=\"https:\/\/www.facebook.com\/kulturonline.tv\" \/>\n<meta property=\"article:published_time\" content=\"2021-12-03T07:40:57+00:00\" \/>\n<meta property=\"article:modified_time\" content=\"2021-12-03T15:41:39+00:00\" \/>\n<meta property=\"og:image\" content=\"https:\/\/kulturonline.tv\/wp-content\/uploads\/2021\/12\/Kultur-Kraftwerk.jpg\" \/>\n\t<meta property=\"og:image:width\" content=\"1024\" \/>\n\t<meta property=\"og:image:height\" content=\"576\" \/>\n\t<meta property=\"og:image:type\" content=\"image\/jpeg\" \/>\n<meta name=\"author\" content=\"guenter.wolfgang\" \/>\n<meta name=\"twitter:card\" content=\"summary_large_image\" \/>\n<meta name=\"twitter:label1\" content=\"Verfasst von\" \/>\n\t<meta name=\"twitter:data1\" content=\"guenter.wolfgang\" \/>\n\t<meta name=\"twitter:label2\" content=\"Gesch\u00e4tzte Lesezeit\" \/>\n\t<meta name=\"twitter:data2\" content=\"4\u00a0Minuten\" \/>\n<script type=\"application\/ld+json\" class=\"yoast-schema-graph\">{\"@context\":\"https:\/\/schema.org\",\"@graph\":[{\"@type\":\"Article\",\"@id\":\"https:\/\/kulturonline.tv\/de\/stillgelegtes-kraftwerk-in-moskau-wird-kunstzentrum\/#article\",\"isPartOf\":{\"@id\":\"https:\/\/kulturonline.tv\/de\/stillgelegtes-kraftwerk-in-moskau-wird-kunstzentrum\/\"},\"author\":{\"name\":\"guenter.wolfgang\",\"@id\":\"https:\/\/kulturonline.tv\/de\/#\/schema\/person\/b0fac729bb9a0c193fb1df23449df4fe\"},\"headline\":\"Stillgelegtes Kraftwerk in Moskau wird Kunstzentrum\",\"datePublished\":\"2021-12-03T07:40:57+00:00\",\"dateModified\":\"2021-12-03T15:41:39+00:00\",\"mainEntityOfPage\":{\"@id\":\"https:\/\/kulturonline.tv\/de\/stillgelegtes-kraftwerk-in-moskau-wird-kunstzentrum\/\"},\"wordCount\":759,\"publisher\":{\"@id\":\"https:\/\/kulturonline.tv\/de\/#organization\"},\"image\":{\"@id\":\"https:\/\/kulturonline.tv\/de\/stillgelegtes-kraftwerk-in-moskau-wird-kunstzentrum\/#primaryimage\"},\"thumbnailUrl\":\"https:\/\/kulturonline.tv\/wp-content\/uploads\/2021\/12\/Kultur-Kraftwerk.jpg\",\"articleSection\":[\"Newsflash\"],\"inLanguage\":\"de\"},{\"@type\":\"WebPage\",\"@id\":\"https:\/\/kulturonline.tv\/de\/stillgelegtes-kraftwerk-in-moskau-wird-kunstzentrum\/\",\"url\":\"https:\/\/kulturonline.tv\/de\/stillgelegtes-kraftwerk-in-moskau-wird-kunstzentrum\/\",\"name\":\"Stillgelegtes Kraftwerk in Moskau wird Kunstzentrum - Kultur Online TV &amp; FM\",\"isPartOf\":{\"@id\":\"https:\/\/kulturonline.tv\/de\/#website\"},\"primaryImageOfPage\":{\"@id\":\"https:\/\/kulturonline.tv\/de\/stillgelegtes-kraftwerk-in-moskau-wird-kunstzentrum\/#primaryimage\"},\"image\":{\"@id\":\"https:\/\/kulturonline.tv\/de\/stillgelegtes-kraftwerk-in-moskau-wird-kunstzentrum\/#primaryimage\"},\"thumbnailUrl\":\"https:\/\/kulturonline.tv\/wp-content\/uploads\/2021\/12\/Kultur-Kraftwerk.jpg\",\"datePublished\":\"2021-12-03T07:40:57+00:00\",\"dateModified\":\"2021-12-03T15:41:39+00:00\",\"description\":\"Kultur sehen und H\u00f6ren\",\"breadcrumb\":{\"@id\":\"https:\/\/kulturonline.tv\/de\/stillgelegtes-kraftwerk-in-moskau-wird-kunstzentrum\/#breadcrumb\"},\"inLanguage\":\"de\",\"potentialAction\":[{\"@type\":\"ReadAction\",\"target\":[\"https:\/\/kulturonline.tv\/de\/stillgelegtes-kraftwerk-in-moskau-wird-kunstzentrum\/\"]}]},{\"@type\":\"ImageObject\",\"inLanguage\":\"de\",\"@id\":\"https:\/\/kulturonline.tv\/de\/stillgelegtes-kraftwerk-in-moskau-wird-kunstzentrum\/#primaryimage\",\"url\":\"https:\/\/kulturonline.tv\/wp-content\/uploads\/2021\/12\/Kultur-Kraftwerk.jpg\",\"contentUrl\":\"https:\/\/kulturonline.tv\/wp-content\/uploads\/2021\/12\/Kultur-Kraftwerk.jpg\",\"width\":1024,\"height\":576},{\"@type\":\"BreadcrumbList\",\"@id\":\"https:\/\/kulturonline.tv\/de\/stillgelegtes-kraftwerk-in-moskau-wird-kunstzentrum\/#breadcrumb\",\"itemListElement\":[{\"@type\":\"ListItem\",\"position\":1,\"name\":\"Startseite\",\"item\":\"https:\/\/kulturonline.tv\/de\/\"},{\"@type\":\"ListItem\",\"position\":2,\"name\":\"Stillgelegtes Kraftwerk in Moskau wird Kunstzentrum\"}]},{\"@type\":\"WebSite\",\"@id\":\"https:\/\/kulturonline.tv\/de\/#website\",\"url\":\"https:\/\/kulturonline.tv\/de\/\",\"name\":\"Kultur Online TV &amp; FM\",\"description\":\"Wir sind Kultur 2.0 zum sehen &amp; h\u00f6ren\",\"publisher\":{\"@id\":\"https:\/\/kulturonline.tv\/de\/#organization\"},\"potentialAction\":[{\"@type\":\"SearchAction\",\"target\":{\"@type\":\"EntryPoint\",\"urlTemplate\":\"https:\/\/kulturonline.tv\/de\/?s={search_term_string}\"},\"query-input\":{\"@type\":\"PropertyValueSpecification\",\"valueRequired\":true,\"valueName\":\"search_term_string\"}}],\"inLanguage\":\"de\"},{\"@type\":\"Organization\",\"@id\":\"https:\/\/kulturonline.tv\/de\/#organization\",\"name\":\"Kultur Online TV\",\"url\":\"https:\/\/kulturonline.tv\/de\/\",\"logo\":{\"@type\":\"ImageObject\",\"inLanguage\":\"de\",\"@id\":\"https:\/\/kulturonline.tv\/de\/#\/schema\/logo\/image\/\",\"url\":\"https:\/\/kulturonline.tv\/wp-content\/uploads\/2021\/08\/Kultur-Online-Tv-Logo-Endversion-neu.png\",\"contentUrl\":\"https:\/\/kulturonline.tv\/wp-content\/uploads\/2021\/08\/Kultur-Online-Tv-Logo-Endversion-neu.png\",\"width\":200,\"height\":200,\"caption\":\"Kultur Online TV\"},\"image\":{\"@id\":\"https:\/\/kulturonline.tv\/de\/#\/schema\/logo\/image\/\"},\"sameAs\":[\"https:\/\/www.facebook.com\/kulturonline.tv\",\"https:\/\/www.instagram.com\/kulturonline.tv\"]},{\"@type\":\"Person\",\"@id\":\"https:\/\/kulturonline.tv\/de\/#\/schema\/person\/b0fac729bb9a0c193fb1df23449df4fe\",\"name\":\"guenter.wolfgang\"}]}<\/script>\n<!-- \/ Yoast SEO plugin. -->","yoast_head_json":{"title":"Stillgelegtes Kraftwerk in Moskau wird Kunstzentrum - Kultur Online TV &amp; FM","description":"Kultur sehen und H\u00f6ren","robots":{"index":"index","follow":"follow","max-snippet":"max-snippet:-1","max-image-preview":"max-image-preview:large","max-video-preview":"max-video-preview:-1"},"canonical":"https:\/\/kulturonline.tv\/de\/stillgelegtes-kraftwerk-in-moskau-wird-kunstzentrum\/","og_locale":"de_DE","og_type":"article","og_title":"Stillgelegtes Kraftwerk in Moskau wird Kunstzentrum - Kultur Online TV &amp; FM","og_description":"Kultur sehen und H\u00f6ren","og_url":"https:\/\/kulturonline.tv\/de\/stillgelegtes-kraftwerk-in-moskau-wird-kunstzentrum\/","og_site_name":"Kultur Online TV &amp; FM","article_publisher":"https:\/\/www.facebook.com\/kulturonline.tv","article_published_time":"2021-12-03T07:40:57+00:00","article_modified_time":"2021-12-03T15:41:39+00:00","og_image":[{"width":1024,"height":576,"url":"https:\/\/kulturonline.tv\/wp-content\/uploads\/2021\/12\/Kultur-Kraftwerk.jpg","type":"image\/jpeg"}],"author":"guenter.wolfgang","twitter_card":"summary_large_image","twitter_misc":{"Verfasst von":"guenter.wolfgang","Gesch\u00e4tzte Lesezeit":"4\u00a0Minuten"},"schema":{"@context":"https:\/\/schema.org","@graph":[{"@type":"Article","@id":"https:\/\/kulturonline.tv\/de\/stillgelegtes-kraftwerk-in-moskau-wird-kunstzentrum\/#article","isPartOf":{"@id":"https:\/\/kulturonline.tv\/de\/stillgelegtes-kraftwerk-in-moskau-wird-kunstzentrum\/"},"author":{"name":"guenter.wolfgang","@id":"https:\/\/kulturonline.tv\/de\/#\/schema\/person\/b0fac729bb9a0c193fb1df23449df4fe"},"headline":"Stillgelegtes Kraftwerk in Moskau wird Kunstzentrum","datePublished":"2021-12-03T07:40:57+00:00","dateModified":"2021-12-03T15:41:39+00:00","mainEntityOfPage":{"@id":"https:\/\/kulturonline.tv\/de\/stillgelegtes-kraftwerk-in-moskau-wird-kunstzentrum\/"},"wordCount":759,"publisher":{"@id":"https:\/\/kulturonline.tv\/de\/#organization"},"image":{"@id":"https:\/\/kulturonline.tv\/de\/stillgelegtes-kraftwerk-in-moskau-wird-kunstzentrum\/#primaryimage"},"thumbnailUrl":"https:\/\/kulturonline.tv\/wp-content\/uploads\/2021\/12\/Kultur-Kraftwerk.jpg","articleSection":["Newsflash"],"inLanguage":"de"},{"@type":"WebPage","@id":"https:\/\/kulturonline.tv\/de\/stillgelegtes-kraftwerk-in-moskau-wird-kunstzentrum\/","url":"https:\/\/kulturonline.tv\/de\/stillgelegtes-kraftwerk-in-moskau-wird-kunstzentrum\/","name":"Stillgelegtes Kraftwerk in Moskau wird Kunstzentrum - Kultur Online TV &amp; FM","isPartOf":{"@id":"https:\/\/kulturonline.tv\/de\/#website"},"primaryImageOfPage":{"@id":"https:\/\/kulturonline.tv\/de\/stillgelegtes-kraftwerk-in-moskau-wird-kunstzentrum\/#primaryimage"},"image":{"@id":"https:\/\/kulturonline.tv\/de\/stillgelegtes-kraftwerk-in-moskau-wird-kunstzentrum\/#primaryimage"},"thumbnailUrl":"https:\/\/kulturonline.tv\/wp-content\/uploads\/2021\/12\/Kultur-Kraftwerk.jpg","datePublished":"2021-12-03T07:40:57+00:00","dateModified":"2021-12-03T15:41:39+00:00","description":"Kultur sehen und H\u00f6ren","breadcrumb":{"@id":"https:\/\/kulturonline.tv\/de\/stillgelegtes-kraftwerk-in-moskau-wird-kunstzentrum\/#breadcrumb"},"inLanguage":"de","potentialAction":[{"@type":"ReadAction","target":["https:\/\/kulturonline.tv\/de\/stillgelegtes-kraftwerk-in-moskau-wird-kunstzentrum\/"]}]},{"@type":"ImageObject","inLanguage":"de","@id":"https:\/\/kulturonline.tv\/de\/stillgelegtes-kraftwerk-in-moskau-wird-kunstzentrum\/#primaryimage","url":"https:\/\/kulturonline.tv\/wp-content\/uploads\/2021\/12\/Kultur-Kraftwerk.jpg","contentUrl":"https:\/\/kulturonline.tv\/wp-content\/uploads\/2021\/12\/Kultur-Kraftwerk.jpg","width":1024,"height":576},{"@type":"BreadcrumbList","@id":"https:\/\/kulturonline.tv\/de\/stillgelegtes-kraftwerk-in-moskau-wird-kunstzentrum\/#breadcrumb","itemListElement":[{"@type":"ListItem","position":1,"name":"Startseite","item":"https:\/\/kulturonline.tv\/de\/"},{"@type":"ListItem","position":2,"name":"Stillgelegtes Kraftwerk in Moskau wird Kunstzentrum"}]},{"@type":"WebSite","@id":"https:\/\/kulturonline.tv\/de\/#website","url":"https:\/\/kulturonline.tv\/de\/","name":"Kultur Online TV &amp; FM","description":"Wir sind Kultur 2.0 zum sehen &amp; h\u00f6ren","publisher":{"@id":"https:\/\/kulturonline.tv\/de\/#organization"},"potentialAction":[{"@type":"SearchAction","target":{"@type":"EntryPoint","urlTemplate":"https:\/\/kulturonline.tv\/de\/?s={search_term_string}"},"query-input":{"@type":"PropertyValueSpecification","valueRequired":true,"valueName":"search_term_string"}}],"inLanguage":"de"},{"@type":"Organization","@id":"https:\/\/kulturonline.tv\/de\/#organization","name":"Kultur Online TV","url":"https:\/\/kulturonline.tv\/de\/","logo":{"@type":"ImageObject","inLanguage":"de","@id":"https:\/\/kulturonline.tv\/de\/#\/schema\/logo\/image\/","url":"https:\/\/kulturonline.tv\/wp-content\/uploads\/2021\/08\/Kultur-Online-Tv-Logo-Endversion-neu.png","contentUrl":"https:\/\/kulturonline.tv\/wp-content\/uploads\/2021\/08\/Kultur-Online-Tv-Logo-Endversion-neu.png","width":200,"height":200,"caption":"Kultur Online TV"},"image":{"@id":"https:\/\/kulturonline.tv\/de\/#\/schema\/logo\/image\/"},"sameAs":["https:\/\/www.facebook.com\/kulturonline.tv","https:\/\/www.instagram.com\/kulturonline.tv"]},{"@type":"Person","@id":"https:\/\/kulturonline.tv\/de\/#\/schema\/person\/b0fac729bb9a0c193fb1df23449df4fe","name":"guenter.wolfgang"}]}},"_links":{"self":[{"href":"https:\/\/kulturonline.tv\/de\/wp-json\/wp\/v2\/posts\/14203","targetHints":{"allow":["GET"]}}],"collection":[{"href":"https:\/\/kulturonline.tv\/de\/wp-json\/wp\/v2\/posts"}],"about":[{"href":"https:\/\/kulturonline.tv\/de\/wp-json\/wp\/v2\/types\/post"}],"author":[{"embeddable":true,"href":"https:\/\/kulturonline.tv\/de\/wp-json\/wp\/v2\/users\/2"}],"replies":[{"embeddable":true,"href":"https:\/\/kulturonline.tv\/de\/wp-json\/wp\/v2\/comments?post=14203"}],"version-history":[{"count":0,"href":"https:\/\/kulturonline.tv\/de\/wp-json\/wp\/v2\/posts\/14203\/revisions"}],"wp:featuredmedia":[{"embeddable":true,"href":"https:\/\/kulturonline.tv\/de\/wp-json\/wp\/v2\/media\/14110"}],"wp:attachment":[{"href":"https:\/\/kulturonline.tv\/de\/wp-json\/wp\/v2\/media?parent=14203"}],"wp:term":[{"taxonomy":"category","embeddable":true,"href":"https:\/\/kulturonline.tv\/de\/wp-json\/wp\/v2\/categories?post=14203"},{"taxonomy":"post_tag","embeddable":true,"href":"https:\/\/kulturonline.tv\/de\/wp-json\/wp\/v2\/tags?post=14203"}],"curies":[{"name":"wp","href":"https:\/\/api.w.org\/{rel}","templated":true}]}}