{"id":14268,"date":"2021-12-05T14:54:47","date_gmt":"2021-12-05T13:54:47","guid":{"rendered":"https:\/\/kulturonline.tv\/?p=14268"},"modified":"2021-12-05T14:54:48","modified_gmt":"2021-12-05T13:54:48","slug":"pionierin-des-modernen-tanztheaters","status":"publish","type":"post","link":"https:\/\/kulturonline.tv\/de\/pionierin-des-modernen-tanztheaters\/","title":{"rendered":"Pionierin des modernen Tanztheaters"},"content":{"rendered":"\n<p>Jutta Czurda beendet ihre Karriere und blickt auf eine st\u00fcrmische Zeit zur\u00fcck. <\/p>\n\n\n\n<figure class=\"wp-block-image size-full is-resized\"><img fetchpriority=\"high\" decoding=\"async\" src=\"https:\/\/kulturonline.tv\/wp-content\/uploads\/2021\/12\/image.jpg\" alt=\"\" class=\"wp-image-14271\" width=\"838\" height=\"510\" srcset=\"https:\/\/kulturonline.tv\/wp-content\/uploads\/2021\/12\/image.jpg 660w, https:\/\/kulturonline.tv\/wp-content\/uploads\/2021\/12\/image-600x365.jpg 600w\" sizes=\"(max-width: 838px) 100vw, 838px\" \/><figcaption>\u00a9 Stadttheater F\u00fcrth<\/figcaption><\/figure>\n\n\n\n<p>Am 29. Mai 2022 wird sich die dann 67-J\u00e4hrige mit einem Farewell-Konzert unter von ihrem Publikum verabschieden. Sie m\u00f6chte ihre B\u00fchnenkarriere nach 45 Jahren in Gesundheit und Dankbarkeit beenden. <\/p>\n\n\n\n<p>F\u00fcr sie war ihre Karriere st\u00fcrmisch, fordernd, aufregend und eine echte Herausforderung das noch junge Tanztheater-Genre im Gro\u00dfraum zu etablieren. Es war f\u00fcr sie ein Kampf um eine k\u00fcnstlerische Sprache und ein Kampf um eine Existenzsicherung.<\/p>\n\n\n\n<p>Jutta Czurda wurde am 18. Januar 1955 in Coburg geboren, wo sie ihre p\u00e4dagogische und t\u00e4nzerische Ausbildung an der Medau-Schule erhielt. 1980 er\u00f6ffnet sie die Tanzwerkstatt Forchheim, an der sie neben dem Laien-Unterricht und der k\u00fcnstlerischen Arbeit eine Ausbildung zur freien Tanzp\u00e4dagogin anbot. <\/p>\n\n\n\n<p>1981 gr\u00fcndete sie gemeinsam mit Michael Bader das Czurda-Tanztheater, 1983 zudem die Tanzakademie Langenfeld.<\/p>\n\n\n\n<p>2009 und 2010 schuf Czurda das erfolgreiche Br\u00fcckenbau-Projekt. Dabei ging es um die Verbindung zwischen Publikum und den K\u00fcnstlern. Ein Forum f\u00fcr K\u00fcnstler und Zuschauer. In zw\u00f6lf Jahren brachte das Community-Programm zehn B\u00fcrgerproduktionen auf die B\u00fchne. <\/p>\n\n\n\n<p>Der F\u00fcrther Intendant Werner M\u00fcller w\u00fcrdigt Jutta Czurda. Sie sei eine herausragende K\u00fcnstlerin, die mit ihren Ideen das Erscheinungsbild des Stadttheaters F\u00fcrth ma\u00dfgeblich formte. Ihre Pr\u00e4senz ging weit \u00fcber die Stadtgrenzen hinaus.<\/p>\n\n\n\n<p>Kultur Online TV<\/p>\n\n\n\n<p>#theater #kultur #karriere <\/p>\n","protected":false},"excerpt":{"rendered":"<p>Jutta Czurda beendet ihre Karriere und blickt auf eine st\u00fcrmische Zeit zur\u00fcck. Am 29. Mai 2022 wird sich die dann 67-J\u00e4hrige mit einem Farewell-Konzert unter von ihrem Publikum verabschieden. Sie m\u00f6chte ihre B\u00fchnenkarriere nach 45 Jahren in Gesundheit und Dankbarkeit beenden. F\u00fcr sie war ihre Karriere st\u00fcrmisch, fordernd, aufregend und eine echte Herausforderung das noch [&hellip;]<\/p>\n","protected":false},"author":2,"featured_media":14272,"comment_status":"closed","ping_status":"closed","sticky":false,"template":"","format":"standard","meta":{"_acf_changed":false,"footnotes":""},"categories":[105],"tags":[],"class_list":["post-14268","post","type-post","status-publish","format-standard","has-post-thumbnail","hentry","category-theater"],"acf":[],"yoast_head":"<!-- This site is optimized with the Yoast SEO plugin v26.1.1 - https:\/\/yoast.com\/wordpress\/plugins\/seo\/ -->\n<title>Pionierin des modernen Tanztheaters - Kultur Online TV &amp; FM<\/title>\n<meta name=\"description\" content=\"Kultur sehen und H\u00f6ren\" \/>\n<meta name=\"robots\" content=\"index, follow, max-snippet:-1, max-image-preview:large, max-video-preview:-1\" \/>\n<link rel=\"canonical\" href=\"https:\/\/kulturonline.tv\/de\/pionierin-des-modernen-tanztheaters\/\" \/>\n<meta property=\"og:locale\" content=\"de_DE\" \/>\n<meta property=\"og:type\" content=\"article\" \/>\n<meta property=\"og:title\" content=\"Pionierin des modernen Tanztheaters - Kultur Online TV &amp; FM\" \/>\n<meta property=\"og:description\" content=\"Kultur sehen und H\u00f6ren\" \/>\n<meta property=\"og:url\" content=\"https:\/\/kulturonline.tv\/de\/pionierin-des-modernen-tanztheaters\/\" \/>\n<meta property=\"og:site_name\" content=\"Kultur Online TV &amp; FM\" \/>\n<meta property=\"article:publisher\" content=\"https:\/\/www.facebook.com\/kulturonline.tv\" \/>\n<meta property=\"article:published_time\" content=\"2021-12-05T13:54:47+00:00\" \/>\n<meta property=\"article:modified_time\" content=\"2021-12-05T13:54:48+00:00\" \/>\n<meta property=\"og:image\" content=\"https:\/\/kulturonline.tv\/wp-content\/uploads\/2021\/12\/image.jpg\" \/>\n\t<meta property=\"og:image:width\" content=\"660\" \/>\n\t<meta property=\"og:image:height\" content=\"402\" \/>\n\t<meta property=\"og:image:type\" content=\"image\/jpeg\" \/>\n<meta name=\"author\" content=\"guenter.wolfgang\" \/>\n<meta name=\"twitter:card\" content=\"summary_large_image\" \/>\n<meta name=\"twitter:label1\" content=\"Verfasst von\" \/>\n\t<meta name=\"twitter:data1\" content=\"guenter.wolfgang\" \/>\n\t<meta name=\"twitter:label2\" content=\"Gesch\u00e4tzte Lesezeit\" \/>\n\t<meta name=\"twitter:data2\" content=\"2\u00a0Minuten\" \/>\n<script type=\"application\/ld+json\" class=\"yoast-schema-graph\">{\"@context\":\"https:\/\/schema.org\",\"@graph\":[{\"@type\":\"Article\",\"@id\":\"https:\/\/kulturonline.tv\/de\/pionierin-des-modernen-tanztheaters\/#article\",\"isPartOf\":{\"@id\":\"https:\/\/kulturonline.tv\/de\/pionierin-des-modernen-tanztheaters\/\"},\"author\":{\"name\":\"guenter.wolfgang\",\"@id\":\"https:\/\/kulturonline.tv\/de\/#\/schema\/person\/b0fac729bb9a0c193fb1df23449df4fe\"},\"headline\":\"Pionierin des modernen Tanztheaters\",\"datePublished\":\"2021-12-05T13:54:47+00:00\",\"dateModified\":\"2021-12-05T13:54:48+00:00\",\"mainEntityOfPage\":{\"@id\":\"https:\/\/kulturonline.tv\/de\/pionierin-des-modernen-tanztheaters\/\"},\"wordCount\":235,\"publisher\":{\"@id\":\"https:\/\/kulturonline.tv\/de\/#organization\"},\"image\":{\"@id\":\"https:\/\/kulturonline.tv\/de\/pionierin-des-modernen-tanztheaters\/#primaryimage\"},\"thumbnailUrl\":\"https:\/\/kulturonline.tv\/wp-content\/uploads\/2021\/12\/image.jpg\",\"articleSection\":[\"Theater\"],\"inLanguage\":\"de\"},{\"@type\":\"WebPage\",\"@id\":\"https:\/\/kulturonline.tv\/de\/pionierin-des-modernen-tanztheaters\/\",\"url\":\"https:\/\/kulturonline.tv\/de\/pionierin-des-modernen-tanztheaters\/\",\"name\":\"Pionierin des modernen Tanztheaters - Kultur Online TV &amp; FM\",\"isPartOf\":{\"@id\":\"https:\/\/kulturonline.tv\/de\/#website\"},\"primaryImageOfPage\":{\"@id\":\"https:\/\/kulturonline.tv\/de\/pionierin-des-modernen-tanztheaters\/#primaryimage\"},\"image\":{\"@id\":\"https:\/\/kulturonline.tv\/de\/pionierin-des-modernen-tanztheaters\/#primaryimage\"},\"thumbnailUrl\":\"https:\/\/kulturonline.tv\/wp-content\/uploads\/2021\/12\/image.jpg\",\"datePublished\":\"2021-12-05T13:54:47+00:00\",\"dateModified\":\"2021-12-05T13:54:48+00:00\",\"description\":\"Kultur sehen und H\u00f6ren\",\"breadcrumb\":{\"@id\":\"https:\/\/kulturonline.tv\/de\/pionierin-des-modernen-tanztheaters\/#breadcrumb\"},\"inLanguage\":\"de\",\"potentialAction\":[{\"@type\":\"ReadAction\",\"target\":[\"https:\/\/kulturonline.tv\/de\/pionierin-des-modernen-tanztheaters\/\"]}]},{\"@type\":\"ImageObject\",\"inLanguage\":\"de\",\"@id\":\"https:\/\/kulturonline.tv\/de\/pionierin-des-modernen-tanztheaters\/#primaryimage\",\"url\":\"https:\/\/kulturonline.tv\/wp-content\/uploads\/2021\/12\/image.jpg\",\"contentUrl\":\"https:\/\/kulturonline.tv\/wp-content\/uploads\/2021\/12\/image.jpg\",\"width\":660,\"height\":402},{\"@type\":\"BreadcrumbList\",\"@id\":\"https:\/\/kulturonline.tv\/de\/pionierin-des-modernen-tanztheaters\/#breadcrumb\",\"itemListElement\":[{\"@type\":\"ListItem\",\"position\":1,\"name\":\"Startseite\",\"item\":\"https:\/\/kulturonline.tv\/de\/\"},{\"@type\":\"ListItem\",\"position\":2,\"name\":\"Pionierin des modernen Tanztheaters\"}]},{\"@type\":\"WebSite\",\"@id\":\"https:\/\/kulturonline.tv\/de\/#website\",\"url\":\"https:\/\/kulturonline.tv\/de\/\",\"name\":\"Kultur Online TV &amp; FM\",\"description\":\"Wir sind Kultur 2.0 zum sehen &amp; h\u00f6ren\",\"publisher\":{\"@id\":\"https:\/\/kulturonline.tv\/de\/#organization\"},\"potentialAction\":[{\"@type\":\"SearchAction\",\"target\":{\"@type\":\"EntryPoint\",\"urlTemplate\":\"https:\/\/kulturonline.tv\/de\/?s={search_term_string}\"},\"query-input\":{\"@type\":\"PropertyValueSpecification\",\"valueRequired\":true,\"valueName\":\"search_term_string\"}}],\"inLanguage\":\"de\"},{\"@type\":\"Organization\",\"@id\":\"https:\/\/kulturonline.tv\/de\/#organization\",\"name\":\"Kultur Online TV\",\"url\":\"https:\/\/kulturonline.tv\/de\/\",\"logo\":{\"@type\":\"ImageObject\",\"inLanguage\":\"de\",\"@id\":\"https:\/\/kulturonline.tv\/de\/#\/schema\/logo\/image\/\",\"url\":\"https:\/\/kulturonline.tv\/wp-content\/uploads\/2021\/08\/Kultur-Online-Tv-Logo-Endversion-neu.png\",\"contentUrl\":\"https:\/\/kulturonline.tv\/wp-content\/uploads\/2021\/08\/Kultur-Online-Tv-Logo-Endversion-neu.png\",\"width\":200,\"height\":200,\"caption\":\"Kultur Online TV\"},\"image\":{\"@id\":\"https:\/\/kulturonline.tv\/de\/#\/schema\/logo\/image\/\"},\"sameAs\":[\"https:\/\/www.facebook.com\/kulturonline.tv\",\"https:\/\/www.instagram.com\/kulturonline.tv\"]},{\"@type\":\"Person\",\"@id\":\"https:\/\/kulturonline.tv\/de\/#\/schema\/person\/b0fac729bb9a0c193fb1df23449df4fe\",\"name\":\"guenter.wolfgang\"}]}<\/script>\n<!-- \/ Yoast SEO plugin. -->","yoast_head_json":{"title":"Pionierin des modernen Tanztheaters - Kultur Online TV &amp; FM","description":"Kultur sehen und H\u00f6ren","robots":{"index":"index","follow":"follow","max-snippet":"max-snippet:-1","max-image-preview":"max-image-preview:large","max-video-preview":"max-video-preview:-1"},"canonical":"https:\/\/kulturonline.tv\/de\/pionierin-des-modernen-tanztheaters\/","og_locale":"de_DE","og_type":"article","og_title":"Pionierin des modernen Tanztheaters - Kultur Online TV &amp; FM","og_description":"Kultur sehen und H\u00f6ren","og_url":"https:\/\/kulturonline.tv\/de\/pionierin-des-modernen-tanztheaters\/","og_site_name":"Kultur Online TV &amp; FM","article_publisher":"https:\/\/www.facebook.com\/kulturonline.tv","article_published_time":"2021-12-05T13:54:47+00:00","article_modified_time":"2021-12-05T13:54:48+00:00","og_image":[{"width":660,"height":402,"url":"https:\/\/kulturonline.tv\/wp-content\/uploads\/2021\/12\/image.jpg","type":"image\/jpeg"}],"author":"guenter.wolfgang","twitter_card":"summary_large_image","twitter_misc":{"Verfasst von":"guenter.wolfgang","Gesch\u00e4tzte Lesezeit":"2\u00a0Minuten"},"schema":{"@context":"https:\/\/schema.org","@graph":[{"@type":"Article","@id":"https:\/\/kulturonline.tv\/de\/pionierin-des-modernen-tanztheaters\/#article","isPartOf":{"@id":"https:\/\/kulturonline.tv\/de\/pionierin-des-modernen-tanztheaters\/"},"author":{"name":"guenter.wolfgang","@id":"https:\/\/kulturonline.tv\/de\/#\/schema\/person\/b0fac729bb9a0c193fb1df23449df4fe"},"headline":"Pionierin des modernen Tanztheaters","datePublished":"2021-12-05T13:54:47+00:00","dateModified":"2021-12-05T13:54:48+00:00","mainEntityOfPage":{"@id":"https:\/\/kulturonline.tv\/de\/pionierin-des-modernen-tanztheaters\/"},"wordCount":235,"publisher":{"@id":"https:\/\/kulturonline.tv\/de\/#organization"},"image":{"@id":"https:\/\/kulturonline.tv\/de\/pionierin-des-modernen-tanztheaters\/#primaryimage"},"thumbnailUrl":"https:\/\/kulturonline.tv\/wp-content\/uploads\/2021\/12\/image.jpg","articleSection":["Theater"],"inLanguage":"de"},{"@type":"WebPage","@id":"https:\/\/kulturonline.tv\/de\/pionierin-des-modernen-tanztheaters\/","url":"https:\/\/kulturonline.tv\/de\/pionierin-des-modernen-tanztheaters\/","name":"Pionierin des modernen Tanztheaters - Kultur Online TV &amp; FM","isPartOf":{"@id":"https:\/\/kulturonline.tv\/de\/#website"},"primaryImageOfPage":{"@id":"https:\/\/kulturonline.tv\/de\/pionierin-des-modernen-tanztheaters\/#primaryimage"},"image":{"@id":"https:\/\/kulturonline.tv\/de\/pionierin-des-modernen-tanztheaters\/#primaryimage"},"thumbnailUrl":"https:\/\/kulturonline.tv\/wp-content\/uploads\/2021\/12\/image.jpg","datePublished":"2021-12-05T13:54:47+00:00","dateModified":"2021-12-05T13:54:48+00:00","description":"Kultur sehen und H\u00f6ren","breadcrumb":{"@id":"https:\/\/kulturonline.tv\/de\/pionierin-des-modernen-tanztheaters\/#breadcrumb"},"inLanguage":"de","potentialAction":[{"@type":"ReadAction","target":["https:\/\/kulturonline.tv\/de\/pionierin-des-modernen-tanztheaters\/"]}]},{"@type":"ImageObject","inLanguage":"de","@id":"https:\/\/kulturonline.tv\/de\/pionierin-des-modernen-tanztheaters\/#primaryimage","url":"https:\/\/kulturonline.tv\/wp-content\/uploads\/2021\/12\/image.jpg","contentUrl":"https:\/\/kulturonline.tv\/wp-content\/uploads\/2021\/12\/image.jpg","width":660,"height":402},{"@type":"BreadcrumbList","@id":"https:\/\/kulturonline.tv\/de\/pionierin-des-modernen-tanztheaters\/#breadcrumb","itemListElement":[{"@type":"ListItem","position":1,"name":"Startseite","item":"https:\/\/kulturonline.tv\/de\/"},{"@type":"ListItem","position":2,"name":"Pionierin des modernen Tanztheaters"}]},{"@type":"WebSite","@id":"https:\/\/kulturonline.tv\/de\/#website","url":"https:\/\/kulturonline.tv\/de\/","name":"Kultur Online TV &amp; FM","description":"Wir sind Kultur 2.0 zum sehen &amp; h\u00f6ren","publisher":{"@id":"https:\/\/kulturonline.tv\/de\/#organization"},"potentialAction":[{"@type":"SearchAction","target":{"@type":"EntryPoint","urlTemplate":"https:\/\/kulturonline.tv\/de\/?s={search_term_string}"},"query-input":{"@type":"PropertyValueSpecification","valueRequired":true,"valueName":"search_term_string"}}],"inLanguage":"de"},{"@type":"Organization","@id":"https:\/\/kulturonline.tv\/de\/#organization","name":"Kultur Online TV","url":"https:\/\/kulturonline.tv\/de\/","logo":{"@type":"ImageObject","inLanguage":"de","@id":"https:\/\/kulturonline.tv\/de\/#\/schema\/logo\/image\/","url":"https:\/\/kulturonline.tv\/wp-content\/uploads\/2021\/08\/Kultur-Online-Tv-Logo-Endversion-neu.png","contentUrl":"https:\/\/kulturonline.tv\/wp-content\/uploads\/2021\/08\/Kultur-Online-Tv-Logo-Endversion-neu.png","width":200,"height":200,"caption":"Kultur Online TV"},"image":{"@id":"https:\/\/kulturonline.tv\/de\/#\/schema\/logo\/image\/"},"sameAs":["https:\/\/www.facebook.com\/kulturonline.tv","https:\/\/www.instagram.com\/kulturonline.tv"]},{"@type":"Person","@id":"https:\/\/kulturonline.tv\/de\/#\/schema\/person\/b0fac729bb9a0c193fb1df23449df4fe","name":"guenter.wolfgang"}]}},"_links":{"self":[{"href":"https:\/\/kulturonline.tv\/de\/wp-json\/wp\/v2\/posts\/14268","targetHints":{"allow":["GET"]}}],"collection":[{"href":"https:\/\/kulturonline.tv\/de\/wp-json\/wp\/v2\/posts"}],"about":[{"href":"https:\/\/kulturonline.tv\/de\/wp-json\/wp\/v2\/types\/post"}],"author":[{"embeddable":true,"href":"https:\/\/kulturonline.tv\/de\/wp-json\/wp\/v2\/users\/2"}],"replies":[{"embeddable":true,"href":"https:\/\/kulturonline.tv\/de\/wp-json\/wp\/v2\/comments?post=14268"}],"version-history":[{"count":0,"href":"https:\/\/kulturonline.tv\/de\/wp-json\/wp\/v2\/posts\/14268\/revisions"}],"wp:featuredmedia":[{"embeddable":true,"href":"https:\/\/kulturonline.tv\/de\/wp-json\/wp\/v2\/media\/14272"}],"wp:attachment":[{"href":"https:\/\/kulturonline.tv\/de\/wp-json\/wp\/v2\/media?parent=14268"}],"wp:term":[{"taxonomy":"category","embeddable":true,"href":"https:\/\/kulturonline.tv\/de\/wp-json\/wp\/v2\/categories?post=14268"},{"taxonomy":"post_tag","embeddable":true,"href":"https:\/\/kulturonline.tv\/de\/wp-json\/wp\/v2\/tags?post=14268"}],"curies":[{"name":"wp","href":"https:\/\/api.w.org\/{rel}","templated":true}]}}