{"id":14342,"date":"2021-12-05T14:41:40","date_gmt":"2021-12-05T13:41:40","guid":{"rendered":"https:\/\/kulturonline.tv\/?p=14342"},"modified":"2021-12-05T14:42:58","modified_gmt":"2021-12-05T13:42:58","slug":"deutscher-comedian-mirco-nontschew-mit-nur-52-jahren-verstorben","status":"publish","type":"post","link":"https:\/\/kulturonline.tv\/de\/deutscher-comedian-mirco-nontschew-mit-nur-52-jahren-verstorben\/","title":{"rendered":"Deutscher Comedian Mirco Nontschew mit nur 52 Jahren verstorben"},"content":{"rendered":"\n<p><strong>Der in den 90ern mit &#8222;RTL Samstag Nacht&#8220; einem breiten Publikum bekannt gewordene deutsche Comedian Mirco Nontschew ist mit 52 Jahren gestorben.<\/strong><\/p>\n\n\n\n<figure class=\"wp-block-image size-full\"><img fetchpriority=\"high\" decoding=\"async\" width=\"858\" height=\"483\" src=\"https:\/\/kulturonline.tv\/wp-content\/uploads\/2021\/12\/Mirco-Nontschew-Kultur-Online-TV.jpg\" alt=\"\" class=\"wp-image-14344\" srcset=\"https:\/\/kulturonline.tv\/wp-content\/uploads\/2021\/12\/Mirco-Nontschew-Kultur-Online-TV.jpg 858w, https:\/\/kulturonline.tv\/wp-content\/uploads\/2021\/12\/Mirco-Nontschew-Kultur-Online-TV-600x338.jpg 600w, https:\/\/kulturonline.tv\/wp-content\/uploads\/2021\/12\/Mirco-Nontschew-Kultur-Online-TV-800x450.jpg 800w, https:\/\/kulturonline.tv\/wp-content\/uploads\/2021\/12\/Mirco-Nontschew-Kultur-Online-TV-768x432.jpg 768w\" sizes=\"(max-width: 858px) 100vw, 858px\" \/><\/figure>\n\n\n\n<p>Die Polizei in Berlin teilte am Samstag auf Anfrage lediglich mit, dass am Freitagnachmittag ein 52 Jahre alter Mann tot in einem Mehrfamilienhaus in Berlin gefunden worden sei. Es wurden demnach Ermittlungen zur Todesursache aufgenommen, es deute aber bisher nichts auf ein Fremdverschulden hin.<\/p>\n\n\n\n<p>Zuletzt brachte Nontschew viele beim Streamingdienst Amazon Prime Video in dem von Michael &#8222;Bully&#8220; Herbig pr\u00e4sentierten Format &#8222;LOL &#8211; Last One Laughing&#8220; zum Lachen. Erst vor kurzem hatte Nontschew, der zweifacher Vater war, dort an der Seite von Kolleginnen und Kollegen wie Anke Engelke, Carolin Kebekus, Hazel Brugger, Christoph Maria Herbst, Abdelkarim und Olaf Schubert die neue Staffel abgedreht, die Anfang 2022 ausgestrahlt werden soll.<\/p>\n\n\n\n<p>Es ist die dritte Staffel des Formats und Nontschews zweite. Bei der Comedy-Show geht es darum, dass die Kandidaten gemeinsam \u00fcber mehrere Stunden zusammen sind. Sie m\u00fcssen sich zum Lachen bringen, d\u00fcrfen selbst aber nicht lachen. Wer zwei Mal erwischt wird, fliegt raus. \u00dcbrig bleibt, wer sich das Lachen verkniffen hat.<\/p>\n\n\n\n<p>In den Nullerjahren spielte Nontschew den Zwerg Tschakko in den Kinofilmen &#8222;7 Zwerge &#8211; M\u00e4nner allein im Wald&#8220; sowie &#8222;7 Zwerge &#8211; Der Wald ist nicht genug&#8220;. In den Filmen wirkte er neben Kollegen wie Otto Waalkes, Ralf Schmitz, Martin Schneider, Heinz Hoenig sowie Nina Hagen und Cosma Shiva Hagen mit.<\/p>\n\n\n\n<figure class=\"wp-block-embed is-type-video is-provider-youtube wp-block-embed-youtube wp-embed-aspect-16-9 wp-has-aspect-ratio\"><div class=\"wp-block-embed__wrapper\">\nhttps:\/\/www.youtube.com\/watch?v=zfrOqBsrQ1c\n<\/div><\/figure>\n\n\n\n<p>Nontschew kam 1969 in Berlin (Ost) auf die Welt. Sein Vater stammte aus Bulgarien. Ende der 80er war der agile Nontschew als Breakdancer unterwegs. Hugo Egon Balder wurde damals beim Fernsehsender RTL auf ihn aufmerksam. 1993 wurde er so Ensemble-Mitglied der Comedy-Show &#8222;RTL Samstag Nacht&#8220;, die mit ihren albernen Sketchen neue Ma\u00dfst\u00e4be im Fernsehen setzte. Weggef\u00e4hrten waren damals zum Beispiel Wigald Boning, Olli Dittrich, Tanja Schumann, Esther Schweins und Stefan J\u00fcrgens.<\/p>\n\n\n\n<p>Balder schrieb am Samstag bei Instagram: &#8222;Mirco war der erste, der von Jacky und mir als Produzenten von &#8222;RTL Samstag Nacht&#8220; ins Team geholt wurde. Ich bin fassungslos, unendlich traurig und jetzt einfach nur stumm.&#8220;<\/p>\n\n\n\n<p>2001 erhielt Nontschew bei Sat.1 seine eigene Sendung &#8222;Mircomania&#8220;. Sp\u00e4ter war er auch in der Improvisationscomedy &#8222;Frei Schnauze&#8220; bei RTL dabei, danach auch im Sat.1-Comedy-Format &#8222;Die dreisten Drei&#8220;.<\/p>\n\n\n\n<p>Kultur Online TV<\/p>\n\n\n\n<p>#medien #tv #entertainment #unterhaltung <\/p>\n","protected":false},"excerpt":{"rendered":"<p>Der in den 90ern mit &#8222;RTL Samstag Nacht&#8220; einem breiten Publikum bekannt gewordene deutsche Comedian Mirco Nontschew ist mit 52 Jahren gestorben. Die Polizei in Berlin teilte am Samstag auf Anfrage lediglich mit, dass am Freitagnachmittag ein 52 Jahre alter Mann tot in einem Mehrfamilienhaus in Berlin gefunden worden sei. Es wurden demnach Ermittlungen zur [&hellip;]<\/p>\n","protected":false},"author":2,"featured_media":14344,"comment_status":"closed","ping_status":"closed","sticky":false,"template":"","format":"standard","meta":{"_acf_changed":false,"footnotes":""},"categories":[3,118],"tags":[],"class_list":["post-14342","post","type-post","status-publish","format-standard","has-post-thumbnail","hentry","category-newsflash","category-uncategorized"],"acf":[],"yoast_head":"<!-- This site is optimized with the Yoast SEO plugin v26.1.1 - https:\/\/yoast.com\/wordpress\/plugins\/seo\/ -->\n<title>Deutscher Comedian Mirco Nontschew mit nur 52 Jahren verstorben - Kultur Online TV &amp; FM<\/title>\n<meta name=\"description\" content=\"Kultur sehen und H\u00f6ren\" \/>\n<meta name=\"robots\" content=\"index, follow, max-snippet:-1, max-image-preview:large, max-video-preview:-1\" \/>\n<link rel=\"canonical\" href=\"https:\/\/kulturonline.tv\/de\/deutscher-comedian-mirco-nontschew-mit-nur-52-jahren-verstorben\/\" \/>\n<meta property=\"og:locale\" content=\"de_DE\" \/>\n<meta property=\"og:type\" content=\"article\" \/>\n<meta property=\"og:title\" content=\"Deutscher Comedian Mirco Nontschew mit nur 52 Jahren verstorben - Kultur Online TV &amp; FM\" \/>\n<meta property=\"og:description\" content=\"Kultur sehen und H\u00f6ren\" \/>\n<meta property=\"og:url\" content=\"https:\/\/kulturonline.tv\/de\/deutscher-comedian-mirco-nontschew-mit-nur-52-jahren-verstorben\/\" \/>\n<meta property=\"og:site_name\" content=\"Kultur Online TV &amp; FM\" \/>\n<meta property=\"article:publisher\" content=\"https:\/\/www.facebook.com\/kulturonline.tv\" \/>\n<meta property=\"article:published_time\" content=\"2021-12-05T13:41:40+00:00\" \/>\n<meta property=\"article:modified_time\" content=\"2021-12-05T13:42:58+00:00\" \/>\n<meta property=\"og:image\" content=\"https:\/\/kulturonline.tv\/wp-content\/uploads\/2021\/12\/Mirco-Nontschew-Kultur-Online-TV.jpg\" \/>\n\t<meta property=\"og:image:width\" content=\"858\" \/>\n\t<meta property=\"og:image:height\" content=\"483\" \/>\n\t<meta property=\"og:image:type\" content=\"image\/jpeg\" \/>\n<meta name=\"author\" content=\"guenter.wolfgang\" \/>\n<meta name=\"twitter:card\" content=\"summary_large_image\" \/>\n<meta name=\"twitter:label1\" content=\"Verfasst von\" \/>\n\t<meta name=\"twitter:data1\" content=\"guenter.wolfgang\" \/>\n\t<meta name=\"twitter:label2\" content=\"Gesch\u00e4tzte Lesezeit\" \/>\n\t<meta name=\"twitter:data2\" content=\"2\u00a0Minuten\" \/>\n<script type=\"application\/ld+json\" class=\"yoast-schema-graph\">{\"@context\":\"https:\/\/schema.org\",\"@graph\":[{\"@type\":\"Article\",\"@id\":\"https:\/\/kulturonline.tv\/de\/deutscher-comedian-mirco-nontschew-mit-nur-52-jahren-verstorben\/#article\",\"isPartOf\":{\"@id\":\"https:\/\/kulturonline.tv\/de\/deutscher-comedian-mirco-nontschew-mit-nur-52-jahren-verstorben\/\"},\"author\":{\"name\":\"guenter.wolfgang\",\"@id\":\"https:\/\/kulturonline.tv\/de\/#\/schema\/person\/b0fac729bb9a0c193fb1df23449df4fe\"},\"headline\":\"Deutscher Comedian Mirco Nontschew mit nur 52 Jahren verstorben\",\"datePublished\":\"2021-12-05T13:41:40+00:00\",\"dateModified\":\"2021-12-05T13:42:58+00:00\",\"mainEntityOfPage\":{\"@id\":\"https:\/\/kulturonline.tv\/de\/deutscher-comedian-mirco-nontschew-mit-nur-52-jahren-verstorben\/\"},\"wordCount\":392,\"publisher\":{\"@id\":\"https:\/\/kulturonline.tv\/de\/#organization\"},\"image\":{\"@id\":\"https:\/\/kulturonline.tv\/de\/deutscher-comedian-mirco-nontschew-mit-nur-52-jahren-verstorben\/#primaryimage\"},\"thumbnailUrl\":\"https:\/\/kulturonline.tv\/wp-content\/uploads\/2021\/12\/Mirco-Nontschew-Kultur-Online-TV.jpg\",\"articleSection\":[\"Newsflash\",\"Uncategorized @at\"],\"inLanguage\":\"de\"},{\"@type\":\"WebPage\",\"@id\":\"https:\/\/kulturonline.tv\/de\/deutscher-comedian-mirco-nontschew-mit-nur-52-jahren-verstorben\/\",\"url\":\"https:\/\/kulturonline.tv\/de\/deutscher-comedian-mirco-nontschew-mit-nur-52-jahren-verstorben\/\",\"name\":\"Deutscher Comedian Mirco Nontschew mit nur 52 Jahren verstorben - Kultur Online TV &amp; FM\",\"isPartOf\":{\"@id\":\"https:\/\/kulturonline.tv\/de\/#website\"},\"primaryImageOfPage\":{\"@id\":\"https:\/\/kulturonline.tv\/de\/deutscher-comedian-mirco-nontschew-mit-nur-52-jahren-verstorben\/#primaryimage\"},\"image\":{\"@id\":\"https:\/\/kulturonline.tv\/de\/deutscher-comedian-mirco-nontschew-mit-nur-52-jahren-verstorben\/#primaryimage\"},\"thumbnailUrl\":\"https:\/\/kulturonline.tv\/wp-content\/uploads\/2021\/12\/Mirco-Nontschew-Kultur-Online-TV.jpg\",\"datePublished\":\"2021-12-05T13:41:40+00:00\",\"dateModified\":\"2021-12-05T13:42:58+00:00\",\"description\":\"Kultur sehen und H\u00f6ren\",\"breadcrumb\":{\"@id\":\"https:\/\/kulturonline.tv\/de\/deutscher-comedian-mirco-nontschew-mit-nur-52-jahren-verstorben\/#breadcrumb\"},\"inLanguage\":\"de\",\"potentialAction\":[{\"@type\":\"ReadAction\",\"target\":[\"https:\/\/kulturonline.tv\/de\/deutscher-comedian-mirco-nontschew-mit-nur-52-jahren-verstorben\/\"]}]},{\"@type\":\"ImageObject\",\"inLanguage\":\"de\",\"@id\":\"https:\/\/kulturonline.tv\/de\/deutscher-comedian-mirco-nontschew-mit-nur-52-jahren-verstorben\/#primaryimage\",\"url\":\"https:\/\/kulturonline.tv\/wp-content\/uploads\/2021\/12\/Mirco-Nontschew-Kultur-Online-TV.jpg\",\"contentUrl\":\"https:\/\/kulturonline.tv\/wp-content\/uploads\/2021\/12\/Mirco-Nontschew-Kultur-Online-TV.jpg\",\"width\":858,\"height\":483},{\"@type\":\"BreadcrumbList\",\"@id\":\"https:\/\/kulturonline.tv\/de\/deutscher-comedian-mirco-nontschew-mit-nur-52-jahren-verstorben\/#breadcrumb\",\"itemListElement\":[{\"@type\":\"ListItem\",\"position\":1,\"name\":\"Startseite\",\"item\":\"https:\/\/kulturonline.tv\/de\/\"},{\"@type\":\"ListItem\",\"position\":2,\"name\":\"Deutscher Comedian Mirco Nontschew mit nur 52 Jahren verstorben\"}]},{\"@type\":\"WebSite\",\"@id\":\"https:\/\/kulturonline.tv\/de\/#website\",\"url\":\"https:\/\/kulturonline.tv\/de\/\",\"name\":\"Kultur Online TV &amp; FM\",\"description\":\"Wir sind Kultur 2.0 zum sehen &amp; h\u00f6ren\",\"publisher\":{\"@id\":\"https:\/\/kulturonline.tv\/de\/#organization\"},\"potentialAction\":[{\"@type\":\"SearchAction\",\"target\":{\"@type\":\"EntryPoint\",\"urlTemplate\":\"https:\/\/kulturonline.tv\/de\/?s={search_term_string}\"},\"query-input\":{\"@type\":\"PropertyValueSpecification\",\"valueRequired\":true,\"valueName\":\"search_term_string\"}}],\"inLanguage\":\"de\"},{\"@type\":\"Organization\",\"@id\":\"https:\/\/kulturonline.tv\/de\/#organization\",\"name\":\"Kultur Online TV\",\"url\":\"https:\/\/kulturonline.tv\/de\/\",\"logo\":{\"@type\":\"ImageObject\",\"inLanguage\":\"de\",\"@id\":\"https:\/\/kulturonline.tv\/de\/#\/schema\/logo\/image\/\",\"url\":\"https:\/\/kulturonline.tv\/wp-content\/uploads\/2021\/08\/Kultur-Online-Tv-Logo-Endversion-neu.png\",\"contentUrl\":\"https:\/\/kulturonline.tv\/wp-content\/uploads\/2021\/08\/Kultur-Online-Tv-Logo-Endversion-neu.png\",\"width\":200,\"height\":200,\"caption\":\"Kultur Online TV\"},\"image\":{\"@id\":\"https:\/\/kulturonline.tv\/de\/#\/schema\/logo\/image\/\"},\"sameAs\":[\"https:\/\/www.facebook.com\/kulturonline.tv\",\"https:\/\/www.instagram.com\/kulturonline.tv\"]},{\"@type\":\"Person\",\"@id\":\"https:\/\/kulturonline.tv\/de\/#\/schema\/person\/b0fac729bb9a0c193fb1df23449df4fe\",\"name\":\"guenter.wolfgang\"}]}<\/script>\n<!-- \/ Yoast SEO plugin. -->","yoast_head_json":{"title":"Deutscher Comedian Mirco Nontschew mit nur 52 Jahren verstorben - Kultur Online TV &amp; FM","description":"Kultur sehen und H\u00f6ren","robots":{"index":"index","follow":"follow","max-snippet":"max-snippet:-1","max-image-preview":"max-image-preview:large","max-video-preview":"max-video-preview:-1"},"canonical":"https:\/\/kulturonline.tv\/de\/deutscher-comedian-mirco-nontschew-mit-nur-52-jahren-verstorben\/","og_locale":"de_DE","og_type":"article","og_title":"Deutscher Comedian Mirco Nontschew mit nur 52 Jahren verstorben - Kultur Online TV &amp; FM","og_description":"Kultur sehen und H\u00f6ren","og_url":"https:\/\/kulturonline.tv\/de\/deutscher-comedian-mirco-nontschew-mit-nur-52-jahren-verstorben\/","og_site_name":"Kultur Online TV &amp; FM","article_publisher":"https:\/\/www.facebook.com\/kulturonline.tv","article_published_time":"2021-12-05T13:41:40+00:00","article_modified_time":"2021-12-05T13:42:58+00:00","og_image":[{"width":858,"height":483,"url":"https:\/\/kulturonline.tv\/wp-content\/uploads\/2021\/12\/Mirco-Nontschew-Kultur-Online-TV.jpg","type":"image\/jpeg"}],"author":"guenter.wolfgang","twitter_card":"summary_large_image","twitter_misc":{"Verfasst von":"guenter.wolfgang","Gesch\u00e4tzte Lesezeit":"2\u00a0Minuten"},"schema":{"@context":"https:\/\/schema.org","@graph":[{"@type":"Article","@id":"https:\/\/kulturonline.tv\/de\/deutscher-comedian-mirco-nontschew-mit-nur-52-jahren-verstorben\/#article","isPartOf":{"@id":"https:\/\/kulturonline.tv\/de\/deutscher-comedian-mirco-nontschew-mit-nur-52-jahren-verstorben\/"},"author":{"name":"guenter.wolfgang","@id":"https:\/\/kulturonline.tv\/de\/#\/schema\/person\/b0fac729bb9a0c193fb1df23449df4fe"},"headline":"Deutscher Comedian Mirco Nontschew mit nur 52 Jahren verstorben","datePublished":"2021-12-05T13:41:40+00:00","dateModified":"2021-12-05T13:42:58+00:00","mainEntityOfPage":{"@id":"https:\/\/kulturonline.tv\/de\/deutscher-comedian-mirco-nontschew-mit-nur-52-jahren-verstorben\/"},"wordCount":392,"publisher":{"@id":"https:\/\/kulturonline.tv\/de\/#organization"},"image":{"@id":"https:\/\/kulturonline.tv\/de\/deutscher-comedian-mirco-nontschew-mit-nur-52-jahren-verstorben\/#primaryimage"},"thumbnailUrl":"https:\/\/kulturonline.tv\/wp-content\/uploads\/2021\/12\/Mirco-Nontschew-Kultur-Online-TV.jpg","articleSection":["Newsflash","Uncategorized @at"],"inLanguage":"de"},{"@type":"WebPage","@id":"https:\/\/kulturonline.tv\/de\/deutscher-comedian-mirco-nontschew-mit-nur-52-jahren-verstorben\/","url":"https:\/\/kulturonline.tv\/de\/deutscher-comedian-mirco-nontschew-mit-nur-52-jahren-verstorben\/","name":"Deutscher Comedian Mirco Nontschew mit nur 52 Jahren verstorben - Kultur Online TV &amp; FM","isPartOf":{"@id":"https:\/\/kulturonline.tv\/de\/#website"},"primaryImageOfPage":{"@id":"https:\/\/kulturonline.tv\/de\/deutscher-comedian-mirco-nontschew-mit-nur-52-jahren-verstorben\/#primaryimage"},"image":{"@id":"https:\/\/kulturonline.tv\/de\/deutscher-comedian-mirco-nontschew-mit-nur-52-jahren-verstorben\/#primaryimage"},"thumbnailUrl":"https:\/\/kulturonline.tv\/wp-content\/uploads\/2021\/12\/Mirco-Nontschew-Kultur-Online-TV.jpg","datePublished":"2021-12-05T13:41:40+00:00","dateModified":"2021-12-05T13:42:58+00:00","description":"Kultur sehen und H\u00f6ren","breadcrumb":{"@id":"https:\/\/kulturonline.tv\/de\/deutscher-comedian-mirco-nontschew-mit-nur-52-jahren-verstorben\/#breadcrumb"},"inLanguage":"de","potentialAction":[{"@type":"ReadAction","target":["https:\/\/kulturonline.tv\/de\/deutscher-comedian-mirco-nontschew-mit-nur-52-jahren-verstorben\/"]}]},{"@type":"ImageObject","inLanguage":"de","@id":"https:\/\/kulturonline.tv\/de\/deutscher-comedian-mirco-nontschew-mit-nur-52-jahren-verstorben\/#primaryimage","url":"https:\/\/kulturonline.tv\/wp-content\/uploads\/2021\/12\/Mirco-Nontschew-Kultur-Online-TV.jpg","contentUrl":"https:\/\/kulturonline.tv\/wp-content\/uploads\/2021\/12\/Mirco-Nontschew-Kultur-Online-TV.jpg","width":858,"height":483},{"@type":"BreadcrumbList","@id":"https:\/\/kulturonline.tv\/de\/deutscher-comedian-mirco-nontschew-mit-nur-52-jahren-verstorben\/#breadcrumb","itemListElement":[{"@type":"ListItem","position":1,"name":"Startseite","item":"https:\/\/kulturonline.tv\/de\/"},{"@type":"ListItem","position":2,"name":"Deutscher Comedian Mirco Nontschew mit nur 52 Jahren verstorben"}]},{"@type":"WebSite","@id":"https:\/\/kulturonline.tv\/de\/#website","url":"https:\/\/kulturonline.tv\/de\/","name":"Kultur Online TV &amp; FM","description":"Wir sind Kultur 2.0 zum sehen &amp; h\u00f6ren","publisher":{"@id":"https:\/\/kulturonline.tv\/de\/#organization"},"potentialAction":[{"@type":"SearchAction","target":{"@type":"EntryPoint","urlTemplate":"https:\/\/kulturonline.tv\/de\/?s={search_term_string}"},"query-input":{"@type":"PropertyValueSpecification","valueRequired":true,"valueName":"search_term_string"}}],"inLanguage":"de"},{"@type":"Organization","@id":"https:\/\/kulturonline.tv\/de\/#organization","name":"Kultur Online TV","url":"https:\/\/kulturonline.tv\/de\/","logo":{"@type":"ImageObject","inLanguage":"de","@id":"https:\/\/kulturonline.tv\/de\/#\/schema\/logo\/image\/","url":"https:\/\/kulturonline.tv\/wp-content\/uploads\/2021\/08\/Kultur-Online-Tv-Logo-Endversion-neu.png","contentUrl":"https:\/\/kulturonline.tv\/wp-content\/uploads\/2021\/08\/Kultur-Online-Tv-Logo-Endversion-neu.png","width":200,"height":200,"caption":"Kultur Online TV"},"image":{"@id":"https:\/\/kulturonline.tv\/de\/#\/schema\/logo\/image\/"},"sameAs":["https:\/\/www.facebook.com\/kulturonline.tv","https:\/\/www.instagram.com\/kulturonline.tv"]},{"@type":"Person","@id":"https:\/\/kulturonline.tv\/de\/#\/schema\/person\/b0fac729bb9a0c193fb1df23449df4fe","name":"guenter.wolfgang"}]}},"_links":{"self":[{"href":"https:\/\/kulturonline.tv\/de\/wp-json\/wp\/v2\/posts\/14342","targetHints":{"allow":["GET"]}}],"collection":[{"href":"https:\/\/kulturonline.tv\/de\/wp-json\/wp\/v2\/posts"}],"about":[{"href":"https:\/\/kulturonline.tv\/de\/wp-json\/wp\/v2\/types\/post"}],"author":[{"embeddable":true,"href":"https:\/\/kulturonline.tv\/de\/wp-json\/wp\/v2\/users\/2"}],"replies":[{"embeddable":true,"href":"https:\/\/kulturonline.tv\/de\/wp-json\/wp\/v2\/comments?post=14342"}],"version-history":[{"count":0,"href":"https:\/\/kulturonline.tv\/de\/wp-json\/wp\/v2\/posts\/14342\/revisions"}],"wp:featuredmedia":[{"embeddable":true,"href":"https:\/\/kulturonline.tv\/de\/wp-json\/wp\/v2\/media\/14344"}],"wp:attachment":[{"href":"https:\/\/kulturonline.tv\/de\/wp-json\/wp\/v2\/media?parent=14342"}],"wp:term":[{"taxonomy":"category","embeddable":true,"href":"https:\/\/kulturonline.tv\/de\/wp-json\/wp\/v2\/categories?post=14342"},{"taxonomy":"post_tag","embeddable":true,"href":"https:\/\/kulturonline.tv\/de\/wp-json\/wp\/v2\/tags?post=14342"}],"curies":[{"name":"wp","href":"https:\/\/api.w.org\/{rel}","templated":true}]}}