{"id":14554,"date":"2021-12-06T07:14:54","date_gmt":"2021-12-06T06:14:54","guid":{"rendered":"https:\/\/kulturonline.tv\/?p=14554"},"modified":"2021-12-06T07:16:19","modified_gmt":"2021-12-06T06:16:19","slug":"afd-und-corona-falk-richters-heldenplatz-in-muenchen","status":"publish","type":"post","link":"https:\/\/kulturonline.tv\/de\/afd-und-corona-falk-richters-heldenplatz-in-muenchen\/","title":{"rendered":"AfD und Corona: Falk Richters &#8222;Heldenplatz&#8220; in M\u00fcnchen"},"content":{"rendered":"\n<p><strong>Das Neujahrskonzert der Wiener Philharmoniker wartet am 1. J\u00e4nner 2022 im ORF mit einem Pausenfilm von Georg <strong>Heldenplatz (Corona)&#8220; steht auf den Tickets der M\u00fcnchner Kammerspiele, und das ist durchaus doppeldeutig.<\/strong><\/strong><\/p>\n\n\n\n<figure class=\"wp-block-image size-full is-resized\"><img fetchpriority=\"high\" decoding=\"async\" src=\"https:\/\/kulturonline.tv\/wp-content\/uploads\/2021\/12\/Kultur-Online-TV-Muenchen.jpg\" alt=\"\" class=\"wp-image-14556\" width=\"843\" height=\"473\" srcset=\"https:\/\/kulturonline.tv\/wp-content\/uploads\/2021\/12\/Kultur-Online-TV-Muenchen.jpg 600w, https:\/\/kulturonline.tv\/wp-content\/uploads\/2021\/12\/Kultur-Online-TV-Muenchen-416x234.jpg 416w\" sizes=\"(max-width: 843px) 100vw, 843px\" \/><\/figure>\n\n\n\n<p>Einerseits mussten am Samstagabend bereits fr\u00fcher gel\u00f6ste Karten umgetauscht werden, da nun in Bayern nicht nur 2G-plus und FFP2, sondern auch eine Kapazit\u00e4tsbeschr\u00e4nkung von 25 Prozent gilt, weshalb die Belegungspl\u00e4ne neu gemacht werden mussten. Andererseits f\u00fchrt die Fassung von Regisseur Falk Richter, die gestern Premiere hatte, auch zu den Impfgegnern der Gegenwart.<\/p>\n\n\n\n<p>Eine Premiere in einem fast leeren Haus ist ein durchaus ern\u00fcchterndes Erlebnis. Mancher Besucher hat dennoch \u00fcberraschende Sitznachbarn: Ein Teil der Pl\u00e4tze ist von wei\u00dfen Hohlk\u00f6pfen besetzt, Gips-Torsi von teils erregt, teils interessiert wirkenden Menschen, an denen auch noch H\u00e4nde oder F\u00e4uste angeschraubt sind. B\u00fchnenbildner Wolfgang Menardi hat so das Geschrei und die Aufregung von der Stra\u00dfe in den Zuschauerraum geholt und weist auch sonst darauf hin, dass es nicht nur einen Heldenplatz, sondern auch einen Marienplatz gibt. Oder eine Maximilianstra\u00dfe. Auf der B\u00fchne steht auf einem fahrbaren Gestell ein Fenster aus der Fassadenfront des Hauses, samt einem St\u00fcck der Aufschrift: &#8222;Kammerspiele Schaus&#8220;. Sowohl die Wirtschafterin Frau Zittel (Annette Paulmann) wie das Hausm\u00e4dchen Herta (Katharina Bach) werden in das Fenster steigen und ausprobieren, wie es sich anf\u00fchlen muss, von hier aus in die Tiefe zu springen, wie es Professor Josef Schuster vor wenigen Tagen gemacht hat.<\/p>\n\n\n\n<p>Bis zur Pause merkt man nichts von der angek\u00fcndigten &#8222;Fassung mit neuen Texten von Falk Richter&#8220;. Gespielt wird das St\u00fcck von Thomas Bernhard, mit einigen Strichen, aber sonst vom Blatt. Immer wieder eingespielte dokumentarische Filmpassagen stellen Zusammenh\u00e4nge her und zeigen die Begeisterung der fanatisierten Massen im Dritten Reich, Aufm\u00e4rsche und Wehrsport\u00fcbungen, Kurt Waldheim und Franz Josef Strau\u00df, Viktor Orban und Friedrich Merz, AfD-Abgeordnete im deutschen Bundestag, Anti-Corona-Ma\u00dfnahmen-Demos und den Sturm auf das Kapitol. In einer kurzen Sequenz sieht man H.C. Strache als Politiker und als jungen Schreihals in der &#8222;Heldenplatz&#8220;-Premiere.<\/p>\n\n\n\n<p>Paulmann macht ihre Sache gut, richtet sich in ihrem B\u00fcgel-Monolog des ersten Aktes h\u00e4ufiger direkt ans Publikum als an das Hausm\u00e4dchen, das damit besch\u00e4ftigt ist, eine Unzahl schwarzer Herrenschuhe zu putzen und in Reih und Glied aufzustellen. Deutlich weniger Pr\u00e4senz zeigt Wolfgang Pregler als Robert Schuster, der Bruder des Verstorbenen, der im Volksgarten-Akt ins Spiel kommt. Er ist ein verbittertes, verbiestertes M\u00e4nnchen, weit \u00fcberragt von seinen eleganten, k\u00fchlen Nichten Anna und Olga (Wiebke Puls und Thomas Hauser) und hat weder die schneidende Strenge, die Wolfgang Gasser bei der Urauff\u00fchrung auszeichnete, noch die traurige Gelassenheit, die August Zirner der Figur in der vergangenen Saison in Salzburg gab. Den Protestbrief gegen ein Stra\u00dfenprojekt durch den Familienbesitz in Neuhaus, den die Schwestern ihm aufsetzen wollen, wird dieses an zwei St\u00f6cken gehende Rumpelstilzchen schon aus Trotz nicht unterschreiben. Hauptereignis des Zweiten Akts bleibt die von roten Plastikvorh\u00e4ngen begrenzte B\u00fchne, die mit Bogenlampen, den Schuh-Reihen und einem zentralen Erd-Aushub jeden Naturalismus \u00e0 la Karl-Ernst Herrmann verweigert.<\/p>\n\n\n\n<p>Nach der Pause kommt dann das, was Falk Richter unter den N\u00e4geln brennt. F\u00fcr seinen Zwischenakt &#8222;Das Nie Wieder Theater&#8220; l\u00e4sst er drei junge deutsche Intellektuelle (Bernardo Arias Porras, Knut Berger und Anne Sophie Kapsner) mit Mikrofonen auftreten und sich agitierend an das Publikum wenden. Nur gelegentlich sind hier die Hasstiraden herauszuh\u00f6ren, die Thomas Bernhard seinen Figuren anl\u00e4sslich des 50-Jahre-&#8222;Anschluss&#8220;-Gedenkens gegen \u00d6sterreich in den Mund gelegt hat. Nun geht es gegen Deutschland. Nun geht es um das unselige Weiterwirken der Vergangenheit in die Gegenwart. &#8222;Als Nazi hast du in diesem Land immer einen Freifahrtschein gehabt&#8220;, hei\u00dft es da.<\/p>\n\n\n\n<p>Es wird an eine Rede, die Franz Josef Strau\u00df 1983 auf der B\u00fchne der M\u00fcnchner Kammerspiele hielt, als &#8222;eine der wichtigste Auff\u00fchrungen im deutschen &#8218;Wir sind keine T\u00e4ter, wir sind Opfer&#8216; -Drama&#8220; erinnert, auf zahlreiche antisemitische und ausl\u00e4nderfeindliche Gewalttaten der vergangenen Jahre hingewiesen und die Pr\u00e4senz der AfD im Bundestag angeprangert: &#8222;Seit diese als &#8218;b\u00fcrgerliche Alternative&#8216; getarnten Nazis im Parlament sitzen, ist niemand au\u00dfer den Nazis selbst mehr sicher in diesem Land.&#8220; Auch der &#8222;durch und durch rassistischen Innenminister&#8220; wird hart angegriffen: &#8222;Die eigentliche Gefahr sind ja die b\u00fcrgerlichen Kollaborateure. Die eigentliche Gefahr sind ja die sogenannten Konservativen. (&#8230;) Wir d\u00fcrfen den Konservativen nicht noch einmal erlauben, den Nationalsozialisten wieder zur Macht zu verhelfen.&#8220; Auch die &#8222;S\u00fcddeutsche Zeitung&#8220; bekommt mit einer Tirade \u00fcber eine &#8222;als Musikkritik getarnte antisemitische Schei\u00dfe gegen Igor Levit&#8220; ihr Fett weg. Fazit: &#8222;Ich bin so froh, wenn das ganze faschistische Pack wieder weggesperrt im Lockdown sitzt.&#8220;<\/p>\n\n\n\n<p>Mit einem Song von Katharina Bach geht es wieder zur\u00fcck ins St\u00fcck und zu Tisch. Ein letztes Essen mit der mit Versp\u00e4tung vom Begr\u00e4bnis zum Rest der Gesellschaft gesto\u00dfenen Witwe des Verstorbenen (Jeanette Spassova) und Sohn Lukas (Erwin Aljuki\u0107), ehe die Wohnung aufgel\u00f6st wird. Doch die Luft ist raus. Was sich bei Thomas Bernhard mit den immer lauter werdenden Rufen, die die &#8222;Frau Professor&#8220; vom Heldenplatz h\u00f6rt, zu einem Grande Finale steigert, ist hier nur noch ein Epilog. Was Falk Richter zu sagen hatte, hatte er bereits in seinem Zwischenspiel sagen lassen. Der Schlussapplaus nach zwei Stunden 40 Minuten h\u00f6rte sich etwas ermattet an. Was auch, aber wohl nicht ausschlie\u00dflich, an den Anti-Corona-Ma\u00dfnahmen gelegen haben d\u00fcrfte.<\/p>\n\n\n\n<p>(S E R V I C E &#8211; &#8222;Heldenplatz&#8220; nach Thomas Bernhard in einer Fassung mit neuen Texten von Falk Richter. Regie: Falk Richter, B\u00fchne: Wolfgang Menardi, Kost\u00fcme: Amit Epstein. Mit: Erwin Aljuki\u0107, Bernardo Arias Porras, Katharina Bach, Knut Berger, Thomas Hauser, Anne Sophie Kapsner, Annette Paulmann, Wolfgang Pregler, Wiebke Puls und Jeanette Spassova. M\u00fcnchner Kammerspiele, N\u00e4chste Vorstellungen: 6., 22., 29.12.; )<\/p>\n\n\n\n<p>Kultur Online TV<\/p>\n\n\n\n<p>#kunst #kultur #theater<\/p>\n","protected":false},"excerpt":{"rendered":"<p>Das Neujahrskonzert der Wiener Philharmoniker wartet am 1. J\u00e4nner 2022 im ORF mit einem Pausenfilm von Georg Heldenplatz (Corona)&#8220; steht auf den Tickets der M\u00fcnchner Kammerspiele, und das ist durchaus doppeldeutig. Einerseits mussten am Samstagabend bereits fr\u00fcher gel\u00f6ste Karten umgetauscht werden, da nun in Bayern nicht nur 2G-plus und FFP2, sondern auch eine Kapazit\u00e4tsbeschr\u00e4nkung von [&hellip;]<\/p>\n","protected":false},"author":2,"featured_media":14556,"comment_status":"closed","ping_status":"closed","sticky":false,"template":"","format":"standard","meta":{"_acf_changed":false,"footnotes":""},"categories":[105,124],"tags":[],"class_list":["post-14554","post","type-post","status-publish","format-standard","has-post-thumbnail","hentry","category-theater"],"acf":[],"yoast_head":"<!-- This site is optimized with the Yoast SEO plugin v26.1.1 - https:\/\/yoast.com\/wordpress\/plugins\/seo\/ -->\n<title>AfD und Corona: Falk Richters &quot;Heldenplatz&quot; in M\u00fcnchen - Kultur Online TV &amp; FM<\/title>\n<meta name=\"description\" content=\"Kultur sehen und H\u00f6ren\" \/>\n<meta name=\"robots\" content=\"index, follow, max-snippet:-1, max-image-preview:large, max-video-preview:-1\" \/>\n<link rel=\"canonical\" href=\"https:\/\/kulturonline.tv\/de\/afd-und-corona-falk-richters-heldenplatz-in-muenchen\/\" \/>\n<meta property=\"og:locale\" content=\"de_DE\" \/>\n<meta property=\"og:type\" content=\"article\" \/>\n<meta property=\"og:title\" content=\"AfD und Corona: Falk Richters &quot;Heldenplatz&quot; in M\u00fcnchen - Kultur Online TV &amp; FM\" \/>\n<meta property=\"og:description\" content=\"Kultur sehen und H\u00f6ren\" \/>\n<meta property=\"og:url\" content=\"https:\/\/kulturonline.tv\/de\/afd-und-corona-falk-richters-heldenplatz-in-muenchen\/\" \/>\n<meta property=\"og:site_name\" content=\"Kultur Online TV &amp; FM\" \/>\n<meta property=\"article:publisher\" content=\"https:\/\/www.facebook.com\/kulturonline.tv\" \/>\n<meta property=\"article:published_time\" content=\"2021-12-06T06:14:54+00:00\" \/>\n<meta property=\"article:modified_time\" content=\"2021-12-06T06:16:19+00:00\" \/>\n<meta property=\"og:image\" content=\"https:\/\/kulturonline.tv\/wp-content\/uploads\/2021\/12\/Kultur-Online-TV-Muenchen.jpg\" \/>\n\t<meta property=\"og:image:width\" content=\"600\" \/>\n\t<meta property=\"og:image:height\" content=\"337\" \/>\n\t<meta property=\"og:image:type\" content=\"image\/jpeg\" \/>\n<meta name=\"author\" content=\"guenter.wolfgang\" \/>\n<meta name=\"twitter:card\" content=\"summary_large_image\" \/>\n<meta name=\"twitter:label1\" content=\"Verfasst von\" \/>\n\t<meta name=\"twitter:data1\" content=\"guenter.wolfgang\" \/>\n\t<meta name=\"twitter:label2\" content=\"Gesch\u00e4tzte Lesezeit\" \/>\n\t<meta name=\"twitter:data2\" content=\"5\u00a0Minuten\" \/>\n<script type=\"application\/ld+json\" class=\"yoast-schema-graph\">{\"@context\":\"https:\/\/schema.org\",\"@graph\":[{\"@type\":\"Article\",\"@id\":\"https:\/\/kulturonline.tv\/de\/afd-und-corona-falk-richters-heldenplatz-in-muenchen\/#article\",\"isPartOf\":{\"@id\":\"https:\/\/kulturonline.tv\/de\/afd-und-corona-falk-richters-heldenplatz-in-muenchen\/\"},\"author\":{\"name\":\"guenter.wolfgang\",\"@id\":\"https:\/\/kulturonline.tv\/de\/#\/schema\/person\/b0fac729bb9a0c193fb1df23449df4fe\"},\"headline\":\"AfD und Corona: Falk Richters &#8222;Heldenplatz&#8220; in M\u00fcnchen\",\"datePublished\":\"2021-12-06T06:14:54+00:00\",\"dateModified\":\"2021-12-06T06:16:19+00:00\",\"mainEntityOfPage\":{\"@id\":\"https:\/\/kulturonline.tv\/de\/afd-und-corona-falk-richters-heldenplatz-in-muenchen\/\"},\"wordCount\":986,\"publisher\":{\"@id\":\"https:\/\/kulturonline.tv\/de\/#organization\"},\"image\":{\"@id\":\"https:\/\/kulturonline.tv\/de\/afd-und-corona-falk-richters-heldenplatz-in-muenchen\/#primaryimage\"},\"thumbnailUrl\":\"https:\/\/kulturonline.tv\/wp-content\/uploads\/2021\/12\/Kultur-Online-TV-Muenchen.jpg\",\"articleSection\":[\"Theater\",\"Theater\"],\"inLanguage\":\"de\"},{\"@type\":\"WebPage\",\"@id\":\"https:\/\/kulturonline.tv\/de\/afd-und-corona-falk-richters-heldenplatz-in-muenchen\/\",\"url\":\"https:\/\/kulturonline.tv\/de\/afd-und-corona-falk-richters-heldenplatz-in-muenchen\/\",\"name\":\"AfD und Corona: Falk Richters \\\"Heldenplatz\\\" in M\u00fcnchen - Kultur Online TV &amp; FM\",\"isPartOf\":{\"@id\":\"https:\/\/kulturonline.tv\/de\/#website\"},\"primaryImageOfPage\":{\"@id\":\"https:\/\/kulturonline.tv\/de\/afd-und-corona-falk-richters-heldenplatz-in-muenchen\/#primaryimage\"},\"image\":{\"@id\":\"https:\/\/kulturonline.tv\/de\/afd-und-corona-falk-richters-heldenplatz-in-muenchen\/#primaryimage\"},\"thumbnailUrl\":\"https:\/\/kulturonline.tv\/wp-content\/uploads\/2021\/12\/Kultur-Online-TV-Muenchen.jpg\",\"datePublished\":\"2021-12-06T06:14:54+00:00\",\"dateModified\":\"2021-12-06T06:16:19+00:00\",\"description\":\"Kultur sehen und H\u00f6ren\",\"breadcrumb\":{\"@id\":\"https:\/\/kulturonline.tv\/de\/afd-und-corona-falk-richters-heldenplatz-in-muenchen\/#breadcrumb\"},\"inLanguage\":\"de\",\"potentialAction\":[{\"@type\":\"ReadAction\",\"target\":[\"https:\/\/kulturonline.tv\/de\/afd-und-corona-falk-richters-heldenplatz-in-muenchen\/\"]}]},{\"@type\":\"ImageObject\",\"inLanguage\":\"de\",\"@id\":\"https:\/\/kulturonline.tv\/de\/afd-und-corona-falk-richters-heldenplatz-in-muenchen\/#primaryimage\",\"url\":\"https:\/\/kulturonline.tv\/wp-content\/uploads\/2021\/12\/Kultur-Online-TV-Muenchen.jpg\",\"contentUrl\":\"https:\/\/kulturonline.tv\/wp-content\/uploads\/2021\/12\/Kultur-Online-TV-Muenchen.jpg\",\"width\":600,\"height\":337},{\"@type\":\"BreadcrumbList\",\"@id\":\"https:\/\/kulturonline.tv\/de\/afd-und-corona-falk-richters-heldenplatz-in-muenchen\/#breadcrumb\",\"itemListElement\":[{\"@type\":\"ListItem\",\"position\":1,\"name\":\"Startseite\",\"item\":\"https:\/\/kulturonline.tv\/de\/\"},{\"@type\":\"ListItem\",\"position\":2,\"name\":\"AfD und Corona: Falk Richters &#8222;Heldenplatz&#8220; in M\u00fcnchen\"}]},{\"@type\":\"WebSite\",\"@id\":\"https:\/\/kulturonline.tv\/de\/#website\",\"url\":\"https:\/\/kulturonline.tv\/de\/\",\"name\":\"Kultur Online TV &amp; FM\",\"description\":\"Wir sind Kultur 2.0 zum sehen &amp; h\u00f6ren\",\"publisher\":{\"@id\":\"https:\/\/kulturonline.tv\/de\/#organization\"},\"potentialAction\":[{\"@type\":\"SearchAction\",\"target\":{\"@type\":\"EntryPoint\",\"urlTemplate\":\"https:\/\/kulturonline.tv\/de\/?s={search_term_string}\"},\"query-input\":{\"@type\":\"PropertyValueSpecification\",\"valueRequired\":true,\"valueName\":\"search_term_string\"}}],\"inLanguage\":\"de\"},{\"@type\":\"Organization\",\"@id\":\"https:\/\/kulturonline.tv\/de\/#organization\",\"name\":\"Kultur Online TV\",\"url\":\"https:\/\/kulturonline.tv\/de\/\",\"logo\":{\"@type\":\"ImageObject\",\"inLanguage\":\"de\",\"@id\":\"https:\/\/kulturonline.tv\/de\/#\/schema\/logo\/image\/\",\"url\":\"https:\/\/kulturonline.tv\/wp-content\/uploads\/2021\/08\/Kultur-Online-Tv-Logo-Endversion-neu.png\",\"contentUrl\":\"https:\/\/kulturonline.tv\/wp-content\/uploads\/2021\/08\/Kultur-Online-Tv-Logo-Endversion-neu.png\",\"width\":200,\"height\":200,\"caption\":\"Kultur Online TV\"},\"image\":{\"@id\":\"https:\/\/kulturonline.tv\/de\/#\/schema\/logo\/image\/\"},\"sameAs\":[\"https:\/\/www.facebook.com\/kulturonline.tv\",\"https:\/\/www.instagram.com\/kulturonline.tv\"]},{\"@type\":\"Person\",\"@id\":\"https:\/\/kulturonline.tv\/de\/#\/schema\/person\/b0fac729bb9a0c193fb1df23449df4fe\",\"name\":\"guenter.wolfgang\"}]}<\/script>\n<!-- \/ Yoast SEO plugin. -->","yoast_head_json":{"title":"AfD und Corona: Falk Richters \"Heldenplatz\" in M\u00fcnchen - Kultur Online TV &amp; FM","description":"Kultur sehen und H\u00f6ren","robots":{"index":"index","follow":"follow","max-snippet":"max-snippet:-1","max-image-preview":"max-image-preview:large","max-video-preview":"max-video-preview:-1"},"canonical":"https:\/\/kulturonline.tv\/de\/afd-und-corona-falk-richters-heldenplatz-in-muenchen\/","og_locale":"de_DE","og_type":"article","og_title":"AfD und Corona: Falk Richters \"Heldenplatz\" in M\u00fcnchen - Kultur Online TV &amp; FM","og_description":"Kultur sehen und H\u00f6ren","og_url":"https:\/\/kulturonline.tv\/de\/afd-und-corona-falk-richters-heldenplatz-in-muenchen\/","og_site_name":"Kultur Online TV &amp; FM","article_publisher":"https:\/\/www.facebook.com\/kulturonline.tv","article_published_time":"2021-12-06T06:14:54+00:00","article_modified_time":"2021-12-06T06:16:19+00:00","og_image":[{"width":600,"height":337,"url":"https:\/\/kulturonline.tv\/wp-content\/uploads\/2021\/12\/Kultur-Online-TV-Muenchen.jpg","type":"image\/jpeg"}],"author":"guenter.wolfgang","twitter_card":"summary_large_image","twitter_misc":{"Verfasst von":"guenter.wolfgang","Gesch\u00e4tzte Lesezeit":"5\u00a0Minuten"},"schema":{"@context":"https:\/\/schema.org","@graph":[{"@type":"Article","@id":"https:\/\/kulturonline.tv\/de\/afd-und-corona-falk-richters-heldenplatz-in-muenchen\/#article","isPartOf":{"@id":"https:\/\/kulturonline.tv\/de\/afd-und-corona-falk-richters-heldenplatz-in-muenchen\/"},"author":{"name":"guenter.wolfgang","@id":"https:\/\/kulturonline.tv\/de\/#\/schema\/person\/b0fac729bb9a0c193fb1df23449df4fe"},"headline":"AfD und Corona: Falk Richters &#8222;Heldenplatz&#8220; in M\u00fcnchen","datePublished":"2021-12-06T06:14:54+00:00","dateModified":"2021-12-06T06:16:19+00:00","mainEntityOfPage":{"@id":"https:\/\/kulturonline.tv\/de\/afd-und-corona-falk-richters-heldenplatz-in-muenchen\/"},"wordCount":986,"publisher":{"@id":"https:\/\/kulturonline.tv\/de\/#organization"},"image":{"@id":"https:\/\/kulturonline.tv\/de\/afd-und-corona-falk-richters-heldenplatz-in-muenchen\/#primaryimage"},"thumbnailUrl":"https:\/\/kulturonline.tv\/wp-content\/uploads\/2021\/12\/Kultur-Online-TV-Muenchen.jpg","articleSection":["Theater","Theater"],"inLanguage":"de"},{"@type":"WebPage","@id":"https:\/\/kulturonline.tv\/de\/afd-und-corona-falk-richters-heldenplatz-in-muenchen\/","url":"https:\/\/kulturonline.tv\/de\/afd-und-corona-falk-richters-heldenplatz-in-muenchen\/","name":"AfD und Corona: Falk Richters \"Heldenplatz\" in M\u00fcnchen - Kultur Online TV &amp; FM","isPartOf":{"@id":"https:\/\/kulturonline.tv\/de\/#website"},"primaryImageOfPage":{"@id":"https:\/\/kulturonline.tv\/de\/afd-und-corona-falk-richters-heldenplatz-in-muenchen\/#primaryimage"},"image":{"@id":"https:\/\/kulturonline.tv\/de\/afd-und-corona-falk-richters-heldenplatz-in-muenchen\/#primaryimage"},"thumbnailUrl":"https:\/\/kulturonline.tv\/wp-content\/uploads\/2021\/12\/Kultur-Online-TV-Muenchen.jpg","datePublished":"2021-12-06T06:14:54+00:00","dateModified":"2021-12-06T06:16:19+00:00","description":"Kultur sehen und H\u00f6ren","breadcrumb":{"@id":"https:\/\/kulturonline.tv\/de\/afd-und-corona-falk-richters-heldenplatz-in-muenchen\/#breadcrumb"},"inLanguage":"de","potentialAction":[{"@type":"ReadAction","target":["https:\/\/kulturonline.tv\/de\/afd-und-corona-falk-richters-heldenplatz-in-muenchen\/"]}]},{"@type":"ImageObject","inLanguage":"de","@id":"https:\/\/kulturonline.tv\/de\/afd-und-corona-falk-richters-heldenplatz-in-muenchen\/#primaryimage","url":"https:\/\/kulturonline.tv\/wp-content\/uploads\/2021\/12\/Kultur-Online-TV-Muenchen.jpg","contentUrl":"https:\/\/kulturonline.tv\/wp-content\/uploads\/2021\/12\/Kultur-Online-TV-Muenchen.jpg","width":600,"height":337},{"@type":"BreadcrumbList","@id":"https:\/\/kulturonline.tv\/de\/afd-und-corona-falk-richters-heldenplatz-in-muenchen\/#breadcrumb","itemListElement":[{"@type":"ListItem","position":1,"name":"Startseite","item":"https:\/\/kulturonline.tv\/de\/"},{"@type":"ListItem","position":2,"name":"AfD und Corona: Falk Richters &#8222;Heldenplatz&#8220; in M\u00fcnchen"}]},{"@type":"WebSite","@id":"https:\/\/kulturonline.tv\/de\/#website","url":"https:\/\/kulturonline.tv\/de\/","name":"Kultur Online TV &amp; FM","description":"Wir sind Kultur 2.0 zum sehen &amp; h\u00f6ren","publisher":{"@id":"https:\/\/kulturonline.tv\/de\/#organization"},"potentialAction":[{"@type":"SearchAction","target":{"@type":"EntryPoint","urlTemplate":"https:\/\/kulturonline.tv\/de\/?s={search_term_string}"},"query-input":{"@type":"PropertyValueSpecification","valueRequired":true,"valueName":"search_term_string"}}],"inLanguage":"de"},{"@type":"Organization","@id":"https:\/\/kulturonline.tv\/de\/#organization","name":"Kultur Online TV","url":"https:\/\/kulturonline.tv\/de\/","logo":{"@type":"ImageObject","inLanguage":"de","@id":"https:\/\/kulturonline.tv\/de\/#\/schema\/logo\/image\/","url":"https:\/\/kulturonline.tv\/wp-content\/uploads\/2021\/08\/Kultur-Online-Tv-Logo-Endversion-neu.png","contentUrl":"https:\/\/kulturonline.tv\/wp-content\/uploads\/2021\/08\/Kultur-Online-Tv-Logo-Endversion-neu.png","width":200,"height":200,"caption":"Kultur Online TV"},"image":{"@id":"https:\/\/kulturonline.tv\/de\/#\/schema\/logo\/image\/"},"sameAs":["https:\/\/www.facebook.com\/kulturonline.tv","https:\/\/www.instagram.com\/kulturonline.tv"]},{"@type":"Person","@id":"https:\/\/kulturonline.tv\/de\/#\/schema\/person\/b0fac729bb9a0c193fb1df23449df4fe","name":"guenter.wolfgang"}]}},"_links":{"self":[{"href":"https:\/\/kulturonline.tv\/de\/wp-json\/wp\/v2\/posts\/14554","targetHints":{"allow":["GET"]}}],"collection":[{"href":"https:\/\/kulturonline.tv\/de\/wp-json\/wp\/v2\/posts"}],"about":[{"href":"https:\/\/kulturonline.tv\/de\/wp-json\/wp\/v2\/types\/post"}],"author":[{"embeddable":true,"href":"https:\/\/kulturonline.tv\/de\/wp-json\/wp\/v2\/users\/2"}],"replies":[{"embeddable":true,"href":"https:\/\/kulturonline.tv\/de\/wp-json\/wp\/v2\/comments?post=14554"}],"version-history":[{"count":0,"href":"https:\/\/kulturonline.tv\/de\/wp-json\/wp\/v2\/posts\/14554\/revisions"}],"wp:featuredmedia":[{"embeddable":true,"href":"https:\/\/kulturonline.tv\/de\/wp-json\/wp\/v2\/media\/14556"}],"wp:attachment":[{"href":"https:\/\/kulturonline.tv\/de\/wp-json\/wp\/v2\/media?parent=14554"}],"wp:term":[{"taxonomy":"category","embeddable":true,"href":"https:\/\/kulturonline.tv\/de\/wp-json\/wp\/v2\/categories?post=14554"},{"taxonomy":"post_tag","embeddable":true,"href":"https:\/\/kulturonline.tv\/de\/wp-json\/wp\/v2\/tags?post=14554"}],"curies":[{"name":"wp","href":"https:\/\/api.w.org\/{rel}","templated":true}]}}