{"id":14598,"date":"2021-12-06T08:51:20","date_gmt":"2021-12-06T07:51:20","guid":{"rendered":"https:\/\/kulturonline.tv\/?p=14598"},"modified":"2021-12-06T09:18:24","modified_gmt":"2021-12-06T08:18:24","slug":"berlinale-keine-plaene-fuer-verschiebung-des-festivals","status":"publish","type":"post","link":"https:\/\/kulturonline.tv\/de\/berlinale-keine-plaene-fuer-verschiebung-des-festivals\/","title":{"rendered":"Berlinale: Keine Pl\u00e4ne f\u00fcr Verschiebung des Festivals"},"content":{"rendered":"\n<p><strong>Die Filmfestspiele Berlin haben Berichte \u00fcber eine Verschiebung der Berlinale 2022 dementiert.<\/strong><\/p>\n\n\n\n<figure class=\"wp-block-image size-full is-resized\"><img fetchpriority=\"high\" decoding=\"async\" src=\"https:\/\/kulturonline.tv\/wp-content\/uploads\/2021\/12\/Berlinale-1.jpeg\" alt=\"\" class=\"wp-image-14600\" width=\"839\" height=\"509\" srcset=\"https:\/\/kulturonline.tv\/wp-content\/uploads\/2021\/12\/Berlinale-1.jpeg 624w, https:\/\/kulturonline.tv\/wp-content\/uploads\/2021\/12\/Berlinale-1-600x364.jpeg 600w\" sizes=\"(max-width: 839px) 100vw, 839px\" \/><\/figure>\n\n\n\n<p>Wir m\u00f6chten betonen, dass es keine Pl\u00e4ne gibt, das Festival oder den Markt auf einen sp\u00e4teren Zeitpunkt zu verschieben oder virtuell stattfinden zu lassen\u00bb, hie\u00df es am Donnerstag (02. Dezember 2021) in einer Stellungnahme. Zuvor hatte das US-Magazin \u00abVariety\u00bb von einer Verschiebung vom geplanten Februar-Termin auf Juni des n\u00e4chsten Jahres berichtet.<\/p>\n\n\n\n<h3 class=\"wp-block-heading\" id=\"h7141921\">Berlinale 2022 unter 2G-Bedingungen geplant<\/h3>\n\n\n\n<p>Der Artikel basiere auf unbekannten Quellen und Ger\u00fcchten, hie\u00df es dazu bei der Berlinale. \u00abWir wissen nicht, woher diese Ger\u00fcchte stammen und wir m\u00f6chten vermeiden, dass die Branche falsche Vorstellungen \u00fcber die Form der Berlinale 2022 entwickelt.\u00bb Neben Cannes und Venedig sei die Berlinale eines der wichtigsten internationalen Filmfestivals und habe ihren festen Platz im Festivalkalender. Der European Film Market der Berlinale und der March\u00e9 du Film in Cannes seien \u00abdie wichtigsten Filmm\u00e4rkte weltweit\u00bb. Festival und Filmmarkt seien \u00abnach wie vor\u00bb als Pr\u00e4senzveranstaltung unter 2G-Bedingungen geplant mit Zutritt nur f\u00fcr Geimpfte oder Genesene. Eine Erweiterung auf 2G plus mit Maske, Abstand, Tests oder beschr\u00e4nkten Kapazit\u00e4ten sei m\u00f6glich. \u00abWie welche Option eingesetzt wird, werden wir in enger Abstimmung mit den Beh\u00f6rden entscheiden und umsetzen.\u00bb<\/p>\n\n\n\n<p>Kultur Online TV<\/p>\n\n\n\n<p>#film #medien <\/p>\n","protected":false},"excerpt":{"rendered":"<p>Die Filmfestspiele Berlin haben Berichte \u00fcber eine Verschiebung der Berlinale 2022 dementiert. Wir m\u00f6chten betonen, dass es keine Pl\u00e4ne gibt, das Festival oder den Markt auf einen sp\u00e4teren Zeitpunkt zu verschieben oder virtuell stattfinden zu lassen\u00bb, hie\u00df es am Donnerstag (02. Dezember 2021) in einer Stellungnahme. Zuvor hatte das US-Magazin \u00abVariety\u00bb von einer Verschiebung vom [&hellip;]<\/p>\n","protected":false},"author":2,"featured_media":14600,"comment_status":"closed","ping_status":"closed","sticky":false,"template":"","format":"standard","meta":{"_acf_changed":false,"footnotes":""},"categories":[3],"tags":[],"class_list":["post-14598","post","type-post","status-publish","format-standard","has-post-thumbnail","hentry","category-newsflash"],"acf":[],"yoast_head":"<!-- This site is optimized with the Yoast SEO plugin v26.1.1 - https:\/\/yoast.com\/wordpress\/plugins\/seo\/ -->\n<title>Berlinale: Keine Pl\u00e4ne f\u00fcr Verschiebung des Festivals - Kultur Online TV &amp; FM<\/title>\n<meta name=\"description\" content=\"Kultur sehen und H\u00f6ren\" \/>\n<meta name=\"robots\" content=\"index, follow, max-snippet:-1, max-image-preview:large, max-video-preview:-1\" \/>\n<link rel=\"canonical\" href=\"https:\/\/kulturonline.tv\/de\/berlinale-keine-plaene-fuer-verschiebung-des-festivals\/\" \/>\n<meta property=\"og:locale\" content=\"de_DE\" \/>\n<meta property=\"og:type\" content=\"article\" \/>\n<meta property=\"og:title\" content=\"Berlinale: Keine Pl\u00e4ne f\u00fcr Verschiebung des Festivals - Kultur Online TV &amp; FM\" \/>\n<meta property=\"og:description\" content=\"Kultur sehen und H\u00f6ren\" \/>\n<meta property=\"og:url\" content=\"https:\/\/kulturonline.tv\/de\/berlinale-keine-plaene-fuer-verschiebung-des-festivals\/\" \/>\n<meta property=\"og:site_name\" content=\"Kultur Online TV &amp; FM\" \/>\n<meta property=\"article:publisher\" content=\"https:\/\/www.facebook.com\/kulturonline.tv\" \/>\n<meta property=\"article:published_time\" content=\"2021-12-06T07:51:20+00:00\" \/>\n<meta property=\"article:modified_time\" content=\"2021-12-06T08:18:24+00:00\" \/>\n<meta property=\"og:image\" content=\"https:\/\/kulturonline.tv\/wp-content\/uploads\/2021\/12\/Berlinale-1.jpeg\" \/>\n\t<meta property=\"og:image:width\" content=\"624\" \/>\n\t<meta property=\"og:image:height\" content=\"379\" \/>\n\t<meta property=\"og:image:type\" content=\"image\/jpeg\" \/>\n<meta name=\"author\" content=\"guenter.wolfgang\" \/>\n<meta name=\"twitter:card\" content=\"summary_large_image\" \/>\n<meta name=\"twitter:label1\" content=\"Verfasst von\" \/>\n\t<meta name=\"twitter:data1\" content=\"guenter.wolfgang\" \/>\n\t<meta name=\"twitter:label2\" content=\"Gesch\u00e4tzte Lesezeit\" \/>\n\t<meta name=\"twitter:data2\" content=\"2\u00a0Minuten\" \/>\n<script type=\"application\/ld+json\" class=\"yoast-schema-graph\">{\"@context\":\"https:\/\/schema.org\",\"@graph\":[{\"@type\":\"Article\",\"@id\":\"https:\/\/kulturonline.tv\/de\/berlinale-keine-plaene-fuer-verschiebung-des-festivals\/#article\",\"isPartOf\":{\"@id\":\"https:\/\/kulturonline.tv\/de\/berlinale-keine-plaene-fuer-verschiebung-des-festivals\/\"},\"author\":{\"name\":\"guenter.wolfgang\",\"@id\":\"https:\/\/kulturonline.tv\/de\/#\/schema\/person\/b0fac729bb9a0c193fb1df23449df4fe\"},\"headline\":\"Berlinale: Keine Pl\u00e4ne f\u00fcr Verschiebung des Festivals\",\"datePublished\":\"2021-12-06T07:51:20+00:00\",\"dateModified\":\"2021-12-06T08:18:24+00:00\",\"mainEntityOfPage\":{\"@id\":\"https:\/\/kulturonline.tv\/de\/berlinale-keine-plaene-fuer-verschiebung-des-festivals\/\"},\"wordCount\":214,\"publisher\":{\"@id\":\"https:\/\/kulturonline.tv\/de\/#organization\"},\"image\":{\"@id\":\"https:\/\/kulturonline.tv\/de\/berlinale-keine-plaene-fuer-verschiebung-des-festivals\/#primaryimage\"},\"thumbnailUrl\":\"https:\/\/kulturonline.tv\/wp-content\/uploads\/2021\/12\/Berlinale-1.jpeg\",\"articleSection\":[\"Newsflash\"],\"inLanguage\":\"de\"},{\"@type\":\"WebPage\",\"@id\":\"https:\/\/kulturonline.tv\/de\/berlinale-keine-plaene-fuer-verschiebung-des-festivals\/\",\"url\":\"https:\/\/kulturonline.tv\/de\/berlinale-keine-plaene-fuer-verschiebung-des-festivals\/\",\"name\":\"Berlinale: Keine Pl\u00e4ne f\u00fcr Verschiebung des Festivals - Kultur Online TV &amp; FM\",\"isPartOf\":{\"@id\":\"https:\/\/kulturonline.tv\/de\/#website\"},\"primaryImageOfPage\":{\"@id\":\"https:\/\/kulturonline.tv\/de\/berlinale-keine-plaene-fuer-verschiebung-des-festivals\/#primaryimage\"},\"image\":{\"@id\":\"https:\/\/kulturonline.tv\/de\/berlinale-keine-plaene-fuer-verschiebung-des-festivals\/#primaryimage\"},\"thumbnailUrl\":\"https:\/\/kulturonline.tv\/wp-content\/uploads\/2021\/12\/Berlinale-1.jpeg\",\"datePublished\":\"2021-12-06T07:51:20+00:00\",\"dateModified\":\"2021-12-06T08:18:24+00:00\",\"description\":\"Kultur sehen und H\u00f6ren\",\"breadcrumb\":{\"@id\":\"https:\/\/kulturonline.tv\/de\/berlinale-keine-plaene-fuer-verschiebung-des-festivals\/#breadcrumb\"},\"inLanguage\":\"de\",\"potentialAction\":[{\"@type\":\"ReadAction\",\"target\":[\"https:\/\/kulturonline.tv\/de\/berlinale-keine-plaene-fuer-verschiebung-des-festivals\/\"]}]},{\"@type\":\"ImageObject\",\"inLanguage\":\"de\",\"@id\":\"https:\/\/kulturonline.tv\/de\/berlinale-keine-plaene-fuer-verschiebung-des-festivals\/#primaryimage\",\"url\":\"https:\/\/kulturonline.tv\/wp-content\/uploads\/2021\/12\/Berlinale-1.jpeg\",\"contentUrl\":\"https:\/\/kulturonline.tv\/wp-content\/uploads\/2021\/12\/Berlinale-1.jpeg\",\"width\":624,\"height\":379},{\"@type\":\"BreadcrumbList\",\"@id\":\"https:\/\/kulturonline.tv\/de\/berlinale-keine-plaene-fuer-verschiebung-des-festivals\/#breadcrumb\",\"itemListElement\":[{\"@type\":\"ListItem\",\"position\":1,\"name\":\"Startseite\",\"item\":\"https:\/\/kulturonline.tv\/de\/\"},{\"@type\":\"ListItem\",\"position\":2,\"name\":\"Berlinale: Keine Pl\u00e4ne f\u00fcr Verschiebung des Festivals\"}]},{\"@type\":\"WebSite\",\"@id\":\"https:\/\/kulturonline.tv\/de\/#website\",\"url\":\"https:\/\/kulturonline.tv\/de\/\",\"name\":\"Kultur Online TV &amp; FM\",\"description\":\"Wir sind Kultur 2.0 zum sehen &amp; h\u00f6ren\",\"publisher\":{\"@id\":\"https:\/\/kulturonline.tv\/de\/#organization\"},\"potentialAction\":[{\"@type\":\"SearchAction\",\"target\":{\"@type\":\"EntryPoint\",\"urlTemplate\":\"https:\/\/kulturonline.tv\/de\/?s={search_term_string}\"},\"query-input\":{\"@type\":\"PropertyValueSpecification\",\"valueRequired\":true,\"valueName\":\"search_term_string\"}}],\"inLanguage\":\"de\"},{\"@type\":\"Organization\",\"@id\":\"https:\/\/kulturonline.tv\/de\/#organization\",\"name\":\"Kultur Online TV\",\"url\":\"https:\/\/kulturonline.tv\/de\/\",\"logo\":{\"@type\":\"ImageObject\",\"inLanguage\":\"de\",\"@id\":\"https:\/\/kulturonline.tv\/de\/#\/schema\/logo\/image\/\",\"url\":\"https:\/\/kulturonline.tv\/wp-content\/uploads\/2021\/08\/Kultur-Online-Tv-Logo-Endversion-neu.png\",\"contentUrl\":\"https:\/\/kulturonline.tv\/wp-content\/uploads\/2021\/08\/Kultur-Online-Tv-Logo-Endversion-neu.png\",\"width\":200,\"height\":200,\"caption\":\"Kultur Online TV\"},\"image\":{\"@id\":\"https:\/\/kulturonline.tv\/de\/#\/schema\/logo\/image\/\"},\"sameAs\":[\"https:\/\/www.facebook.com\/kulturonline.tv\",\"https:\/\/www.instagram.com\/kulturonline.tv\"]},{\"@type\":\"Person\",\"@id\":\"https:\/\/kulturonline.tv\/de\/#\/schema\/person\/b0fac729bb9a0c193fb1df23449df4fe\",\"name\":\"guenter.wolfgang\"}]}<\/script>\n<!-- \/ Yoast SEO plugin. -->","yoast_head_json":{"title":"Berlinale: Keine Pl\u00e4ne f\u00fcr Verschiebung des Festivals - Kultur Online TV &amp; FM","description":"Kultur sehen und H\u00f6ren","robots":{"index":"index","follow":"follow","max-snippet":"max-snippet:-1","max-image-preview":"max-image-preview:large","max-video-preview":"max-video-preview:-1"},"canonical":"https:\/\/kulturonline.tv\/de\/berlinale-keine-plaene-fuer-verschiebung-des-festivals\/","og_locale":"de_DE","og_type":"article","og_title":"Berlinale: Keine Pl\u00e4ne f\u00fcr Verschiebung des Festivals - Kultur Online TV &amp; FM","og_description":"Kultur sehen und H\u00f6ren","og_url":"https:\/\/kulturonline.tv\/de\/berlinale-keine-plaene-fuer-verschiebung-des-festivals\/","og_site_name":"Kultur Online TV &amp; FM","article_publisher":"https:\/\/www.facebook.com\/kulturonline.tv","article_published_time":"2021-12-06T07:51:20+00:00","article_modified_time":"2021-12-06T08:18:24+00:00","og_image":[{"width":624,"height":379,"url":"https:\/\/kulturonline.tv\/wp-content\/uploads\/2021\/12\/Berlinale-1.jpeg","type":"image\/jpeg"}],"author":"guenter.wolfgang","twitter_card":"summary_large_image","twitter_misc":{"Verfasst von":"guenter.wolfgang","Gesch\u00e4tzte Lesezeit":"2\u00a0Minuten"},"schema":{"@context":"https:\/\/schema.org","@graph":[{"@type":"Article","@id":"https:\/\/kulturonline.tv\/de\/berlinale-keine-plaene-fuer-verschiebung-des-festivals\/#article","isPartOf":{"@id":"https:\/\/kulturonline.tv\/de\/berlinale-keine-plaene-fuer-verschiebung-des-festivals\/"},"author":{"name":"guenter.wolfgang","@id":"https:\/\/kulturonline.tv\/de\/#\/schema\/person\/b0fac729bb9a0c193fb1df23449df4fe"},"headline":"Berlinale: Keine Pl\u00e4ne f\u00fcr Verschiebung des Festivals","datePublished":"2021-12-06T07:51:20+00:00","dateModified":"2021-12-06T08:18:24+00:00","mainEntityOfPage":{"@id":"https:\/\/kulturonline.tv\/de\/berlinale-keine-plaene-fuer-verschiebung-des-festivals\/"},"wordCount":214,"publisher":{"@id":"https:\/\/kulturonline.tv\/de\/#organization"},"image":{"@id":"https:\/\/kulturonline.tv\/de\/berlinale-keine-plaene-fuer-verschiebung-des-festivals\/#primaryimage"},"thumbnailUrl":"https:\/\/kulturonline.tv\/wp-content\/uploads\/2021\/12\/Berlinale-1.jpeg","articleSection":["Newsflash"],"inLanguage":"de"},{"@type":"WebPage","@id":"https:\/\/kulturonline.tv\/de\/berlinale-keine-plaene-fuer-verschiebung-des-festivals\/","url":"https:\/\/kulturonline.tv\/de\/berlinale-keine-plaene-fuer-verschiebung-des-festivals\/","name":"Berlinale: Keine Pl\u00e4ne f\u00fcr Verschiebung des Festivals - Kultur Online TV &amp; FM","isPartOf":{"@id":"https:\/\/kulturonline.tv\/de\/#website"},"primaryImageOfPage":{"@id":"https:\/\/kulturonline.tv\/de\/berlinale-keine-plaene-fuer-verschiebung-des-festivals\/#primaryimage"},"image":{"@id":"https:\/\/kulturonline.tv\/de\/berlinale-keine-plaene-fuer-verschiebung-des-festivals\/#primaryimage"},"thumbnailUrl":"https:\/\/kulturonline.tv\/wp-content\/uploads\/2021\/12\/Berlinale-1.jpeg","datePublished":"2021-12-06T07:51:20+00:00","dateModified":"2021-12-06T08:18:24+00:00","description":"Kultur sehen und H\u00f6ren","breadcrumb":{"@id":"https:\/\/kulturonline.tv\/de\/berlinale-keine-plaene-fuer-verschiebung-des-festivals\/#breadcrumb"},"inLanguage":"de","potentialAction":[{"@type":"ReadAction","target":["https:\/\/kulturonline.tv\/de\/berlinale-keine-plaene-fuer-verschiebung-des-festivals\/"]}]},{"@type":"ImageObject","inLanguage":"de","@id":"https:\/\/kulturonline.tv\/de\/berlinale-keine-plaene-fuer-verschiebung-des-festivals\/#primaryimage","url":"https:\/\/kulturonline.tv\/wp-content\/uploads\/2021\/12\/Berlinale-1.jpeg","contentUrl":"https:\/\/kulturonline.tv\/wp-content\/uploads\/2021\/12\/Berlinale-1.jpeg","width":624,"height":379},{"@type":"BreadcrumbList","@id":"https:\/\/kulturonline.tv\/de\/berlinale-keine-plaene-fuer-verschiebung-des-festivals\/#breadcrumb","itemListElement":[{"@type":"ListItem","position":1,"name":"Startseite","item":"https:\/\/kulturonline.tv\/de\/"},{"@type":"ListItem","position":2,"name":"Berlinale: Keine Pl\u00e4ne f\u00fcr Verschiebung des Festivals"}]},{"@type":"WebSite","@id":"https:\/\/kulturonline.tv\/de\/#website","url":"https:\/\/kulturonline.tv\/de\/","name":"Kultur Online TV &amp; FM","description":"Wir sind Kultur 2.0 zum sehen &amp; h\u00f6ren","publisher":{"@id":"https:\/\/kulturonline.tv\/de\/#organization"},"potentialAction":[{"@type":"SearchAction","target":{"@type":"EntryPoint","urlTemplate":"https:\/\/kulturonline.tv\/de\/?s={search_term_string}"},"query-input":{"@type":"PropertyValueSpecification","valueRequired":true,"valueName":"search_term_string"}}],"inLanguage":"de"},{"@type":"Organization","@id":"https:\/\/kulturonline.tv\/de\/#organization","name":"Kultur Online TV","url":"https:\/\/kulturonline.tv\/de\/","logo":{"@type":"ImageObject","inLanguage":"de","@id":"https:\/\/kulturonline.tv\/de\/#\/schema\/logo\/image\/","url":"https:\/\/kulturonline.tv\/wp-content\/uploads\/2021\/08\/Kultur-Online-Tv-Logo-Endversion-neu.png","contentUrl":"https:\/\/kulturonline.tv\/wp-content\/uploads\/2021\/08\/Kultur-Online-Tv-Logo-Endversion-neu.png","width":200,"height":200,"caption":"Kultur Online TV"},"image":{"@id":"https:\/\/kulturonline.tv\/de\/#\/schema\/logo\/image\/"},"sameAs":["https:\/\/www.facebook.com\/kulturonline.tv","https:\/\/www.instagram.com\/kulturonline.tv"]},{"@type":"Person","@id":"https:\/\/kulturonline.tv\/de\/#\/schema\/person\/b0fac729bb9a0c193fb1df23449df4fe","name":"guenter.wolfgang"}]}},"_links":{"self":[{"href":"https:\/\/kulturonline.tv\/de\/wp-json\/wp\/v2\/posts\/14598","targetHints":{"allow":["GET"]}}],"collection":[{"href":"https:\/\/kulturonline.tv\/de\/wp-json\/wp\/v2\/posts"}],"about":[{"href":"https:\/\/kulturonline.tv\/de\/wp-json\/wp\/v2\/types\/post"}],"author":[{"embeddable":true,"href":"https:\/\/kulturonline.tv\/de\/wp-json\/wp\/v2\/users\/2"}],"replies":[{"embeddable":true,"href":"https:\/\/kulturonline.tv\/de\/wp-json\/wp\/v2\/comments?post=14598"}],"version-history":[{"count":0,"href":"https:\/\/kulturonline.tv\/de\/wp-json\/wp\/v2\/posts\/14598\/revisions"}],"wp:featuredmedia":[{"embeddable":true,"href":"https:\/\/kulturonline.tv\/de\/wp-json\/wp\/v2\/media\/14600"}],"wp:attachment":[{"href":"https:\/\/kulturonline.tv\/de\/wp-json\/wp\/v2\/media?parent=14598"}],"wp:term":[{"taxonomy":"category","embeddable":true,"href":"https:\/\/kulturonline.tv\/de\/wp-json\/wp\/v2\/categories?post=14598"},{"taxonomy":"post_tag","embeddable":true,"href":"https:\/\/kulturonline.tv\/de\/wp-json\/wp\/v2\/tags?post=14598"}],"curies":[{"name":"wp","href":"https:\/\/api.w.org\/{rel}","templated":true}]}}