{"id":14809,"date":"2021-12-07T01:43:08","date_gmt":"2021-12-07T00:43:08","guid":{"rendered":"https:\/\/kulturonline.tv\/?p=14809"},"modified":"2021-12-07T01:43:09","modified_gmt":"2021-12-07T00:43:09","slug":"leon-loewentraut-praesentation-des-global-gate-in-dubai","status":"publish","type":"post","link":"https:\/\/kulturonline.tv\/de\/leon-loewentraut-praesentation-des-global-gate-in-dubai\/","title":{"rendered":"Leon L\u00f6wentraut: Pr\u00e4sentation des \u201eGlobal Gate\u201c in Dubai"},"content":{"rendered":"\n<p><strong><strong>Ausgestellt vor dem Burj Khalifa, dem h\u00f6chsten Geb\u00e4ude der Welt, am bekannten Burj Plaza, parallel zur Expo 2020 Dubai, wird das Global Gate bis einschlie\u00dflich M\u00e4rz 2022 einen wichtigen Beitrag zur Vermittlung\u00a0 der Nachhaltigkeitsziele leisten.<\/strong><\/strong><\/p>\n\n\n\n<figure class=\"wp-block-image size-full\"><img fetchpriority=\"high\" decoding=\"async\" width=\"1024\" height=\"575\" src=\"https:\/\/kulturonline.tv\/wp-content\/uploads\/2021\/12\/Foto-Eroeffnungkl2-edited.jpg\" alt=\"\" class=\"wp-image-14813\" srcset=\"https:\/\/kulturonline.tv\/wp-content\/uploads\/2021\/12\/Foto-Eroeffnungkl2-edited.jpg 1024w, https:\/\/kulturonline.tv\/wp-content\/uploads\/2021\/12\/Foto-Eroeffnungkl2-edited-600x337.jpg 600w, https:\/\/kulturonline.tv\/wp-content\/uploads\/2021\/12\/Foto-Eroeffnungkl2-edited-800x449.jpg 800w, https:\/\/kulturonline.tv\/wp-content\/uploads\/2021\/12\/Foto-Eroeffnungkl2-edited-768x431.jpg 768w\" sizes=\"(max-width: 1024px) 100vw, 1024px\" \/><\/figure>\n\n\n\n<p>Das Kunstwerk lehnt sich dar\u00fcber hinaus an die thematische Ausrichtung der EXPO 2020 an, die lautet: &#8222;Gedanken verbinden, die Zukunft gestalten\u201c. Zur Weltausstellung werden 25 Millionen Besucher aus aller Welt erwartet. Die deutsche Tagesschau titelte: \u201eNachhaltigkeitsschau in der W\u00fcste\u201c. An der Er\u00f6ffnungsfeier nahmen u.a. Khalil Abdul Wahid, Visual Arts Manager at Dubai Culture, Holger Mahnicke, Deutscher Generalkonsul in Dubai, Leon L\u00f6wentraut und zahlreiche weitere Pers\u00f6nlichkeiten aus Politik, Kunst und Gesellschaft teil.<\/p>\n\n\n\n<p>Das Global Gate ist das gr\u00f6\u00dfte mobile Kunstwerk der Welt und wurde mit den 17 Motiven der Kampagne #Art4GlobalGoals von dem jungen erst 23j\u00e4hrigen deutschen K\u00fcnstler Leon L\u00f6wentraut gestaltet. Das in seiner Konstruktion unverkennbar an das Brandenburger Tor angelehnte Kunstwerk ist 24 Meter breit, 21 Meter hoch und hat eine Tiefe von sechs Metern.<\/p>\n\n\n\n<p>Seine f\u00fcnf Passagen laden den Besucher zu einem Weg der Verwandlung ein: An jeder der zehn Innenw\u00e4nde werden die Inhalte der globalen Nachhaltigkeitsziele (Sustainable Development Goals \/ SDGs) in 12 verschiedenen Sprachen erkl\u00e4rt.<\/p>\n\n\n\n<p>Um den Transformationsprozess zu intensivieren, hat L\u00f6wentraut in der Fotokampagne &#8222;My Future&#8220; beeindruckende Portr\u00e4ts von Kindergesichtern geschaffen, festgehalten in dem Moment, als sie sich die Frage stellten: \u201eWas bedeutet Zukunft f\u00fcr mich?\u201c Diese beeindruckenden Schwarz-Wei\u00df-Fotografien, dezent von Leon L\u00f6wentraut hand\u00fcbermalt, schm\u00fccken die W\u00e4nde der Durchg\u00e4nge und begleiten somit die Besucher auf ihrem Weg durch das Gate.<\/p>\n\n\n\n<p>\u201eEnde der extremen Armut, hochwertige Bildung f\u00fcr alle und Frieden und Gerechtigkeit\u201c. Das Kunstprojekt \u201eGlobal Gate\u201c dient der Kampagne #Art4GlobalGoals. Die Kampagne setzt sich daf\u00fcr ein, dass die von der UN und der Weltgemeinschaft verabschiedeten 17 Nachhaltigkeitsziele, \u201eSustainable Development Goals\u201c, den Menschen auf der ganzen Welt n\u00e4hergebracht werden.<\/p>\n\n\n\n<p>Jetzt tr\u00e4gt das Global Gate die Message der #Art4GlobalGoals-Kampagne nach Dubai und von dort in die Welt.<\/p>\n\n\n\n<p>Leon L\u00f6wentraut betont: \u201eMein Kunstwerk hier in Dubai, auf einem solch bedeutenden Platz der Welt ausstellen zu k\u00f6nnen, bedeutet mir viel. Ich freue mich, die Menschen hier f\u00fcr das Thema Nachhaltigkeit zu erreichen.\u201c Er f\u00fcgt hinzu: \u201eDie Stadt inspiriert mich, gro\u00df zu denken. Das gef\u00e4llt mir.\u201c<\/p>\n\n\n\n<p>Kunstprojektentwickler Marcus Sch\u00e4fer sagt: \u201eDas Global Gate ausgestellt auf diesem wunderbaren Platz vor dem Burj Khalifa sendet die Botschaft der Nachhaltigkeit von Dubai in die Welt.\u201c Er erg\u00e4nzt: \u201eIch hoffe, dass viele Menschen durch unsere Kunstaktion Inspirationen f\u00fcr eine nachhaltige Zukunft bekommen \u2013 damit unser wunderbarer Planet auch f\u00fcr unsere Kinder und Enkelkinder lebenswert bleibt.\u201c<\/p>\n\n\n\n<p>Galerist und Ausstellungsmacher Dirk Geuer erkl\u00e4rt: \u201eDurch die visuelle Kraft dieses Kunstwerks ist es m\u00f6glich, die Probleme der Welt darzustellen, aber auch Hoffnung zu vermitteln.\u201c Er res\u00fcmiert: \u201eGemeinsam gehen wir durch das Global Gate in eine neue Nachhaltigkeit.\u201c<\/p>\n\n\n\n<p>Das Global Gate soll mit seiner Kombination aus beeindruckender Gr\u00f6\u00dfe, hochwertiger Kunst und starker Symbolik in Verbindung mit dem sozialen Engagement der Kampagne allen Besuchern die Kampagnenziele vorstellen und einen Wandel erm\u00f6glichen. Kunst hat dazu die Kraft.<\/p>\n\n\n\n<p>Zustande gekommen ist dieses Projekt durch eine Kooperation mit EMAAR Properties und weiteren Partnern.<\/p>\n\n\n\n<figure class=\"wp-block-embed is-type-video is-provider-youtube wp-block-embed-youtube wp-embed-aspect-16-9 wp-has-aspect-ratio\"><div class=\"wp-block-embed__wrapper\">\n<iframe title=\"Leon Lo\u0308wentraut Global Gate Inauguration @ Frankfurt Flughafen\" width=\"800\" height=\"450\" src=\"https:\/\/www.youtube.com\/embed\/s-g_m4Hop5U?feature=oembed\" frameborder=\"0\" allow=\"accelerometer; autoplay; clipboard-write; encrypted-media; gyroscope; picture-in-picture; web-share\" referrerpolicy=\"strict-origin-when-cross-origin\" allowfullscreen><\/iframe>\n<\/div><\/figure>\n\n\n\n<p>Ganz im Sinne der Nachhaltigkeit gilt: Das gesamte Material des Global Gate ist zu 100 Prozent recycelbar. Die verwendeten Farben sind umweltfreundlich. Die notwendigen Container werden am jeweiligen Errichtungsort vom Logistik-Partner zur Verf\u00fcgung gestellt. Lediglich die Au\u00dfenfassade reist von Ort zu Ort.<\/p>\n\n\n\n<p>2017 wurde der damals 17j\u00e4hrige Leon L\u00f6wentraut als erster K\u00fcnstler weltweit zur k\u00fcnstlerischen Interpretation der von der UN verabschiedeten 17 globalen Ziele zur nachhaltigen Entwicklung der Weltgemeinschaft ausgew\u00e4hlt. F\u00fcr die Kampagne \u201e#Art4Global Goals\u201c malte Leon L\u00f6wentraut \u2013 mit Unterst\u00fctzung der UNESCO, der YOU Stiftung und Geuer &amp; Geuer Art \u2013 insgesamt 17 Unikate. Diese Arbeiten werden bis 2030 weltweit f\u00fcr die Bekanntmachung und Unterst\u00fctzung der nachhaltigen Entwicklungsziele eingesetzt. Die 17 Ziele (Goals) sollen dazu beitragen, allen Menschen auf unserem Planeten ein Leben in W\u00fcrde zu erm\u00f6glichen. Die Er\u00f6ffnungsausstellung der Kampagne fand 2018 im UNESCO-Headquarter Paris statt.<\/p>\n\n\n\n<p>Leon L\u00f6wentraut<\/p>\n\n\n\n<p>Der junge, extravagante Maler z\u00e4hlt zu den gefragtesten K\u00fcnstlern der Gegenwart. Seine Werke waren u.a. bereits in New York, London, Kopenhagen, Singapur, Z\u00fcrich sowie im Puschkin-Museum in St. Petersburg, im Palazzo Medici Riccardi in Florenz, im Osthaus Museum in Hagen, in der Biblioteca Nazionale Marciana in Venedig, im Kunstforum Wien und im Bayerischen Nationalmuseum in M\u00fcnchen zu sehen.<\/p>\n\n\n\n<p>Erst k\u00fcrzlich wurde er von Forbes unter die \u201e30 under 30\u201c (die 30 wichtigsten deutschen Pers\u00f6nlichkeiten unter 30 Jahren) gew\u00e4hlt.<\/p>\n\n\n\n<p>Lo\u0308wentraut, 1998 in Kaiserslautern geboren, malt seit seinem 7. Lebensjahr. Er arbeitet in der N\u00e4he von D\u00fcsseldorf.<\/p>\n\n\n\n<p>Expo 2020 Dubai<\/p>\n\n\n\n<p>Aufgrund der zentralen Lage und der guten Erreichbarkeit ist die Expo 2020 Dubai die am st\u00e4rksten international ausgerichtete Weltausstellung der Geschichte. 192 L\u00e4nder \u2013 eine Rekordzahl \u2013 nehmen an der Weltausstellung teil.<\/p>\n\n\n\n<p><a href=\"https:\/\/kulturonline.tv\/de\/deutschland\/interview-mit-leon-loewentraut\">Weitere Beitr\u00e4ge \u00fcber Leon L\u00f6wentraut<\/a><\/p>\n\n\n\n<p>Kultur Online TV<\/p>\n\n\n\n<p>#kunst #kultur <\/p>\n","protected":false},"excerpt":{"rendered":"<p>Ausgestellt vor dem Burj Khalifa, dem h\u00f6chsten Geb\u00e4ude der Welt, am bekannten Burj Plaza, parallel zur Expo 2020 Dubai, wird das Global Gate bis einschlie\u00dflich M\u00e4rz 2022 einen wichtigen Beitrag zur Vermittlung\u00a0 der Nachhaltigkeitsziele leisten. Das Kunstwerk lehnt sich dar\u00fcber hinaus an die thematische Ausrichtung der EXPO 2020 an, die lautet: &#8222;Gedanken verbinden, die Zukunft [&hellip;]<\/p>\n","protected":false},"author":2,"featured_media":14813,"comment_status":"closed","ping_status":"closed","sticky":false,"template":"","format":"standard","meta":{"_acf_changed":false,"footnotes":""},"categories":[3],"tags":[],"class_list":["post-14809","post","type-post","status-publish","format-standard","has-post-thumbnail","hentry","category-newsflash"],"acf":[],"yoast_head":"<!-- This site is optimized with the Yoast SEO plugin v26.1.1 - https:\/\/yoast.com\/wordpress\/plugins\/seo\/ -->\n<title>Leon L\u00f6wentraut: Pr\u00e4sentation des \u201eGlobal Gate\u201c in Dubai - Kultur Online TV &amp; FM<\/title>\n<meta name=\"description\" content=\"Kultur sehen und H\u00f6ren\" \/>\n<meta name=\"robots\" content=\"index, follow, max-snippet:-1, max-image-preview:large, max-video-preview:-1\" \/>\n<link rel=\"canonical\" href=\"https:\/\/kulturonline.tv\/de\/leon-loewentraut-praesentation-des-global-gate-in-dubai\/\" \/>\n<meta property=\"og:locale\" content=\"de_DE\" \/>\n<meta property=\"og:type\" content=\"article\" \/>\n<meta property=\"og:title\" content=\"Leon L\u00f6wentraut: Pr\u00e4sentation des \u201eGlobal Gate\u201c in Dubai - Kultur Online TV &amp; FM\" \/>\n<meta property=\"og:description\" content=\"Kultur sehen und H\u00f6ren\" \/>\n<meta property=\"og:url\" content=\"https:\/\/kulturonline.tv\/de\/leon-loewentraut-praesentation-des-global-gate-in-dubai\/\" \/>\n<meta property=\"og:site_name\" content=\"Kultur Online TV &amp; FM\" \/>\n<meta property=\"article:publisher\" content=\"https:\/\/www.facebook.com\/kulturonline.tv\" \/>\n<meta property=\"article:published_time\" content=\"2021-12-07T00:43:08+00:00\" \/>\n<meta property=\"article:modified_time\" content=\"2021-12-07T00:43:09+00:00\" \/>\n<meta property=\"og:image\" content=\"https:\/\/kulturonline.tv\/wp-content\/uploads\/2021\/12\/Foto-Eroeffnungkl2-edited.jpg\" \/>\n\t<meta property=\"og:image:width\" content=\"1024\" \/>\n\t<meta property=\"og:image:height\" content=\"575\" \/>\n\t<meta property=\"og:image:type\" content=\"image\/jpeg\" \/>\n<meta name=\"author\" content=\"guenter.wolfgang\" \/>\n<meta name=\"twitter:card\" content=\"summary_large_image\" \/>\n<meta name=\"twitter:label1\" content=\"Verfasst von\" \/>\n\t<meta name=\"twitter:data1\" content=\"guenter.wolfgang\" \/>\n\t<meta name=\"twitter:label2\" content=\"Gesch\u00e4tzte Lesezeit\" \/>\n\t<meta name=\"twitter:data2\" content=\"4\u00a0Minuten\" \/>\n<script type=\"application\/ld+json\" class=\"yoast-schema-graph\">{\"@context\":\"https:\/\/schema.org\",\"@graph\":[{\"@type\":\"Article\",\"@id\":\"https:\/\/kulturonline.tv\/de\/leon-loewentraut-praesentation-des-global-gate-in-dubai\/#article\",\"isPartOf\":{\"@id\":\"https:\/\/kulturonline.tv\/de\/leon-loewentraut-praesentation-des-global-gate-in-dubai\/\"},\"author\":{\"name\":\"guenter.wolfgang\",\"@id\":\"https:\/\/kulturonline.tv\/de\/#\/schema\/person\/b0fac729bb9a0c193fb1df23449df4fe\"},\"headline\":\"Leon L\u00f6wentraut: Pr\u00e4sentation des \u201eGlobal Gate\u201c in Dubai\",\"datePublished\":\"2021-12-07T00:43:08+00:00\",\"dateModified\":\"2021-12-07T00:43:09+00:00\",\"mainEntityOfPage\":{\"@id\":\"https:\/\/kulturonline.tv\/de\/leon-loewentraut-praesentation-des-global-gate-in-dubai\/\"},\"wordCount\":856,\"publisher\":{\"@id\":\"https:\/\/kulturonline.tv\/de\/#organization\"},\"image\":{\"@id\":\"https:\/\/kulturonline.tv\/de\/leon-loewentraut-praesentation-des-global-gate-in-dubai\/#primaryimage\"},\"thumbnailUrl\":\"https:\/\/kulturonline.tv\/wp-content\/uploads\/2021\/12\/Foto-Eroeffnungkl2-edited.jpg\",\"articleSection\":[\"Newsflash\"],\"inLanguage\":\"de\"},{\"@type\":\"WebPage\",\"@id\":\"https:\/\/kulturonline.tv\/de\/leon-loewentraut-praesentation-des-global-gate-in-dubai\/\",\"url\":\"https:\/\/kulturonline.tv\/de\/leon-loewentraut-praesentation-des-global-gate-in-dubai\/\",\"name\":\"Leon L\u00f6wentraut: Pr\u00e4sentation des \u201eGlobal Gate\u201c in Dubai - Kultur Online TV &amp; FM\",\"isPartOf\":{\"@id\":\"https:\/\/kulturonline.tv\/de\/#website\"},\"primaryImageOfPage\":{\"@id\":\"https:\/\/kulturonline.tv\/de\/leon-loewentraut-praesentation-des-global-gate-in-dubai\/#primaryimage\"},\"image\":{\"@id\":\"https:\/\/kulturonline.tv\/de\/leon-loewentraut-praesentation-des-global-gate-in-dubai\/#primaryimage\"},\"thumbnailUrl\":\"https:\/\/kulturonline.tv\/wp-content\/uploads\/2021\/12\/Foto-Eroeffnungkl2-edited.jpg\",\"datePublished\":\"2021-12-07T00:43:08+00:00\",\"dateModified\":\"2021-12-07T00:43:09+00:00\",\"description\":\"Kultur sehen und H\u00f6ren\",\"breadcrumb\":{\"@id\":\"https:\/\/kulturonline.tv\/de\/leon-loewentraut-praesentation-des-global-gate-in-dubai\/#breadcrumb\"},\"inLanguage\":\"de\",\"potentialAction\":[{\"@type\":\"ReadAction\",\"target\":[\"https:\/\/kulturonline.tv\/de\/leon-loewentraut-praesentation-des-global-gate-in-dubai\/\"]}]},{\"@type\":\"ImageObject\",\"inLanguage\":\"de\",\"@id\":\"https:\/\/kulturonline.tv\/de\/leon-loewentraut-praesentation-des-global-gate-in-dubai\/#primaryimage\",\"url\":\"https:\/\/kulturonline.tv\/wp-content\/uploads\/2021\/12\/Foto-Eroeffnungkl2-edited.jpg\",\"contentUrl\":\"https:\/\/kulturonline.tv\/wp-content\/uploads\/2021\/12\/Foto-Eroeffnungkl2-edited.jpg\",\"width\":1024,\"height\":575},{\"@type\":\"BreadcrumbList\",\"@id\":\"https:\/\/kulturonline.tv\/de\/leon-loewentraut-praesentation-des-global-gate-in-dubai\/#breadcrumb\",\"itemListElement\":[{\"@type\":\"ListItem\",\"position\":1,\"name\":\"Startseite\",\"item\":\"https:\/\/kulturonline.tv\/de\/\"},{\"@type\":\"ListItem\",\"position\":2,\"name\":\"Leon L\u00f6wentraut: Pr\u00e4sentation des \u201eGlobal Gate\u201c in Dubai\"}]},{\"@type\":\"WebSite\",\"@id\":\"https:\/\/kulturonline.tv\/de\/#website\",\"url\":\"https:\/\/kulturonline.tv\/de\/\",\"name\":\"Kultur Online TV &amp; FM\",\"description\":\"Wir sind Kultur 2.0 zum sehen &amp; h\u00f6ren\",\"publisher\":{\"@id\":\"https:\/\/kulturonline.tv\/de\/#organization\"},\"potentialAction\":[{\"@type\":\"SearchAction\",\"target\":{\"@type\":\"EntryPoint\",\"urlTemplate\":\"https:\/\/kulturonline.tv\/de\/?s={search_term_string}\"},\"query-input\":{\"@type\":\"PropertyValueSpecification\",\"valueRequired\":true,\"valueName\":\"search_term_string\"}}],\"inLanguage\":\"de\"},{\"@type\":\"Organization\",\"@id\":\"https:\/\/kulturonline.tv\/de\/#organization\",\"name\":\"Kultur Online TV\",\"url\":\"https:\/\/kulturonline.tv\/de\/\",\"logo\":{\"@type\":\"ImageObject\",\"inLanguage\":\"de\",\"@id\":\"https:\/\/kulturonline.tv\/de\/#\/schema\/logo\/image\/\",\"url\":\"https:\/\/kulturonline.tv\/wp-content\/uploads\/2021\/08\/Kultur-Online-Tv-Logo-Endversion-neu.png\",\"contentUrl\":\"https:\/\/kulturonline.tv\/wp-content\/uploads\/2021\/08\/Kultur-Online-Tv-Logo-Endversion-neu.png\",\"width\":200,\"height\":200,\"caption\":\"Kultur Online TV\"},\"image\":{\"@id\":\"https:\/\/kulturonline.tv\/de\/#\/schema\/logo\/image\/\"},\"sameAs\":[\"https:\/\/www.facebook.com\/kulturonline.tv\",\"https:\/\/www.instagram.com\/kulturonline.tv\"]},{\"@type\":\"Person\",\"@id\":\"https:\/\/kulturonline.tv\/de\/#\/schema\/person\/b0fac729bb9a0c193fb1df23449df4fe\",\"name\":\"guenter.wolfgang\"}]}<\/script>\n<!-- \/ Yoast SEO plugin. -->","yoast_head_json":{"title":"Leon L\u00f6wentraut: Pr\u00e4sentation des \u201eGlobal Gate\u201c in Dubai - Kultur Online TV &amp; FM","description":"Kultur sehen und H\u00f6ren","robots":{"index":"index","follow":"follow","max-snippet":"max-snippet:-1","max-image-preview":"max-image-preview:large","max-video-preview":"max-video-preview:-1"},"canonical":"https:\/\/kulturonline.tv\/de\/leon-loewentraut-praesentation-des-global-gate-in-dubai\/","og_locale":"de_DE","og_type":"article","og_title":"Leon L\u00f6wentraut: Pr\u00e4sentation des \u201eGlobal Gate\u201c in Dubai - Kultur Online TV &amp; FM","og_description":"Kultur sehen und H\u00f6ren","og_url":"https:\/\/kulturonline.tv\/de\/leon-loewentraut-praesentation-des-global-gate-in-dubai\/","og_site_name":"Kultur Online TV &amp; FM","article_publisher":"https:\/\/www.facebook.com\/kulturonline.tv","article_published_time":"2021-12-07T00:43:08+00:00","article_modified_time":"2021-12-07T00:43:09+00:00","og_image":[{"width":1024,"height":575,"url":"https:\/\/kulturonline.tv\/wp-content\/uploads\/2021\/12\/Foto-Eroeffnungkl2-edited.jpg","type":"image\/jpeg"}],"author":"guenter.wolfgang","twitter_card":"summary_large_image","twitter_misc":{"Verfasst von":"guenter.wolfgang","Gesch\u00e4tzte Lesezeit":"4\u00a0Minuten"},"schema":{"@context":"https:\/\/schema.org","@graph":[{"@type":"Article","@id":"https:\/\/kulturonline.tv\/de\/leon-loewentraut-praesentation-des-global-gate-in-dubai\/#article","isPartOf":{"@id":"https:\/\/kulturonline.tv\/de\/leon-loewentraut-praesentation-des-global-gate-in-dubai\/"},"author":{"name":"guenter.wolfgang","@id":"https:\/\/kulturonline.tv\/de\/#\/schema\/person\/b0fac729bb9a0c193fb1df23449df4fe"},"headline":"Leon L\u00f6wentraut: Pr\u00e4sentation des \u201eGlobal Gate\u201c in Dubai","datePublished":"2021-12-07T00:43:08+00:00","dateModified":"2021-12-07T00:43:09+00:00","mainEntityOfPage":{"@id":"https:\/\/kulturonline.tv\/de\/leon-loewentraut-praesentation-des-global-gate-in-dubai\/"},"wordCount":856,"publisher":{"@id":"https:\/\/kulturonline.tv\/de\/#organization"},"image":{"@id":"https:\/\/kulturonline.tv\/de\/leon-loewentraut-praesentation-des-global-gate-in-dubai\/#primaryimage"},"thumbnailUrl":"https:\/\/kulturonline.tv\/wp-content\/uploads\/2021\/12\/Foto-Eroeffnungkl2-edited.jpg","articleSection":["Newsflash"],"inLanguage":"de"},{"@type":"WebPage","@id":"https:\/\/kulturonline.tv\/de\/leon-loewentraut-praesentation-des-global-gate-in-dubai\/","url":"https:\/\/kulturonline.tv\/de\/leon-loewentraut-praesentation-des-global-gate-in-dubai\/","name":"Leon L\u00f6wentraut: Pr\u00e4sentation des \u201eGlobal Gate\u201c in Dubai - Kultur Online TV &amp; FM","isPartOf":{"@id":"https:\/\/kulturonline.tv\/de\/#website"},"primaryImageOfPage":{"@id":"https:\/\/kulturonline.tv\/de\/leon-loewentraut-praesentation-des-global-gate-in-dubai\/#primaryimage"},"image":{"@id":"https:\/\/kulturonline.tv\/de\/leon-loewentraut-praesentation-des-global-gate-in-dubai\/#primaryimage"},"thumbnailUrl":"https:\/\/kulturonline.tv\/wp-content\/uploads\/2021\/12\/Foto-Eroeffnungkl2-edited.jpg","datePublished":"2021-12-07T00:43:08+00:00","dateModified":"2021-12-07T00:43:09+00:00","description":"Kultur sehen und H\u00f6ren","breadcrumb":{"@id":"https:\/\/kulturonline.tv\/de\/leon-loewentraut-praesentation-des-global-gate-in-dubai\/#breadcrumb"},"inLanguage":"de","potentialAction":[{"@type":"ReadAction","target":["https:\/\/kulturonline.tv\/de\/leon-loewentraut-praesentation-des-global-gate-in-dubai\/"]}]},{"@type":"ImageObject","inLanguage":"de","@id":"https:\/\/kulturonline.tv\/de\/leon-loewentraut-praesentation-des-global-gate-in-dubai\/#primaryimage","url":"https:\/\/kulturonline.tv\/wp-content\/uploads\/2021\/12\/Foto-Eroeffnungkl2-edited.jpg","contentUrl":"https:\/\/kulturonline.tv\/wp-content\/uploads\/2021\/12\/Foto-Eroeffnungkl2-edited.jpg","width":1024,"height":575},{"@type":"BreadcrumbList","@id":"https:\/\/kulturonline.tv\/de\/leon-loewentraut-praesentation-des-global-gate-in-dubai\/#breadcrumb","itemListElement":[{"@type":"ListItem","position":1,"name":"Startseite","item":"https:\/\/kulturonline.tv\/de\/"},{"@type":"ListItem","position":2,"name":"Leon L\u00f6wentraut: Pr\u00e4sentation des \u201eGlobal Gate\u201c in Dubai"}]},{"@type":"WebSite","@id":"https:\/\/kulturonline.tv\/de\/#website","url":"https:\/\/kulturonline.tv\/de\/","name":"Kultur Online TV &amp; FM","description":"Wir sind Kultur 2.0 zum sehen &amp; h\u00f6ren","publisher":{"@id":"https:\/\/kulturonline.tv\/de\/#organization"},"potentialAction":[{"@type":"SearchAction","target":{"@type":"EntryPoint","urlTemplate":"https:\/\/kulturonline.tv\/de\/?s={search_term_string}"},"query-input":{"@type":"PropertyValueSpecification","valueRequired":true,"valueName":"search_term_string"}}],"inLanguage":"de"},{"@type":"Organization","@id":"https:\/\/kulturonline.tv\/de\/#organization","name":"Kultur Online TV","url":"https:\/\/kulturonline.tv\/de\/","logo":{"@type":"ImageObject","inLanguage":"de","@id":"https:\/\/kulturonline.tv\/de\/#\/schema\/logo\/image\/","url":"https:\/\/kulturonline.tv\/wp-content\/uploads\/2021\/08\/Kultur-Online-Tv-Logo-Endversion-neu.png","contentUrl":"https:\/\/kulturonline.tv\/wp-content\/uploads\/2021\/08\/Kultur-Online-Tv-Logo-Endversion-neu.png","width":200,"height":200,"caption":"Kultur Online TV"},"image":{"@id":"https:\/\/kulturonline.tv\/de\/#\/schema\/logo\/image\/"},"sameAs":["https:\/\/www.facebook.com\/kulturonline.tv","https:\/\/www.instagram.com\/kulturonline.tv"]},{"@type":"Person","@id":"https:\/\/kulturonline.tv\/de\/#\/schema\/person\/b0fac729bb9a0c193fb1df23449df4fe","name":"guenter.wolfgang"}]}},"_links":{"self":[{"href":"https:\/\/kulturonline.tv\/de\/wp-json\/wp\/v2\/posts\/14809","targetHints":{"allow":["GET"]}}],"collection":[{"href":"https:\/\/kulturonline.tv\/de\/wp-json\/wp\/v2\/posts"}],"about":[{"href":"https:\/\/kulturonline.tv\/de\/wp-json\/wp\/v2\/types\/post"}],"author":[{"embeddable":true,"href":"https:\/\/kulturonline.tv\/de\/wp-json\/wp\/v2\/users\/2"}],"replies":[{"embeddable":true,"href":"https:\/\/kulturonline.tv\/de\/wp-json\/wp\/v2\/comments?post=14809"}],"version-history":[{"count":0,"href":"https:\/\/kulturonline.tv\/de\/wp-json\/wp\/v2\/posts\/14809\/revisions"}],"wp:featuredmedia":[{"embeddable":true,"href":"https:\/\/kulturonline.tv\/de\/wp-json\/wp\/v2\/media\/14813"}],"wp:attachment":[{"href":"https:\/\/kulturonline.tv\/de\/wp-json\/wp\/v2\/media?parent=14809"}],"wp:term":[{"taxonomy":"category","embeddable":true,"href":"https:\/\/kulturonline.tv\/de\/wp-json\/wp\/v2\/categories?post=14809"},{"taxonomy":"post_tag","embeddable":true,"href":"https:\/\/kulturonline.tv\/de\/wp-json\/wp\/v2\/tags?post=14809"}],"curies":[{"name":"wp","href":"https:\/\/api.w.org\/{rel}","templated":true}]}}