{"id":15149,"date":"2021-12-08T04:36:29","date_gmt":"2021-12-08T03:36:29","guid":{"rendered":"https:\/\/kulturonline.tv\/?p=15149"},"modified":"2021-12-08T04:36:30","modified_gmt":"2021-12-08T03:36:30","slug":"das-theater-chur-wagt-den-schritt-in-eine-digitale-zukunft","status":"publish","type":"post","link":"https:\/\/kulturonline.tv\/de\/das-theater-chur-wagt-den-schritt-in-eine-digitale-zukunft\/","title":{"rendered":"Das Theater Chur wagt den Schritt in eine digitale Zukunft"},"content":{"rendered":"\n<p>Yves Regenass soll dem Theater Chur auf die digitalen Spr\u00fcnge helfen.<\/p>\n\n\n\n<figure class=\"wp-block-image size-full\"><img fetchpriority=\"high\" decoding=\"async\" width=\"1280\" height=\"720\" src=\"https:\/\/kulturonline.tv\/wp-content\/uploads\/2021\/12\/e252af.jpg\" alt=\"\" class=\"wp-image-15151\" srcset=\"https:\/\/kulturonline.tv\/wp-content\/uploads\/2021\/12\/e252af.jpg 1280w, https:\/\/kulturonline.tv\/wp-content\/uploads\/2021\/12\/e252af-600x338.jpg 600w, https:\/\/kulturonline.tv\/wp-content\/uploads\/2021\/12\/e252af-800x450.jpg 800w, https:\/\/kulturonline.tv\/wp-content\/uploads\/2021\/12\/e252af-768x432.jpg 768w\" sizes=\"(max-width: 1280px) 100vw, 1280px\" \/><figcaption>\u00a9 Mathias Prinz<\/figcaption><\/figure>\n\n\n\n<p>Yves Regenass hat an der Universit\u00e4t Hildesheim Kulturwissenschaften und \u00e4sthetische Praxis studiert und ist Gr\u00fcndungsmitglied der Medien-Theater-Gruppe machina eX, mit welcher er zahlreiche Produktionen in und ausserhalb Europas realisierte. <\/p>\n\n\n\n<p>Von 2013 bis 2017 arbeitete er als Programmdramaturg am ROXY Birsfelden, wo er zahlreiche Produktionen im Bereich Theater, Performance und Tanz begleitete. Seit einigen Jahren lehrt er zum Thema Spiele im Theater etwa an der Bundesakademie f\u00fcr kulturelle Bildung Wolfenb\u00fcttel, der Hochschule der K\u00fcnste in Bern und an vielen weiteren Orten. <\/p>\n\n\n\n<p>Mit machina eX hat Yves Regenass den Georg-Tabori-Preis gewonnen, Projekte von ihm wurden u.a. zum Impulse Festival, Theater der Welt und dem Schweizer Theatertreffen eingeladen.<\/p>\n\n\n\n<p>Vor kurzem trafen sich im Foyer des Theater Chur Mitarbeitende aus allen Abteilungen zu einem Workshop, zu dem Yves Regenass eingeladen hatte: Der Theaterdirektor war da, die Grafikerinnen waren gekommen, die Buchhalterin, die Praktikantin, das Bar-Personal und sogar die Stiftungspr\u00e4sidentin.<\/p>\n\n\n\n<p>Es ging darum, gemeinsam herauszufinden, was das Potential des digitalen Theaters f\u00fcr Chur sein k\u00f6nnte. Und es ging, zumindest auf den ersten Blick, alles andere als &#8222;digital&#8220; zu und her. Es wurden Spiellogiken entwickelt und Theaterkonventionen hinterfragt. Es ging um einen Teamprozess, den Yves Regenass spielerisch und motivierend anleitete.<\/p>\n\n\n\n<p>Das traditionelle Theater ist von diesen digitalen Formen nicht gef\u00e4hrdet. Im Gegenteil, es ist eine Erweiterung, so R<meta charset=\"utf-8\">egenass. Das Theater hat immer schon neue Technologien aufgenommen und damit experimentiert. <\/p>\n\n\n\n<p>Kultur Online TV<\/p>\n\n\n\n<p>#digital #theater #kultur <\/p>\n","protected":false},"excerpt":{"rendered":"<p>Yves Regenass soll dem Theater Chur auf die digitalen Spr\u00fcnge helfen. Yves Regenass hat an der Universit\u00e4t Hildesheim Kulturwissenschaften und \u00e4sthetische Praxis studiert und ist Gr\u00fcndungsmitglied der Medien-Theater-Gruppe machina eX, mit welcher er zahlreiche Produktionen in und ausserhalb Europas realisierte. Von 2013 bis 2017 arbeitete er als Programmdramaturg am ROXY Birsfelden, wo er zahlreiche Produktionen [&hellip;]<\/p>\n","protected":false},"author":2,"featured_media":15151,"comment_status":"closed","ping_status":"closed","sticky":false,"template":"","format":"standard","meta":{"_acf_changed":false,"footnotes":""},"categories":[105],"tags":[],"class_list":["post-15149","post","type-post","status-publish","format-standard","has-post-thumbnail","hentry","category-theater"],"acf":[],"yoast_head":"<!-- This site is optimized with the Yoast SEO plugin v26.1.1 - https:\/\/yoast.com\/wordpress\/plugins\/seo\/ -->\n<title>Das Theater Chur wagt den Schritt in eine digitale Zukunft - Kultur Online TV &amp; FM<\/title>\n<meta name=\"description\" content=\"Kultur sehen und H\u00f6ren\" \/>\n<meta name=\"robots\" content=\"index, follow, max-snippet:-1, max-image-preview:large, max-video-preview:-1\" \/>\n<link rel=\"canonical\" href=\"https:\/\/kulturonline.tv\/de\/das-theater-chur-wagt-den-schritt-in-eine-digitale-zukunft\/\" \/>\n<meta property=\"og:locale\" content=\"de_DE\" \/>\n<meta property=\"og:type\" content=\"article\" \/>\n<meta property=\"og:title\" content=\"Das Theater Chur wagt den Schritt in eine digitale Zukunft - Kultur Online TV &amp; FM\" \/>\n<meta property=\"og:description\" content=\"Kultur sehen und H\u00f6ren\" \/>\n<meta property=\"og:url\" content=\"https:\/\/kulturonline.tv\/de\/das-theater-chur-wagt-den-schritt-in-eine-digitale-zukunft\/\" \/>\n<meta property=\"og:site_name\" content=\"Kultur Online TV &amp; FM\" \/>\n<meta property=\"article:publisher\" content=\"https:\/\/www.facebook.com\/kulturonline.tv\" \/>\n<meta property=\"article:published_time\" content=\"2021-12-08T03:36:29+00:00\" \/>\n<meta property=\"article:modified_time\" content=\"2021-12-08T03:36:30+00:00\" \/>\n<meta property=\"og:image\" content=\"https:\/\/kulturonline.tv\/wp-content\/uploads\/2021\/12\/e252af.jpg\" \/>\n\t<meta property=\"og:image:width\" content=\"1280\" \/>\n\t<meta property=\"og:image:height\" content=\"720\" \/>\n\t<meta property=\"og:image:type\" content=\"image\/jpeg\" \/>\n<meta name=\"author\" content=\"guenter.wolfgang\" \/>\n<meta name=\"twitter:card\" content=\"summary_large_image\" \/>\n<meta name=\"twitter:label1\" content=\"Verfasst von\" \/>\n\t<meta name=\"twitter:data1\" content=\"guenter.wolfgang\" \/>\n\t<meta name=\"twitter:label2\" content=\"Gesch\u00e4tzte Lesezeit\" \/>\n\t<meta name=\"twitter:data2\" content=\"2\u00a0Minuten\" \/>\n<script type=\"application\/ld+json\" class=\"yoast-schema-graph\">{\"@context\":\"https:\/\/schema.org\",\"@graph\":[{\"@type\":\"Article\",\"@id\":\"https:\/\/kulturonline.tv\/de\/das-theater-chur-wagt-den-schritt-in-eine-digitale-zukunft\/#article\",\"isPartOf\":{\"@id\":\"https:\/\/kulturonline.tv\/de\/das-theater-chur-wagt-den-schritt-in-eine-digitale-zukunft\/\"},\"author\":{\"name\":\"guenter.wolfgang\",\"@id\":\"https:\/\/kulturonline.tv\/de\/#\/schema\/person\/b0fac729bb9a0c193fb1df23449df4fe\"},\"headline\":\"Das Theater Chur wagt den Schritt in eine digitale Zukunft\",\"datePublished\":\"2021-12-08T03:36:29+00:00\",\"dateModified\":\"2021-12-08T03:36:30+00:00\",\"mainEntityOfPage\":{\"@id\":\"https:\/\/kulturonline.tv\/de\/das-theater-chur-wagt-den-schritt-in-eine-digitale-zukunft\/\"},\"wordCount\":261,\"publisher\":{\"@id\":\"https:\/\/kulturonline.tv\/de\/#organization\"},\"image\":{\"@id\":\"https:\/\/kulturonline.tv\/de\/das-theater-chur-wagt-den-schritt-in-eine-digitale-zukunft\/#primaryimage\"},\"thumbnailUrl\":\"https:\/\/kulturonline.tv\/wp-content\/uploads\/2021\/12\/e252af.jpg\",\"articleSection\":[\"Theater\"],\"inLanguage\":\"de\"},{\"@type\":\"WebPage\",\"@id\":\"https:\/\/kulturonline.tv\/de\/das-theater-chur-wagt-den-schritt-in-eine-digitale-zukunft\/\",\"url\":\"https:\/\/kulturonline.tv\/de\/das-theater-chur-wagt-den-schritt-in-eine-digitale-zukunft\/\",\"name\":\"Das Theater Chur wagt den Schritt in eine digitale Zukunft - Kultur Online TV &amp; FM\",\"isPartOf\":{\"@id\":\"https:\/\/kulturonline.tv\/de\/#website\"},\"primaryImageOfPage\":{\"@id\":\"https:\/\/kulturonline.tv\/de\/das-theater-chur-wagt-den-schritt-in-eine-digitale-zukunft\/#primaryimage\"},\"image\":{\"@id\":\"https:\/\/kulturonline.tv\/de\/das-theater-chur-wagt-den-schritt-in-eine-digitale-zukunft\/#primaryimage\"},\"thumbnailUrl\":\"https:\/\/kulturonline.tv\/wp-content\/uploads\/2021\/12\/e252af.jpg\",\"datePublished\":\"2021-12-08T03:36:29+00:00\",\"dateModified\":\"2021-12-08T03:36:30+00:00\",\"description\":\"Kultur sehen und H\u00f6ren\",\"breadcrumb\":{\"@id\":\"https:\/\/kulturonline.tv\/de\/das-theater-chur-wagt-den-schritt-in-eine-digitale-zukunft\/#breadcrumb\"},\"inLanguage\":\"de\",\"potentialAction\":[{\"@type\":\"ReadAction\",\"target\":[\"https:\/\/kulturonline.tv\/de\/das-theater-chur-wagt-den-schritt-in-eine-digitale-zukunft\/\"]}]},{\"@type\":\"ImageObject\",\"inLanguage\":\"de\",\"@id\":\"https:\/\/kulturonline.tv\/de\/das-theater-chur-wagt-den-schritt-in-eine-digitale-zukunft\/#primaryimage\",\"url\":\"https:\/\/kulturonline.tv\/wp-content\/uploads\/2021\/12\/e252af.jpg\",\"contentUrl\":\"https:\/\/kulturonline.tv\/wp-content\/uploads\/2021\/12\/e252af.jpg\",\"width\":1280,\"height\":720},{\"@type\":\"BreadcrumbList\",\"@id\":\"https:\/\/kulturonline.tv\/de\/das-theater-chur-wagt-den-schritt-in-eine-digitale-zukunft\/#breadcrumb\",\"itemListElement\":[{\"@type\":\"ListItem\",\"position\":1,\"name\":\"Startseite\",\"item\":\"https:\/\/kulturonline.tv\/de\/\"},{\"@type\":\"ListItem\",\"position\":2,\"name\":\"Das Theater Chur wagt den Schritt in eine digitale Zukunft\"}]},{\"@type\":\"WebSite\",\"@id\":\"https:\/\/kulturonline.tv\/de\/#website\",\"url\":\"https:\/\/kulturonline.tv\/de\/\",\"name\":\"Kultur Online TV &amp; FM\",\"description\":\"Wir sind Kultur 2.0 zum sehen &amp; h\u00f6ren\",\"publisher\":{\"@id\":\"https:\/\/kulturonline.tv\/de\/#organization\"},\"potentialAction\":[{\"@type\":\"SearchAction\",\"target\":{\"@type\":\"EntryPoint\",\"urlTemplate\":\"https:\/\/kulturonline.tv\/de\/?s={search_term_string}\"},\"query-input\":{\"@type\":\"PropertyValueSpecification\",\"valueRequired\":true,\"valueName\":\"search_term_string\"}}],\"inLanguage\":\"de\"},{\"@type\":\"Organization\",\"@id\":\"https:\/\/kulturonline.tv\/de\/#organization\",\"name\":\"Kultur Online TV\",\"url\":\"https:\/\/kulturonline.tv\/de\/\",\"logo\":{\"@type\":\"ImageObject\",\"inLanguage\":\"de\",\"@id\":\"https:\/\/kulturonline.tv\/de\/#\/schema\/logo\/image\/\",\"url\":\"https:\/\/kulturonline.tv\/wp-content\/uploads\/2021\/08\/Kultur-Online-Tv-Logo-Endversion-neu.png\",\"contentUrl\":\"https:\/\/kulturonline.tv\/wp-content\/uploads\/2021\/08\/Kultur-Online-Tv-Logo-Endversion-neu.png\",\"width\":200,\"height\":200,\"caption\":\"Kultur Online TV\"},\"image\":{\"@id\":\"https:\/\/kulturonline.tv\/de\/#\/schema\/logo\/image\/\"},\"sameAs\":[\"https:\/\/www.facebook.com\/kulturonline.tv\",\"https:\/\/www.instagram.com\/kulturonline.tv\"]},{\"@type\":\"Person\",\"@id\":\"https:\/\/kulturonline.tv\/de\/#\/schema\/person\/b0fac729bb9a0c193fb1df23449df4fe\",\"name\":\"guenter.wolfgang\"}]}<\/script>\n<!-- \/ Yoast SEO plugin. -->","yoast_head_json":{"title":"Das Theater Chur wagt den Schritt in eine digitale Zukunft - Kultur Online TV &amp; FM","description":"Kultur sehen und H\u00f6ren","robots":{"index":"index","follow":"follow","max-snippet":"max-snippet:-1","max-image-preview":"max-image-preview:large","max-video-preview":"max-video-preview:-1"},"canonical":"https:\/\/kulturonline.tv\/de\/das-theater-chur-wagt-den-schritt-in-eine-digitale-zukunft\/","og_locale":"de_DE","og_type":"article","og_title":"Das Theater Chur wagt den Schritt in eine digitale Zukunft - Kultur Online TV &amp; FM","og_description":"Kultur sehen und H\u00f6ren","og_url":"https:\/\/kulturonline.tv\/de\/das-theater-chur-wagt-den-schritt-in-eine-digitale-zukunft\/","og_site_name":"Kultur Online TV &amp; FM","article_publisher":"https:\/\/www.facebook.com\/kulturonline.tv","article_published_time":"2021-12-08T03:36:29+00:00","article_modified_time":"2021-12-08T03:36:30+00:00","og_image":[{"width":1280,"height":720,"url":"https:\/\/kulturonline.tv\/wp-content\/uploads\/2021\/12\/e252af.jpg","type":"image\/jpeg"}],"author":"guenter.wolfgang","twitter_card":"summary_large_image","twitter_misc":{"Verfasst von":"guenter.wolfgang","Gesch\u00e4tzte Lesezeit":"2\u00a0Minuten"},"schema":{"@context":"https:\/\/schema.org","@graph":[{"@type":"Article","@id":"https:\/\/kulturonline.tv\/de\/das-theater-chur-wagt-den-schritt-in-eine-digitale-zukunft\/#article","isPartOf":{"@id":"https:\/\/kulturonline.tv\/de\/das-theater-chur-wagt-den-schritt-in-eine-digitale-zukunft\/"},"author":{"name":"guenter.wolfgang","@id":"https:\/\/kulturonline.tv\/de\/#\/schema\/person\/b0fac729bb9a0c193fb1df23449df4fe"},"headline":"Das Theater Chur wagt den Schritt in eine digitale Zukunft","datePublished":"2021-12-08T03:36:29+00:00","dateModified":"2021-12-08T03:36:30+00:00","mainEntityOfPage":{"@id":"https:\/\/kulturonline.tv\/de\/das-theater-chur-wagt-den-schritt-in-eine-digitale-zukunft\/"},"wordCount":261,"publisher":{"@id":"https:\/\/kulturonline.tv\/de\/#organization"},"image":{"@id":"https:\/\/kulturonline.tv\/de\/das-theater-chur-wagt-den-schritt-in-eine-digitale-zukunft\/#primaryimage"},"thumbnailUrl":"https:\/\/kulturonline.tv\/wp-content\/uploads\/2021\/12\/e252af.jpg","articleSection":["Theater"],"inLanguage":"de"},{"@type":"WebPage","@id":"https:\/\/kulturonline.tv\/de\/das-theater-chur-wagt-den-schritt-in-eine-digitale-zukunft\/","url":"https:\/\/kulturonline.tv\/de\/das-theater-chur-wagt-den-schritt-in-eine-digitale-zukunft\/","name":"Das Theater Chur wagt den Schritt in eine digitale Zukunft - Kultur Online TV &amp; FM","isPartOf":{"@id":"https:\/\/kulturonline.tv\/de\/#website"},"primaryImageOfPage":{"@id":"https:\/\/kulturonline.tv\/de\/das-theater-chur-wagt-den-schritt-in-eine-digitale-zukunft\/#primaryimage"},"image":{"@id":"https:\/\/kulturonline.tv\/de\/das-theater-chur-wagt-den-schritt-in-eine-digitale-zukunft\/#primaryimage"},"thumbnailUrl":"https:\/\/kulturonline.tv\/wp-content\/uploads\/2021\/12\/e252af.jpg","datePublished":"2021-12-08T03:36:29+00:00","dateModified":"2021-12-08T03:36:30+00:00","description":"Kultur sehen und H\u00f6ren","breadcrumb":{"@id":"https:\/\/kulturonline.tv\/de\/das-theater-chur-wagt-den-schritt-in-eine-digitale-zukunft\/#breadcrumb"},"inLanguage":"de","potentialAction":[{"@type":"ReadAction","target":["https:\/\/kulturonline.tv\/de\/das-theater-chur-wagt-den-schritt-in-eine-digitale-zukunft\/"]}]},{"@type":"ImageObject","inLanguage":"de","@id":"https:\/\/kulturonline.tv\/de\/das-theater-chur-wagt-den-schritt-in-eine-digitale-zukunft\/#primaryimage","url":"https:\/\/kulturonline.tv\/wp-content\/uploads\/2021\/12\/e252af.jpg","contentUrl":"https:\/\/kulturonline.tv\/wp-content\/uploads\/2021\/12\/e252af.jpg","width":1280,"height":720},{"@type":"BreadcrumbList","@id":"https:\/\/kulturonline.tv\/de\/das-theater-chur-wagt-den-schritt-in-eine-digitale-zukunft\/#breadcrumb","itemListElement":[{"@type":"ListItem","position":1,"name":"Startseite","item":"https:\/\/kulturonline.tv\/de\/"},{"@type":"ListItem","position":2,"name":"Das Theater Chur wagt den Schritt in eine digitale Zukunft"}]},{"@type":"WebSite","@id":"https:\/\/kulturonline.tv\/de\/#website","url":"https:\/\/kulturonline.tv\/de\/","name":"Kultur Online TV &amp; FM","description":"Wir sind Kultur 2.0 zum sehen &amp; h\u00f6ren","publisher":{"@id":"https:\/\/kulturonline.tv\/de\/#organization"},"potentialAction":[{"@type":"SearchAction","target":{"@type":"EntryPoint","urlTemplate":"https:\/\/kulturonline.tv\/de\/?s={search_term_string}"},"query-input":{"@type":"PropertyValueSpecification","valueRequired":true,"valueName":"search_term_string"}}],"inLanguage":"de"},{"@type":"Organization","@id":"https:\/\/kulturonline.tv\/de\/#organization","name":"Kultur Online TV","url":"https:\/\/kulturonline.tv\/de\/","logo":{"@type":"ImageObject","inLanguage":"de","@id":"https:\/\/kulturonline.tv\/de\/#\/schema\/logo\/image\/","url":"https:\/\/kulturonline.tv\/wp-content\/uploads\/2021\/08\/Kultur-Online-Tv-Logo-Endversion-neu.png","contentUrl":"https:\/\/kulturonline.tv\/wp-content\/uploads\/2021\/08\/Kultur-Online-Tv-Logo-Endversion-neu.png","width":200,"height":200,"caption":"Kultur Online TV"},"image":{"@id":"https:\/\/kulturonline.tv\/de\/#\/schema\/logo\/image\/"},"sameAs":["https:\/\/www.facebook.com\/kulturonline.tv","https:\/\/www.instagram.com\/kulturonline.tv"]},{"@type":"Person","@id":"https:\/\/kulturonline.tv\/de\/#\/schema\/person\/b0fac729bb9a0c193fb1df23449df4fe","name":"guenter.wolfgang"}]}},"_links":{"self":[{"href":"https:\/\/kulturonline.tv\/de\/wp-json\/wp\/v2\/posts\/15149","targetHints":{"allow":["GET"]}}],"collection":[{"href":"https:\/\/kulturonline.tv\/de\/wp-json\/wp\/v2\/posts"}],"about":[{"href":"https:\/\/kulturonline.tv\/de\/wp-json\/wp\/v2\/types\/post"}],"author":[{"embeddable":true,"href":"https:\/\/kulturonline.tv\/de\/wp-json\/wp\/v2\/users\/2"}],"replies":[{"embeddable":true,"href":"https:\/\/kulturonline.tv\/de\/wp-json\/wp\/v2\/comments?post=15149"}],"version-history":[{"count":0,"href":"https:\/\/kulturonline.tv\/de\/wp-json\/wp\/v2\/posts\/15149\/revisions"}],"wp:featuredmedia":[{"embeddable":true,"href":"https:\/\/kulturonline.tv\/de\/wp-json\/wp\/v2\/media\/15151"}],"wp:attachment":[{"href":"https:\/\/kulturonline.tv\/de\/wp-json\/wp\/v2\/media?parent=15149"}],"wp:term":[{"taxonomy":"category","embeddable":true,"href":"https:\/\/kulturonline.tv\/de\/wp-json\/wp\/v2\/categories?post=15149"},{"taxonomy":"post_tag","embeddable":true,"href":"https:\/\/kulturonline.tv\/de\/wp-json\/wp\/v2\/tags?post=15149"}],"curies":[{"name":"wp","href":"https:\/\/api.w.org\/{rel}","templated":true}]}}