{"id":15173,"date":"2021-12-08T04:35:56","date_gmt":"2021-12-08T03:35:56","guid":{"rendered":"https:\/\/kulturonline.tv\/?p=15173"},"modified":"2021-12-08T04:35:58","modified_gmt":"2021-12-08T03:35:58","slug":"kultur-wirkt-bei-ihm-immer-politisch","status":"publish","type":"post","link":"https:\/\/kulturonline.tv\/de\/kultur-wirkt-bei-ihm-immer-politisch\/","title":{"rendered":"Kultur wirkt bei ihm immer politisch"},"content":{"rendered":"\n<p>Der Journalist, Publizist und Politiker Michael Naumann wird 80. Er pr\u00e4gte das Amt des Kulturstaatsministers.<\/p>\n\n\n\n<figure class=\"wp-block-image size-full\"><img fetchpriority=\"high\" decoding=\"async\" width=\"1566\" height=\"881\" src=\"https:\/\/kulturonline.tv\/wp-content\/uploads\/2021\/12\/Bildschirmfoto-2021-12-07-um-19.17.58-edited.png\" alt=\"\" class=\"wp-image-15179\" srcset=\"https:\/\/kulturonline.tv\/wp-content\/uploads\/2021\/12\/Bildschirmfoto-2021-12-07-um-19.17.58-edited.png 1566w, https:\/\/kulturonline.tv\/wp-content\/uploads\/2021\/12\/Bildschirmfoto-2021-12-07-um-19.17.58-edited-600x338.png 600w, https:\/\/kulturonline.tv\/wp-content\/uploads\/2021\/12\/Bildschirmfoto-2021-12-07-um-19.17.58-edited-800x450.png 800w, https:\/\/kulturonline.tv\/wp-content\/uploads\/2021\/12\/Bildschirmfoto-2021-12-07-um-19.17.58-edited-768x432.png 768w, https:\/\/kulturonline.tv\/wp-content\/uploads\/2021\/12\/Bildschirmfoto-2021-12-07-um-19.17.58-edited-1536x864.png 1536w\" sizes=\"(max-width: 1566px) 100vw, 1566px\" \/><figcaption>\u00a9 Mike Wolff<\/figcaption><\/figure>\n\n\n\n<p>Michael Naumann feiert an diesem Mittwoch seinen 80. Geburtstag. Und es stellt sich auch gleich die Frage, ob man ihn \u00fcberhaupt beruflich festlegen kann, und wozu? Naumann war Ressortleiter beim \u201eSpiegel\u201c, Chefredakteur und Herausgeber der \u201eZeit\u201c, sp\u00e4ter auch mal Chefredakteur von \u201eCicero\u201c: Journalismus ist eine seiner Leidenschaften.<\/p>\n\n\n\n<p>Michael Naumann, geb. am 8.12. 1941 studierte Politische Wissenschaft, Philosophie und Geschichte in Marburg und M\u00fcnchen, promovierte 1969 mit einer Arbeit \u00fcber Karl Kraus und habilitierte sich nach einem Studienaufenthalt am Queen\u2019s College, Oxford mit einer Studie \u00fcber den \u201eStrukturwandel des Heroismus.\u201c<\/p>\n\n\n\n<p>Er wechselte Jobs und Engagements wie Fu\u00dfballprofis den Club: ein Angriffsspieler. Der Sozialdemokrat Naumann war 2008 Spitzenkandidat bei der Hamburger B\u00fcrgerschaftswahl, verlor aber trotz ansehnlicher Stimmengewinne f\u00fcr die SPD gegen Ole von Beusts CDU. <\/p>\n\n\n\n<p>Naumann mag das Risiko. Sonst w\u00e4re er 1998 nicht dem Ruf Gerhard Schr\u00f6ders ins Kanzleramt gefolgt. Es war nach der Kohlschen Ewigkeit eine Aufbruchsstimmung wie jetzt nach 16 Merkeljahren.<\/p>\n\n\n\n<p>Nun ist es zum ersten Mal anders. Der designierte SPD-Kanzler Olaf Scholz bekommt mit Claudia Roth eine Gr\u00fcne als Staatsministerin f\u00fcr Kultur und Medien. Es war eine massive \u00dcberraschung, als pl\u00f6tzlich der Hamburger Kultursenator Carsten Brosda, ein langj\u00e4hriger Scholz- Vertrauter, aus dem Rennen flog.<\/p>\n\n\n\n<p>Brosda galt als sicherer Kandidat, aber offenbar war das am Ende zu viel hanseatisch-sozialdemokratische M\u00e4nnerwirtschaft. F\u00fcr den Geschmack vieler Beobachter gab Scholz die Kultur zu einfach ab, Verhandlungsmasse eben, wie andere Ministerien und \u00c4mter.<\/p>\n\n\n\n<p>Claudia Roth, als durchsetzungsf\u00e4hig bekannt, wird ebenso k\u00e4mpfen und \u00fcberzeugen k\u00f6nnen. Die 66-J\u00e4hrige ist eine erfahrene Politikerin mit bunter Biografie, eine Marke. Es ist nicht gesagt, dass die rot-gr\u00fcne Kultur-Kohabitation im Kanzleramt Schlechtes bringt. <\/p>\n\n\n\n<p>Roths Berufung zeigt eben auch, wie Scholz das Publikum mit Personalentscheidungen wach h\u00e4lt. Eine jede verantwortliche Kulturperson im Kanzlerdunstkreis hat die Aufgabe und Chance, das Amt stets aufs Neue zu erfinden. <\/p>\n\n\n\n<p>Es ist kein eigenst\u00e4ndiges Ministerium. Das l\u00e4sst sich mit kr\u00e4ftigem Auftritt und Konfliktlust kompensieren. <\/p>\n\n\n\n<p>Michael Naumann zieht sich zum Geburtstag nach Bayern zur\u00fcck, an einen sch\u00f6nen Ort des Geistes und der Einkehr, wie man h\u00f6rt. Im n\u00e4chsten Jahr will er bei der Barenboim-Said-Akademie aufh\u00f6ren.<\/p>\n\n\n\n<p>Kultur Online TV<\/p>\n\n\n\n<p>#politik #kultur #geburtstag <\/p>\n","protected":false},"excerpt":{"rendered":"<p>Der Journalist, Publizist und Politiker Michael Naumann wird 80. Er pr\u00e4gte das Amt des Kulturstaatsministers. Michael Naumann feiert an diesem Mittwoch seinen 80. Geburtstag. Und es stellt sich auch gleich die Frage, ob man ihn \u00fcberhaupt beruflich festlegen kann, und wozu? Naumann war Ressortleiter beim \u201eSpiegel\u201c, Chefredakteur und Herausgeber der \u201eZeit\u201c, sp\u00e4ter auch mal Chefredakteur [&hellip;]<\/p>\n","protected":false},"author":2,"featured_media":15179,"comment_status":"closed","ping_status":"closed","sticky":false,"template":"","format":"standard","meta":{"_acf_changed":false,"footnotes":""},"categories":[3],"tags":[],"class_list":["post-15173","post","type-post","status-publish","format-standard","has-post-thumbnail","hentry","category-newsflash"],"acf":[],"yoast_head":"<!-- This site is optimized with the Yoast SEO plugin v26.1.1 - https:\/\/yoast.com\/wordpress\/plugins\/seo\/ -->\n<title>Kultur wirkt bei ihm immer politisch - Kultur Online TV &amp; FM<\/title>\n<meta name=\"description\" content=\"Kultur sehen und H\u00f6ren\" \/>\n<meta name=\"robots\" content=\"index, follow, max-snippet:-1, max-image-preview:large, max-video-preview:-1\" \/>\n<link rel=\"canonical\" href=\"https:\/\/kulturonline.tv\/de\/kultur-wirkt-bei-ihm-immer-politisch\/\" \/>\n<meta property=\"og:locale\" content=\"de_DE\" \/>\n<meta property=\"og:type\" content=\"article\" \/>\n<meta property=\"og:title\" content=\"Kultur wirkt bei ihm immer politisch - Kultur Online TV &amp; FM\" \/>\n<meta property=\"og:description\" content=\"Kultur sehen und H\u00f6ren\" \/>\n<meta property=\"og:url\" content=\"https:\/\/kulturonline.tv\/de\/kultur-wirkt-bei-ihm-immer-politisch\/\" \/>\n<meta property=\"og:site_name\" content=\"Kultur Online TV &amp; FM\" \/>\n<meta property=\"article:publisher\" content=\"https:\/\/www.facebook.com\/kulturonline.tv\" \/>\n<meta property=\"article:published_time\" content=\"2021-12-08T03:35:56+00:00\" \/>\n<meta property=\"article:modified_time\" content=\"2021-12-08T03:35:58+00:00\" \/>\n<meta property=\"og:image\" content=\"https:\/\/kulturonline.tv\/wp-content\/uploads\/2021\/12\/Bildschirmfoto-2021-12-07-um-19.17.58-edited.png\" \/>\n\t<meta property=\"og:image:width\" content=\"1566\" \/>\n\t<meta property=\"og:image:height\" content=\"881\" \/>\n\t<meta property=\"og:image:type\" content=\"image\/png\" \/>\n<meta name=\"author\" content=\"guenter.wolfgang\" \/>\n<meta name=\"twitter:card\" content=\"summary_large_image\" \/>\n<meta name=\"twitter:label1\" content=\"Verfasst von\" \/>\n\t<meta name=\"twitter:data1\" content=\"guenter.wolfgang\" \/>\n\t<meta name=\"twitter:label2\" content=\"Gesch\u00e4tzte Lesezeit\" \/>\n\t<meta name=\"twitter:data2\" content=\"2\u00a0Minuten\" \/>\n<script type=\"application\/ld+json\" class=\"yoast-schema-graph\">{\"@context\":\"https:\/\/schema.org\",\"@graph\":[{\"@type\":\"Article\",\"@id\":\"https:\/\/kulturonline.tv\/de\/kultur-wirkt-bei-ihm-immer-politisch\/#article\",\"isPartOf\":{\"@id\":\"https:\/\/kulturonline.tv\/de\/kultur-wirkt-bei-ihm-immer-politisch\/\"},\"author\":{\"name\":\"guenter.wolfgang\",\"@id\":\"https:\/\/kulturonline.tv\/de\/#\/schema\/person\/b0fac729bb9a0c193fb1df23449df4fe\"},\"headline\":\"Kultur wirkt bei ihm immer politisch\",\"datePublished\":\"2021-12-08T03:35:56+00:00\",\"dateModified\":\"2021-12-08T03:35:58+00:00\",\"mainEntityOfPage\":{\"@id\":\"https:\/\/kulturonline.tv\/de\/kultur-wirkt-bei-ihm-immer-politisch\/\"},\"wordCount\":389,\"publisher\":{\"@id\":\"https:\/\/kulturonline.tv\/de\/#organization\"},\"image\":{\"@id\":\"https:\/\/kulturonline.tv\/de\/kultur-wirkt-bei-ihm-immer-politisch\/#primaryimage\"},\"thumbnailUrl\":\"https:\/\/kulturonline.tv\/wp-content\/uploads\/2021\/12\/Bildschirmfoto-2021-12-07-um-19.17.58-edited.png\",\"articleSection\":[\"Newsflash\"],\"inLanguage\":\"de\"},{\"@type\":\"WebPage\",\"@id\":\"https:\/\/kulturonline.tv\/de\/kultur-wirkt-bei-ihm-immer-politisch\/\",\"url\":\"https:\/\/kulturonline.tv\/de\/kultur-wirkt-bei-ihm-immer-politisch\/\",\"name\":\"Kultur wirkt bei ihm immer politisch - Kultur Online TV &amp; FM\",\"isPartOf\":{\"@id\":\"https:\/\/kulturonline.tv\/de\/#website\"},\"primaryImageOfPage\":{\"@id\":\"https:\/\/kulturonline.tv\/de\/kultur-wirkt-bei-ihm-immer-politisch\/#primaryimage\"},\"image\":{\"@id\":\"https:\/\/kulturonline.tv\/de\/kultur-wirkt-bei-ihm-immer-politisch\/#primaryimage\"},\"thumbnailUrl\":\"https:\/\/kulturonline.tv\/wp-content\/uploads\/2021\/12\/Bildschirmfoto-2021-12-07-um-19.17.58-edited.png\",\"datePublished\":\"2021-12-08T03:35:56+00:00\",\"dateModified\":\"2021-12-08T03:35:58+00:00\",\"description\":\"Kultur sehen und H\u00f6ren\",\"breadcrumb\":{\"@id\":\"https:\/\/kulturonline.tv\/de\/kultur-wirkt-bei-ihm-immer-politisch\/#breadcrumb\"},\"inLanguage\":\"de\",\"potentialAction\":[{\"@type\":\"ReadAction\",\"target\":[\"https:\/\/kulturonline.tv\/de\/kultur-wirkt-bei-ihm-immer-politisch\/\"]}]},{\"@type\":\"ImageObject\",\"inLanguage\":\"de\",\"@id\":\"https:\/\/kulturonline.tv\/de\/kultur-wirkt-bei-ihm-immer-politisch\/#primaryimage\",\"url\":\"https:\/\/kulturonline.tv\/wp-content\/uploads\/2021\/12\/Bildschirmfoto-2021-12-07-um-19.17.58-edited.png\",\"contentUrl\":\"https:\/\/kulturonline.tv\/wp-content\/uploads\/2021\/12\/Bildschirmfoto-2021-12-07-um-19.17.58-edited.png\",\"width\":1566,\"height\":881},{\"@type\":\"BreadcrumbList\",\"@id\":\"https:\/\/kulturonline.tv\/de\/kultur-wirkt-bei-ihm-immer-politisch\/#breadcrumb\",\"itemListElement\":[{\"@type\":\"ListItem\",\"position\":1,\"name\":\"Startseite\",\"item\":\"https:\/\/kulturonline.tv\/de\/\"},{\"@type\":\"ListItem\",\"position\":2,\"name\":\"Kultur wirkt bei ihm immer politisch\"}]},{\"@type\":\"WebSite\",\"@id\":\"https:\/\/kulturonline.tv\/de\/#website\",\"url\":\"https:\/\/kulturonline.tv\/de\/\",\"name\":\"Kultur Online TV &amp; FM\",\"description\":\"Wir sind Kultur 2.0 zum sehen &amp; h\u00f6ren\",\"publisher\":{\"@id\":\"https:\/\/kulturonline.tv\/de\/#organization\"},\"potentialAction\":[{\"@type\":\"SearchAction\",\"target\":{\"@type\":\"EntryPoint\",\"urlTemplate\":\"https:\/\/kulturonline.tv\/de\/?s={search_term_string}\"},\"query-input\":{\"@type\":\"PropertyValueSpecification\",\"valueRequired\":true,\"valueName\":\"search_term_string\"}}],\"inLanguage\":\"de\"},{\"@type\":\"Organization\",\"@id\":\"https:\/\/kulturonline.tv\/de\/#organization\",\"name\":\"Kultur Online TV\",\"url\":\"https:\/\/kulturonline.tv\/de\/\",\"logo\":{\"@type\":\"ImageObject\",\"inLanguage\":\"de\",\"@id\":\"https:\/\/kulturonline.tv\/de\/#\/schema\/logo\/image\/\",\"url\":\"https:\/\/kulturonline.tv\/wp-content\/uploads\/2021\/08\/Kultur-Online-Tv-Logo-Endversion-neu.png\",\"contentUrl\":\"https:\/\/kulturonline.tv\/wp-content\/uploads\/2021\/08\/Kultur-Online-Tv-Logo-Endversion-neu.png\",\"width\":200,\"height\":200,\"caption\":\"Kultur Online TV\"},\"image\":{\"@id\":\"https:\/\/kulturonline.tv\/de\/#\/schema\/logo\/image\/\"},\"sameAs\":[\"https:\/\/www.facebook.com\/kulturonline.tv\",\"https:\/\/www.instagram.com\/kulturonline.tv\"]},{\"@type\":\"Person\",\"@id\":\"https:\/\/kulturonline.tv\/de\/#\/schema\/person\/b0fac729bb9a0c193fb1df23449df4fe\",\"name\":\"guenter.wolfgang\"}]}<\/script>\n<!-- \/ Yoast SEO plugin. -->","yoast_head_json":{"title":"Kultur wirkt bei ihm immer politisch - Kultur Online TV &amp; FM","description":"Kultur sehen und H\u00f6ren","robots":{"index":"index","follow":"follow","max-snippet":"max-snippet:-1","max-image-preview":"max-image-preview:large","max-video-preview":"max-video-preview:-1"},"canonical":"https:\/\/kulturonline.tv\/de\/kultur-wirkt-bei-ihm-immer-politisch\/","og_locale":"de_DE","og_type":"article","og_title":"Kultur wirkt bei ihm immer politisch - Kultur Online TV &amp; FM","og_description":"Kultur sehen und H\u00f6ren","og_url":"https:\/\/kulturonline.tv\/de\/kultur-wirkt-bei-ihm-immer-politisch\/","og_site_name":"Kultur Online TV &amp; FM","article_publisher":"https:\/\/www.facebook.com\/kulturonline.tv","article_published_time":"2021-12-08T03:35:56+00:00","article_modified_time":"2021-12-08T03:35:58+00:00","og_image":[{"width":1566,"height":881,"url":"https:\/\/kulturonline.tv\/wp-content\/uploads\/2021\/12\/Bildschirmfoto-2021-12-07-um-19.17.58-edited.png","type":"image\/png"}],"author":"guenter.wolfgang","twitter_card":"summary_large_image","twitter_misc":{"Verfasst von":"guenter.wolfgang","Gesch\u00e4tzte Lesezeit":"2\u00a0Minuten"},"schema":{"@context":"https:\/\/schema.org","@graph":[{"@type":"Article","@id":"https:\/\/kulturonline.tv\/de\/kultur-wirkt-bei-ihm-immer-politisch\/#article","isPartOf":{"@id":"https:\/\/kulturonline.tv\/de\/kultur-wirkt-bei-ihm-immer-politisch\/"},"author":{"name":"guenter.wolfgang","@id":"https:\/\/kulturonline.tv\/de\/#\/schema\/person\/b0fac729bb9a0c193fb1df23449df4fe"},"headline":"Kultur wirkt bei ihm immer politisch","datePublished":"2021-12-08T03:35:56+00:00","dateModified":"2021-12-08T03:35:58+00:00","mainEntityOfPage":{"@id":"https:\/\/kulturonline.tv\/de\/kultur-wirkt-bei-ihm-immer-politisch\/"},"wordCount":389,"publisher":{"@id":"https:\/\/kulturonline.tv\/de\/#organization"},"image":{"@id":"https:\/\/kulturonline.tv\/de\/kultur-wirkt-bei-ihm-immer-politisch\/#primaryimage"},"thumbnailUrl":"https:\/\/kulturonline.tv\/wp-content\/uploads\/2021\/12\/Bildschirmfoto-2021-12-07-um-19.17.58-edited.png","articleSection":["Newsflash"],"inLanguage":"de"},{"@type":"WebPage","@id":"https:\/\/kulturonline.tv\/de\/kultur-wirkt-bei-ihm-immer-politisch\/","url":"https:\/\/kulturonline.tv\/de\/kultur-wirkt-bei-ihm-immer-politisch\/","name":"Kultur wirkt bei ihm immer politisch - Kultur Online TV &amp; FM","isPartOf":{"@id":"https:\/\/kulturonline.tv\/de\/#website"},"primaryImageOfPage":{"@id":"https:\/\/kulturonline.tv\/de\/kultur-wirkt-bei-ihm-immer-politisch\/#primaryimage"},"image":{"@id":"https:\/\/kulturonline.tv\/de\/kultur-wirkt-bei-ihm-immer-politisch\/#primaryimage"},"thumbnailUrl":"https:\/\/kulturonline.tv\/wp-content\/uploads\/2021\/12\/Bildschirmfoto-2021-12-07-um-19.17.58-edited.png","datePublished":"2021-12-08T03:35:56+00:00","dateModified":"2021-12-08T03:35:58+00:00","description":"Kultur sehen und H\u00f6ren","breadcrumb":{"@id":"https:\/\/kulturonline.tv\/de\/kultur-wirkt-bei-ihm-immer-politisch\/#breadcrumb"},"inLanguage":"de","potentialAction":[{"@type":"ReadAction","target":["https:\/\/kulturonline.tv\/de\/kultur-wirkt-bei-ihm-immer-politisch\/"]}]},{"@type":"ImageObject","inLanguage":"de","@id":"https:\/\/kulturonline.tv\/de\/kultur-wirkt-bei-ihm-immer-politisch\/#primaryimage","url":"https:\/\/kulturonline.tv\/wp-content\/uploads\/2021\/12\/Bildschirmfoto-2021-12-07-um-19.17.58-edited.png","contentUrl":"https:\/\/kulturonline.tv\/wp-content\/uploads\/2021\/12\/Bildschirmfoto-2021-12-07-um-19.17.58-edited.png","width":1566,"height":881},{"@type":"BreadcrumbList","@id":"https:\/\/kulturonline.tv\/de\/kultur-wirkt-bei-ihm-immer-politisch\/#breadcrumb","itemListElement":[{"@type":"ListItem","position":1,"name":"Startseite","item":"https:\/\/kulturonline.tv\/de\/"},{"@type":"ListItem","position":2,"name":"Kultur wirkt bei ihm immer politisch"}]},{"@type":"WebSite","@id":"https:\/\/kulturonline.tv\/de\/#website","url":"https:\/\/kulturonline.tv\/de\/","name":"Kultur Online TV &amp; FM","description":"Wir sind Kultur 2.0 zum sehen &amp; h\u00f6ren","publisher":{"@id":"https:\/\/kulturonline.tv\/de\/#organization"},"potentialAction":[{"@type":"SearchAction","target":{"@type":"EntryPoint","urlTemplate":"https:\/\/kulturonline.tv\/de\/?s={search_term_string}"},"query-input":{"@type":"PropertyValueSpecification","valueRequired":true,"valueName":"search_term_string"}}],"inLanguage":"de"},{"@type":"Organization","@id":"https:\/\/kulturonline.tv\/de\/#organization","name":"Kultur Online TV","url":"https:\/\/kulturonline.tv\/de\/","logo":{"@type":"ImageObject","inLanguage":"de","@id":"https:\/\/kulturonline.tv\/de\/#\/schema\/logo\/image\/","url":"https:\/\/kulturonline.tv\/wp-content\/uploads\/2021\/08\/Kultur-Online-Tv-Logo-Endversion-neu.png","contentUrl":"https:\/\/kulturonline.tv\/wp-content\/uploads\/2021\/08\/Kultur-Online-Tv-Logo-Endversion-neu.png","width":200,"height":200,"caption":"Kultur Online TV"},"image":{"@id":"https:\/\/kulturonline.tv\/de\/#\/schema\/logo\/image\/"},"sameAs":["https:\/\/www.facebook.com\/kulturonline.tv","https:\/\/www.instagram.com\/kulturonline.tv"]},{"@type":"Person","@id":"https:\/\/kulturonline.tv\/de\/#\/schema\/person\/b0fac729bb9a0c193fb1df23449df4fe","name":"guenter.wolfgang"}]}},"_links":{"self":[{"href":"https:\/\/kulturonline.tv\/de\/wp-json\/wp\/v2\/posts\/15173","targetHints":{"allow":["GET"]}}],"collection":[{"href":"https:\/\/kulturonline.tv\/de\/wp-json\/wp\/v2\/posts"}],"about":[{"href":"https:\/\/kulturonline.tv\/de\/wp-json\/wp\/v2\/types\/post"}],"author":[{"embeddable":true,"href":"https:\/\/kulturonline.tv\/de\/wp-json\/wp\/v2\/users\/2"}],"replies":[{"embeddable":true,"href":"https:\/\/kulturonline.tv\/de\/wp-json\/wp\/v2\/comments?post=15173"}],"version-history":[{"count":0,"href":"https:\/\/kulturonline.tv\/de\/wp-json\/wp\/v2\/posts\/15173\/revisions"}],"wp:featuredmedia":[{"embeddable":true,"href":"https:\/\/kulturonline.tv\/de\/wp-json\/wp\/v2\/media\/15179"}],"wp:attachment":[{"href":"https:\/\/kulturonline.tv\/de\/wp-json\/wp\/v2\/media?parent=15173"}],"wp:term":[{"taxonomy":"category","embeddable":true,"href":"https:\/\/kulturonline.tv\/de\/wp-json\/wp\/v2\/categories?post=15173"},{"taxonomy":"post_tag","embeddable":true,"href":"https:\/\/kulturonline.tv\/de\/wp-json\/wp\/v2\/tags?post=15173"}],"curies":[{"name":"wp","href":"https:\/\/api.w.org\/{rel}","templated":true}]}}