{"id":15349,"date":"2021-12-09T03:45:23","date_gmt":"2021-12-09T02:45:23","guid":{"rendered":"https:\/\/kulturonline.tv\/?p=15349"},"modified":"2021-12-09T03:50:47","modified_gmt":"2021-12-09T02:50:47","slug":"harry-potter-theater-viele-stars-bei-premiere-in-hamburg","status":"publish","type":"post","link":"https:\/\/kulturonline.tv\/de\/harry-potter-theater-viele-stars-bei-premiere-in-hamburg\/","title":{"rendered":"Harry Potter Theater &#8211; Viele Stars bei Premiere in Hamburg"},"content":{"rendered":"\n<figure class=\"wp-block-image size-large\"><img fetchpriority=\"high\" decoding=\"async\" width=\"2348\" height=\"1320\" src=\"https:\/\/kulturonline.tv\/wp-content\/uploads\/2021\/12\/Bildschirmfoto-2021-12-08-um-14.57.52-1-edited.png\" alt=\"\" class=\"wp-image-15359\" srcset=\"https:\/\/kulturonline.tv\/wp-content\/uploads\/2021\/12\/Bildschirmfoto-2021-12-08-um-14.57.52-1-edited.png 2348w, https:\/\/kulturonline.tv\/wp-content\/uploads\/2021\/12\/Bildschirmfoto-2021-12-08-um-14.57.52-1-edited-600x337.png 600w, https:\/\/kulturonline.tv\/wp-content\/uploads\/2021\/12\/Bildschirmfoto-2021-12-08-um-14.57.52-1-edited-800x450.png 800w, https:\/\/kulturonline.tv\/wp-content\/uploads\/2021\/12\/Bildschirmfoto-2021-12-08-um-14.57.52-1-edited-1600x899.png 1600w, https:\/\/kulturonline.tv\/wp-content\/uploads\/2021\/12\/Bildschirmfoto-2021-12-08-um-14.57.52-1-edited-768x432.png 768w, https:\/\/kulturonline.tv\/wp-content\/uploads\/2021\/12\/Bildschirmfoto-2021-12-08-um-14.57.52-1-edited-1536x864.png 1536w, https:\/\/kulturonline.tv\/wp-content\/uploads\/2021\/12\/Bildschirmfoto-2021-12-08-um-14.57.52-1-edited-2048x1151.png 2048w\" sizes=\"(max-width: 2348px) 100vw, 2348px\" \/><figcaption><meta charset=\"utf-8\">\u00a9 Manuel Harlan<\/figcaption><\/figure>\n\n\n\n<p>Die offiziellen Premiere besuchten zahlreiche prominente G\u00e4ste wie der S\u00e4nger Alexander Klaws, die Journalisten Anja Reschke sowie die Schauspieler Sky du Mont, Till Demtroeder, Bettina Zimmermann und Wayne Carpendale. Letzterer kam mit seiner Frau, der Moderatorin Annemarie Carpendale.<\/p>\n\n\n\n<p>Auch Hamburgs Erster B\u00fcrgermeister Peter Tschentscher&nbsp;besuchte die Vorstellung mit seiner Frau. Schauspieler Jo Weil sagte kurz vor dem Beginn der Auff\u00fchrung.<\/p>\n\n\n\n<p>Im Mittelpunkt der Auff\u00fchrung stehen die Kinder der ber\u00fchmten Eltern, die ihre ganz eigenen K\u00e4mpfe austragen m\u00fcssen und so aus Versehen eine d\u00fcstere Version der Zauberwelt schaffen.<\/p>\n\n\n\n<p>Harry Potter&nbsp;ist eine&nbsp;Kinder- und Jugendromanreihe&nbsp;der englischen Schriftstellerin&nbsp;Joanne K. Rowling. Erz\u00e4hlt wird die Geschichte der titelgebenden Figur Harry Potter, der an seinem elften Geburtstag von seiner&nbsp;magischen&nbsp;Herkunft erf\u00e4hrt und fortan Sch\u00fcler des&nbsp;britischen&nbsp;Zaubererinternats&nbsp;Hogwarts&nbsp;ist.&nbsp;<\/p>\n\n\n\n<p>Die Autorin Joanne Kathleen Rowling&nbsp;wurde 1965 geboren und verbrachte ihre&nbsp;Kindheit&nbsp;als \u00e4ltere von zwei T\u00f6chtern des Rolls-Royce-Managers Peter und seiner Frau Anne im S\u00fcdwesten Englands und im l\u00e4ndlichen Wales. Schon fr\u00fch interessierte sie sich f\u00fcr B\u00fccher, vor allem f\u00fcr die Romane von Jane Austen.<\/p>\n\n\n\n<p>Ab 1983 studierte Rowling an der Universit\u00e4t in Exeter im S\u00fcdwesten Englands, wo sie die F\u00e4cher Franz\u00f6sisch und Altphilologie zu ihren Schwerpunkten machte. Ein Jahr verbrachte sie als Teaching Assistant in Paris.<\/p>\n\n\n\n<p>Nach dem Studium arbeitete sie als Recherche-Assistentin f\u00fcr Amnesty International und als Sekret\u00e4rin, beide Stellen hielt sie jedoch nur f\u00fcr kurze Zeit inne. Zeitgleich begann sie ihre ersten Romane zu entwerfen. <\/p>\n\n\n\n<p>Die Idee f\u00fcr die sp\u00e4ter so erfolgreichen Harry-Potter-Romane kam Rowling im Jahr 1990 auf einer Zugfahrt von Manchester nach London. Es dauerte dann jedoch noch etwa sieben Jahre, bis das erste Buch erschien.<\/p>\n\n\n\n<p>Ab 5. Dezember zeigt das Mehr! Theater am Gro\u00dfmarkt das Theaterst\u00fcck Harry Potter und das verwunschene Kind.<\/p>\n\n\n\n<p>Kultur Online TV<\/p>\n\n\n\n<p>#potter #theater #hamburg #kultur<\/p>\n","protected":false},"excerpt":{"rendered":"<p>Die offiziellen Premiere besuchten zahlreiche prominente G\u00e4ste wie der S\u00e4nger Alexander Klaws, die Journalisten Anja Reschke sowie die Schauspieler Sky du Mont, Till Demtroeder, Bettina Zimmermann und Wayne Carpendale. Letzterer kam mit seiner Frau, der Moderatorin Annemarie Carpendale. Auch Hamburgs Erster B\u00fcrgermeister Peter Tschentscher&nbsp;besuchte die Vorstellung mit seiner Frau. Schauspieler Jo Weil sagte kurz vor [&hellip;]<\/p>\n","protected":false},"author":2,"featured_media":15359,"comment_status":"closed","ping_status":"closed","sticky":false,"template":"","format":"standard","meta":{"_acf_changed":false,"footnotes":""},"categories":[3],"tags":[],"class_list":["post-15349","post","type-post","status-publish","format-standard","has-post-thumbnail","hentry","category-newsflash"],"acf":[],"yoast_head":"<!-- This site is optimized with the Yoast SEO plugin v26.1.1 - https:\/\/yoast.com\/wordpress\/plugins\/seo\/ -->\n<title>Harry Potter Theater - Viele Stars bei Premiere in Hamburg - Kultur Online TV &amp; FM<\/title>\n<meta name=\"description\" content=\"Kultur sehen und H\u00f6ren\" \/>\n<meta name=\"robots\" content=\"index, follow, max-snippet:-1, max-image-preview:large, max-video-preview:-1\" \/>\n<link rel=\"canonical\" href=\"https:\/\/kulturonline.tv\/de\/harry-potter-theater-viele-stars-bei-premiere-in-hamburg\/\" \/>\n<meta property=\"og:locale\" content=\"de_DE\" \/>\n<meta property=\"og:type\" content=\"article\" \/>\n<meta property=\"og:title\" content=\"Harry Potter Theater - Viele Stars bei Premiere in Hamburg - Kultur Online TV &amp; FM\" \/>\n<meta property=\"og:description\" content=\"Kultur sehen und H\u00f6ren\" \/>\n<meta property=\"og:url\" content=\"https:\/\/kulturonline.tv\/de\/harry-potter-theater-viele-stars-bei-premiere-in-hamburg\/\" \/>\n<meta property=\"og:site_name\" content=\"Kultur Online TV &amp; FM\" \/>\n<meta property=\"article:publisher\" content=\"https:\/\/www.facebook.com\/kulturonline.tv\" \/>\n<meta property=\"article:published_time\" content=\"2021-12-09T02:45:23+00:00\" \/>\n<meta property=\"article:modified_time\" content=\"2021-12-09T02:50:47+00:00\" \/>\n<meta property=\"og:image\" content=\"https:\/\/kulturonline.tv\/wp-content\/uploads\/2021\/12\/Bildschirmfoto-2021-12-08-um-14.57.52-1-edited-768x432.png\" \/>\n\t<meta property=\"og:image:width\" content=\"768\" \/>\n\t<meta property=\"og:image:height\" content=\"432\" \/>\n\t<meta property=\"og:image:type\" content=\"image\/png\" \/>\n<meta name=\"author\" content=\"guenter.wolfgang\" \/>\n<meta name=\"twitter:card\" content=\"summary_large_image\" \/>\n<meta name=\"twitter:label1\" content=\"Verfasst von\" \/>\n\t<meta name=\"twitter:data1\" content=\"guenter.wolfgang\" \/>\n\t<meta name=\"twitter:label2\" content=\"Gesch\u00e4tzte Lesezeit\" \/>\n\t<meta name=\"twitter:data2\" content=\"2\u00a0Minuten\" \/>\n<script type=\"application\/ld+json\" class=\"yoast-schema-graph\">{\"@context\":\"https:\/\/schema.org\",\"@graph\":[{\"@type\":\"Article\",\"@id\":\"https:\/\/kulturonline.tv\/de\/harry-potter-theater-viele-stars-bei-premiere-in-hamburg\/#article\",\"isPartOf\":{\"@id\":\"https:\/\/kulturonline.tv\/de\/harry-potter-theater-viele-stars-bei-premiere-in-hamburg\/\"},\"author\":{\"name\":\"guenter.wolfgang\",\"@id\":\"https:\/\/kulturonline.tv\/de\/#\/schema\/person\/b0fac729bb9a0c193fb1df23449df4fe\"},\"headline\":\"Harry Potter Theater &#8211; Viele Stars bei Premiere in Hamburg\",\"datePublished\":\"2021-12-09T02:45:23+00:00\",\"dateModified\":\"2021-12-09T02:50:47+00:00\",\"mainEntityOfPage\":{\"@id\":\"https:\/\/kulturonline.tv\/de\/harry-potter-theater-viele-stars-bei-premiere-in-hamburg\/\"},\"wordCount\":346,\"publisher\":{\"@id\":\"https:\/\/kulturonline.tv\/de\/#organization\"},\"image\":{\"@id\":\"https:\/\/kulturonline.tv\/de\/harry-potter-theater-viele-stars-bei-premiere-in-hamburg\/#primaryimage\"},\"thumbnailUrl\":\"https:\/\/kulturonline.tv\/wp-content\/uploads\/2021\/12\/Bildschirmfoto-2021-12-08-um-14.57.52-1-edited.png\",\"articleSection\":[\"Newsflash\"],\"inLanguage\":\"de\"},{\"@type\":\"WebPage\",\"@id\":\"https:\/\/kulturonline.tv\/de\/harry-potter-theater-viele-stars-bei-premiere-in-hamburg\/\",\"url\":\"https:\/\/kulturonline.tv\/de\/harry-potter-theater-viele-stars-bei-premiere-in-hamburg\/\",\"name\":\"Harry Potter Theater - Viele Stars bei Premiere in Hamburg - Kultur Online TV &amp; FM\",\"isPartOf\":{\"@id\":\"https:\/\/kulturonline.tv\/de\/#website\"},\"primaryImageOfPage\":{\"@id\":\"https:\/\/kulturonline.tv\/de\/harry-potter-theater-viele-stars-bei-premiere-in-hamburg\/#primaryimage\"},\"image\":{\"@id\":\"https:\/\/kulturonline.tv\/de\/harry-potter-theater-viele-stars-bei-premiere-in-hamburg\/#primaryimage\"},\"thumbnailUrl\":\"https:\/\/kulturonline.tv\/wp-content\/uploads\/2021\/12\/Bildschirmfoto-2021-12-08-um-14.57.52-1-edited.png\",\"datePublished\":\"2021-12-09T02:45:23+00:00\",\"dateModified\":\"2021-12-09T02:50:47+00:00\",\"description\":\"Kultur sehen und H\u00f6ren\",\"breadcrumb\":{\"@id\":\"https:\/\/kulturonline.tv\/de\/harry-potter-theater-viele-stars-bei-premiere-in-hamburg\/#breadcrumb\"},\"inLanguage\":\"de\",\"potentialAction\":[{\"@type\":\"ReadAction\",\"target\":[\"https:\/\/kulturonline.tv\/de\/harry-potter-theater-viele-stars-bei-premiere-in-hamburg\/\"]}]},{\"@type\":\"ImageObject\",\"inLanguage\":\"de\",\"@id\":\"https:\/\/kulturonline.tv\/de\/harry-potter-theater-viele-stars-bei-premiere-in-hamburg\/#primaryimage\",\"url\":\"https:\/\/kulturonline.tv\/wp-content\/uploads\/2021\/12\/Bildschirmfoto-2021-12-08-um-14.57.52-1-edited.png\",\"contentUrl\":\"https:\/\/kulturonline.tv\/wp-content\/uploads\/2021\/12\/Bildschirmfoto-2021-12-08-um-14.57.52-1-edited.png\",\"width\":2348,\"height\":1320},{\"@type\":\"BreadcrumbList\",\"@id\":\"https:\/\/kulturonline.tv\/de\/harry-potter-theater-viele-stars-bei-premiere-in-hamburg\/#breadcrumb\",\"itemListElement\":[{\"@type\":\"ListItem\",\"position\":1,\"name\":\"Startseite\",\"item\":\"https:\/\/kulturonline.tv\/de\/\"},{\"@type\":\"ListItem\",\"position\":2,\"name\":\"Harry Potter Theater &#8211; Viele Stars bei Premiere in Hamburg\"}]},{\"@type\":\"WebSite\",\"@id\":\"https:\/\/kulturonline.tv\/de\/#website\",\"url\":\"https:\/\/kulturonline.tv\/de\/\",\"name\":\"Kultur Online TV &amp; FM\",\"description\":\"Wir sind Kultur 2.0 zum sehen &amp; h\u00f6ren\",\"publisher\":{\"@id\":\"https:\/\/kulturonline.tv\/de\/#organization\"},\"potentialAction\":[{\"@type\":\"SearchAction\",\"target\":{\"@type\":\"EntryPoint\",\"urlTemplate\":\"https:\/\/kulturonline.tv\/de\/?s={search_term_string}\"},\"query-input\":{\"@type\":\"PropertyValueSpecification\",\"valueRequired\":true,\"valueName\":\"search_term_string\"}}],\"inLanguage\":\"de\"},{\"@type\":\"Organization\",\"@id\":\"https:\/\/kulturonline.tv\/de\/#organization\",\"name\":\"Kultur Online TV\",\"url\":\"https:\/\/kulturonline.tv\/de\/\",\"logo\":{\"@type\":\"ImageObject\",\"inLanguage\":\"de\",\"@id\":\"https:\/\/kulturonline.tv\/de\/#\/schema\/logo\/image\/\",\"url\":\"https:\/\/kulturonline.tv\/wp-content\/uploads\/2021\/08\/Kultur-Online-Tv-Logo-Endversion-neu.png\",\"contentUrl\":\"https:\/\/kulturonline.tv\/wp-content\/uploads\/2021\/08\/Kultur-Online-Tv-Logo-Endversion-neu.png\",\"width\":200,\"height\":200,\"caption\":\"Kultur Online TV\"},\"image\":{\"@id\":\"https:\/\/kulturonline.tv\/de\/#\/schema\/logo\/image\/\"},\"sameAs\":[\"https:\/\/www.facebook.com\/kulturonline.tv\",\"https:\/\/www.instagram.com\/kulturonline.tv\"]},{\"@type\":\"Person\",\"@id\":\"https:\/\/kulturonline.tv\/de\/#\/schema\/person\/b0fac729bb9a0c193fb1df23449df4fe\",\"name\":\"guenter.wolfgang\"}]}<\/script>\n<!-- \/ Yoast SEO plugin. -->","yoast_head_json":{"title":"Harry Potter Theater - Viele Stars bei Premiere in Hamburg - Kultur Online TV &amp; FM","description":"Kultur sehen und H\u00f6ren","robots":{"index":"index","follow":"follow","max-snippet":"max-snippet:-1","max-image-preview":"max-image-preview:large","max-video-preview":"max-video-preview:-1"},"canonical":"https:\/\/kulturonline.tv\/de\/harry-potter-theater-viele-stars-bei-premiere-in-hamburg\/","og_locale":"de_DE","og_type":"article","og_title":"Harry Potter Theater - Viele Stars bei Premiere in Hamburg - Kultur Online TV &amp; FM","og_description":"Kultur sehen und H\u00f6ren","og_url":"https:\/\/kulturonline.tv\/de\/harry-potter-theater-viele-stars-bei-premiere-in-hamburg\/","og_site_name":"Kultur Online TV &amp; FM","article_publisher":"https:\/\/www.facebook.com\/kulturonline.tv","article_published_time":"2021-12-09T02:45:23+00:00","article_modified_time":"2021-12-09T02:50:47+00:00","og_image":[{"width":768,"height":432,"url":"https:\/\/kulturonline.tv\/wp-content\/uploads\/2021\/12\/Bildschirmfoto-2021-12-08-um-14.57.52-1-edited-768x432.png","type":"image\/png"}],"author":"guenter.wolfgang","twitter_card":"summary_large_image","twitter_misc":{"Verfasst von":"guenter.wolfgang","Gesch\u00e4tzte Lesezeit":"2\u00a0Minuten"},"schema":{"@context":"https:\/\/schema.org","@graph":[{"@type":"Article","@id":"https:\/\/kulturonline.tv\/de\/harry-potter-theater-viele-stars-bei-premiere-in-hamburg\/#article","isPartOf":{"@id":"https:\/\/kulturonline.tv\/de\/harry-potter-theater-viele-stars-bei-premiere-in-hamburg\/"},"author":{"name":"guenter.wolfgang","@id":"https:\/\/kulturonline.tv\/de\/#\/schema\/person\/b0fac729bb9a0c193fb1df23449df4fe"},"headline":"Harry Potter Theater &#8211; Viele Stars bei Premiere in Hamburg","datePublished":"2021-12-09T02:45:23+00:00","dateModified":"2021-12-09T02:50:47+00:00","mainEntityOfPage":{"@id":"https:\/\/kulturonline.tv\/de\/harry-potter-theater-viele-stars-bei-premiere-in-hamburg\/"},"wordCount":346,"publisher":{"@id":"https:\/\/kulturonline.tv\/de\/#organization"},"image":{"@id":"https:\/\/kulturonline.tv\/de\/harry-potter-theater-viele-stars-bei-premiere-in-hamburg\/#primaryimage"},"thumbnailUrl":"https:\/\/kulturonline.tv\/wp-content\/uploads\/2021\/12\/Bildschirmfoto-2021-12-08-um-14.57.52-1-edited.png","articleSection":["Newsflash"],"inLanguage":"de"},{"@type":"WebPage","@id":"https:\/\/kulturonline.tv\/de\/harry-potter-theater-viele-stars-bei-premiere-in-hamburg\/","url":"https:\/\/kulturonline.tv\/de\/harry-potter-theater-viele-stars-bei-premiere-in-hamburg\/","name":"Harry Potter Theater - Viele Stars bei Premiere in Hamburg - Kultur Online TV &amp; FM","isPartOf":{"@id":"https:\/\/kulturonline.tv\/de\/#website"},"primaryImageOfPage":{"@id":"https:\/\/kulturonline.tv\/de\/harry-potter-theater-viele-stars-bei-premiere-in-hamburg\/#primaryimage"},"image":{"@id":"https:\/\/kulturonline.tv\/de\/harry-potter-theater-viele-stars-bei-premiere-in-hamburg\/#primaryimage"},"thumbnailUrl":"https:\/\/kulturonline.tv\/wp-content\/uploads\/2021\/12\/Bildschirmfoto-2021-12-08-um-14.57.52-1-edited.png","datePublished":"2021-12-09T02:45:23+00:00","dateModified":"2021-12-09T02:50:47+00:00","description":"Kultur sehen und H\u00f6ren","breadcrumb":{"@id":"https:\/\/kulturonline.tv\/de\/harry-potter-theater-viele-stars-bei-premiere-in-hamburg\/#breadcrumb"},"inLanguage":"de","potentialAction":[{"@type":"ReadAction","target":["https:\/\/kulturonline.tv\/de\/harry-potter-theater-viele-stars-bei-premiere-in-hamburg\/"]}]},{"@type":"ImageObject","inLanguage":"de","@id":"https:\/\/kulturonline.tv\/de\/harry-potter-theater-viele-stars-bei-premiere-in-hamburg\/#primaryimage","url":"https:\/\/kulturonline.tv\/wp-content\/uploads\/2021\/12\/Bildschirmfoto-2021-12-08-um-14.57.52-1-edited.png","contentUrl":"https:\/\/kulturonline.tv\/wp-content\/uploads\/2021\/12\/Bildschirmfoto-2021-12-08-um-14.57.52-1-edited.png","width":2348,"height":1320},{"@type":"BreadcrumbList","@id":"https:\/\/kulturonline.tv\/de\/harry-potter-theater-viele-stars-bei-premiere-in-hamburg\/#breadcrumb","itemListElement":[{"@type":"ListItem","position":1,"name":"Startseite","item":"https:\/\/kulturonline.tv\/de\/"},{"@type":"ListItem","position":2,"name":"Harry Potter Theater &#8211; Viele Stars bei Premiere in Hamburg"}]},{"@type":"WebSite","@id":"https:\/\/kulturonline.tv\/de\/#website","url":"https:\/\/kulturonline.tv\/de\/","name":"Kultur Online TV &amp; FM","description":"Wir sind Kultur 2.0 zum sehen &amp; h\u00f6ren","publisher":{"@id":"https:\/\/kulturonline.tv\/de\/#organization"},"potentialAction":[{"@type":"SearchAction","target":{"@type":"EntryPoint","urlTemplate":"https:\/\/kulturonline.tv\/de\/?s={search_term_string}"},"query-input":{"@type":"PropertyValueSpecification","valueRequired":true,"valueName":"search_term_string"}}],"inLanguage":"de"},{"@type":"Organization","@id":"https:\/\/kulturonline.tv\/de\/#organization","name":"Kultur Online TV","url":"https:\/\/kulturonline.tv\/de\/","logo":{"@type":"ImageObject","inLanguage":"de","@id":"https:\/\/kulturonline.tv\/de\/#\/schema\/logo\/image\/","url":"https:\/\/kulturonline.tv\/wp-content\/uploads\/2021\/08\/Kultur-Online-Tv-Logo-Endversion-neu.png","contentUrl":"https:\/\/kulturonline.tv\/wp-content\/uploads\/2021\/08\/Kultur-Online-Tv-Logo-Endversion-neu.png","width":200,"height":200,"caption":"Kultur Online TV"},"image":{"@id":"https:\/\/kulturonline.tv\/de\/#\/schema\/logo\/image\/"},"sameAs":["https:\/\/www.facebook.com\/kulturonline.tv","https:\/\/www.instagram.com\/kulturonline.tv"]},{"@type":"Person","@id":"https:\/\/kulturonline.tv\/de\/#\/schema\/person\/b0fac729bb9a0c193fb1df23449df4fe","name":"guenter.wolfgang"}]}},"_links":{"self":[{"href":"https:\/\/kulturonline.tv\/de\/wp-json\/wp\/v2\/posts\/15349","targetHints":{"allow":["GET"]}}],"collection":[{"href":"https:\/\/kulturonline.tv\/de\/wp-json\/wp\/v2\/posts"}],"about":[{"href":"https:\/\/kulturonline.tv\/de\/wp-json\/wp\/v2\/types\/post"}],"author":[{"embeddable":true,"href":"https:\/\/kulturonline.tv\/de\/wp-json\/wp\/v2\/users\/2"}],"replies":[{"embeddable":true,"href":"https:\/\/kulturonline.tv\/de\/wp-json\/wp\/v2\/comments?post=15349"}],"version-history":[{"count":0,"href":"https:\/\/kulturonline.tv\/de\/wp-json\/wp\/v2\/posts\/15349\/revisions"}],"wp:featuredmedia":[{"embeddable":true,"href":"https:\/\/kulturonline.tv\/de\/wp-json\/wp\/v2\/media\/15359"}],"wp:attachment":[{"href":"https:\/\/kulturonline.tv\/de\/wp-json\/wp\/v2\/media?parent=15349"}],"wp:term":[{"taxonomy":"category","embeddable":true,"href":"https:\/\/kulturonline.tv\/de\/wp-json\/wp\/v2\/categories?post=15349"},{"taxonomy":"post_tag","embeddable":true,"href":"https:\/\/kulturonline.tv\/de\/wp-json\/wp\/v2\/tags?post=15349"}],"curies":[{"name":"wp","href":"https:\/\/api.w.org\/{rel}","templated":true}]}}