{"id":15666,"date":"2021-12-10T03:15:56","date_gmt":"2021-12-10T02:15:56","guid":{"rendered":"https:\/\/kulturonline.tv\/?p=15666"},"modified":"2021-12-10T03:19:10","modified_gmt":"2021-12-10T02:19:10","slug":"debatte-um-corona-impfpflicht-und-2g-in-orchestern","status":"publish","type":"post","link":"https:\/\/kulturonline.tv\/de\/debatte-um-corona-impfpflicht-und-2g-in-orchestern\/","title":{"rendered":"DEBATTE UM CORONA-IMPFPFLICHT UND 2G IN ORCHESTERN"},"content":{"rendered":"\n<p><meta charset=\"utf-8\"> Impfstatus das Musizieren beeintr\u00e4chtigt. <\/p>\n\n\n\n<figure class=\"wp-block-image size-full is-resized\"><img fetchpriority=\"high\" decoding=\"async\" src=\"https:\/\/kulturonline.tv\/wp-content\/uploads\/2021\/12\/dublin_philharmonic_orchestra_performing_tchaikovskys_symphony_no_4_in_charlotte_north_carolina-e1588265441174-edited.jpg\" alt=\"\" class=\"wp-image-15672\" width=\"840\" height=\"471\" srcset=\"https:\/\/kulturonline.tv\/wp-content\/uploads\/2021\/12\/dublin_philharmonic_orchestra_performing_tchaikovskys_symphony_no_4_in_charlotte_north_carolina-e1588265441174-edited.jpg 1116w, https:\/\/kulturonline.tv\/wp-content\/uploads\/2021\/12\/dublin_philharmonic_orchestra_performing_tchaikovskys_symphony_no_4_in_charlotte_north_carolina-e1588265441174-edited-600x337.jpg 600w, https:\/\/kulturonline.tv\/wp-content\/uploads\/2021\/12\/dublin_philharmonic_orchestra_performing_tchaikovskys_symphony_no_4_in_charlotte_north_carolina-e1588265441174-edited-800x449.jpg 800w, https:\/\/kulturonline.tv\/wp-content\/uploads\/2021\/12\/dublin_philharmonic_orchestra_performing_tchaikovskys_symphony_no_4_in_charlotte_north_carolina-e1588265441174-edited-768x431.jpg 768w\" sizes=\"(max-width: 840px) 100vw, 840px\" \/><figcaption>\u00a9 lvrlandesmuseum <\/figcaption><\/figure>\n\n\n\n<p>Die Impfquote ist bei den N\u00fcrnberger Symphonikern deutlich h\u00f6her als der Bundesdurchschnitt: In der Verwaltung seien alle geimpft, so Intendant Lucius Hemmer, im Orchester knapp 90 Prozent. <\/p>\n\n\n\n<p>Die anderen 10 Prozent sorgen im Klangk\u00f6rper f\u00fcr Diskussion. Vor allem, wenn wegen eines Corona-Ausbruchs Konzerte ausfallen m\u00fcssen. Doch auch Geimpfte k\u00f6nnen das Virus prinzipiell weitergeben.<\/p>\n\n\n\n<p>Fragen, die auch die Orchesterdirektorin der N\u00fcrnberger Staatsphilharmonie, Ellen Deger, umtreiben. In ihrem Orchestergraben im Staatstheater wird es bei Maximalbesetzung und 90 Musikerinnen und Musikern besonders eng. <\/p>\n\n\n\n<p>Es hei\u00dft: Zusammenr\u00fccken f\u00fcr den perfekten Klang. Und gerade jetzt, bei hohen Inzidenzzahlen, wird diese Enge besonders problematisch. Auch in der Staatsphilharmonie gab es zuletzt positive Coronaf\u00e4lle, auch hier musste das Orchester pausieren, so Ellen Deger.<\/p>\n\n\n\n<p>Das gemeinsame Musizieren wird problematisch. Durch den engen Kontakt wird die Argumentation schwierig, auch wenn die geimpften das Virus prinzipiell auch weiter geben. <\/p>\n\n\n\n<p>Wenn wir irgendwann in Deutschland eine 2G- oder Impfflicht bekommen, kann es dem Kulturbetrieb nur helfen. Eindeutige Ansagen aus Berlin, darauf hoffen auch die Deutsche Orchestervereinigung und die N\u00fcrnberger Symphoniker, so zumindest die eine Seite. <\/p>\n\n\n\n<p>Allerdings ist die Impfung kein verl\u00e4sslicher Schutz. Lediglich kann es helfen. Des Weiteren bleibt der Zwang ein gro\u00dfes Problem, das mit mehr Druck nicht gel\u00f6st werden kann. <\/p>\n\n\n\n<p>Kultur Online TV<\/p>\n\n\n\n<p>#impfen #kultur #klassik #corona<\/p>\n","protected":false},"excerpt":{"rendered":"<p>Impfstatus das Musizieren beeintr\u00e4chtigt. Die Impfquote ist bei den N\u00fcrnberger Symphonikern deutlich h\u00f6her als der Bundesdurchschnitt: In der Verwaltung seien alle geimpft, so Intendant Lucius Hemmer, im Orchester knapp 90 Prozent. Die anderen 10 Prozent sorgen im Klangk\u00f6rper f\u00fcr Diskussion. Vor allem, wenn wegen eines Corona-Ausbruchs Konzerte ausfallen m\u00fcssen. Doch auch Geimpfte k\u00f6nnen das Virus [&hellip;]<\/p>\n","protected":false},"author":2,"featured_media":15672,"comment_status":"closed","ping_status":"closed","sticky":false,"template":"","format":"standard","meta":{"_acf_changed":false,"footnotes":""},"categories":[3],"tags":[],"class_list":["post-15666","post","type-post","status-publish","format-standard","has-post-thumbnail","hentry","category-newsflash"],"acf":[],"yoast_head":"<!-- This site is optimized with the Yoast SEO plugin v26.1.1 - https:\/\/yoast.com\/wordpress\/plugins\/seo\/ -->\n<title>DEBATTE UM CORONA-IMPFPFLICHT UND 2G IN ORCHESTERN - Kultur Online TV &amp; FM<\/title>\n<meta name=\"description\" content=\"Kultur sehen und H\u00f6ren\" \/>\n<meta name=\"robots\" content=\"index, follow, max-snippet:-1, max-image-preview:large, max-video-preview:-1\" \/>\n<link rel=\"canonical\" href=\"https:\/\/kulturonline.tv\/de\/debatte-um-corona-impfpflicht-und-2g-in-orchestern\/\" \/>\n<meta property=\"og:locale\" content=\"de_DE\" \/>\n<meta property=\"og:type\" content=\"article\" \/>\n<meta property=\"og:title\" content=\"DEBATTE UM CORONA-IMPFPFLICHT UND 2G IN ORCHESTERN - Kultur Online TV &amp; FM\" \/>\n<meta property=\"og:description\" content=\"Kultur sehen und H\u00f6ren\" \/>\n<meta property=\"og:url\" content=\"https:\/\/kulturonline.tv\/de\/debatte-um-corona-impfpflicht-und-2g-in-orchestern\/\" \/>\n<meta property=\"og:site_name\" content=\"Kultur Online TV &amp; FM\" \/>\n<meta property=\"article:publisher\" content=\"https:\/\/www.facebook.com\/kulturonline.tv\" \/>\n<meta property=\"article:published_time\" content=\"2021-12-10T02:15:56+00:00\" \/>\n<meta property=\"article:modified_time\" content=\"2021-12-10T02:19:10+00:00\" \/>\n<meta property=\"og:image\" content=\"https:\/\/kulturonline.tv\/wp-content\/uploads\/2021\/12\/dublin_philharmonic_orchestra_performing_tchaikovskys_symphony_no_4_in_charlotte_north_carolina-e1588265441174-edited.jpg\" \/>\n\t<meta property=\"og:image:width\" content=\"1116\" \/>\n\t<meta property=\"og:image:height\" content=\"627\" \/>\n\t<meta property=\"og:image:type\" content=\"image\/jpeg\" \/>\n<meta name=\"author\" content=\"guenter.wolfgang\" \/>\n<meta name=\"twitter:card\" content=\"summary_large_image\" \/>\n<meta name=\"twitter:label1\" content=\"Verfasst von\" \/>\n\t<meta name=\"twitter:data1\" content=\"guenter.wolfgang\" \/>\n\t<meta name=\"twitter:label2\" content=\"Gesch\u00e4tzte Lesezeit\" \/>\n\t<meta name=\"twitter:data2\" content=\"2\u00a0Minuten\" \/>\n<script type=\"application\/ld+json\" class=\"yoast-schema-graph\">{\"@context\":\"https:\/\/schema.org\",\"@graph\":[{\"@type\":\"Article\",\"@id\":\"https:\/\/kulturonline.tv\/de\/debatte-um-corona-impfpflicht-und-2g-in-orchestern\/#article\",\"isPartOf\":{\"@id\":\"https:\/\/kulturonline.tv\/de\/debatte-um-corona-impfpflicht-und-2g-in-orchestern\/\"},\"author\":{\"name\":\"guenter.wolfgang\",\"@id\":\"https:\/\/kulturonline.tv\/de\/#\/schema\/person\/b0fac729bb9a0c193fb1df23449df4fe\"},\"headline\":\"DEBATTE UM CORONA-IMPFPFLICHT UND 2G IN ORCHESTERN\",\"datePublished\":\"2021-12-10T02:15:56+00:00\",\"dateModified\":\"2021-12-10T02:19:10+00:00\",\"mainEntityOfPage\":{\"@id\":\"https:\/\/kulturonline.tv\/de\/debatte-um-corona-impfpflicht-und-2g-in-orchestern\/\"},\"wordCount\":233,\"publisher\":{\"@id\":\"https:\/\/kulturonline.tv\/de\/#organization\"},\"image\":{\"@id\":\"https:\/\/kulturonline.tv\/de\/debatte-um-corona-impfpflicht-und-2g-in-orchestern\/#primaryimage\"},\"thumbnailUrl\":\"https:\/\/kulturonline.tv\/wp-content\/uploads\/2021\/12\/dublin_philharmonic_orchestra_performing_tchaikovskys_symphony_no_4_in_charlotte_north_carolina-e1588265441174-edited.jpg\",\"articleSection\":[\"Newsflash\"],\"inLanguage\":\"de\"},{\"@type\":\"WebPage\",\"@id\":\"https:\/\/kulturonline.tv\/de\/debatte-um-corona-impfpflicht-und-2g-in-orchestern\/\",\"url\":\"https:\/\/kulturonline.tv\/de\/debatte-um-corona-impfpflicht-und-2g-in-orchestern\/\",\"name\":\"DEBATTE UM CORONA-IMPFPFLICHT UND 2G IN ORCHESTERN - Kultur Online TV &amp; FM\",\"isPartOf\":{\"@id\":\"https:\/\/kulturonline.tv\/de\/#website\"},\"primaryImageOfPage\":{\"@id\":\"https:\/\/kulturonline.tv\/de\/debatte-um-corona-impfpflicht-und-2g-in-orchestern\/#primaryimage\"},\"image\":{\"@id\":\"https:\/\/kulturonline.tv\/de\/debatte-um-corona-impfpflicht-und-2g-in-orchestern\/#primaryimage\"},\"thumbnailUrl\":\"https:\/\/kulturonline.tv\/wp-content\/uploads\/2021\/12\/dublin_philharmonic_orchestra_performing_tchaikovskys_symphony_no_4_in_charlotte_north_carolina-e1588265441174-edited.jpg\",\"datePublished\":\"2021-12-10T02:15:56+00:00\",\"dateModified\":\"2021-12-10T02:19:10+00:00\",\"description\":\"Kultur sehen und H\u00f6ren\",\"breadcrumb\":{\"@id\":\"https:\/\/kulturonline.tv\/de\/debatte-um-corona-impfpflicht-und-2g-in-orchestern\/#breadcrumb\"},\"inLanguage\":\"de\",\"potentialAction\":[{\"@type\":\"ReadAction\",\"target\":[\"https:\/\/kulturonline.tv\/de\/debatte-um-corona-impfpflicht-und-2g-in-orchestern\/\"]}]},{\"@type\":\"ImageObject\",\"inLanguage\":\"de\",\"@id\":\"https:\/\/kulturonline.tv\/de\/debatte-um-corona-impfpflicht-und-2g-in-orchestern\/#primaryimage\",\"url\":\"https:\/\/kulturonline.tv\/wp-content\/uploads\/2021\/12\/dublin_philharmonic_orchestra_performing_tchaikovskys_symphony_no_4_in_charlotte_north_carolina-e1588265441174-edited.jpg\",\"contentUrl\":\"https:\/\/kulturonline.tv\/wp-content\/uploads\/2021\/12\/dublin_philharmonic_orchestra_performing_tchaikovskys_symphony_no_4_in_charlotte_north_carolina-e1588265441174-edited.jpg\",\"width\":1116,\"height\":627},{\"@type\":\"BreadcrumbList\",\"@id\":\"https:\/\/kulturonline.tv\/de\/debatte-um-corona-impfpflicht-und-2g-in-orchestern\/#breadcrumb\",\"itemListElement\":[{\"@type\":\"ListItem\",\"position\":1,\"name\":\"Startseite\",\"item\":\"https:\/\/kulturonline.tv\/de\/\"},{\"@type\":\"ListItem\",\"position\":2,\"name\":\"DEBATTE UM CORONA-IMPFPFLICHT UND 2G IN ORCHESTERN\"}]},{\"@type\":\"WebSite\",\"@id\":\"https:\/\/kulturonline.tv\/de\/#website\",\"url\":\"https:\/\/kulturonline.tv\/de\/\",\"name\":\"Kultur Online TV &amp; FM\",\"description\":\"Wir sind Kultur 2.0 zum sehen &amp; h\u00f6ren\",\"publisher\":{\"@id\":\"https:\/\/kulturonline.tv\/de\/#organization\"},\"potentialAction\":[{\"@type\":\"SearchAction\",\"target\":{\"@type\":\"EntryPoint\",\"urlTemplate\":\"https:\/\/kulturonline.tv\/de\/?s={search_term_string}\"},\"query-input\":{\"@type\":\"PropertyValueSpecification\",\"valueRequired\":true,\"valueName\":\"search_term_string\"}}],\"inLanguage\":\"de\"},{\"@type\":\"Organization\",\"@id\":\"https:\/\/kulturonline.tv\/de\/#organization\",\"name\":\"Kultur Online TV\",\"url\":\"https:\/\/kulturonline.tv\/de\/\",\"logo\":{\"@type\":\"ImageObject\",\"inLanguage\":\"de\",\"@id\":\"https:\/\/kulturonline.tv\/de\/#\/schema\/logo\/image\/\",\"url\":\"https:\/\/kulturonline.tv\/wp-content\/uploads\/2021\/08\/Kultur-Online-Tv-Logo-Endversion-neu.png\",\"contentUrl\":\"https:\/\/kulturonline.tv\/wp-content\/uploads\/2021\/08\/Kultur-Online-Tv-Logo-Endversion-neu.png\",\"width\":200,\"height\":200,\"caption\":\"Kultur Online TV\"},\"image\":{\"@id\":\"https:\/\/kulturonline.tv\/de\/#\/schema\/logo\/image\/\"},\"sameAs\":[\"https:\/\/www.facebook.com\/kulturonline.tv\",\"https:\/\/www.instagram.com\/kulturonline.tv\"]},{\"@type\":\"Person\",\"@id\":\"https:\/\/kulturonline.tv\/de\/#\/schema\/person\/b0fac729bb9a0c193fb1df23449df4fe\",\"name\":\"guenter.wolfgang\"}]}<\/script>\n<!-- \/ Yoast SEO plugin. -->","yoast_head_json":{"title":"DEBATTE UM CORONA-IMPFPFLICHT UND 2G IN ORCHESTERN - Kultur Online TV &amp; FM","description":"Kultur sehen und H\u00f6ren","robots":{"index":"index","follow":"follow","max-snippet":"max-snippet:-1","max-image-preview":"max-image-preview:large","max-video-preview":"max-video-preview:-1"},"canonical":"https:\/\/kulturonline.tv\/de\/debatte-um-corona-impfpflicht-und-2g-in-orchestern\/","og_locale":"de_DE","og_type":"article","og_title":"DEBATTE UM CORONA-IMPFPFLICHT UND 2G IN ORCHESTERN - Kultur Online TV &amp; FM","og_description":"Kultur sehen und H\u00f6ren","og_url":"https:\/\/kulturonline.tv\/de\/debatte-um-corona-impfpflicht-und-2g-in-orchestern\/","og_site_name":"Kultur Online TV &amp; FM","article_publisher":"https:\/\/www.facebook.com\/kulturonline.tv","article_published_time":"2021-12-10T02:15:56+00:00","article_modified_time":"2021-12-10T02:19:10+00:00","og_image":[{"width":1116,"height":627,"url":"https:\/\/kulturonline.tv\/wp-content\/uploads\/2021\/12\/dublin_philharmonic_orchestra_performing_tchaikovskys_symphony_no_4_in_charlotte_north_carolina-e1588265441174-edited.jpg","type":"image\/jpeg"}],"author":"guenter.wolfgang","twitter_card":"summary_large_image","twitter_misc":{"Verfasst von":"guenter.wolfgang","Gesch\u00e4tzte Lesezeit":"2\u00a0Minuten"},"schema":{"@context":"https:\/\/schema.org","@graph":[{"@type":"Article","@id":"https:\/\/kulturonline.tv\/de\/debatte-um-corona-impfpflicht-und-2g-in-orchestern\/#article","isPartOf":{"@id":"https:\/\/kulturonline.tv\/de\/debatte-um-corona-impfpflicht-und-2g-in-orchestern\/"},"author":{"name":"guenter.wolfgang","@id":"https:\/\/kulturonline.tv\/de\/#\/schema\/person\/b0fac729bb9a0c193fb1df23449df4fe"},"headline":"DEBATTE UM CORONA-IMPFPFLICHT UND 2G IN ORCHESTERN","datePublished":"2021-12-10T02:15:56+00:00","dateModified":"2021-12-10T02:19:10+00:00","mainEntityOfPage":{"@id":"https:\/\/kulturonline.tv\/de\/debatte-um-corona-impfpflicht-und-2g-in-orchestern\/"},"wordCount":233,"publisher":{"@id":"https:\/\/kulturonline.tv\/de\/#organization"},"image":{"@id":"https:\/\/kulturonline.tv\/de\/debatte-um-corona-impfpflicht-und-2g-in-orchestern\/#primaryimage"},"thumbnailUrl":"https:\/\/kulturonline.tv\/wp-content\/uploads\/2021\/12\/dublin_philharmonic_orchestra_performing_tchaikovskys_symphony_no_4_in_charlotte_north_carolina-e1588265441174-edited.jpg","articleSection":["Newsflash"],"inLanguage":"de"},{"@type":"WebPage","@id":"https:\/\/kulturonline.tv\/de\/debatte-um-corona-impfpflicht-und-2g-in-orchestern\/","url":"https:\/\/kulturonline.tv\/de\/debatte-um-corona-impfpflicht-und-2g-in-orchestern\/","name":"DEBATTE UM CORONA-IMPFPFLICHT UND 2G IN ORCHESTERN - Kultur Online TV &amp; FM","isPartOf":{"@id":"https:\/\/kulturonline.tv\/de\/#website"},"primaryImageOfPage":{"@id":"https:\/\/kulturonline.tv\/de\/debatte-um-corona-impfpflicht-und-2g-in-orchestern\/#primaryimage"},"image":{"@id":"https:\/\/kulturonline.tv\/de\/debatte-um-corona-impfpflicht-und-2g-in-orchestern\/#primaryimage"},"thumbnailUrl":"https:\/\/kulturonline.tv\/wp-content\/uploads\/2021\/12\/dublin_philharmonic_orchestra_performing_tchaikovskys_symphony_no_4_in_charlotte_north_carolina-e1588265441174-edited.jpg","datePublished":"2021-12-10T02:15:56+00:00","dateModified":"2021-12-10T02:19:10+00:00","description":"Kultur sehen und H\u00f6ren","breadcrumb":{"@id":"https:\/\/kulturonline.tv\/de\/debatte-um-corona-impfpflicht-und-2g-in-orchestern\/#breadcrumb"},"inLanguage":"de","potentialAction":[{"@type":"ReadAction","target":["https:\/\/kulturonline.tv\/de\/debatte-um-corona-impfpflicht-und-2g-in-orchestern\/"]}]},{"@type":"ImageObject","inLanguage":"de","@id":"https:\/\/kulturonline.tv\/de\/debatte-um-corona-impfpflicht-und-2g-in-orchestern\/#primaryimage","url":"https:\/\/kulturonline.tv\/wp-content\/uploads\/2021\/12\/dublin_philharmonic_orchestra_performing_tchaikovskys_symphony_no_4_in_charlotte_north_carolina-e1588265441174-edited.jpg","contentUrl":"https:\/\/kulturonline.tv\/wp-content\/uploads\/2021\/12\/dublin_philharmonic_orchestra_performing_tchaikovskys_symphony_no_4_in_charlotte_north_carolina-e1588265441174-edited.jpg","width":1116,"height":627},{"@type":"BreadcrumbList","@id":"https:\/\/kulturonline.tv\/de\/debatte-um-corona-impfpflicht-und-2g-in-orchestern\/#breadcrumb","itemListElement":[{"@type":"ListItem","position":1,"name":"Startseite","item":"https:\/\/kulturonline.tv\/de\/"},{"@type":"ListItem","position":2,"name":"DEBATTE UM CORONA-IMPFPFLICHT UND 2G IN ORCHESTERN"}]},{"@type":"WebSite","@id":"https:\/\/kulturonline.tv\/de\/#website","url":"https:\/\/kulturonline.tv\/de\/","name":"Kultur Online TV &amp; FM","description":"Wir sind Kultur 2.0 zum sehen &amp; h\u00f6ren","publisher":{"@id":"https:\/\/kulturonline.tv\/de\/#organization"},"potentialAction":[{"@type":"SearchAction","target":{"@type":"EntryPoint","urlTemplate":"https:\/\/kulturonline.tv\/de\/?s={search_term_string}"},"query-input":{"@type":"PropertyValueSpecification","valueRequired":true,"valueName":"search_term_string"}}],"inLanguage":"de"},{"@type":"Organization","@id":"https:\/\/kulturonline.tv\/de\/#organization","name":"Kultur Online TV","url":"https:\/\/kulturonline.tv\/de\/","logo":{"@type":"ImageObject","inLanguage":"de","@id":"https:\/\/kulturonline.tv\/de\/#\/schema\/logo\/image\/","url":"https:\/\/kulturonline.tv\/wp-content\/uploads\/2021\/08\/Kultur-Online-Tv-Logo-Endversion-neu.png","contentUrl":"https:\/\/kulturonline.tv\/wp-content\/uploads\/2021\/08\/Kultur-Online-Tv-Logo-Endversion-neu.png","width":200,"height":200,"caption":"Kultur Online TV"},"image":{"@id":"https:\/\/kulturonline.tv\/de\/#\/schema\/logo\/image\/"},"sameAs":["https:\/\/www.facebook.com\/kulturonline.tv","https:\/\/www.instagram.com\/kulturonline.tv"]},{"@type":"Person","@id":"https:\/\/kulturonline.tv\/de\/#\/schema\/person\/b0fac729bb9a0c193fb1df23449df4fe","name":"guenter.wolfgang"}]}},"_links":{"self":[{"href":"https:\/\/kulturonline.tv\/de\/wp-json\/wp\/v2\/posts\/15666","targetHints":{"allow":["GET"]}}],"collection":[{"href":"https:\/\/kulturonline.tv\/de\/wp-json\/wp\/v2\/posts"}],"about":[{"href":"https:\/\/kulturonline.tv\/de\/wp-json\/wp\/v2\/types\/post"}],"author":[{"embeddable":true,"href":"https:\/\/kulturonline.tv\/de\/wp-json\/wp\/v2\/users\/2"}],"replies":[{"embeddable":true,"href":"https:\/\/kulturonline.tv\/de\/wp-json\/wp\/v2\/comments?post=15666"}],"version-history":[{"count":0,"href":"https:\/\/kulturonline.tv\/de\/wp-json\/wp\/v2\/posts\/15666\/revisions"}],"wp:featuredmedia":[{"embeddable":true,"href":"https:\/\/kulturonline.tv\/de\/wp-json\/wp\/v2\/media\/15672"}],"wp:attachment":[{"href":"https:\/\/kulturonline.tv\/de\/wp-json\/wp\/v2\/media?parent=15666"}],"wp:term":[{"taxonomy":"category","embeddable":true,"href":"https:\/\/kulturonline.tv\/de\/wp-json\/wp\/v2\/categories?post=15666"},{"taxonomy":"post_tag","embeddable":true,"href":"https:\/\/kulturonline.tv\/de\/wp-json\/wp\/v2\/tags?post=15666"}],"curies":[{"name":"wp","href":"https:\/\/api.w.org\/{rel}","templated":true}]}}