{"id":15804,"date":"2021-12-11T04:23:49","date_gmt":"2021-12-11T03:23:49","guid":{"rendered":"https:\/\/kulturonline.tv\/?p=15804"},"modified":"2021-12-11T04:27:22","modified_gmt":"2021-12-11T03:27:22","slug":"roth-staatsziel-kultur-verpflichtet-auch-finanziell","status":"publish","type":"post","link":"https:\/\/kulturonline.tv\/de\/roth-staatsziel-kultur-verpflichtet-auch-finanziell\/","title":{"rendered":"Roth &#8211; Staatsziel Kultur verpflichtet auch finanziell"},"content":{"rendered":"\n<p>Die neue Koalition bietet ein breites Portfolio an Ansatzpunkten zur freieren Gestaltung der demokratischen Kultur. <\/p>\n\n\n\n<figure class=\"wp-block-image size-large\"><img fetchpriority=\"high\" decoding=\"async\" width=\"1600\" height=\"900\" src=\"https:\/\/kulturonline.tv\/wp-content\/uploads\/2021\/12\/1920x1080-1-1600x900.jpg\" alt=\"\" class=\"wp-image-15806\" srcset=\"https:\/\/kulturonline.tv\/wp-content\/uploads\/2021\/12\/1920x1080-1-1600x900.jpg 1600w, https:\/\/kulturonline.tv\/wp-content\/uploads\/2021\/12\/1920x1080-1-600x338.jpg 600w, https:\/\/kulturonline.tv\/wp-content\/uploads\/2021\/12\/1920x1080-1-800x450.jpg 800w, https:\/\/kulturonline.tv\/wp-content\/uploads\/2021\/12\/1920x1080-1-768x432.jpg 768w, https:\/\/kulturonline.tv\/wp-content\/uploads\/2021\/12\/1920x1080-1-1536x864.jpg 1536w, https:\/\/kulturonline.tv\/wp-content\/uploads\/2021\/12\/1920x1080-1.jpg 1920w\" sizes=\"(max-width: 1600px) 100vw, 1600px\" \/><figcaption>\u00a9 Michael Kappeler<\/figcaption><\/figure>\n\n\n\n<p>Als langj\u00e4hrige F\u00fchrungsfigur der Gr\u00fcnen ist Roth immer wieder auch heftigen Angriffen ausgesetzt. Das schreckt sie nicht ab. <\/p>\n\n\n\n<p>Sie m\u00f6chte sich nicht \u00e4ndern und sich den Mund nicht &#8222;glatt sp\u00fclen&#8220;. Sie werde weiterhin sagen, was sie denke und Licht ins Dunkle bringen. <meta charset=\"utf-8\">Die Gr\u00fcne Claudia Roth ist wahrscheinlich das deutlichste Feindbild, das die Maskulinisten in unserem Land mit starken Frauen haben. Sie m\u00f6chte einen ganz aktiven, streitbaren Dialog, um einen gemeinsamen Weg zu gehen. <\/p>\n\n\n\n<p>In der Koalition von SPD, Gr\u00fcnen und FDP sieht Roth eine gute Basis f\u00fcr ihre Arbeit. Sie m\u00f6chte parteiisch f\u00fcr die Bedeutung von Kunst, Kultur, Wissenschaft und Medien eintreten. Der Dialog innerhalb der demokratischen Gesellschaft des Landes soll gest\u00e4rkt werden. Die Schwerpunkte werden durch den Koalitionsvertrag breit abgebildet. <\/p>\n\n\n\n<p>Roth sich sich selber als authentisch in der Rolle als Kulturministerin. Sie komme aus dem Theater und der Musik und damit aus dem k\u00fcnstlerischen Bereich und war schon fr\u00fch politisch motiviert. Ihr Herz schlage nach wie vor f\u00fcr die Kunst und die Kultur der Demokratie. Die Freiheit der Kultur sei f\u00fcr sie ein Gradmesser der Demokratie eines Landes. <\/p>\n\n\n\n<p>F\u00fcr die oberste Kulturverantwortliche des Bundes geht es dabei auch um R\u00fcckgaben von Kulturgut. Durch das Zur\u00fcckgeben und das Zur\u00fcckkommen von Kulturg\u00fcter werden alte Wunden geheilt, so Frau Roth. Die R\u00fcckgabe von Raubkunst und Umwelteinfl\u00fcsse durch die Kultur seien f\u00fcr Roth ein wichtiges Unterfangen und ein Fokus ihrer Politik. <\/p>\n\n\n\n<p>Kultur Online TV<\/p>\n\n\n\n<p>#politik #deutschland #kultur<\/p>\n\n\n\n<p><\/p>\n\n\n\n<p><\/p>\n","protected":false},"excerpt":{"rendered":"<p>Die neue Koalition bietet ein breites Portfolio an Ansatzpunkten zur freieren Gestaltung der demokratischen Kultur. Als langj\u00e4hrige F\u00fchrungsfigur der Gr\u00fcnen ist Roth immer wieder auch heftigen Angriffen ausgesetzt. Das schreckt sie nicht ab. Sie m\u00f6chte sich nicht \u00e4ndern und sich den Mund nicht &#8222;glatt sp\u00fclen&#8220;. Sie werde weiterhin sagen, was sie denke und Licht ins [&hellip;]<\/p>\n","protected":false},"author":2,"featured_media":15806,"comment_status":"closed","ping_status":"closed","sticky":false,"template":"","format":"standard","meta":{"_acf_changed":false,"footnotes":""},"categories":[3,123],"tags":[],"class_list":["post-15804","post","type-post","status-publish","format-standard","has-post-thumbnail","hentry","category-newsflash"],"acf":[],"yoast_head":"<!-- This site is optimized with the Yoast SEO plugin v26.1.1 - https:\/\/yoast.com\/wordpress\/plugins\/seo\/ -->\n<title>Roth - Staatsziel Kultur verpflichtet auch finanziell - Kultur Online TV &amp; FM<\/title>\n<meta name=\"description\" content=\"Kultur sehen und H\u00f6ren\" \/>\n<meta name=\"robots\" content=\"index, follow, max-snippet:-1, max-image-preview:large, max-video-preview:-1\" \/>\n<link rel=\"canonical\" href=\"https:\/\/kulturonline.tv\/de\/roth-staatsziel-kultur-verpflichtet-auch-finanziell\/\" \/>\n<meta property=\"og:locale\" content=\"de_DE\" \/>\n<meta property=\"og:type\" content=\"article\" \/>\n<meta property=\"og:title\" content=\"Roth - Staatsziel Kultur verpflichtet auch finanziell - Kultur Online TV &amp; FM\" \/>\n<meta property=\"og:description\" content=\"Kultur sehen und H\u00f6ren\" \/>\n<meta property=\"og:url\" content=\"https:\/\/kulturonline.tv\/de\/roth-staatsziel-kultur-verpflichtet-auch-finanziell\/\" \/>\n<meta property=\"og:site_name\" content=\"Kultur Online TV &amp; FM\" \/>\n<meta property=\"article:publisher\" content=\"https:\/\/www.facebook.com\/kulturonline.tv\" \/>\n<meta property=\"article:published_time\" content=\"2021-12-11T03:23:49+00:00\" \/>\n<meta property=\"article:modified_time\" content=\"2021-12-11T03:27:22+00:00\" \/>\n<meta property=\"og:image\" content=\"https:\/\/kulturonline.tv\/wp-content\/uploads\/2021\/12\/1920x1080-1.jpg\" \/>\n\t<meta property=\"og:image:width\" content=\"1920\" \/>\n\t<meta property=\"og:image:height\" content=\"1080\" \/>\n\t<meta property=\"og:image:type\" content=\"image\/jpeg\" \/>\n<meta name=\"author\" content=\"guenter.wolfgang\" \/>\n<meta name=\"twitter:card\" content=\"summary_large_image\" \/>\n<meta name=\"twitter:label1\" content=\"Verfasst von\" \/>\n\t<meta name=\"twitter:data1\" content=\"guenter.wolfgang\" \/>\n\t<meta name=\"twitter:label2\" content=\"Gesch\u00e4tzte Lesezeit\" \/>\n\t<meta name=\"twitter:data2\" content=\"2\u00a0Minuten\" \/>\n<script type=\"application\/ld+json\" class=\"yoast-schema-graph\">{\"@context\":\"https:\/\/schema.org\",\"@graph\":[{\"@type\":\"Article\",\"@id\":\"https:\/\/kulturonline.tv\/de\/roth-staatsziel-kultur-verpflichtet-auch-finanziell\/#article\",\"isPartOf\":{\"@id\":\"https:\/\/kulturonline.tv\/de\/roth-staatsziel-kultur-verpflichtet-auch-finanziell\/\"},\"author\":{\"name\":\"guenter.wolfgang\",\"@id\":\"https:\/\/kulturonline.tv\/de\/#\/schema\/person\/b0fac729bb9a0c193fb1df23449df4fe\"},\"headline\":\"Roth &#8211; Staatsziel Kultur verpflichtet auch finanziell\",\"datePublished\":\"2021-12-11T03:23:49+00:00\",\"dateModified\":\"2021-12-11T03:27:22+00:00\",\"mainEntityOfPage\":{\"@id\":\"https:\/\/kulturonline.tv\/de\/roth-staatsziel-kultur-verpflichtet-auch-finanziell\/\"},\"wordCount\":283,\"publisher\":{\"@id\":\"https:\/\/kulturonline.tv\/de\/#organization\"},\"image\":{\"@id\":\"https:\/\/kulturonline.tv\/de\/roth-staatsziel-kultur-verpflichtet-auch-finanziell\/#primaryimage\"},\"thumbnailUrl\":\"https:\/\/kulturonline.tv\/wp-content\/uploads\/2021\/12\/1920x1080-1.jpg\",\"articleSection\":[\"Newsflash\",\"Newsflash\"],\"inLanguage\":\"de\"},{\"@type\":\"WebPage\",\"@id\":\"https:\/\/kulturonline.tv\/de\/roth-staatsziel-kultur-verpflichtet-auch-finanziell\/\",\"url\":\"https:\/\/kulturonline.tv\/de\/roth-staatsziel-kultur-verpflichtet-auch-finanziell\/\",\"name\":\"Roth - Staatsziel Kultur verpflichtet auch finanziell - Kultur Online TV &amp; FM\",\"isPartOf\":{\"@id\":\"https:\/\/kulturonline.tv\/de\/#website\"},\"primaryImageOfPage\":{\"@id\":\"https:\/\/kulturonline.tv\/de\/roth-staatsziel-kultur-verpflichtet-auch-finanziell\/#primaryimage\"},\"image\":{\"@id\":\"https:\/\/kulturonline.tv\/de\/roth-staatsziel-kultur-verpflichtet-auch-finanziell\/#primaryimage\"},\"thumbnailUrl\":\"https:\/\/kulturonline.tv\/wp-content\/uploads\/2021\/12\/1920x1080-1.jpg\",\"datePublished\":\"2021-12-11T03:23:49+00:00\",\"dateModified\":\"2021-12-11T03:27:22+00:00\",\"description\":\"Kultur sehen und H\u00f6ren\",\"breadcrumb\":{\"@id\":\"https:\/\/kulturonline.tv\/de\/roth-staatsziel-kultur-verpflichtet-auch-finanziell\/#breadcrumb\"},\"inLanguage\":\"de\",\"potentialAction\":[{\"@type\":\"ReadAction\",\"target\":[\"https:\/\/kulturonline.tv\/de\/roth-staatsziel-kultur-verpflichtet-auch-finanziell\/\"]}]},{\"@type\":\"ImageObject\",\"inLanguage\":\"de\",\"@id\":\"https:\/\/kulturonline.tv\/de\/roth-staatsziel-kultur-verpflichtet-auch-finanziell\/#primaryimage\",\"url\":\"https:\/\/kulturonline.tv\/wp-content\/uploads\/2021\/12\/1920x1080-1.jpg\",\"contentUrl\":\"https:\/\/kulturonline.tv\/wp-content\/uploads\/2021\/12\/1920x1080-1.jpg\",\"width\":1920,\"height\":1080},{\"@type\":\"BreadcrumbList\",\"@id\":\"https:\/\/kulturonline.tv\/de\/roth-staatsziel-kultur-verpflichtet-auch-finanziell\/#breadcrumb\",\"itemListElement\":[{\"@type\":\"ListItem\",\"position\":1,\"name\":\"Startseite\",\"item\":\"https:\/\/kulturonline.tv\/de\/\"},{\"@type\":\"ListItem\",\"position\":2,\"name\":\"Roth &#8211; Staatsziel Kultur verpflichtet auch finanziell\"}]},{\"@type\":\"WebSite\",\"@id\":\"https:\/\/kulturonline.tv\/de\/#website\",\"url\":\"https:\/\/kulturonline.tv\/de\/\",\"name\":\"Kultur Online TV &amp; FM\",\"description\":\"Wir sind Kultur 2.0 zum sehen &amp; h\u00f6ren\",\"publisher\":{\"@id\":\"https:\/\/kulturonline.tv\/de\/#organization\"},\"potentialAction\":[{\"@type\":\"SearchAction\",\"target\":{\"@type\":\"EntryPoint\",\"urlTemplate\":\"https:\/\/kulturonline.tv\/de\/?s={search_term_string}\"},\"query-input\":{\"@type\":\"PropertyValueSpecification\",\"valueRequired\":true,\"valueName\":\"search_term_string\"}}],\"inLanguage\":\"de\"},{\"@type\":\"Organization\",\"@id\":\"https:\/\/kulturonline.tv\/de\/#organization\",\"name\":\"Kultur Online TV\",\"url\":\"https:\/\/kulturonline.tv\/de\/\",\"logo\":{\"@type\":\"ImageObject\",\"inLanguage\":\"de\",\"@id\":\"https:\/\/kulturonline.tv\/de\/#\/schema\/logo\/image\/\",\"url\":\"https:\/\/kulturonline.tv\/wp-content\/uploads\/2021\/08\/Kultur-Online-Tv-Logo-Endversion-neu.png\",\"contentUrl\":\"https:\/\/kulturonline.tv\/wp-content\/uploads\/2021\/08\/Kultur-Online-Tv-Logo-Endversion-neu.png\",\"width\":200,\"height\":200,\"caption\":\"Kultur Online TV\"},\"image\":{\"@id\":\"https:\/\/kulturonline.tv\/de\/#\/schema\/logo\/image\/\"},\"sameAs\":[\"https:\/\/www.facebook.com\/kulturonline.tv\",\"https:\/\/www.instagram.com\/kulturonline.tv\"]},{\"@type\":\"Person\",\"@id\":\"https:\/\/kulturonline.tv\/de\/#\/schema\/person\/b0fac729bb9a0c193fb1df23449df4fe\",\"name\":\"guenter.wolfgang\"}]}<\/script>\n<!-- \/ Yoast SEO plugin. -->","yoast_head_json":{"title":"Roth - Staatsziel Kultur verpflichtet auch finanziell - Kultur Online TV &amp; FM","description":"Kultur sehen und H\u00f6ren","robots":{"index":"index","follow":"follow","max-snippet":"max-snippet:-1","max-image-preview":"max-image-preview:large","max-video-preview":"max-video-preview:-1"},"canonical":"https:\/\/kulturonline.tv\/de\/roth-staatsziel-kultur-verpflichtet-auch-finanziell\/","og_locale":"de_DE","og_type":"article","og_title":"Roth - Staatsziel Kultur verpflichtet auch finanziell - Kultur Online TV &amp; FM","og_description":"Kultur sehen und H\u00f6ren","og_url":"https:\/\/kulturonline.tv\/de\/roth-staatsziel-kultur-verpflichtet-auch-finanziell\/","og_site_name":"Kultur Online TV &amp; FM","article_publisher":"https:\/\/www.facebook.com\/kulturonline.tv","article_published_time":"2021-12-11T03:23:49+00:00","article_modified_time":"2021-12-11T03:27:22+00:00","og_image":[{"width":1920,"height":1080,"url":"https:\/\/kulturonline.tv\/wp-content\/uploads\/2021\/12\/1920x1080-1.jpg","type":"image\/jpeg"}],"author":"guenter.wolfgang","twitter_card":"summary_large_image","twitter_misc":{"Verfasst von":"guenter.wolfgang","Gesch\u00e4tzte Lesezeit":"2\u00a0Minuten"},"schema":{"@context":"https:\/\/schema.org","@graph":[{"@type":"Article","@id":"https:\/\/kulturonline.tv\/de\/roth-staatsziel-kultur-verpflichtet-auch-finanziell\/#article","isPartOf":{"@id":"https:\/\/kulturonline.tv\/de\/roth-staatsziel-kultur-verpflichtet-auch-finanziell\/"},"author":{"name":"guenter.wolfgang","@id":"https:\/\/kulturonline.tv\/de\/#\/schema\/person\/b0fac729bb9a0c193fb1df23449df4fe"},"headline":"Roth &#8211; Staatsziel Kultur verpflichtet auch finanziell","datePublished":"2021-12-11T03:23:49+00:00","dateModified":"2021-12-11T03:27:22+00:00","mainEntityOfPage":{"@id":"https:\/\/kulturonline.tv\/de\/roth-staatsziel-kultur-verpflichtet-auch-finanziell\/"},"wordCount":283,"publisher":{"@id":"https:\/\/kulturonline.tv\/de\/#organization"},"image":{"@id":"https:\/\/kulturonline.tv\/de\/roth-staatsziel-kultur-verpflichtet-auch-finanziell\/#primaryimage"},"thumbnailUrl":"https:\/\/kulturonline.tv\/wp-content\/uploads\/2021\/12\/1920x1080-1.jpg","articleSection":["Newsflash","Newsflash"],"inLanguage":"de"},{"@type":"WebPage","@id":"https:\/\/kulturonline.tv\/de\/roth-staatsziel-kultur-verpflichtet-auch-finanziell\/","url":"https:\/\/kulturonline.tv\/de\/roth-staatsziel-kultur-verpflichtet-auch-finanziell\/","name":"Roth - Staatsziel Kultur verpflichtet auch finanziell - Kultur Online TV &amp; FM","isPartOf":{"@id":"https:\/\/kulturonline.tv\/de\/#website"},"primaryImageOfPage":{"@id":"https:\/\/kulturonline.tv\/de\/roth-staatsziel-kultur-verpflichtet-auch-finanziell\/#primaryimage"},"image":{"@id":"https:\/\/kulturonline.tv\/de\/roth-staatsziel-kultur-verpflichtet-auch-finanziell\/#primaryimage"},"thumbnailUrl":"https:\/\/kulturonline.tv\/wp-content\/uploads\/2021\/12\/1920x1080-1.jpg","datePublished":"2021-12-11T03:23:49+00:00","dateModified":"2021-12-11T03:27:22+00:00","description":"Kultur sehen und H\u00f6ren","breadcrumb":{"@id":"https:\/\/kulturonline.tv\/de\/roth-staatsziel-kultur-verpflichtet-auch-finanziell\/#breadcrumb"},"inLanguage":"de","potentialAction":[{"@type":"ReadAction","target":["https:\/\/kulturonline.tv\/de\/roth-staatsziel-kultur-verpflichtet-auch-finanziell\/"]}]},{"@type":"ImageObject","inLanguage":"de","@id":"https:\/\/kulturonline.tv\/de\/roth-staatsziel-kultur-verpflichtet-auch-finanziell\/#primaryimage","url":"https:\/\/kulturonline.tv\/wp-content\/uploads\/2021\/12\/1920x1080-1.jpg","contentUrl":"https:\/\/kulturonline.tv\/wp-content\/uploads\/2021\/12\/1920x1080-1.jpg","width":1920,"height":1080},{"@type":"BreadcrumbList","@id":"https:\/\/kulturonline.tv\/de\/roth-staatsziel-kultur-verpflichtet-auch-finanziell\/#breadcrumb","itemListElement":[{"@type":"ListItem","position":1,"name":"Startseite","item":"https:\/\/kulturonline.tv\/de\/"},{"@type":"ListItem","position":2,"name":"Roth &#8211; Staatsziel Kultur verpflichtet auch finanziell"}]},{"@type":"WebSite","@id":"https:\/\/kulturonline.tv\/de\/#website","url":"https:\/\/kulturonline.tv\/de\/","name":"Kultur Online TV &amp; FM","description":"Wir sind Kultur 2.0 zum sehen &amp; h\u00f6ren","publisher":{"@id":"https:\/\/kulturonline.tv\/de\/#organization"},"potentialAction":[{"@type":"SearchAction","target":{"@type":"EntryPoint","urlTemplate":"https:\/\/kulturonline.tv\/de\/?s={search_term_string}"},"query-input":{"@type":"PropertyValueSpecification","valueRequired":true,"valueName":"search_term_string"}}],"inLanguage":"de"},{"@type":"Organization","@id":"https:\/\/kulturonline.tv\/de\/#organization","name":"Kultur Online TV","url":"https:\/\/kulturonline.tv\/de\/","logo":{"@type":"ImageObject","inLanguage":"de","@id":"https:\/\/kulturonline.tv\/de\/#\/schema\/logo\/image\/","url":"https:\/\/kulturonline.tv\/wp-content\/uploads\/2021\/08\/Kultur-Online-Tv-Logo-Endversion-neu.png","contentUrl":"https:\/\/kulturonline.tv\/wp-content\/uploads\/2021\/08\/Kultur-Online-Tv-Logo-Endversion-neu.png","width":200,"height":200,"caption":"Kultur Online TV"},"image":{"@id":"https:\/\/kulturonline.tv\/de\/#\/schema\/logo\/image\/"},"sameAs":["https:\/\/www.facebook.com\/kulturonline.tv","https:\/\/www.instagram.com\/kulturonline.tv"]},{"@type":"Person","@id":"https:\/\/kulturonline.tv\/de\/#\/schema\/person\/b0fac729bb9a0c193fb1df23449df4fe","name":"guenter.wolfgang"}]}},"_links":{"self":[{"href":"https:\/\/kulturonline.tv\/de\/wp-json\/wp\/v2\/posts\/15804","targetHints":{"allow":["GET"]}}],"collection":[{"href":"https:\/\/kulturonline.tv\/de\/wp-json\/wp\/v2\/posts"}],"about":[{"href":"https:\/\/kulturonline.tv\/de\/wp-json\/wp\/v2\/types\/post"}],"author":[{"embeddable":true,"href":"https:\/\/kulturonline.tv\/de\/wp-json\/wp\/v2\/users\/2"}],"replies":[{"embeddable":true,"href":"https:\/\/kulturonline.tv\/de\/wp-json\/wp\/v2\/comments?post=15804"}],"version-history":[{"count":0,"href":"https:\/\/kulturonline.tv\/de\/wp-json\/wp\/v2\/posts\/15804\/revisions"}],"wp:featuredmedia":[{"embeddable":true,"href":"https:\/\/kulturonline.tv\/de\/wp-json\/wp\/v2\/media\/15806"}],"wp:attachment":[{"href":"https:\/\/kulturonline.tv\/de\/wp-json\/wp\/v2\/media?parent=15804"}],"wp:term":[{"taxonomy":"category","embeddable":true,"href":"https:\/\/kulturonline.tv\/de\/wp-json\/wp\/v2\/categories?post=15804"},{"taxonomy":"post_tag","embeddable":true,"href":"https:\/\/kulturonline.tv\/de\/wp-json\/wp\/v2\/tags?post=15804"}],"curies":[{"name":"wp","href":"https:\/\/api.w.org\/{rel}","templated":true}]}}