{"id":16157,"date":"2021-12-13T09:30:46","date_gmt":"2021-12-13T08:30:46","guid":{"rendered":"https:\/\/kulturonline.tv\/?p=16157"},"modified":"2021-12-13T09:33:10","modified_gmt":"2021-12-13T08:33:10","slug":"berlinale-veroeffentlicht-plakatmotiv-2022","status":"publish","type":"post","link":"https:\/\/kulturonline.tv\/de\/berlinale-veroeffentlicht-plakatmotiv-2022\/","title":{"rendered":"Berlinale ver\u00f6ffentlicht Plakatmotiv 2022"},"content":{"rendered":"\n<p><strong>F\u00fcr manche Filmfans sind selbst die Plakate der Berlinale ein Gespr\u00e4chsthema. Wie sieht das Motiv diesmal aus?<\/strong><\/p>\n\n\n\n<figure class=\"wp-block-image size-full is-resized\"><img decoding=\"async\" src=\"https:\/\/kulturonline.tv\/wp-content\/uploads\/2021\/12\/kultur-online-tv-edited.jpeg\" alt=\"\" class=\"wp-image-16161\" width=\"841\" srcset=\"https:\/\/kulturonline.tv\/wp-content\/uploads\/2021\/12\/kultur-online-tv-edited.jpeg 624w, https:\/\/kulturonline.tv\/wp-content\/uploads\/2021\/12\/kultur-online-tv-edited-600x338.jpeg 600w\" sizes=\"(max-width: 624px) 100vw, 624px\" \/><\/figure>\n\n\n\n<p>Die Festivalleitung hat den Entwurf am Freitag ver\u00f6ffentlicht. Ein abstrakt gestalteter B\u00e4r, mit Brille und Zacken. Die Filmfestspiele in Berlin sollen im Februar 2022 wieder als Pr\u00e4senzveranstaltung stattfinden &#8211; gelten soll dann mindestens die 2G-Regel. Es h\u00e4tten also nur Menschen Zutritt, die gegen das Coronavirus geimpft oder genesen sind. Die Festivalleitung h\u00e4lt an diesen Pl\u00e4nen weiterhin fest, wie eine Sprecherin am Freitag (10. Dezember 2021) sagte.<\/p>\n\n\n\n<p>Kultur Online TV<\/p>\n\n\n\n<p>#news #film #kultur #kunst<\/p>\n","protected":false},"excerpt":{"rendered":"<p>F\u00fcr manche Filmfans sind selbst die Plakate der Berlinale ein Gespr\u00e4chsthema. Wie sieht das Motiv diesmal aus? Die Festivalleitung hat den Entwurf am Freitag ver\u00f6ffentlicht. Ein abstrakt gestalteter B\u00e4r, mit Brille und Zacken. Die Filmfestspiele in Berlin sollen im Februar 2022 wieder als Pr\u00e4senzveranstaltung stattfinden &#8211; gelten soll dann mindestens die 2G-Regel. Es h\u00e4tten also [&hellip;]<\/p>\n","protected":false},"author":2,"featured_media":16161,"comment_status":"closed","ping_status":"closed","sticky":false,"template":"","format":"standard","meta":{"_acf_changed":false,"footnotes":""},"categories":[3],"tags":[],"class_list":["post-16157","post","type-post","status-publish","format-standard","has-post-thumbnail","hentry","category-newsflash"],"acf":[],"yoast_head":"<!-- This site is optimized with the Yoast SEO plugin v26.1.1 - https:\/\/yoast.com\/wordpress\/plugins\/seo\/ -->\n<title>Berlinale ver\u00f6ffentlicht Plakatmotiv 2022 - Kultur Online TV &amp; FM<\/title>\n<meta name=\"description\" content=\"Kultur sehen und H\u00f6ren\" \/>\n<meta name=\"robots\" content=\"index, follow, max-snippet:-1, max-image-preview:large, max-video-preview:-1\" \/>\n<link rel=\"canonical\" href=\"https:\/\/kulturonline.tv\/de\/berlinale-veroeffentlicht-plakatmotiv-2022\/\" \/>\n<meta property=\"og:locale\" content=\"de_DE\" \/>\n<meta property=\"og:type\" content=\"article\" \/>\n<meta property=\"og:title\" content=\"Berlinale ver\u00f6ffentlicht Plakatmotiv 2022 - Kultur Online TV &amp; FM\" \/>\n<meta property=\"og:description\" content=\"Kultur sehen und H\u00f6ren\" \/>\n<meta property=\"og:url\" content=\"https:\/\/kulturonline.tv\/de\/berlinale-veroeffentlicht-plakatmotiv-2022\/\" \/>\n<meta property=\"og:site_name\" content=\"Kultur Online TV &amp; FM\" \/>\n<meta property=\"article:publisher\" content=\"https:\/\/www.facebook.com\/kulturonline.tv\" \/>\n<meta property=\"article:published_time\" content=\"2021-12-13T08:30:46+00:00\" \/>\n<meta property=\"article:modified_time\" content=\"2021-12-13T08:33:10+00:00\" \/>\n<meta property=\"og:image\" content=\"https:\/\/kulturonline.tv\/wp-content\/uploads\/2021\/12\/kultur-online-tv-edited.jpeg\" \/>\n\t<meta property=\"og:image:width\" content=\"624\" \/>\n\t<meta property=\"og:image:height\" content=\"351\" \/>\n\t<meta property=\"og:image:type\" content=\"image\/jpeg\" \/>\n<meta name=\"author\" content=\"guenter.wolfgang\" \/>\n<meta name=\"twitter:card\" content=\"summary_large_image\" \/>\n<meta name=\"twitter:label1\" content=\"Verfasst von\" \/>\n\t<meta name=\"twitter:data1\" content=\"guenter.wolfgang\" \/>\n\t<meta name=\"twitter:label2\" content=\"Gesch\u00e4tzte Lesezeit\" \/>\n\t<meta name=\"twitter:data2\" content=\"1\u00a0Minute\" \/>\n<script type=\"application\/ld+json\" class=\"yoast-schema-graph\">{\"@context\":\"https:\/\/schema.org\",\"@graph\":[{\"@type\":\"Article\",\"@id\":\"https:\/\/kulturonline.tv\/de\/berlinale-veroeffentlicht-plakatmotiv-2022\/#article\",\"isPartOf\":{\"@id\":\"https:\/\/kulturonline.tv\/de\/berlinale-veroeffentlicht-plakatmotiv-2022\/\"},\"author\":{\"name\":\"guenter.wolfgang\",\"@id\":\"https:\/\/kulturonline.tv\/de\/#\/schema\/person\/b0fac729bb9a0c193fb1df23449df4fe\"},\"headline\":\"Berlinale ver\u00f6ffentlicht Plakatmotiv 2022\",\"datePublished\":\"2021-12-13T08:30:46+00:00\",\"dateModified\":\"2021-12-13T08:33:10+00:00\",\"mainEntityOfPage\":{\"@id\":\"https:\/\/kulturonline.tv\/de\/berlinale-veroeffentlicht-plakatmotiv-2022\/\"},\"wordCount\":99,\"publisher\":{\"@id\":\"https:\/\/kulturonline.tv\/de\/#organization\"},\"image\":{\"@id\":\"https:\/\/kulturonline.tv\/de\/berlinale-veroeffentlicht-plakatmotiv-2022\/#primaryimage\"},\"thumbnailUrl\":\"https:\/\/kulturonline.tv\/wp-content\/uploads\/2021\/12\/kultur-online-tv-edited.jpeg\",\"articleSection\":[\"Newsflash\"],\"inLanguage\":\"de\"},{\"@type\":\"WebPage\",\"@id\":\"https:\/\/kulturonline.tv\/de\/berlinale-veroeffentlicht-plakatmotiv-2022\/\",\"url\":\"https:\/\/kulturonline.tv\/de\/berlinale-veroeffentlicht-plakatmotiv-2022\/\",\"name\":\"Berlinale ver\u00f6ffentlicht Plakatmotiv 2022 - Kultur Online TV &amp; FM\",\"isPartOf\":{\"@id\":\"https:\/\/kulturonline.tv\/de\/#website\"},\"primaryImageOfPage\":{\"@id\":\"https:\/\/kulturonline.tv\/de\/berlinale-veroeffentlicht-plakatmotiv-2022\/#primaryimage\"},\"image\":{\"@id\":\"https:\/\/kulturonline.tv\/de\/berlinale-veroeffentlicht-plakatmotiv-2022\/#primaryimage\"},\"thumbnailUrl\":\"https:\/\/kulturonline.tv\/wp-content\/uploads\/2021\/12\/kultur-online-tv-edited.jpeg\",\"datePublished\":\"2021-12-13T08:30:46+00:00\",\"dateModified\":\"2021-12-13T08:33:10+00:00\",\"description\":\"Kultur sehen und H\u00f6ren\",\"breadcrumb\":{\"@id\":\"https:\/\/kulturonline.tv\/de\/berlinale-veroeffentlicht-plakatmotiv-2022\/#breadcrumb\"},\"inLanguage\":\"de\",\"potentialAction\":[{\"@type\":\"ReadAction\",\"target\":[\"https:\/\/kulturonline.tv\/de\/berlinale-veroeffentlicht-plakatmotiv-2022\/\"]}]},{\"@type\":\"ImageObject\",\"inLanguage\":\"de\",\"@id\":\"https:\/\/kulturonline.tv\/de\/berlinale-veroeffentlicht-plakatmotiv-2022\/#primaryimage\",\"url\":\"https:\/\/kulturonline.tv\/wp-content\/uploads\/2021\/12\/kultur-online-tv-edited.jpeg\",\"contentUrl\":\"https:\/\/kulturonline.tv\/wp-content\/uploads\/2021\/12\/kultur-online-tv-edited.jpeg\",\"width\":624,\"height\":351},{\"@type\":\"BreadcrumbList\",\"@id\":\"https:\/\/kulturonline.tv\/de\/berlinale-veroeffentlicht-plakatmotiv-2022\/#breadcrumb\",\"itemListElement\":[{\"@type\":\"ListItem\",\"position\":1,\"name\":\"Startseite\",\"item\":\"https:\/\/kulturonline.tv\/de\/\"},{\"@type\":\"ListItem\",\"position\":2,\"name\":\"Berlinale ver\u00f6ffentlicht Plakatmotiv 2022\"}]},{\"@type\":\"WebSite\",\"@id\":\"https:\/\/kulturonline.tv\/de\/#website\",\"url\":\"https:\/\/kulturonline.tv\/de\/\",\"name\":\"Kultur Online TV &amp; FM\",\"description\":\"Wir sind Kultur 2.0 zum sehen &amp; h\u00f6ren\",\"publisher\":{\"@id\":\"https:\/\/kulturonline.tv\/de\/#organization\"},\"potentialAction\":[{\"@type\":\"SearchAction\",\"target\":{\"@type\":\"EntryPoint\",\"urlTemplate\":\"https:\/\/kulturonline.tv\/de\/?s={search_term_string}\"},\"query-input\":{\"@type\":\"PropertyValueSpecification\",\"valueRequired\":true,\"valueName\":\"search_term_string\"}}],\"inLanguage\":\"de\"},{\"@type\":\"Organization\",\"@id\":\"https:\/\/kulturonline.tv\/de\/#organization\",\"name\":\"Kultur Online TV\",\"url\":\"https:\/\/kulturonline.tv\/de\/\",\"logo\":{\"@type\":\"ImageObject\",\"inLanguage\":\"de\",\"@id\":\"https:\/\/kulturonline.tv\/de\/#\/schema\/logo\/image\/\",\"url\":\"https:\/\/kulturonline.tv\/wp-content\/uploads\/2021\/08\/Kultur-Online-Tv-Logo-Endversion-neu.png\",\"contentUrl\":\"https:\/\/kulturonline.tv\/wp-content\/uploads\/2021\/08\/Kultur-Online-Tv-Logo-Endversion-neu.png\",\"width\":200,\"height\":200,\"caption\":\"Kultur Online TV\"},\"image\":{\"@id\":\"https:\/\/kulturonline.tv\/de\/#\/schema\/logo\/image\/\"},\"sameAs\":[\"https:\/\/www.facebook.com\/kulturonline.tv\",\"https:\/\/www.instagram.com\/kulturonline.tv\"]},{\"@type\":\"Person\",\"@id\":\"https:\/\/kulturonline.tv\/de\/#\/schema\/person\/b0fac729bb9a0c193fb1df23449df4fe\",\"name\":\"guenter.wolfgang\"}]}<\/script>\n<!-- \/ Yoast SEO plugin. -->","yoast_head_json":{"title":"Berlinale ver\u00f6ffentlicht Plakatmotiv 2022 - Kultur Online TV &amp; FM","description":"Kultur sehen und H\u00f6ren","robots":{"index":"index","follow":"follow","max-snippet":"max-snippet:-1","max-image-preview":"max-image-preview:large","max-video-preview":"max-video-preview:-1"},"canonical":"https:\/\/kulturonline.tv\/de\/berlinale-veroeffentlicht-plakatmotiv-2022\/","og_locale":"de_DE","og_type":"article","og_title":"Berlinale ver\u00f6ffentlicht Plakatmotiv 2022 - Kultur Online TV &amp; FM","og_description":"Kultur sehen und H\u00f6ren","og_url":"https:\/\/kulturonline.tv\/de\/berlinale-veroeffentlicht-plakatmotiv-2022\/","og_site_name":"Kultur Online TV &amp; FM","article_publisher":"https:\/\/www.facebook.com\/kulturonline.tv","article_published_time":"2021-12-13T08:30:46+00:00","article_modified_time":"2021-12-13T08:33:10+00:00","og_image":[{"width":624,"height":351,"url":"https:\/\/kulturonline.tv\/wp-content\/uploads\/2021\/12\/kultur-online-tv-edited.jpeg","type":"image\/jpeg"}],"author":"guenter.wolfgang","twitter_card":"summary_large_image","twitter_misc":{"Verfasst von":"guenter.wolfgang","Gesch\u00e4tzte Lesezeit":"1\u00a0Minute"},"schema":{"@context":"https:\/\/schema.org","@graph":[{"@type":"Article","@id":"https:\/\/kulturonline.tv\/de\/berlinale-veroeffentlicht-plakatmotiv-2022\/#article","isPartOf":{"@id":"https:\/\/kulturonline.tv\/de\/berlinale-veroeffentlicht-plakatmotiv-2022\/"},"author":{"name":"guenter.wolfgang","@id":"https:\/\/kulturonline.tv\/de\/#\/schema\/person\/b0fac729bb9a0c193fb1df23449df4fe"},"headline":"Berlinale ver\u00f6ffentlicht Plakatmotiv 2022","datePublished":"2021-12-13T08:30:46+00:00","dateModified":"2021-12-13T08:33:10+00:00","mainEntityOfPage":{"@id":"https:\/\/kulturonline.tv\/de\/berlinale-veroeffentlicht-plakatmotiv-2022\/"},"wordCount":99,"publisher":{"@id":"https:\/\/kulturonline.tv\/de\/#organization"},"image":{"@id":"https:\/\/kulturonline.tv\/de\/berlinale-veroeffentlicht-plakatmotiv-2022\/#primaryimage"},"thumbnailUrl":"https:\/\/kulturonline.tv\/wp-content\/uploads\/2021\/12\/kultur-online-tv-edited.jpeg","articleSection":["Newsflash"],"inLanguage":"de"},{"@type":"WebPage","@id":"https:\/\/kulturonline.tv\/de\/berlinale-veroeffentlicht-plakatmotiv-2022\/","url":"https:\/\/kulturonline.tv\/de\/berlinale-veroeffentlicht-plakatmotiv-2022\/","name":"Berlinale ver\u00f6ffentlicht Plakatmotiv 2022 - Kultur Online TV &amp; FM","isPartOf":{"@id":"https:\/\/kulturonline.tv\/de\/#website"},"primaryImageOfPage":{"@id":"https:\/\/kulturonline.tv\/de\/berlinale-veroeffentlicht-plakatmotiv-2022\/#primaryimage"},"image":{"@id":"https:\/\/kulturonline.tv\/de\/berlinale-veroeffentlicht-plakatmotiv-2022\/#primaryimage"},"thumbnailUrl":"https:\/\/kulturonline.tv\/wp-content\/uploads\/2021\/12\/kultur-online-tv-edited.jpeg","datePublished":"2021-12-13T08:30:46+00:00","dateModified":"2021-12-13T08:33:10+00:00","description":"Kultur sehen und H\u00f6ren","breadcrumb":{"@id":"https:\/\/kulturonline.tv\/de\/berlinale-veroeffentlicht-plakatmotiv-2022\/#breadcrumb"},"inLanguage":"de","potentialAction":[{"@type":"ReadAction","target":["https:\/\/kulturonline.tv\/de\/berlinale-veroeffentlicht-plakatmotiv-2022\/"]}]},{"@type":"ImageObject","inLanguage":"de","@id":"https:\/\/kulturonline.tv\/de\/berlinale-veroeffentlicht-plakatmotiv-2022\/#primaryimage","url":"https:\/\/kulturonline.tv\/wp-content\/uploads\/2021\/12\/kultur-online-tv-edited.jpeg","contentUrl":"https:\/\/kulturonline.tv\/wp-content\/uploads\/2021\/12\/kultur-online-tv-edited.jpeg","width":624,"height":351},{"@type":"BreadcrumbList","@id":"https:\/\/kulturonline.tv\/de\/berlinale-veroeffentlicht-plakatmotiv-2022\/#breadcrumb","itemListElement":[{"@type":"ListItem","position":1,"name":"Startseite","item":"https:\/\/kulturonline.tv\/de\/"},{"@type":"ListItem","position":2,"name":"Berlinale ver\u00f6ffentlicht Plakatmotiv 2022"}]},{"@type":"WebSite","@id":"https:\/\/kulturonline.tv\/de\/#website","url":"https:\/\/kulturonline.tv\/de\/","name":"Kultur Online TV &amp; FM","description":"Wir sind Kultur 2.0 zum sehen &amp; h\u00f6ren","publisher":{"@id":"https:\/\/kulturonline.tv\/de\/#organization"},"potentialAction":[{"@type":"SearchAction","target":{"@type":"EntryPoint","urlTemplate":"https:\/\/kulturonline.tv\/de\/?s={search_term_string}"},"query-input":{"@type":"PropertyValueSpecification","valueRequired":true,"valueName":"search_term_string"}}],"inLanguage":"de"},{"@type":"Organization","@id":"https:\/\/kulturonline.tv\/de\/#organization","name":"Kultur Online TV","url":"https:\/\/kulturonline.tv\/de\/","logo":{"@type":"ImageObject","inLanguage":"de","@id":"https:\/\/kulturonline.tv\/de\/#\/schema\/logo\/image\/","url":"https:\/\/kulturonline.tv\/wp-content\/uploads\/2021\/08\/Kultur-Online-Tv-Logo-Endversion-neu.png","contentUrl":"https:\/\/kulturonline.tv\/wp-content\/uploads\/2021\/08\/Kultur-Online-Tv-Logo-Endversion-neu.png","width":200,"height":200,"caption":"Kultur Online TV"},"image":{"@id":"https:\/\/kulturonline.tv\/de\/#\/schema\/logo\/image\/"},"sameAs":["https:\/\/www.facebook.com\/kulturonline.tv","https:\/\/www.instagram.com\/kulturonline.tv"]},{"@type":"Person","@id":"https:\/\/kulturonline.tv\/de\/#\/schema\/person\/b0fac729bb9a0c193fb1df23449df4fe","name":"guenter.wolfgang"}]}},"_links":{"self":[{"href":"https:\/\/kulturonline.tv\/de\/wp-json\/wp\/v2\/posts\/16157","targetHints":{"allow":["GET"]}}],"collection":[{"href":"https:\/\/kulturonline.tv\/de\/wp-json\/wp\/v2\/posts"}],"about":[{"href":"https:\/\/kulturonline.tv\/de\/wp-json\/wp\/v2\/types\/post"}],"author":[{"embeddable":true,"href":"https:\/\/kulturonline.tv\/de\/wp-json\/wp\/v2\/users\/2"}],"replies":[{"embeddable":true,"href":"https:\/\/kulturonline.tv\/de\/wp-json\/wp\/v2\/comments?post=16157"}],"version-history":[{"count":0,"href":"https:\/\/kulturonline.tv\/de\/wp-json\/wp\/v2\/posts\/16157\/revisions"}],"wp:featuredmedia":[{"embeddable":true,"href":"https:\/\/kulturonline.tv\/de\/wp-json\/wp\/v2\/media\/16161"}],"wp:attachment":[{"href":"https:\/\/kulturonline.tv\/de\/wp-json\/wp\/v2\/media?parent=16157"}],"wp:term":[{"taxonomy":"category","embeddable":true,"href":"https:\/\/kulturonline.tv\/de\/wp-json\/wp\/v2\/categories?post=16157"},{"taxonomy":"post_tag","embeddable":true,"href":"https:\/\/kulturonline.tv\/de\/wp-json\/wp\/v2\/tags?post=16157"}],"curies":[{"name":"wp","href":"https:\/\/api.w.org\/{rel}","templated":true}]}}