{"id":16208,"date":"2021-12-13T10:14:34","date_gmt":"2021-12-13T09:14:34","guid":{"rendered":"https:\/\/kulturonline.tv\/?p=16208"},"modified":"2021-12-13T10:14:35","modified_gmt":"2021-12-13T09:14:35","slug":"schlag-gegen-illegalen-antiquitaetenhandel","status":"publish","type":"post","link":"https:\/\/kulturonline.tv\/de\/schlag-gegen-illegalen-antiquitaetenhandel\/","title":{"rendered":"Schlag gegen illegalen Antiquit\u00e4tenhandel"},"content":{"rendered":"\n<p><strong>Ermittlern aus Griechenland und den USA ist ein Schlag gegen den illegalen Antiquit\u00e4tenhandel gelungen.<\/strong><\/p>\n\n\n\n<figure class=\"wp-block-image size-full is-resized\"><img fetchpriority=\"high\" decoding=\"async\" src=\"https:\/\/kulturonline.tv\/wp-content\/uploads\/2021\/12\/Antiqiuitaeten.png\" alt=\"\" class=\"wp-image-16210\" width=\"846\" height=\"424\" srcset=\"https:\/\/kulturonline.tv\/wp-content\/uploads\/2021\/12\/Antiqiuitaeten.png 722w, https:\/\/kulturonline.tv\/wp-content\/uploads\/2021\/12\/Antiqiuitaeten-600x301.png 600w\" sizes=\"(max-width: 846px) 100vw, 846px\" \/><\/figure>\n\n\n\n<p>Nach offiziellen Angaben aus Griechenland wurden 180 Gegenst\u00e4nde aus zahlreichen Regionen der Welt sichergestellt. 47 davon seien Statuen und Kleinodien aus der griechischen Antike, die bald an Griechenland zur\u00fcckgegeben werden sollten. Unter den sichergestellten Gegenst\u00e4nden ist demnach beispielsweise die Statue eines jungen Mannes aus der Zeit um 560 v. Chr. Bei der griechischen Polizei ist eine Sonderkommission t\u00e4tig, die sich ausschlie\u00dflich mit der Suche nach illegal ausgef\u00fchrten Gegenst\u00e4nden besch\u00e4ftigt.<\/p>\n\n\n\n<p>Unter den sichergestellten Gegenst\u00e4nden sind den Angaben zufolge die Statue eines jungen Mannes aus der Zeit um 560 v. Chr. sowie ein Adler aus Bronze als Teil eines Kessels aus Kreta aus der Zeit um 660 v. Chr.<\/p>\n\n\n\n<p>Bei der griechischen Polizei ist eine Sonderkommission t\u00e4tig. Diese besch\u00e4ftigt sich ausschliesslich mit der Suche nach illegal ausgef\u00fchrten Gegenst\u00e4nden haupts\u00e4chlich aus der Antike.<\/p>\n\n\n\n<p>Kultur Online TV<\/p>\n\n\n\n<p>#kunst #kultur #news<\/p>\n","protected":false},"excerpt":{"rendered":"<p>Ermittlern aus Griechenland und den USA ist ein Schlag gegen den illegalen Antiquit\u00e4tenhandel gelungen. Nach offiziellen Angaben aus Griechenland wurden 180 Gegenst\u00e4nde aus zahlreichen Regionen der Welt sichergestellt. 47 davon seien Statuen und Kleinodien aus der griechischen Antike, die bald an Griechenland zur\u00fcckgegeben werden sollten. Unter den sichergestellten Gegenst\u00e4nden ist demnach beispielsweise die Statue eines [&hellip;]<\/p>\n","protected":false},"author":2,"featured_media":16210,"comment_status":"closed","ping_status":"closed","sticky":false,"template":"","format":"standard","meta":{"_acf_changed":false,"footnotes":""},"categories":[3],"tags":[],"class_list":["post-16208","post","type-post","status-publish","format-standard","has-post-thumbnail","hentry","category-newsflash"],"acf":[],"yoast_head":"<!-- This site is optimized with the Yoast SEO plugin v26.1.1 - https:\/\/yoast.com\/wordpress\/plugins\/seo\/ -->\n<title>Schlag gegen illegalen Antiquit\u00e4tenhandel - Kultur Online TV &amp; FM<\/title>\n<meta name=\"description\" content=\"Kultur sehen und H\u00f6ren\" \/>\n<meta name=\"robots\" content=\"index, follow, max-snippet:-1, max-image-preview:large, max-video-preview:-1\" \/>\n<link rel=\"canonical\" href=\"https:\/\/kulturonline.tv\/de\/schlag-gegen-illegalen-antiquitaetenhandel\/\" \/>\n<meta property=\"og:locale\" content=\"de_DE\" \/>\n<meta property=\"og:type\" content=\"article\" \/>\n<meta property=\"og:title\" content=\"Schlag gegen illegalen Antiquit\u00e4tenhandel - Kultur Online TV &amp; FM\" \/>\n<meta property=\"og:description\" content=\"Kultur sehen und H\u00f6ren\" \/>\n<meta property=\"og:url\" content=\"https:\/\/kulturonline.tv\/de\/schlag-gegen-illegalen-antiquitaetenhandel\/\" \/>\n<meta property=\"og:site_name\" content=\"Kultur Online TV &amp; FM\" \/>\n<meta property=\"article:publisher\" content=\"https:\/\/www.facebook.com\/kulturonline.tv\" \/>\n<meta property=\"article:published_time\" content=\"2021-12-13T09:14:34+00:00\" \/>\n<meta property=\"article:modified_time\" content=\"2021-12-13T09:14:35+00:00\" \/>\n<meta property=\"og:image\" content=\"https:\/\/kulturonline.tv\/wp-content\/uploads\/2021\/12\/Antiqiuitaeten.png\" \/>\n\t<meta property=\"og:image:width\" content=\"722\" \/>\n\t<meta property=\"og:image:height\" content=\"362\" \/>\n\t<meta property=\"og:image:type\" content=\"image\/png\" \/>\n<meta name=\"author\" content=\"guenter.wolfgang\" \/>\n<meta name=\"twitter:card\" content=\"summary_large_image\" \/>\n<meta name=\"twitter:label1\" content=\"Verfasst von\" \/>\n\t<meta name=\"twitter:data1\" content=\"guenter.wolfgang\" \/>\n\t<meta name=\"twitter:label2\" content=\"Gesch\u00e4tzte Lesezeit\" \/>\n\t<meta name=\"twitter:data2\" content=\"1\u00a0Minute\" \/>\n<script type=\"application\/ld+json\" class=\"yoast-schema-graph\">{\"@context\":\"https:\/\/schema.org\",\"@graph\":[{\"@type\":\"Article\",\"@id\":\"https:\/\/kulturonline.tv\/de\/schlag-gegen-illegalen-antiquitaetenhandel\/#article\",\"isPartOf\":{\"@id\":\"https:\/\/kulturonline.tv\/de\/schlag-gegen-illegalen-antiquitaetenhandel\/\"},\"author\":{\"name\":\"guenter.wolfgang\",\"@id\":\"https:\/\/kulturonline.tv\/de\/#\/schema\/person\/b0fac729bb9a0c193fb1df23449df4fe\"},\"headline\":\"Schlag gegen illegalen Antiquit\u00e4tenhandel\",\"datePublished\":\"2021-12-13T09:14:34+00:00\",\"dateModified\":\"2021-12-13T09:14:35+00:00\",\"mainEntityOfPage\":{\"@id\":\"https:\/\/kulturonline.tv\/de\/schlag-gegen-illegalen-antiquitaetenhandel\/\"},\"wordCount\":165,\"publisher\":{\"@id\":\"https:\/\/kulturonline.tv\/de\/#organization\"},\"image\":{\"@id\":\"https:\/\/kulturonline.tv\/de\/schlag-gegen-illegalen-antiquitaetenhandel\/#primaryimage\"},\"thumbnailUrl\":\"https:\/\/kulturonline.tv\/wp-content\/uploads\/2021\/12\/Antiqiuitaeten.png\",\"articleSection\":[\"Newsflash\"],\"inLanguage\":\"de\"},{\"@type\":\"WebPage\",\"@id\":\"https:\/\/kulturonline.tv\/de\/schlag-gegen-illegalen-antiquitaetenhandel\/\",\"url\":\"https:\/\/kulturonline.tv\/de\/schlag-gegen-illegalen-antiquitaetenhandel\/\",\"name\":\"Schlag gegen illegalen Antiquit\u00e4tenhandel - Kultur Online TV &amp; FM\",\"isPartOf\":{\"@id\":\"https:\/\/kulturonline.tv\/de\/#website\"},\"primaryImageOfPage\":{\"@id\":\"https:\/\/kulturonline.tv\/de\/schlag-gegen-illegalen-antiquitaetenhandel\/#primaryimage\"},\"image\":{\"@id\":\"https:\/\/kulturonline.tv\/de\/schlag-gegen-illegalen-antiquitaetenhandel\/#primaryimage\"},\"thumbnailUrl\":\"https:\/\/kulturonline.tv\/wp-content\/uploads\/2021\/12\/Antiqiuitaeten.png\",\"datePublished\":\"2021-12-13T09:14:34+00:00\",\"dateModified\":\"2021-12-13T09:14:35+00:00\",\"description\":\"Kultur sehen und H\u00f6ren\",\"breadcrumb\":{\"@id\":\"https:\/\/kulturonline.tv\/de\/schlag-gegen-illegalen-antiquitaetenhandel\/#breadcrumb\"},\"inLanguage\":\"de\",\"potentialAction\":[{\"@type\":\"ReadAction\",\"target\":[\"https:\/\/kulturonline.tv\/de\/schlag-gegen-illegalen-antiquitaetenhandel\/\"]}]},{\"@type\":\"ImageObject\",\"inLanguage\":\"de\",\"@id\":\"https:\/\/kulturonline.tv\/de\/schlag-gegen-illegalen-antiquitaetenhandel\/#primaryimage\",\"url\":\"https:\/\/kulturonline.tv\/wp-content\/uploads\/2021\/12\/Antiqiuitaeten.png\",\"contentUrl\":\"https:\/\/kulturonline.tv\/wp-content\/uploads\/2021\/12\/Antiqiuitaeten.png\",\"width\":722,\"height\":362},{\"@type\":\"BreadcrumbList\",\"@id\":\"https:\/\/kulturonline.tv\/de\/schlag-gegen-illegalen-antiquitaetenhandel\/#breadcrumb\",\"itemListElement\":[{\"@type\":\"ListItem\",\"position\":1,\"name\":\"Startseite\",\"item\":\"https:\/\/kulturonline.tv\/de\/\"},{\"@type\":\"ListItem\",\"position\":2,\"name\":\"Schlag gegen illegalen Antiquit\u00e4tenhandel\"}]},{\"@type\":\"WebSite\",\"@id\":\"https:\/\/kulturonline.tv\/de\/#website\",\"url\":\"https:\/\/kulturonline.tv\/de\/\",\"name\":\"Kultur Online TV &amp; FM\",\"description\":\"Wir sind Kultur 2.0 zum sehen &amp; h\u00f6ren\",\"publisher\":{\"@id\":\"https:\/\/kulturonline.tv\/de\/#organization\"},\"potentialAction\":[{\"@type\":\"SearchAction\",\"target\":{\"@type\":\"EntryPoint\",\"urlTemplate\":\"https:\/\/kulturonline.tv\/de\/?s={search_term_string}\"},\"query-input\":{\"@type\":\"PropertyValueSpecification\",\"valueRequired\":true,\"valueName\":\"search_term_string\"}}],\"inLanguage\":\"de\"},{\"@type\":\"Organization\",\"@id\":\"https:\/\/kulturonline.tv\/de\/#organization\",\"name\":\"Kultur Online TV\",\"url\":\"https:\/\/kulturonline.tv\/de\/\",\"logo\":{\"@type\":\"ImageObject\",\"inLanguage\":\"de\",\"@id\":\"https:\/\/kulturonline.tv\/de\/#\/schema\/logo\/image\/\",\"url\":\"https:\/\/kulturonline.tv\/wp-content\/uploads\/2021\/08\/Kultur-Online-Tv-Logo-Endversion-neu.png\",\"contentUrl\":\"https:\/\/kulturonline.tv\/wp-content\/uploads\/2021\/08\/Kultur-Online-Tv-Logo-Endversion-neu.png\",\"width\":200,\"height\":200,\"caption\":\"Kultur Online TV\"},\"image\":{\"@id\":\"https:\/\/kulturonline.tv\/de\/#\/schema\/logo\/image\/\"},\"sameAs\":[\"https:\/\/www.facebook.com\/kulturonline.tv\",\"https:\/\/www.instagram.com\/kulturonline.tv\"]},{\"@type\":\"Person\",\"@id\":\"https:\/\/kulturonline.tv\/de\/#\/schema\/person\/b0fac729bb9a0c193fb1df23449df4fe\",\"name\":\"guenter.wolfgang\"}]}<\/script>\n<!-- \/ Yoast SEO plugin. -->","yoast_head_json":{"title":"Schlag gegen illegalen Antiquit\u00e4tenhandel - Kultur Online TV &amp; FM","description":"Kultur sehen und H\u00f6ren","robots":{"index":"index","follow":"follow","max-snippet":"max-snippet:-1","max-image-preview":"max-image-preview:large","max-video-preview":"max-video-preview:-1"},"canonical":"https:\/\/kulturonline.tv\/de\/schlag-gegen-illegalen-antiquitaetenhandel\/","og_locale":"de_DE","og_type":"article","og_title":"Schlag gegen illegalen Antiquit\u00e4tenhandel - Kultur Online TV &amp; FM","og_description":"Kultur sehen und H\u00f6ren","og_url":"https:\/\/kulturonline.tv\/de\/schlag-gegen-illegalen-antiquitaetenhandel\/","og_site_name":"Kultur Online TV &amp; FM","article_publisher":"https:\/\/www.facebook.com\/kulturonline.tv","article_published_time":"2021-12-13T09:14:34+00:00","article_modified_time":"2021-12-13T09:14:35+00:00","og_image":[{"width":722,"height":362,"url":"https:\/\/kulturonline.tv\/wp-content\/uploads\/2021\/12\/Antiqiuitaeten.png","type":"image\/png"}],"author":"guenter.wolfgang","twitter_card":"summary_large_image","twitter_misc":{"Verfasst von":"guenter.wolfgang","Gesch\u00e4tzte Lesezeit":"1\u00a0Minute"},"schema":{"@context":"https:\/\/schema.org","@graph":[{"@type":"Article","@id":"https:\/\/kulturonline.tv\/de\/schlag-gegen-illegalen-antiquitaetenhandel\/#article","isPartOf":{"@id":"https:\/\/kulturonline.tv\/de\/schlag-gegen-illegalen-antiquitaetenhandel\/"},"author":{"name":"guenter.wolfgang","@id":"https:\/\/kulturonline.tv\/de\/#\/schema\/person\/b0fac729bb9a0c193fb1df23449df4fe"},"headline":"Schlag gegen illegalen Antiquit\u00e4tenhandel","datePublished":"2021-12-13T09:14:34+00:00","dateModified":"2021-12-13T09:14:35+00:00","mainEntityOfPage":{"@id":"https:\/\/kulturonline.tv\/de\/schlag-gegen-illegalen-antiquitaetenhandel\/"},"wordCount":165,"publisher":{"@id":"https:\/\/kulturonline.tv\/de\/#organization"},"image":{"@id":"https:\/\/kulturonline.tv\/de\/schlag-gegen-illegalen-antiquitaetenhandel\/#primaryimage"},"thumbnailUrl":"https:\/\/kulturonline.tv\/wp-content\/uploads\/2021\/12\/Antiqiuitaeten.png","articleSection":["Newsflash"],"inLanguage":"de"},{"@type":"WebPage","@id":"https:\/\/kulturonline.tv\/de\/schlag-gegen-illegalen-antiquitaetenhandel\/","url":"https:\/\/kulturonline.tv\/de\/schlag-gegen-illegalen-antiquitaetenhandel\/","name":"Schlag gegen illegalen Antiquit\u00e4tenhandel - Kultur Online TV &amp; FM","isPartOf":{"@id":"https:\/\/kulturonline.tv\/de\/#website"},"primaryImageOfPage":{"@id":"https:\/\/kulturonline.tv\/de\/schlag-gegen-illegalen-antiquitaetenhandel\/#primaryimage"},"image":{"@id":"https:\/\/kulturonline.tv\/de\/schlag-gegen-illegalen-antiquitaetenhandel\/#primaryimage"},"thumbnailUrl":"https:\/\/kulturonline.tv\/wp-content\/uploads\/2021\/12\/Antiqiuitaeten.png","datePublished":"2021-12-13T09:14:34+00:00","dateModified":"2021-12-13T09:14:35+00:00","description":"Kultur sehen und H\u00f6ren","breadcrumb":{"@id":"https:\/\/kulturonline.tv\/de\/schlag-gegen-illegalen-antiquitaetenhandel\/#breadcrumb"},"inLanguage":"de","potentialAction":[{"@type":"ReadAction","target":["https:\/\/kulturonline.tv\/de\/schlag-gegen-illegalen-antiquitaetenhandel\/"]}]},{"@type":"ImageObject","inLanguage":"de","@id":"https:\/\/kulturonline.tv\/de\/schlag-gegen-illegalen-antiquitaetenhandel\/#primaryimage","url":"https:\/\/kulturonline.tv\/wp-content\/uploads\/2021\/12\/Antiqiuitaeten.png","contentUrl":"https:\/\/kulturonline.tv\/wp-content\/uploads\/2021\/12\/Antiqiuitaeten.png","width":722,"height":362},{"@type":"BreadcrumbList","@id":"https:\/\/kulturonline.tv\/de\/schlag-gegen-illegalen-antiquitaetenhandel\/#breadcrumb","itemListElement":[{"@type":"ListItem","position":1,"name":"Startseite","item":"https:\/\/kulturonline.tv\/de\/"},{"@type":"ListItem","position":2,"name":"Schlag gegen illegalen Antiquit\u00e4tenhandel"}]},{"@type":"WebSite","@id":"https:\/\/kulturonline.tv\/de\/#website","url":"https:\/\/kulturonline.tv\/de\/","name":"Kultur Online TV &amp; FM","description":"Wir sind Kultur 2.0 zum sehen &amp; h\u00f6ren","publisher":{"@id":"https:\/\/kulturonline.tv\/de\/#organization"},"potentialAction":[{"@type":"SearchAction","target":{"@type":"EntryPoint","urlTemplate":"https:\/\/kulturonline.tv\/de\/?s={search_term_string}"},"query-input":{"@type":"PropertyValueSpecification","valueRequired":true,"valueName":"search_term_string"}}],"inLanguage":"de"},{"@type":"Organization","@id":"https:\/\/kulturonline.tv\/de\/#organization","name":"Kultur Online TV","url":"https:\/\/kulturonline.tv\/de\/","logo":{"@type":"ImageObject","inLanguage":"de","@id":"https:\/\/kulturonline.tv\/de\/#\/schema\/logo\/image\/","url":"https:\/\/kulturonline.tv\/wp-content\/uploads\/2021\/08\/Kultur-Online-Tv-Logo-Endversion-neu.png","contentUrl":"https:\/\/kulturonline.tv\/wp-content\/uploads\/2021\/08\/Kultur-Online-Tv-Logo-Endversion-neu.png","width":200,"height":200,"caption":"Kultur Online TV"},"image":{"@id":"https:\/\/kulturonline.tv\/de\/#\/schema\/logo\/image\/"},"sameAs":["https:\/\/www.facebook.com\/kulturonline.tv","https:\/\/www.instagram.com\/kulturonline.tv"]},{"@type":"Person","@id":"https:\/\/kulturonline.tv\/de\/#\/schema\/person\/b0fac729bb9a0c193fb1df23449df4fe","name":"guenter.wolfgang"}]}},"_links":{"self":[{"href":"https:\/\/kulturonline.tv\/de\/wp-json\/wp\/v2\/posts\/16208","targetHints":{"allow":["GET"]}}],"collection":[{"href":"https:\/\/kulturonline.tv\/de\/wp-json\/wp\/v2\/posts"}],"about":[{"href":"https:\/\/kulturonline.tv\/de\/wp-json\/wp\/v2\/types\/post"}],"author":[{"embeddable":true,"href":"https:\/\/kulturonline.tv\/de\/wp-json\/wp\/v2\/users\/2"}],"replies":[{"embeddable":true,"href":"https:\/\/kulturonline.tv\/de\/wp-json\/wp\/v2\/comments?post=16208"}],"version-history":[{"count":0,"href":"https:\/\/kulturonline.tv\/de\/wp-json\/wp\/v2\/posts\/16208\/revisions"}],"wp:featuredmedia":[{"embeddable":true,"href":"https:\/\/kulturonline.tv\/de\/wp-json\/wp\/v2\/media\/16210"}],"wp:attachment":[{"href":"https:\/\/kulturonline.tv\/de\/wp-json\/wp\/v2\/media?parent=16208"}],"wp:term":[{"taxonomy":"category","embeddable":true,"href":"https:\/\/kulturonline.tv\/de\/wp-json\/wp\/v2\/categories?post=16208"},{"taxonomy":"post_tag","embeddable":true,"href":"https:\/\/kulturonline.tv\/de\/wp-json\/wp\/v2\/tags?post=16208"}],"curies":[{"name":"wp","href":"https:\/\/api.w.org\/{rel}","templated":true}]}}