{"id":16678,"date":"2021-12-17T02:05:56","date_gmt":"2021-12-17T01:05:56","guid":{"rendered":"https:\/\/kulturonline.tv\/?p=16678"},"modified":"2021-12-17T02:05:56","modified_gmt":"2021-12-17T01:05:56","slug":"kulturstaatsministerin-besucht-holocaust-mahnmal-centrum-judaicum-und-juedisches-museum-berlin","status":"publish","type":"post","link":"https:\/\/kulturonline.tv\/de\/kulturstaatsministerin-besucht-holocaust-mahnmal-centrum-judaicum-und-juedisches-museum-berlin\/","title":{"rendered":"Kulturstaatsministerin besucht Holocaust-Mahnmal, Centrum Judaicum und J\u00fcdisches Museum Berlin"},"content":{"rendered":"\n<p>Kulturstaatsministerin Claudia Roth hat heute am Denkmal f\u00fcr die ermordeten Juden Europas in Berlin der rund sechs Millionen j\u00fcdischen Opfer des Holocaust gedacht.<\/p>\n\n\n\n<figure class=\"wp-block-image size-full\"><img fetchpriority=\"high\" decoding=\"async\" width=\"1022\" height=\"575\" src=\"https:\/\/kulturonline.tv\/wp-content\/uploads\/2021\/12\/2021-12-13-bkm-holocaust-mahnmal-edited.jpg\" alt=\"\" class=\"wp-image-16683\" srcset=\"https:\/\/kulturonline.tv\/wp-content\/uploads\/2021\/12\/2021-12-13-bkm-holocaust-mahnmal-edited.jpg 1022w, https:\/\/kulturonline.tv\/wp-content\/uploads\/2021\/12\/2021-12-13-bkm-holocaust-mahnmal-edited-600x338.jpg 600w, https:\/\/kulturonline.tv\/wp-content\/uploads\/2021\/12\/2021-12-13-bkm-holocaust-mahnmal-edited-800x450.jpg 800w, https:\/\/kulturonline.tv\/wp-content\/uploads\/2021\/12\/2021-12-13-bkm-holocaust-mahnmal-edited-768x432.jpg 768w\" sizes=\"(max-width: 1022px) 100vw, 1022px\" \/><figcaption>\u00a9 Guido Bergmann<\/figcaption><\/figure>\n\n\n\n<p>Die Kulturstaatsministerin Claudia Roth beschreibt das Denkmal als den Ausdruck einer wichtigen Verantwortung. Einer Verantwortung f\u00fcr <meta charset=\"utf-8\">die Ermordung von sechs Millionen j\u00fcdischer Kinder, Frauen und M\u00e4nner. Das Gedankengut des Rassismus und des Antisemitismus ist keine Meinung, sondern ein immerw\u00e4hrender Ausdruck von zutiefst unmenschlichen und gewaltt\u00e4tigen Ideologien. Gerade durch das NS-Verbrechen ist uns aufgezeigt worden, wie wichtig es ist, die Probleme rechtzeitig anzusprechen und aufzuarbeiten. <\/p>\n\n\n\n<p>Es ist wichtig, sich immer wieder zu fragen, ob Ausgrenzungen in unserer Gesellschaft stattfinden und wenn ja, wie wir andere darauf aufmerksam machen und mit Handlungen inklusiv agieren. <\/p>\n\n\n\n<p>Claudia Roth macht auch aufmerksam darauf, dass es nach wie vor <meta charset=\"utf-8\">antisemitisch motivierte Angriffe gibt. Auch das <meta charset=\"utf-8\">Existenzrecht Israels wird in Frage gestellt. Sie unterstreicht alles daranzusetzen, den Schutz j\u00fcdischen Lebens und j\u00fcdischer Einrichtungen in Deutschland zu gew\u00e4hrleisten. Dazu geh\u00f6rt auch, das Bewusstsein f\u00fcr das reiche deutsch-j\u00fcdische Kulturerbe immer wieder aktiv in der Gesellschaft zu verankern.<\/p>\n\n\n\n<p>Nach ihrem Besuch des Holocaust-Mahnmals traf sich Kulturstaatsministerin Roth in der Neuen Synagoge &#8211; Centrum Judaicum mit Berlins Kultursenator Klaus Lederer sowie dem Gesch\u00e4ftsf\u00fchrer des Zentralrats der Juden in Deutschland, Daniel Botmann. Dabei waren ebenfalls der Vorsitzende der J\u00fcdischen Gemeinde Berlins, Gideon Joffe, und Stiftungsdirektorin, Anja Siegemund. <\/p>\n\n\n\n<p>Die Zukunft l\u00e4sst sich aus der Erinnerung heraus gestalten. Diese einmaligen Lern-, Begegnungs- und Ged\u00e4chtnisorte bauen mit ihren vielf\u00e4ltigen Bildungsangeboten zur j\u00fcdischen Geschichte, Kultur und Gegenwart wichtige Br\u00fccken zwischen j\u00fcdischen und nichtj\u00fcdischen Teilen unserer Gesellschaft, so Roth.<\/p>\n\n\n\n<p>Kultur Online TV<\/p>\n\n\n\n<p>#politik #kultur #roth<\/p>\n\n\n\n<p>&nbsp;<\/p>\n\n\n\n<p><\/p>\n","protected":false},"excerpt":{"rendered":"<p>Kulturstaatsministerin Claudia Roth hat heute am Denkmal f\u00fcr die ermordeten Juden Europas in Berlin der rund sechs Millionen j\u00fcdischen Opfer des Holocaust gedacht. Die Kulturstaatsministerin Claudia Roth beschreibt das Denkmal als den Ausdruck einer wichtigen Verantwortung. Einer Verantwortung f\u00fcr die Ermordung von sechs Millionen j\u00fcdischer Kinder, Frauen und M\u00e4nner. Das Gedankengut des Rassismus und des [&hellip;]<\/p>\n","protected":false},"author":2,"featured_media":16683,"comment_status":"closed","ping_status":"closed","sticky":false,"template":"","format":"standard","meta":{"_acf_changed":false,"footnotes":""},"categories":[3],"tags":[],"class_list":["post-16678","post","type-post","status-publish","format-standard","has-post-thumbnail","hentry","category-newsflash"],"acf":[],"yoast_head":"<!-- This site is optimized with the Yoast SEO plugin v26.1.1 - https:\/\/yoast.com\/wordpress\/plugins\/seo\/ -->\n<title>Kulturstaatsministerin besucht Holocaust-Mahnmal, Centrum Judaicum und J\u00fcdisches Museum Berlin - Kultur Online TV &amp; FM<\/title>\n<meta name=\"description\" content=\"Kultur sehen und H\u00f6ren\" \/>\n<meta name=\"robots\" content=\"index, follow, max-snippet:-1, max-image-preview:large, max-video-preview:-1\" \/>\n<link rel=\"canonical\" href=\"https:\/\/kulturonline.tv\/de\/kulturstaatsministerin-besucht-holocaust-mahnmal-centrum-judaicum-und-juedisches-museum-berlin\/\" \/>\n<meta property=\"og:locale\" content=\"de_DE\" \/>\n<meta property=\"og:type\" content=\"article\" \/>\n<meta property=\"og:title\" content=\"Kulturstaatsministerin besucht Holocaust-Mahnmal, Centrum Judaicum und J\u00fcdisches Museum Berlin - Kultur Online TV &amp; FM\" \/>\n<meta property=\"og:description\" content=\"Kultur sehen und H\u00f6ren\" \/>\n<meta property=\"og:url\" content=\"https:\/\/kulturonline.tv\/de\/kulturstaatsministerin-besucht-holocaust-mahnmal-centrum-judaicum-und-juedisches-museum-berlin\/\" \/>\n<meta property=\"og:site_name\" content=\"Kultur Online TV &amp; FM\" \/>\n<meta property=\"article:publisher\" content=\"https:\/\/www.facebook.com\/kulturonline.tv\" \/>\n<meta property=\"article:published_time\" content=\"2021-12-17T01:05:56+00:00\" \/>\n<meta property=\"og:image\" content=\"https:\/\/kulturonline.tv\/wp-content\/uploads\/2021\/12\/2021-12-13-bkm-holocaust-mahnmal-edited.jpg\" \/>\n\t<meta property=\"og:image:width\" content=\"1022\" \/>\n\t<meta property=\"og:image:height\" content=\"575\" \/>\n\t<meta property=\"og:image:type\" content=\"image\/jpeg\" \/>\n<meta name=\"author\" content=\"guenter.wolfgang\" \/>\n<meta name=\"twitter:card\" content=\"summary_large_image\" \/>\n<meta name=\"twitter:label1\" content=\"Verfasst von\" \/>\n\t<meta name=\"twitter:data1\" content=\"guenter.wolfgang\" \/>\n\t<meta name=\"twitter:label2\" content=\"Gesch\u00e4tzte Lesezeit\" \/>\n\t<meta name=\"twitter:data2\" content=\"2\u00a0Minuten\" \/>\n<script type=\"application\/ld+json\" class=\"yoast-schema-graph\">{\"@context\":\"https:\/\/schema.org\",\"@graph\":[{\"@type\":\"Article\",\"@id\":\"https:\/\/kulturonline.tv\/de\/kulturstaatsministerin-besucht-holocaust-mahnmal-centrum-judaicum-und-juedisches-museum-berlin\/#article\",\"isPartOf\":{\"@id\":\"https:\/\/kulturonline.tv\/de\/kulturstaatsministerin-besucht-holocaust-mahnmal-centrum-judaicum-und-juedisches-museum-berlin\/\"},\"author\":{\"name\":\"guenter.wolfgang\",\"@id\":\"https:\/\/kulturonline.tv\/de\/#\/schema\/person\/b0fac729bb9a0c193fb1df23449df4fe\"},\"headline\":\"Kulturstaatsministerin besucht Holocaust-Mahnmal, Centrum Judaicum und J\u00fcdisches Museum Berlin\",\"datePublished\":\"2021-12-17T01:05:56+00:00\",\"mainEntityOfPage\":{\"@id\":\"https:\/\/kulturonline.tv\/de\/kulturstaatsministerin-besucht-holocaust-mahnmal-centrum-judaicum-und-juedisches-museum-berlin\/\"},\"wordCount\":297,\"publisher\":{\"@id\":\"https:\/\/kulturonline.tv\/de\/#organization\"},\"image\":{\"@id\":\"https:\/\/kulturonline.tv\/de\/kulturstaatsministerin-besucht-holocaust-mahnmal-centrum-judaicum-und-juedisches-museum-berlin\/#primaryimage\"},\"thumbnailUrl\":\"https:\/\/kulturonline.tv\/wp-content\/uploads\/2021\/12\/2021-12-13-bkm-holocaust-mahnmal-edited.jpg\",\"articleSection\":[\"Newsflash\"],\"inLanguage\":\"de\"},{\"@type\":\"WebPage\",\"@id\":\"https:\/\/kulturonline.tv\/de\/kulturstaatsministerin-besucht-holocaust-mahnmal-centrum-judaicum-und-juedisches-museum-berlin\/\",\"url\":\"https:\/\/kulturonline.tv\/de\/kulturstaatsministerin-besucht-holocaust-mahnmal-centrum-judaicum-und-juedisches-museum-berlin\/\",\"name\":\"Kulturstaatsministerin besucht Holocaust-Mahnmal, Centrum Judaicum und J\u00fcdisches Museum Berlin - Kultur Online TV &amp; FM\",\"isPartOf\":{\"@id\":\"https:\/\/kulturonline.tv\/de\/#website\"},\"primaryImageOfPage\":{\"@id\":\"https:\/\/kulturonline.tv\/de\/kulturstaatsministerin-besucht-holocaust-mahnmal-centrum-judaicum-und-juedisches-museum-berlin\/#primaryimage\"},\"image\":{\"@id\":\"https:\/\/kulturonline.tv\/de\/kulturstaatsministerin-besucht-holocaust-mahnmal-centrum-judaicum-und-juedisches-museum-berlin\/#primaryimage\"},\"thumbnailUrl\":\"https:\/\/kulturonline.tv\/wp-content\/uploads\/2021\/12\/2021-12-13-bkm-holocaust-mahnmal-edited.jpg\",\"datePublished\":\"2021-12-17T01:05:56+00:00\",\"description\":\"Kultur sehen und H\u00f6ren\",\"breadcrumb\":{\"@id\":\"https:\/\/kulturonline.tv\/de\/kulturstaatsministerin-besucht-holocaust-mahnmal-centrum-judaicum-und-juedisches-museum-berlin\/#breadcrumb\"},\"inLanguage\":\"de\",\"potentialAction\":[{\"@type\":\"ReadAction\",\"target\":[\"https:\/\/kulturonline.tv\/de\/kulturstaatsministerin-besucht-holocaust-mahnmal-centrum-judaicum-und-juedisches-museum-berlin\/\"]}]},{\"@type\":\"ImageObject\",\"inLanguage\":\"de\",\"@id\":\"https:\/\/kulturonline.tv\/de\/kulturstaatsministerin-besucht-holocaust-mahnmal-centrum-judaicum-und-juedisches-museum-berlin\/#primaryimage\",\"url\":\"https:\/\/kulturonline.tv\/wp-content\/uploads\/2021\/12\/2021-12-13-bkm-holocaust-mahnmal-edited.jpg\",\"contentUrl\":\"https:\/\/kulturonline.tv\/wp-content\/uploads\/2021\/12\/2021-12-13-bkm-holocaust-mahnmal-edited.jpg\",\"width\":1022,\"height\":575},{\"@type\":\"BreadcrumbList\",\"@id\":\"https:\/\/kulturonline.tv\/de\/kulturstaatsministerin-besucht-holocaust-mahnmal-centrum-judaicum-und-juedisches-museum-berlin\/#breadcrumb\",\"itemListElement\":[{\"@type\":\"ListItem\",\"position\":1,\"name\":\"Startseite\",\"item\":\"https:\/\/kulturonline.tv\/de\/\"},{\"@type\":\"ListItem\",\"position\":2,\"name\":\"Kulturstaatsministerin besucht Holocaust-Mahnmal, Centrum Judaicum und J\u00fcdisches Museum Berlin\"}]},{\"@type\":\"WebSite\",\"@id\":\"https:\/\/kulturonline.tv\/de\/#website\",\"url\":\"https:\/\/kulturonline.tv\/de\/\",\"name\":\"Kultur Online TV &amp; FM\",\"description\":\"Wir sind Kultur 2.0 zum sehen &amp; h\u00f6ren\",\"publisher\":{\"@id\":\"https:\/\/kulturonline.tv\/de\/#organization\"},\"potentialAction\":[{\"@type\":\"SearchAction\",\"target\":{\"@type\":\"EntryPoint\",\"urlTemplate\":\"https:\/\/kulturonline.tv\/de\/?s={search_term_string}\"},\"query-input\":{\"@type\":\"PropertyValueSpecification\",\"valueRequired\":true,\"valueName\":\"search_term_string\"}}],\"inLanguage\":\"de\"},{\"@type\":\"Organization\",\"@id\":\"https:\/\/kulturonline.tv\/de\/#organization\",\"name\":\"Kultur Online TV\",\"url\":\"https:\/\/kulturonline.tv\/de\/\",\"logo\":{\"@type\":\"ImageObject\",\"inLanguage\":\"de\",\"@id\":\"https:\/\/kulturonline.tv\/de\/#\/schema\/logo\/image\/\",\"url\":\"https:\/\/kulturonline.tv\/wp-content\/uploads\/2021\/08\/Kultur-Online-Tv-Logo-Endversion-neu.png\",\"contentUrl\":\"https:\/\/kulturonline.tv\/wp-content\/uploads\/2021\/08\/Kultur-Online-Tv-Logo-Endversion-neu.png\",\"width\":200,\"height\":200,\"caption\":\"Kultur Online TV\"},\"image\":{\"@id\":\"https:\/\/kulturonline.tv\/de\/#\/schema\/logo\/image\/\"},\"sameAs\":[\"https:\/\/www.facebook.com\/kulturonline.tv\",\"https:\/\/www.instagram.com\/kulturonline.tv\"]},{\"@type\":\"Person\",\"@id\":\"https:\/\/kulturonline.tv\/de\/#\/schema\/person\/b0fac729bb9a0c193fb1df23449df4fe\",\"name\":\"guenter.wolfgang\"}]}<\/script>\n<!-- \/ Yoast SEO plugin. -->","yoast_head_json":{"title":"Kulturstaatsministerin besucht Holocaust-Mahnmal, Centrum Judaicum und J\u00fcdisches Museum Berlin - Kultur Online TV &amp; FM","description":"Kultur sehen und H\u00f6ren","robots":{"index":"index","follow":"follow","max-snippet":"max-snippet:-1","max-image-preview":"max-image-preview:large","max-video-preview":"max-video-preview:-1"},"canonical":"https:\/\/kulturonline.tv\/de\/kulturstaatsministerin-besucht-holocaust-mahnmal-centrum-judaicum-und-juedisches-museum-berlin\/","og_locale":"de_DE","og_type":"article","og_title":"Kulturstaatsministerin besucht Holocaust-Mahnmal, Centrum Judaicum und J\u00fcdisches Museum Berlin - Kultur Online TV &amp; FM","og_description":"Kultur sehen und H\u00f6ren","og_url":"https:\/\/kulturonline.tv\/de\/kulturstaatsministerin-besucht-holocaust-mahnmal-centrum-judaicum-und-juedisches-museum-berlin\/","og_site_name":"Kultur Online TV &amp; FM","article_publisher":"https:\/\/www.facebook.com\/kulturonline.tv","article_published_time":"2021-12-17T01:05:56+00:00","og_image":[{"width":1022,"height":575,"url":"https:\/\/kulturonline.tv\/wp-content\/uploads\/2021\/12\/2021-12-13-bkm-holocaust-mahnmal-edited.jpg","type":"image\/jpeg"}],"author":"guenter.wolfgang","twitter_card":"summary_large_image","twitter_misc":{"Verfasst von":"guenter.wolfgang","Gesch\u00e4tzte Lesezeit":"2\u00a0Minuten"},"schema":{"@context":"https:\/\/schema.org","@graph":[{"@type":"Article","@id":"https:\/\/kulturonline.tv\/de\/kulturstaatsministerin-besucht-holocaust-mahnmal-centrum-judaicum-und-juedisches-museum-berlin\/#article","isPartOf":{"@id":"https:\/\/kulturonline.tv\/de\/kulturstaatsministerin-besucht-holocaust-mahnmal-centrum-judaicum-und-juedisches-museum-berlin\/"},"author":{"name":"guenter.wolfgang","@id":"https:\/\/kulturonline.tv\/de\/#\/schema\/person\/b0fac729bb9a0c193fb1df23449df4fe"},"headline":"Kulturstaatsministerin besucht Holocaust-Mahnmal, Centrum Judaicum und J\u00fcdisches Museum Berlin","datePublished":"2021-12-17T01:05:56+00:00","mainEntityOfPage":{"@id":"https:\/\/kulturonline.tv\/de\/kulturstaatsministerin-besucht-holocaust-mahnmal-centrum-judaicum-und-juedisches-museum-berlin\/"},"wordCount":297,"publisher":{"@id":"https:\/\/kulturonline.tv\/de\/#organization"},"image":{"@id":"https:\/\/kulturonline.tv\/de\/kulturstaatsministerin-besucht-holocaust-mahnmal-centrum-judaicum-und-juedisches-museum-berlin\/#primaryimage"},"thumbnailUrl":"https:\/\/kulturonline.tv\/wp-content\/uploads\/2021\/12\/2021-12-13-bkm-holocaust-mahnmal-edited.jpg","articleSection":["Newsflash"],"inLanguage":"de"},{"@type":"WebPage","@id":"https:\/\/kulturonline.tv\/de\/kulturstaatsministerin-besucht-holocaust-mahnmal-centrum-judaicum-und-juedisches-museum-berlin\/","url":"https:\/\/kulturonline.tv\/de\/kulturstaatsministerin-besucht-holocaust-mahnmal-centrum-judaicum-und-juedisches-museum-berlin\/","name":"Kulturstaatsministerin besucht Holocaust-Mahnmal, Centrum Judaicum und J\u00fcdisches Museum Berlin - Kultur Online TV &amp; FM","isPartOf":{"@id":"https:\/\/kulturonline.tv\/de\/#website"},"primaryImageOfPage":{"@id":"https:\/\/kulturonline.tv\/de\/kulturstaatsministerin-besucht-holocaust-mahnmal-centrum-judaicum-und-juedisches-museum-berlin\/#primaryimage"},"image":{"@id":"https:\/\/kulturonline.tv\/de\/kulturstaatsministerin-besucht-holocaust-mahnmal-centrum-judaicum-und-juedisches-museum-berlin\/#primaryimage"},"thumbnailUrl":"https:\/\/kulturonline.tv\/wp-content\/uploads\/2021\/12\/2021-12-13-bkm-holocaust-mahnmal-edited.jpg","datePublished":"2021-12-17T01:05:56+00:00","description":"Kultur sehen und H\u00f6ren","breadcrumb":{"@id":"https:\/\/kulturonline.tv\/de\/kulturstaatsministerin-besucht-holocaust-mahnmal-centrum-judaicum-und-juedisches-museum-berlin\/#breadcrumb"},"inLanguage":"de","potentialAction":[{"@type":"ReadAction","target":["https:\/\/kulturonline.tv\/de\/kulturstaatsministerin-besucht-holocaust-mahnmal-centrum-judaicum-und-juedisches-museum-berlin\/"]}]},{"@type":"ImageObject","inLanguage":"de","@id":"https:\/\/kulturonline.tv\/de\/kulturstaatsministerin-besucht-holocaust-mahnmal-centrum-judaicum-und-juedisches-museum-berlin\/#primaryimage","url":"https:\/\/kulturonline.tv\/wp-content\/uploads\/2021\/12\/2021-12-13-bkm-holocaust-mahnmal-edited.jpg","contentUrl":"https:\/\/kulturonline.tv\/wp-content\/uploads\/2021\/12\/2021-12-13-bkm-holocaust-mahnmal-edited.jpg","width":1022,"height":575},{"@type":"BreadcrumbList","@id":"https:\/\/kulturonline.tv\/de\/kulturstaatsministerin-besucht-holocaust-mahnmal-centrum-judaicum-und-juedisches-museum-berlin\/#breadcrumb","itemListElement":[{"@type":"ListItem","position":1,"name":"Startseite","item":"https:\/\/kulturonline.tv\/de\/"},{"@type":"ListItem","position":2,"name":"Kulturstaatsministerin besucht Holocaust-Mahnmal, Centrum Judaicum und J\u00fcdisches Museum Berlin"}]},{"@type":"WebSite","@id":"https:\/\/kulturonline.tv\/de\/#website","url":"https:\/\/kulturonline.tv\/de\/","name":"Kultur Online TV &amp; FM","description":"Wir sind Kultur 2.0 zum sehen &amp; h\u00f6ren","publisher":{"@id":"https:\/\/kulturonline.tv\/de\/#organization"},"potentialAction":[{"@type":"SearchAction","target":{"@type":"EntryPoint","urlTemplate":"https:\/\/kulturonline.tv\/de\/?s={search_term_string}"},"query-input":{"@type":"PropertyValueSpecification","valueRequired":true,"valueName":"search_term_string"}}],"inLanguage":"de"},{"@type":"Organization","@id":"https:\/\/kulturonline.tv\/de\/#organization","name":"Kultur Online TV","url":"https:\/\/kulturonline.tv\/de\/","logo":{"@type":"ImageObject","inLanguage":"de","@id":"https:\/\/kulturonline.tv\/de\/#\/schema\/logo\/image\/","url":"https:\/\/kulturonline.tv\/wp-content\/uploads\/2021\/08\/Kultur-Online-Tv-Logo-Endversion-neu.png","contentUrl":"https:\/\/kulturonline.tv\/wp-content\/uploads\/2021\/08\/Kultur-Online-Tv-Logo-Endversion-neu.png","width":200,"height":200,"caption":"Kultur Online TV"},"image":{"@id":"https:\/\/kulturonline.tv\/de\/#\/schema\/logo\/image\/"},"sameAs":["https:\/\/www.facebook.com\/kulturonline.tv","https:\/\/www.instagram.com\/kulturonline.tv"]},{"@type":"Person","@id":"https:\/\/kulturonline.tv\/de\/#\/schema\/person\/b0fac729bb9a0c193fb1df23449df4fe","name":"guenter.wolfgang"}]}},"_links":{"self":[{"href":"https:\/\/kulturonline.tv\/de\/wp-json\/wp\/v2\/posts\/16678","targetHints":{"allow":["GET"]}}],"collection":[{"href":"https:\/\/kulturonline.tv\/de\/wp-json\/wp\/v2\/posts"}],"about":[{"href":"https:\/\/kulturonline.tv\/de\/wp-json\/wp\/v2\/types\/post"}],"author":[{"embeddable":true,"href":"https:\/\/kulturonline.tv\/de\/wp-json\/wp\/v2\/users\/2"}],"replies":[{"embeddable":true,"href":"https:\/\/kulturonline.tv\/de\/wp-json\/wp\/v2\/comments?post=16678"}],"version-history":[{"count":0,"href":"https:\/\/kulturonline.tv\/de\/wp-json\/wp\/v2\/posts\/16678\/revisions"}],"wp:featuredmedia":[{"embeddable":true,"href":"https:\/\/kulturonline.tv\/de\/wp-json\/wp\/v2\/media\/16683"}],"wp:attachment":[{"href":"https:\/\/kulturonline.tv\/de\/wp-json\/wp\/v2\/media?parent=16678"}],"wp:term":[{"taxonomy":"category","embeddable":true,"href":"https:\/\/kulturonline.tv\/de\/wp-json\/wp\/v2\/categories?post=16678"},{"taxonomy":"post_tag","embeddable":true,"href":"https:\/\/kulturonline.tv\/de\/wp-json\/wp\/v2\/tags?post=16678"}],"curies":[{"name":"wp","href":"https:\/\/api.w.org\/{rel}","templated":true}]}}