{"id":16789,"date":"2021-12-17T08:13:39","date_gmt":"2021-12-17T07:13:39","guid":{"rendered":"https:\/\/kulturonline.tv\/?p=16789"},"modified":"2021-12-17T08:13:40","modified_gmt":"2021-12-17T07:13:40","slug":"georg-heckel-bleibt-intendant-in-detmold","status":"publish","type":"post","link":"https:\/\/kulturonline.tv\/de\/georg-heckel-bleibt-intendant-in-detmold\/","title":{"rendered":"Georg Heckel bleibt Intendant in Detmold"},"content":{"rendered":"\n<p><strong>Der Musikwissenschaftler und Operns\u00e4nger Georg Heckel bleibt Intendant des Landestheaters Detmold.<\/strong><\/p>\n\n\n\n<figure class=\"wp-block-image size-full is-resized\"><img decoding=\"async\" src=\"https:\/\/kulturonline.tv\/wp-content\/uploads\/2021\/12\/Gerog-Heckel-edited.jpg\" alt=\"\" class=\"wp-image-16793\" width=\"840\" srcset=\"https:\/\/kulturonline.tv\/wp-content\/uploads\/2021\/12\/Gerog-Heckel-edited.jpg 512w, https:\/\/kulturonline.tv\/wp-content\/uploads\/2021\/12\/Gerog-Heckel-edited-416x234.jpg 416w\" sizes=\"(max-width: 512px) 100vw, 512px\" \/><\/figure>\n\n\n\n<p>Der Aufsichtsrat hat seinen Vertrag am Mittwoch (15.12.2021) um f\u00fcnf weitere Jahre verl\u00e4ngert. Heckel hatte den Posten zur Spielzeit 2018\/2019 \u00fcbernommen. Der Neustart gelang mit stabilen Zahlen bei Abonnenten und Zuschauerinnen.<\/p>\n\n\n\n<p>Zu Heckels Verdiensten z\u00e4hlen auch die St\u00e4rkung des Schwerpunkts Musiktheater in Detmold sowie das Engagement einer neuen Generation aufstrebender Regisseurinnen und Regisseure.<\/p>\n\n\n\n<figure class=\"wp-block-embed is-type-video is-provider-youtube wp-block-embed-youtube wp-embed-aspect-16-9 wp-has-aspect-ratio\"><div class=\"wp-block-embed__wrapper\">\n<iframe title=\"Die LZ feiert 250. Geburtstag im Detmolder Landestheater\" width=\"800\" height=\"450\" src=\"https:\/\/www.youtube.com\/embed\/Ft06l5h-EJA?feature=oembed\" frameborder=\"0\" allow=\"accelerometer; autoplay; clipboard-write; encrypted-media; gyroscope; picture-in-picture; web-share\" referrerpolicy=\"strict-origin-when-cross-origin\" allowfullscreen><\/iframe>\n<\/div><\/figure>\n\n\n\n<p>Das\u00a0<strong>Landestheater Detmold<\/strong>\u00a0ist ein\u00a0<a href=\"https:\/\/de.wikipedia.org\/wiki\/Mehrspartentheater\">Mehrspartentheater<\/a>\u00a0mit f\u00fcnf Spielst\u00e4tten in\u00a0<a href=\"https:\/\/de.wikipedia.org\/wiki\/Detmold\">Detmold<\/a>. Mit seinen Gastspielen in mehr als hundert Orten in Deutschland und dem benachbarten Ausland gilt das Theater als die gr\u00f6\u00dfte Reiseb\u00fchne Europas.<\/p>\n\n\n\n<p>1820 entschloss sich F\u00fcrst Leopold II., unterst\u00fctzt von seiner Mutter F\u00fcrstin Pauline, in Detmold ein Hoftheater errichten zu lassen, und beauftragte damit den Landesbaumeister von Natorp. Die Grundsteinlegung erfolgte am 18. April 1825.<\/p>\n\n\n\n<p>Nach nur siebenmonatiger Bauzeit hob sich am 8. November 1825 erstmals der Vorhang des Hochf\u00fcrstlich Lippischen Hoftheaters zur Oper Titus, der G\u00fctige von Wolfgang Amadeus Mozart. Zum Direktor des neuen Theaters wurde August Pichler ernannt. Die angesehene Pichlersche Truppe war schon im alten Detmolder Kom\u00f6dienhaus zu Gast gewesen. 1839 gab das Detmolder Hoftheater unter Leitung von August Pichler in Pyrmont die Urauff\u00fchrung des Schauspiels Die Hermannsschlacht von Heinrich von Kleist.<\/p>\n\n\n\n<p>Auf dem Spielplan des Hoftheaters standen sowohl Musiktheater als auch Schauspiel. Am Theater wirkten so ber\u00fchmte K\u00fcnstler wie Christian Dietrich Grabbe als Autor und gef\u00fcrchteter Kritiker sowie Albert Lortzing als S\u00e4nger, Schauspieler und Kapellmeister.<\/p>\n\n\n\n<p>Am 5. Februar 1912 brannte das Theater w\u00e4hrend der Auff\u00fchrung des St\u00fcckes Der Bettler von Syrakus von Hermann Sudermann wegen eines schadhaften Schornsteins bis auf die Grundmauern nieder. Die laufende Spielzeit konnte im Detmolder Sommertheater provisorisch zu Ende gebracht werden. Das Haus wurde schon w\u00e4hrend des Ersten Weltkrieges 1914\u20131915 nach Pl\u00e4nen des Berliner Architekten Bodo Ebhardt neu errichtet. Die vom f\u00fcrstlichen Zivilkabinettschef Georg Epstein[4] organisierte Finanzierung des Neubaus erfolgte mit Spenden der Detmolder B\u00fcrger und Geldern des F\u00fcrstenhauses. Vor der Wiederer\u00f6ffnung ging das Geb\u00e4ude des Theaters in die H\u00e4nde des Freistaates Lippe \u00fcber und wurde am 28. September 1919 mit Lortzings Oper Undine wieder er\u00f6ffnet.<\/p>\n\n\n\n<p>Am 27. Februar 1924 wurde im Landestheater Detmold der Monumentalfilm Die Hermannschlacht uraufgef\u00fchrt. Das nationalistisch gestimmte Premierenpublikum feierte die Auff\u00fchrung mit Singen des Deutschlandlieds<\/p>\n\n\n\n<p>Wie alle deutschen B\u00fchnen musste das Theater im Verlauf des Zweiten Weltkriegs, am 1. September 1944, seine Pforten schlie\u00dfen. Nach Kriegsende richtete die englische Besatzungsmacht hier ihr Offizierskasino ein. Der Spielbetrieb wurde daher ins Detmolder Sommertheater verlegt. Am 5. Juli 1952 erfolgte die Freigabe und der Spielbetrieb normalisierte sich wieder. Von 1934 bis 1969 war Otto Will-Rasing Intendant des Theaters. Generalmusikdirektor wurde Paul Sixt, der 1938 mitverantwortlich f\u00fcr die Ausstellung Entartete Musik in D\u00fcsseldorf gewesen war.<\/p>\n\n\n\n<p>Textquelle Wikipedia<\/p>\n\n\n\n<p>Kultur Online TV<\/p>\n\n\n\n<p>#kultur #kunst #news #theater<\/p>\n","protected":false},"excerpt":{"rendered":"<p>Der Musikwissenschaftler und Operns\u00e4nger Georg Heckel bleibt Intendant des Landestheaters Detmold. Der Aufsichtsrat hat seinen Vertrag am Mittwoch (15.12.2021) um f\u00fcnf weitere Jahre verl\u00e4ngert. Heckel hatte den Posten zur Spielzeit 2018\/2019 \u00fcbernommen. Der Neustart gelang mit stabilen Zahlen bei Abonnenten und Zuschauerinnen. Zu Heckels Verdiensten z\u00e4hlen auch die St\u00e4rkung des Schwerpunkts Musiktheater in Detmold sowie [&hellip;]<\/p>\n","protected":false},"author":2,"featured_media":16793,"comment_status":"closed","ping_status":"closed","sticky":false,"template":"","format":"standard","meta":{"_acf_changed":false,"footnotes":""},"categories":[105],"tags":[],"class_list":["post-16789","post","type-post","status-publish","format-standard","has-post-thumbnail","hentry","category-theater"],"acf":[],"yoast_head":"<!-- This site is optimized with the Yoast SEO plugin v26.1.1 - https:\/\/yoast.com\/wordpress\/plugins\/seo\/ -->\n<title>Georg Heckel bleibt Intendant in Detmold - Kultur Online TV &amp; FM<\/title>\n<meta name=\"description\" content=\"Kultur sehen und H\u00f6ren\" \/>\n<meta name=\"robots\" content=\"index, follow, max-snippet:-1, max-image-preview:large, max-video-preview:-1\" \/>\n<link rel=\"canonical\" href=\"https:\/\/kulturonline.tv\/de\/georg-heckel-bleibt-intendant-in-detmold\/\" \/>\n<meta property=\"og:locale\" content=\"de_DE\" \/>\n<meta property=\"og:type\" content=\"article\" \/>\n<meta property=\"og:title\" content=\"Georg Heckel bleibt Intendant in Detmold - Kultur Online TV &amp; FM\" \/>\n<meta property=\"og:description\" content=\"Kultur sehen und H\u00f6ren\" \/>\n<meta property=\"og:url\" content=\"https:\/\/kulturonline.tv\/de\/georg-heckel-bleibt-intendant-in-detmold\/\" \/>\n<meta property=\"og:site_name\" content=\"Kultur Online TV &amp; FM\" \/>\n<meta property=\"article:publisher\" content=\"https:\/\/www.facebook.com\/kulturonline.tv\" \/>\n<meta property=\"article:published_time\" content=\"2021-12-17T07:13:39+00:00\" \/>\n<meta property=\"article:modified_time\" content=\"2021-12-17T07:13:40+00:00\" \/>\n<meta property=\"og:image\" content=\"https:\/\/kulturonline.tv\/wp-content\/uploads\/2021\/12\/Gerog-Heckel-edited.jpg\" \/>\n\t<meta property=\"og:image:width\" content=\"512\" \/>\n\t<meta property=\"og:image:height\" content=\"288\" \/>\n\t<meta property=\"og:image:type\" content=\"image\/jpeg\" \/>\n<meta name=\"author\" content=\"guenter.wolfgang\" \/>\n<meta name=\"twitter:card\" content=\"summary_large_image\" \/>\n<meta name=\"twitter:label1\" content=\"Verfasst von\" \/>\n\t<meta name=\"twitter:data1\" content=\"guenter.wolfgang\" \/>\n\t<meta name=\"twitter:label2\" content=\"Gesch\u00e4tzte Lesezeit\" \/>\n\t<meta name=\"twitter:data2\" content=\"3\u00a0Minuten\" \/>\n<script type=\"application\/ld+json\" class=\"yoast-schema-graph\">{\"@context\":\"https:\/\/schema.org\",\"@graph\":[{\"@type\":\"Article\",\"@id\":\"https:\/\/kulturonline.tv\/de\/georg-heckel-bleibt-intendant-in-detmold\/#article\",\"isPartOf\":{\"@id\":\"https:\/\/kulturonline.tv\/de\/georg-heckel-bleibt-intendant-in-detmold\/\"},\"author\":{\"name\":\"guenter.wolfgang\",\"@id\":\"https:\/\/kulturonline.tv\/de\/#\/schema\/person\/b0fac729bb9a0c193fb1df23449df4fe\"},\"headline\":\"Georg Heckel bleibt Intendant in Detmold\",\"datePublished\":\"2021-12-17T07:13:39+00:00\",\"dateModified\":\"2021-12-17T07:13:40+00:00\",\"mainEntityOfPage\":{\"@id\":\"https:\/\/kulturonline.tv\/de\/georg-heckel-bleibt-intendant-in-detmold\/\"},\"wordCount\":479,\"publisher\":{\"@id\":\"https:\/\/kulturonline.tv\/de\/#organization\"},\"image\":{\"@id\":\"https:\/\/kulturonline.tv\/de\/georg-heckel-bleibt-intendant-in-detmold\/#primaryimage\"},\"thumbnailUrl\":\"https:\/\/kulturonline.tv\/wp-content\/uploads\/2021\/12\/Gerog-Heckel-edited.jpg\",\"articleSection\":[\"Theater\"],\"inLanguage\":\"de\"},{\"@type\":\"WebPage\",\"@id\":\"https:\/\/kulturonline.tv\/de\/georg-heckel-bleibt-intendant-in-detmold\/\",\"url\":\"https:\/\/kulturonline.tv\/de\/georg-heckel-bleibt-intendant-in-detmold\/\",\"name\":\"Georg Heckel bleibt Intendant in Detmold - Kultur Online TV &amp; FM\",\"isPartOf\":{\"@id\":\"https:\/\/kulturonline.tv\/de\/#website\"},\"primaryImageOfPage\":{\"@id\":\"https:\/\/kulturonline.tv\/de\/georg-heckel-bleibt-intendant-in-detmold\/#primaryimage\"},\"image\":{\"@id\":\"https:\/\/kulturonline.tv\/de\/georg-heckel-bleibt-intendant-in-detmold\/#primaryimage\"},\"thumbnailUrl\":\"https:\/\/kulturonline.tv\/wp-content\/uploads\/2021\/12\/Gerog-Heckel-edited.jpg\",\"datePublished\":\"2021-12-17T07:13:39+00:00\",\"dateModified\":\"2021-12-17T07:13:40+00:00\",\"description\":\"Kultur sehen und H\u00f6ren\",\"breadcrumb\":{\"@id\":\"https:\/\/kulturonline.tv\/de\/georg-heckel-bleibt-intendant-in-detmold\/#breadcrumb\"},\"inLanguage\":\"de\",\"potentialAction\":[{\"@type\":\"ReadAction\",\"target\":[\"https:\/\/kulturonline.tv\/de\/georg-heckel-bleibt-intendant-in-detmold\/\"]}]},{\"@type\":\"ImageObject\",\"inLanguage\":\"de\",\"@id\":\"https:\/\/kulturonline.tv\/de\/georg-heckel-bleibt-intendant-in-detmold\/#primaryimage\",\"url\":\"https:\/\/kulturonline.tv\/wp-content\/uploads\/2021\/12\/Gerog-Heckel-edited.jpg\",\"contentUrl\":\"https:\/\/kulturonline.tv\/wp-content\/uploads\/2021\/12\/Gerog-Heckel-edited.jpg\",\"width\":512,\"height\":288},{\"@type\":\"BreadcrumbList\",\"@id\":\"https:\/\/kulturonline.tv\/de\/georg-heckel-bleibt-intendant-in-detmold\/#breadcrumb\",\"itemListElement\":[{\"@type\":\"ListItem\",\"position\":1,\"name\":\"Startseite\",\"item\":\"https:\/\/kulturonline.tv\/de\/\"},{\"@type\":\"ListItem\",\"position\":2,\"name\":\"Georg Heckel bleibt Intendant in Detmold\"}]},{\"@type\":\"WebSite\",\"@id\":\"https:\/\/kulturonline.tv\/de\/#website\",\"url\":\"https:\/\/kulturonline.tv\/de\/\",\"name\":\"Kultur Online TV &amp; FM\",\"description\":\"Wir sind Kultur 2.0 zum sehen &amp; h\u00f6ren\",\"publisher\":{\"@id\":\"https:\/\/kulturonline.tv\/de\/#organization\"},\"potentialAction\":[{\"@type\":\"SearchAction\",\"target\":{\"@type\":\"EntryPoint\",\"urlTemplate\":\"https:\/\/kulturonline.tv\/de\/?s={search_term_string}\"},\"query-input\":{\"@type\":\"PropertyValueSpecification\",\"valueRequired\":true,\"valueName\":\"search_term_string\"}}],\"inLanguage\":\"de\"},{\"@type\":\"Organization\",\"@id\":\"https:\/\/kulturonline.tv\/de\/#organization\",\"name\":\"Kultur Online TV\",\"url\":\"https:\/\/kulturonline.tv\/de\/\",\"logo\":{\"@type\":\"ImageObject\",\"inLanguage\":\"de\",\"@id\":\"https:\/\/kulturonline.tv\/de\/#\/schema\/logo\/image\/\",\"url\":\"https:\/\/kulturonline.tv\/wp-content\/uploads\/2021\/08\/Kultur-Online-Tv-Logo-Endversion-neu.png\",\"contentUrl\":\"https:\/\/kulturonline.tv\/wp-content\/uploads\/2021\/08\/Kultur-Online-Tv-Logo-Endversion-neu.png\",\"width\":200,\"height\":200,\"caption\":\"Kultur Online TV\"},\"image\":{\"@id\":\"https:\/\/kulturonline.tv\/de\/#\/schema\/logo\/image\/\"},\"sameAs\":[\"https:\/\/www.facebook.com\/kulturonline.tv\",\"https:\/\/www.instagram.com\/kulturonline.tv\"]},{\"@type\":\"Person\",\"@id\":\"https:\/\/kulturonline.tv\/de\/#\/schema\/person\/b0fac729bb9a0c193fb1df23449df4fe\",\"name\":\"guenter.wolfgang\"}]}<\/script>\n<!-- \/ Yoast SEO plugin. -->","yoast_head_json":{"title":"Georg Heckel bleibt Intendant in Detmold - Kultur Online TV &amp; FM","description":"Kultur sehen und H\u00f6ren","robots":{"index":"index","follow":"follow","max-snippet":"max-snippet:-1","max-image-preview":"max-image-preview:large","max-video-preview":"max-video-preview:-1"},"canonical":"https:\/\/kulturonline.tv\/de\/georg-heckel-bleibt-intendant-in-detmold\/","og_locale":"de_DE","og_type":"article","og_title":"Georg Heckel bleibt Intendant in Detmold - Kultur Online TV &amp; FM","og_description":"Kultur sehen und H\u00f6ren","og_url":"https:\/\/kulturonline.tv\/de\/georg-heckel-bleibt-intendant-in-detmold\/","og_site_name":"Kultur Online TV &amp; FM","article_publisher":"https:\/\/www.facebook.com\/kulturonline.tv","article_published_time":"2021-12-17T07:13:39+00:00","article_modified_time":"2021-12-17T07:13:40+00:00","og_image":[{"width":512,"height":288,"url":"https:\/\/kulturonline.tv\/wp-content\/uploads\/2021\/12\/Gerog-Heckel-edited.jpg","type":"image\/jpeg"}],"author":"guenter.wolfgang","twitter_card":"summary_large_image","twitter_misc":{"Verfasst von":"guenter.wolfgang","Gesch\u00e4tzte Lesezeit":"3\u00a0Minuten"},"schema":{"@context":"https:\/\/schema.org","@graph":[{"@type":"Article","@id":"https:\/\/kulturonline.tv\/de\/georg-heckel-bleibt-intendant-in-detmold\/#article","isPartOf":{"@id":"https:\/\/kulturonline.tv\/de\/georg-heckel-bleibt-intendant-in-detmold\/"},"author":{"name":"guenter.wolfgang","@id":"https:\/\/kulturonline.tv\/de\/#\/schema\/person\/b0fac729bb9a0c193fb1df23449df4fe"},"headline":"Georg Heckel bleibt Intendant in Detmold","datePublished":"2021-12-17T07:13:39+00:00","dateModified":"2021-12-17T07:13:40+00:00","mainEntityOfPage":{"@id":"https:\/\/kulturonline.tv\/de\/georg-heckel-bleibt-intendant-in-detmold\/"},"wordCount":479,"publisher":{"@id":"https:\/\/kulturonline.tv\/de\/#organization"},"image":{"@id":"https:\/\/kulturonline.tv\/de\/georg-heckel-bleibt-intendant-in-detmold\/#primaryimage"},"thumbnailUrl":"https:\/\/kulturonline.tv\/wp-content\/uploads\/2021\/12\/Gerog-Heckel-edited.jpg","articleSection":["Theater"],"inLanguage":"de"},{"@type":"WebPage","@id":"https:\/\/kulturonline.tv\/de\/georg-heckel-bleibt-intendant-in-detmold\/","url":"https:\/\/kulturonline.tv\/de\/georg-heckel-bleibt-intendant-in-detmold\/","name":"Georg Heckel bleibt Intendant in Detmold - Kultur Online TV &amp; FM","isPartOf":{"@id":"https:\/\/kulturonline.tv\/de\/#website"},"primaryImageOfPage":{"@id":"https:\/\/kulturonline.tv\/de\/georg-heckel-bleibt-intendant-in-detmold\/#primaryimage"},"image":{"@id":"https:\/\/kulturonline.tv\/de\/georg-heckel-bleibt-intendant-in-detmold\/#primaryimage"},"thumbnailUrl":"https:\/\/kulturonline.tv\/wp-content\/uploads\/2021\/12\/Gerog-Heckel-edited.jpg","datePublished":"2021-12-17T07:13:39+00:00","dateModified":"2021-12-17T07:13:40+00:00","description":"Kultur sehen und H\u00f6ren","breadcrumb":{"@id":"https:\/\/kulturonline.tv\/de\/georg-heckel-bleibt-intendant-in-detmold\/#breadcrumb"},"inLanguage":"de","potentialAction":[{"@type":"ReadAction","target":["https:\/\/kulturonline.tv\/de\/georg-heckel-bleibt-intendant-in-detmold\/"]}]},{"@type":"ImageObject","inLanguage":"de","@id":"https:\/\/kulturonline.tv\/de\/georg-heckel-bleibt-intendant-in-detmold\/#primaryimage","url":"https:\/\/kulturonline.tv\/wp-content\/uploads\/2021\/12\/Gerog-Heckel-edited.jpg","contentUrl":"https:\/\/kulturonline.tv\/wp-content\/uploads\/2021\/12\/Gerog-Heckel-edited.jpg","width":512,"height":288},{"@type":"BreadcrumbList","@id":"https:\/\/kulturonline.tv\/de\/georg-heckel-bleibt-intendant-in-detmold\/#breadcrumb","itemListElement":[{"@type":"ListItem","position":1,"name":"Startseite","item":"https:\/\/kulturonline.tv\/de\/"},{"@type":"ListItem","position":2,"name":"Georg Heckel bleibt Intendant in Detmold"}]},{"@type":"WebSite","@id":"https:\/\/kulturonline.tv\/de\/#website","url":"https:\/\/kulturonline.tv\/de\/","name":"Kultur Online TV &amp; FM","description":"Wir sind Kultur 2.0 zum sehen &amp; h\u00f6ren","publisher":{"@id":"https:\/\/kulturonline.tv\/de\/#organization"},"potentialAction":[{"@type":"SearchAction","target":{"@type":"EntryPoint","urlTemplate":"https:\/\/kulturonline.tv\/de\/?s={search_term_string}"},"query-input":{"@type":"PropertyValueSpecification","valueRequired":true,"valueName":"search_term_string"}}],"inLanguage":"de"},{"@type":"Organization","@id":"https:\/\/kulturonline.tv\/de\/#organization","name":"Kultur Online TV","url":"https:\/\/kulturonline.tv\/de\/","logo":{"@type":"ImageObject","inLanguage":"de","@id":"https:\/\/kulturonline.tv\/de\/#\/schema\/logo\/image\/","url":"https:\/\/kulturonline.tv\/wp-content\/uploads\/2021\/08\/Kultur-Online-Tv-Logo-Endversion-neu.png","contentUrl":"https:\/\/kulturonline.tv\/wp-content\/uploads\/2021\/08\/Kultur-Online-Tv-Logo-Endversion-neu.png","width":200,"height":200,"caption":"Kultur Online TV"},"image":{"@id":"https:\/\/kulturonline.tv\/de\/#\/schema\/logo\/image\/"},"sameAs":["https:\/\/www.facebook.com\/kulturonline.tv","https:\/\/www.instagram.com\/kulturonline.tv"]},{"@type":"Person","@id":"https:\/\/kulturonline.tv\/de\/#\/schema\/person\/b0fac729bb9a0c193fb1df23449df4fe","name":"guenter.wolfgang"}]}},"_links":{"self":[{"href":"https:\/\/kulturonline.tv\/de\/wp-json\/wp\/v2\/posts\/16789","targetHints":{"allow":["GET"]}}],"collection":[{"href":"https:\/\/kulturonline.tv\/de\/wp-json\/wp\/v2\/posts"}],"about":[{"href":"https:\/\/kulturonline.tv\/de\/wp-json\/wp\/v2\/types\/post"}],"author":[{"embeddable":true,"href":"https:\/\/kulturonline.tv\/de\/wp-json\/wp\/v2\/users\/2"}],"replies":[{"embeddable":true,"href":"https:\/\/kulturonline.tv\/de\/wp-json\/wp\/v2\/comments?post=16789"}],"version-history":[{"count":0,"href":"https:\/\/kulturonline.tv\/de\/wp-json\/wp\/v2\/posts\/16789\/revisions"}],"wp:featuredmedia":[{"embeddable":true,"href":"https:\/\/kulturonline.tv\/de\/wp-json\/wp\/v2\/media\/16793"}],"wp:attachment":[{"href":"https:\/\/kulturonline.tv\/de\/wp-json\/wp\/v2\/media?parent=16789"}],"wp:term":[{"taxonomy":"category","embeddable":true,"href":"https:\/\/kulturonline.tv\/de\/wp-json\/wp\/v2\/categories?post=16789"},{"taxonomy":"post_tag","embeddable":true,"href":"https:\/\/kulturonline.tv\/de\/wp-json\/wp\/v2\/tags?post=16789"}],"curies":[{"name":"wp","href":"https:\/\/api.w.org\/{rel}","templated":true}]}}