{"id":16833,"date":"2021-12-18T04:29:44","date_gmt":"2021-12-18T03:29:44","guid":{"rendered":"https:\/\/kulturonline.tv\/?p=16833"},"modified":"2021-12-18T04:29:45","modified_gmt":"2021-12-18T03:29:45","slug":"romane-als-lebensretter-in-krisenzeiten-was-vermag-fiktion","status":"publish","type":"post","link":"https:\/\/kulturonline.tv\/de\/romane-als-lebensretter-in-krisenzeiten-was-vermag-fiktion\/","title":{"rendered":"Romane als Lebensretter in Krisenzeiten: Was vermag Fiktion?"},"content":{"rendered":"\n<p>&#8222;Der Roman als Lebensretter &#8211; \u00dcber die Rolle von Fiktion in Krisenzeiten&#8220;<\/p>\n\n\n\n<figure class=\"wp-block-image size-full\"><img fetchpriority=\"high\" decoding=\"async\" width=\"940\" height=\"529\" src=\"https:\/\/kulturonline.tv\/wp-content\/uploads\/2021\/12\/kloster_innen_34-edited.jpg\" alt=\"\" class=\"wp-image-16837\" srcset=\"https:\/\/kulturonline.tv\/wp-content\/uploads\/2021\/12\/kloster_innen_34-edited.jpg 940w, https:\/\/kulturonline.tv\/wp-content\/uploads\/2021\/12\/kloster_innen_34-edited-600x338.jpg 600w, https:\/\/kulturonline.tv\/wp-content\/uploads\/2021\/12\/kloster_innen_34-edited-800x450.jpg 800w, https:\/\/kulturonline.tv\/wp-content\/uploads\/2021\/12\/kloster_innen_34-edited-768x432.jpg 768w\" sizes=\"(max-width: 940px) 100vw, 940px\" \/><\/figure>\n\n\n\n<p>Die Kraft der Sprache half inhaftierten in Rum\u00e4nien. Folter und Misshandlungen sollten die Insassen brechen, doch die Kraft der Sprache konnte dies verhindern, sagt die Professorin vom Institut f\u00fcr Anglistik, Amerikanistik und Keltologie der Universit\u00e4t Bonn. <\/p>\n\n\n\n<p>Literatur kann unterhaltend wirken, ablenken von der Lage, in der das Individuum sich befindet. Aber sie kann auch helfen, eine schwierige Situation zu meistern. Etwa, wenn Protagonisten aus einem Buch in der gleichen Situation sind, wie die Leserschaft im realen Leben. <\/p>\n\n\n\n<p>Daf\u00fcr ist die seit Beginn der Coronapandemie gestiegene Nachfrage nach\u00a0Albert Camus Roman &#8222;Die Pest&#8220;\u00a0ein Indiz.<\/p>\n\n\n\n<p>Geschichten k\u00f6nnen aber auch ordnungsstiftend wirken, sagt Lars Koch, Professor f\u00fcr Medienwissenschaft und Neuere Deutsche Literatur an der Technischen Universit\u00e4t Dresden.<\/p>\n\n\n\n<p>Wie Geschichten unser Handeln beeinflussen k\u00f6nnen, das hat Friedrich von Borries untersucht. Der Professor f\u00fcr Designtheorie an der Hochschule f\u00fcr bildende K\u00fcnste Hamburg, lie\u00df F\u00fchrungskr\u00e4fte aus Unternehmen mit Unterst\u00fctzung von Schriftstellern und Schriftstellerinnen Geschichten schreiben, um so ihre Vorstellungskraft zu st\u00e4rken.<\/p>\n\n\n\n<p>Unternehmer haben die Zukunft ihres Unternehmen anders geplant und in Krisenzeit weitsichtiger gef\u00fchrt. Vielleicht auch einer der Gr\u00fcnde, warum Elon Musk &#8222;Herr der Ringe&#8220; \u00fcber alles sch\u00e4tzt.<\/p>\n\n\n\n<p>Der Roman ist kein Lebensretter im klassischen Sinne, doch die Fiktion kann helfen, Krisenzeiten zu \u00fcberstehen. <\/p>\n\n\n\n<p>Kultur Online TV<\/p>\n\n\n\n<p>#fiktion #literatur #krise #pandemie<\/p>\n","protected":false},"excerpt":{"rendered":"<p>&#8222;Der Roman als Lebensretter &#8211; \u00dcber die Rolle von Fiktion in Krisenzeiten&#8220; Die Kraft der Sprache half inhaftierten in Rum\u00e4nien. Folter und Misshandlungen sollten die Insassen brechen, doch die Kraft der Sprache konnte dies verhindern, sagt die Professorin vom Institut f\u00fcr Anglistik, Amerikanistik und Keltologie der Universit\u00e4t Bonn. Literatur kann unterhaltend wirken, ablenken von der [&hellip;]<\/p>\n","protected":false},"author":2,"featured_media":16837,"comment_status":"closed","ping_status":"closed","sticky":false,"template":"","format":"standard","meta":{"_acf_changed":false,"footnotes":""},"categories":[106,3],"tags":[],"class_list":["post-16833","post","type-post","status-publish","format-standard","has-post-thumbnail","hentry","category-literatur","category-newsflash"],"acf":[],"yoast_head":"<!-- This site is optimized with the Yoast SEO plugin v26.1.1 - https:\/\/yoast.com\/wordpress\/plugins\/seo\/ -->\n<title>Romane als Lebensretter in Krisenzeiten: Was vermag Fiktion? - Kultur Online TV &amp; FM<\/title>\n<meta name=\"description\" content=\"Kultur sehen und H\u00f6ren\" \/>\n<meta name=\"robots\" content=\"index, follow, max-snippet:-1, max-image-preview:large, max-video-preview:-1\" \/>\n<link rel=\"canonical\" href=\"https:\/\/kulturonline.tv\/de\/romane-als-lebensretter-in-krisenzeiten-was-vermag-fiktion\/\" \/>\n<meta property=\"og:locale\" content=\"de_DE\" \/>\n<meta property=\"og:type\" content=\"article\" \/>\n<meta property=\"og:title\" content=\"Romane als Lebensretter in Krisenzeiten: Was vermag Fiktion? - Kultur Online TV &amp; FM\" \/>\n<meta property=\"og:description\" content=\"Kultur sehen und H\u00f6ren\" \/>\n<meta property=\"og:url\" content=\"https:\/\/kulturonline.tv\/de\/romane-als-lebensretter-in-krisenzeiten-was-vermag-fiktion\/\" \/>\n<meta property=\"og:site_name\" content=\"Kultur Online TV &amp; FM\" \/>\n<meta property=\"article:publisher\" content=\"https:\/\/www.facebook.com\/kulturonline.tv\" \/>\n<meta property=\"article:published_time\" content=\"2021-12-18T03:29:44+00:00\" \/>\n<meta property=\"article:modified_time\" content=\"2021-12-18T03:29:45+00:00\" \/>\n<meta property=\"og:image\" content=\"https:\/\/kulturonline.tv\/wp-content\/uploads\/2021\/12\/kloster_innen_34-edited.jpg\" \/>\n\t<meta property=\"og:image:width\" content=\"940\" \/>\n\t<meta property=\"og:image:height\" content=\"529\" \/>\n\t<meta property=\"og:image:type\" content=\"image\/jpeg\" \/>\n<meta name=\"author\" content=\"guenter.wolfgang\" \/>\n<meta name=\"twitter:card\" content=\"summary_large_image\" \/>\n<meta name=\"twitter:label1\" content=\"Verfasst von\" \/>\n\t<meta name=\"twitter:data1\" content=\"guenter.wolfgang\" \/>\n\t<meta name=\"twitter:label2\" content=\"Gesch\u00e4tzte Lesezeit\" \/>\n\t<meta name=\"twitter:data2\" content=\"2\u00a0Minuten\" \/>\n<script type=\"application\/ld+json\" class=\"yoast-schema-graph\">{\"@context\":\"https:\/\/schema.org\",\"@graph\":[{\"@type\":\"Article\",\"@id\":\"https:\/\/kulturonline.tv\/de\/romane-als-lebensretter-in-krisenzeiten-was-vermag-fiktion\/#article\",\"isPartOf\":{\"@id\":\"https:\/\/kulturonline.tv\/de\/romane-als-lebensretter-in-krisenzeiten-was-vermag-fiktion\/\"},\"author\":{\"name\":\"guenter.wolfgang\",\"@id\":\"https:\/\/kulturonline.tv\/de\/#\/schema\/person\/b0fac729bb9a0c193fb1df23449df4fe\"},\"headline\":\"Romane als Lebensretter in Krisenzeiten: Was vermag Fiktion?\",\"datePublished\":\"2021-12-18T03:29:44+00:00\",\"dateModified\":\"2021-12-18T03:29:45+00:00\",\"mainEntityOfPage\":{\"@id\":\"https:\/\/kulturonline.tv\/de\/romane-als-lebensretter-in-krisenzeiten-was-vermag-fiktion\/\"},\"wordCount\":244,\"publisher\":{\"@id\":\"https:\/\/kulturonline.tv\/de\/#organization\"},\"image\":{\"@id\":\"https:\/\/kulturonline.tv\/de\/romane-als-lebensretter-in-krisenzeiten-was-vermag-fiktion\/#primaryimage\"},\"thumbnailUrl\":\"https:\/\/kulturonline.tv\/wp-content\/uploads\/2021\/12\/kloster_innen_34-edited.jpg\",\"articleSection\":[\"Literatur\",\"Newsflash\"],\"inLanguage\":\"de\"},{\"@type\":\"WebPage\",\"@id\":\"https:\/\/kulturonline.tv\/de\/romane-als-lebensretter-in-krisenzeiten-was-vermag-fiktion\/\",\"url\":\"https:\/\/kulturonline.tv\/de\/romane-als-lebensretter-in-krisenzeiten-was-vermag-fiktion\/\",\"name\":\"Romane als Lebensretter in Krisenzeiten: Was vermag Fiktion? - Kultur Online TV &amp; FM\",\"isPartOf\":{\"@id\":\"https:\/\/kulturonline.tv\/de\/#website\"},\"primaryImageOfPage\":{\"@id\":\"https:\/\/kulturonline.tv\/de\/romane-als-lebensretter-in-krisenzeiten-was-vermag-fiktion\/#primaryimage\"},\"image\":{\"@id\":\"https:\/\/kulturonline.tv\/de\/romane-als-lebensretter-in-krisenzeiten-was-vermag-fiktion\/#primaryimage\"},\"thumbnailUrl\":\"https:\/\/kulturonline.tv\/wp-content\/uploads\/2021\/12\/kloster_innen_34-edited.jpg\",\"datePublished\":\"2021-12-18T03:29:44+00:00\",\"dateModified\":\"2021-12-18T03:29:45+00:00\",\"description\":\"Kultur sehen und H\u00f6ren\",\"breadcrumb\":{\"@id\":\"https:\/\/kulturonline.tv\/de\/romane-als-lebensretter-in-krisenzeiten-was-vermag-fiktion\/#breadcrumb\"},\"inLanguage\":\"de\",\"potentialAction\":[{\"@type\":\"ReadAction\",\"target\":[\"https:\/\/kulturonline.tv\/de\/romane-als-lebensretter-in-krisenzeiten-was-vermag-fiktion\/\"]}]},{\"@type\":\"ImageObject\",\"inLanguage\":\"de\",\"@id\":\"https:\/\/kulturonline.tv\/de\/romane-als-lebensretter-in-krisenzeiten-was-vermag-fiktion\/#primaryimage\",\"url\":\"https:\/\/kulturonline.tv\/wp-content\/uploads\/2021\/12\/kloster_innen_34-edited.jpg\",\"contentUrl\":\"https:\/\/kulturonline.tv\/wp-content\/uploads\/2021\/12\/kloster_innen_34-edited.jpg\",\"width\":940,\"height\":529},{\"@type\":\"BreadcrumbList\",\"@id\":\"https:\/\/kulturonline.tv\/de\/romane-als-lebensretter-in-krisenzeiten-was-vermag-fiktion\/#breadcrumb\",\"itemListElement\":[{\"@type\":\"ListItem\",\"position\":1,\"name\":\"Startseite\",\"item\":\"https:\/\/kulturonline.tv\/de\/\"},{\"@type\":\"ListItem\",\"position\":2,\"name\":\"Romane als Lebensretter in Krisenzeiten: Was vermag Fiktion?\"}]},{\"@type\":\"WebSite\",\"@id\":\"https:\/\/kulturonline.tv\/de\/#website\",\"url\":\"https:\/\/kulturonline.tv\/de\/\",\"name\":\"Kultur Online TV &amp; FM\",\"description\":\"Wir sind Kultur 2.0 zum sehen &amp; h\u00f6ren\",\"publisher\":{\"@id\":\"https:\/\/kulturonline.tv\/de\/#organization\"},\"potentialAction\":[{\"@type\":\"SearchAction\",\"target\":{\"@type\":\"EntryPoint\",\"urlTemplate\":\"https:\/\/kulturonline.tv\/de\/?s={search_term_string}\"},\"query-input\":{\"@type\":\"PropertyValueSpecification\",\"valueRequired\":true,\"valueName\":\"search_term_string\"}}],\"inLanguage\":\"de\"},{\"@type\":\"Organization\",\"@id\":\"https:\/\/kulturonline.tv\/de\/#organization\",\"name\":\"Kultur Online TV\",\"url\":\"https:\/\/kulturonline.tv\/de\/\",\"logo\":{\"@type\":\"ImageObject\",\"inLanguage\":\"de\",\"@id\":\"https:\/\/kulturonline.tv\/de\/#\/schema\/logo\/image\/\",\"url\":\"https:\/\/kulturonline.tv\/wp-content\/uploads\/2021\/08\/Kultur-Online-Tv-Logo-Endversion-neu.png\",\"contentUrl\":\"https:\/\/kulturonline.tv\/wp-content\/uploads\/2021\/08\/Kultur-Online-Tv-Logo-Endversion-neu.png\",\"width\":200,\"height\":200,\"caption\":\"Kultur Online TV\"},\"image\":{\"@id\":\"https:\/\/kulturonline.tv\/de\/#\/schema\/logo\/image\/\"},\"sameAs\":[\"https:\/\/www.facebook.com\/kulturonline.tv\",\"https:\/\/www.instagram.com\/kulturonline.tv\"]},{\"@type\":\"Person\",\"@id\":\"https:\/\/kulturonline.tv\/de\/#\/schema\/person\/b0fac729bb9a0c193fb1df23449df4fe\",\"name\":\"guenter.wolfgang\"}]}<\/script>\n<!-- \/ Yoast SEO plugin. -->","yoast_head_json":{"title":"Romane als Lebensretter in Krisenzeiten: Was vermag Fiktion? - Kultur Online TV &amp; FM","description":"Kultur sehen und H\u00f6ren","robots":{"index":"index","follow":"follow","max-snippet":"max-snippet:-1","max-image-preview":"max-image-preview:large","max-video-preview":"max-video-preview:-1"},"canonical":"https:\/\/kulturonline.tv\/de\/romane-als-lebensretter-in-krisenzeiten-was-vermag-fiktion\/","og_locale":"de_DE","og_type":"article","og_title":"Romane als Lebensretter in Krisenzeiten: Was vermag Fiktion? - Kultur Online TV &amp; FM","og_description":"Kultur sehen und H\u00f6ren","og_url":"https:\/\/kulturonline.tv\/de\/romane-als-lebensretter-in-krisenzeiten-was-vermag-fiktion\/","og_site_name":"Kultur Online TV &amp; FM","article_publisher":"https:\/\/www.facebook.com\/kulturonline.tv","article_published_time":"2021-12-18T03:29:44+00:00","article_modified_time":"2021-12-18T03:29:45+00:00","og_image":[{"width":940,"height":529,"url":"https:\/\/kulturonline.tv\/wp-content\/uploads\/2021\/12\/kloster_innen_34-edited.jpg","type":"image\/jpeg"}],"author":"guenter.wolfgang","twitter_card":"summary_large_image","twitter_misc":{"Verfasst von":"guenter.wolfgang","Gesch\u00e4tzte Lesezeit":"2\u00a0Minuten"},"schema":{"@context":"https:\/\/schema.org","@graph":[{"@type":"Article","@id":"https:\/\/kulturonline.tv\/de\/romane-als-lebensretter-in-krisenzeiten-was-vermag-fiktion\/#article","isPartOf":{"@id":"https:\/\/kulturonline.tv\/de\/romane-als-lebensretter-in-krisenzeiten-was-vermag-fiktion\/"},"author":{"name":"guenter.wolfgang","@id":"https:\/\/kulturonline.tv\/de\/#\/schema\/person\/b0fac729bb9a0c193fb1df23449df4fe"},"headline":"Romane als Lebensretter in Krisenzeiten: Was vermag Fiktion?","datePublished":"2021-12-18T03:29:44+00:00","dateModified":"2021-12-18T03:29:45+00:00","mainEntityOfPage":{"@id":"https:\/\/kulturonline.tv\/de\/romane-als-lebensretter-in-krisenzeiten-was-vermag-fiktion\/"},"wordCount":244,"publisher":{"@id":"https:\/\/kulturonline.tv\/de\/#organization"},"image":{"@id":"https:\/\/kulturonline.tv\/de\/romane-als-lebensretter-in-krisenzeiten-was-vermag-fiktion\/#primaryimage"},"thumbnailUrl":"https:\/\/kulturonline.tv\/wp-content\/uploads\/2021\/12\/kloster_innen_34-edited.jpg","articleSection":["Literatur","Newsflash"],"inLanguage":"de"},{"@type":"WebPage","@id":"https:\/\/kulturonline.tv\/de\/romane-als-lebensretter-in-krisenzeiten-was-vermag-fiktion\/","url":"https:\/\/kulturonline.tv\/de\/romane-als-lebensretter-in-krisenzeiten-was-vermag-fiktion\/","name":"Romane als Lebensretter in Krisenzeiten: Was vermag Fiktion? - Kultur Online TV &amp; FM","isPartOf":{"@id":"https:\/\/kulturonline.tv\/de\/#website"},"primaryImageOfPage":{"@id":"https:\/\/kulturonline.tv\/de\/romane-als-lebensretter-in-krisenzeiten-was-vermag-fiktion\/#primaryimage"},"image":{"@id":"https:\/\/kulturonline.tv\/de\/romane-als-lebensretter-in-krisenzeiten-was-vermag-fiktion\/#primaryimage"},"thumbnailUrl":"https:\/\/kulturonline.tv\/wp-content\/uploads\/2021\/12\/kloster_innen_34-edited.jpg","datePublished":"2021-12-18T03:29:44+00:00","dateModified":"2021-12-18T03:29:45+00:00","description":"Kultur sehen und H\u00f6ren","breadcrumb":{"@id":"https:\/\/kulturonline.tv\/de\/romane-als-lebensretter-in-krisenzeiten-was-vermag-fiktion\/#breadcrumb"},"inLanguage":"de","potentialAction":[{"@type":"ReadAction","target":["https:\/\/kulturonline.tv\/de\/romane-als-lebensretter-in-krisenzeiten-was-vermag-fiktion\/"]}]},{"@type":"ImageObject","inLanguage":"de","@id":"https:\/\/kulturonline.tv\/de\/romane-als-lebensretter-in-krisenzeiten-was-vermag-fiktion\/#primaryimage","url":"https:\/\/kulturonline.tv\/wp-content\/uploads\/2021\/12\/kloster_innen_34-edited.jpg","contentUrl":"https:\/\/kulturonline.tv\/wp-content\/uploads\/2021\/12\/kloster_innen_34-edited.jpg","width":940,"height":529},{"@type":"BreadcrumbList","@id":"https:\/\/kulturonline.tv\/de\/romane-als-lebensretter-in-krisenzeiten-was-vermag-fiktion\/#breadcrumb","itemListElement":[{"@type":"ListItem","position":1,"name":"Startseite","item":"https:\/\/kulturonline.tv\/de\/"},{"@type":"ListItem","position":2,"name":"Romane als Lebensretter in Krisenzeiten: Was vermag Fiktion?"}]},{"@type":"WebSite","@id":"https:\/\/kulturonline.tv\/de\/#website","url":"https:\/\/kulturonline.tv\/de\/","name":"Kultur Online TV &amp; FM","description":"Wir sind Kultur 2.0 zum sehen &amp; h\u00f6ren","publisher":{"@id":"https:\/\/kulturonline.tv\/de\/#organization"},"potentialAction":[{"@type":"SearchAction","target":{"@type":"EntryPoint","urlTemplate":"https:\/\/kulturonline.tv\/de\/?s={search_term_string}"},"query-input":{"@type":"PropertyValueSpecification","valueRequired":true,"valueName":"search_term_string"}}],"inLanguage":"de"},{"@type":"Organization","@id":"https:\/\/kulturonline.tv\/de\/#organization","name":"Kultur Online TV","url":"https:\/\/kulturonline.tv\/de\/","logo":{"@type":"ImageObject","inLanguage":"de","@id":"https:\/\/kulturonline.tv\/de\/#\/schema\/logo\/image\/","url":"https:\/\/kulturonline.tv\/wp-content\/uploads\/2021\/08\/Kultur-Online-Tv-Logo-Endversion-neu.png","contentUrl":"https:\/\/kulturonline.tv\/wp-content\/uploads\/2021\/08\/Kultur-Online-Tv-Logo-Endversion-neu.png","width":200,"height":200,"caption":"Kultur Online TV"},"image":{"@id":"https:\/\/kulturonline.tv\/de\/#\/schema\/logo\/image\/"},"sameAs":["https:\/\/www.facebook.com\/kulturonline.tv","https:\/\/www.instagram.com\/kulturonline.tv"]},{"@type":"Person","@id":"https:\/\/kulturonline.tv\/de\/#\/schema\/person\/b0fac729bb9a0c193fb1df23449df4fe","name":"guenter.wolfgang"}]}},"_links":{"self":[{"href":"https:\/\/kulturonline.tv\/de\/wp-json\/wp\/v2\/posts\/16833","targetHints":{"allow":["GET"]}}],"collection":[{"href":"https:\/\/kulturonline.tv\/de\/wp-json\/wp\/v2\/posts"}],"about":[{"href":"https:\/\/kulturonline.tv\/de\/wp-json\/wp\/v2\/types\/post"}],"author":[{"embeddable":true,"href":"https:\/\/kulturonline.tv\/de\/wp-json\/wp\/v2\/users\/2"}],"replies":[{"embeddable":true,"href":"https:\/\/kulturonline.tv\/de\/wp-json\/wp\/v2\/comments?post=16833"}],"version-history":[{"count":0,"href":"https:\/\/kulturonline.tv\/de\/wp-json\/wp\/v2\/posts\/16833\/revisions"}],"wp:featuredmedia":[{"embeddable":true,"href":"https:\/\/kulturonline.tv\/de\/wp-json\/wp\/v2\/media\/16837"}],"wp:attachment":[{"href":"https:\/\/kulturonline.tv\/de\/wp-json\/wp\/v2\/media?parent=16833"}],"wp:term":[{"taxonomy":"category","embeddable":true,"href":"https:\/\/kulturonline.tv\/de\/wp-json\/wp\/v2\/categories?post=16833"},{"taxonomy":"post_tag","embeddable":true,"href":"https:\/\/kulturonline.tv\/de\/wp-json\/wp\/v2\/tags?post=16833"}],"curies":[{"name":"wp","href":"https:\/\/api.w.org\/{rel}","templated":true}]}}