{"id":17359,"date":"2021-12-23T07:35:40","date_gmt":"2021-12-23T06:35:40","guid":{"rendered":"https:\/\/kulturonline.tv\/?p=17359"},"modified":"2021-12-23T07:35:40","modified_gmt":"2021-12-23T06:35:40","slug":"claudia-roth-zu-corona-einschraenkungen-schmerzt-mich-sehr","status":"publish","type":"post","link":"https:\/\/kulturonline.tv\/de\/claudia-roth-zu-corona-einschraenkungen-schmerzt-mich-sehr\/","title":{"rendered":"Claudia Roth zu Corona-Einschr\u00e4nkungen -&#8222;Schmerzt mich sehr&#8220;"},"content":{"rendered":"\n<p>Die rasante Ausbreitung von Omikron ist f\u00fcr Claudia Roth, die neue Staatsministerin f\u00fcr Kultur und Medien, die erste Belastungsprobe im Amt. <\/p>\n\n\n\n<figure class=\"wp-block-image size-full\"><img fetchpriority=\"high\" decoding=\"async\" width=\"1350\" height=\"759\" src=\"https:\/\/kulturonline.tv\/wp-content\/uploads\/2021\/12\/1408x792-1.webp\" alt=\"\" class=\"wp-image-17361\" srcset=\"https:\/\/kulturonline.tv\/wp-content\/uploads\/2021\/12\/1408x792-1.webp 1350w, https:\/\/kulturonline.tv\/wp-content\/uploads\/2021\/12\/1408x792-1-600x337.webp 600w, https:\/\/kulturonline.tv\/wp-content\/uploads\/2021\/12\/1408x792-1-800x450.webp 800w, https:\/\/kulturonline.tv\/wp-content\/uploads\/2021\/12\/1408x792-1-768x432.webp 768w\" sizes=\"(max-width: 1350px) 100vw, 1350px\" \/><figcaption>\u00a9 Tom Weller<\/figcaption><\/figure>\n\n\n\n<p>Claudia Roth verteidigt die Ma\u00dfnahmen und die neuen Corona-Beschl\u00fcsse von Bund und L\u00e4ndern. Es sei richtig, aber es schmerze ihr sehr. Besonders f\u00fcr die jungen und die jung gebliebenen Menschen ist das wirklich hart, so die Bundeskulturstaatsministerin. <\/p>\n\n\n\n<p>Die Schlie\u00dfung von Clubs und Diskotheken nach Weihnachten geh\u00f6rt zu den wenigen Einschr\u00e4nkungen, die die Kultur betreffen. Der andere Einschnitt betrifft &#8222;\u00fcberregionale Gro\u00dfveranstaltungen&#8220;. Diese sollen sp\u00e4testens nach Weihnachten &#8222;ohne Publikum&#8220;&nbsp;stattfinden.<\/p>\n\n\n\n<p>Und was ist mit Theatern, Museen, Kinos? Ihre \u00d6ffnung oder Schlie\u00dfung ist wieder L\u00e4ndersache, seit Bund und L\u00e4nder Anfang Dezember die &#8222;pandemische Lage nationaler Tragweite&#8220; f\u00fcr beendet erkl\u00e4rt haben. Die L\u00e4nder entscheiden je nach Infektionslage, in Bayern gegebenenfalls anders als in Mecklenburg-Vorpommern.<\/p>\n\n\n\n<p>Frau Roth begr\u00fc\u00dft die 2G oder die 2G-plus-Regelung und die M\u00f6glichkeit damit Kultureinrichtungen besuchen zu k\u00f6nnen. Wobei das nat\u00fcrlich mit der neuen Variante fragw\u00fcrdig ist. Da eine Impfung so gut wie gar nicht sch\u00fctzt. Ungeimpfte werden so ausgegrenzt. <\/p>\n\n\n\n<p>Nach wie vor sehnen sich die Menschen nach Klarheit und nicht nach beliebiger Festlegung von Regelungen und hilfloser Argumentation. Ziel muss es sein f\u00fcr alle Kultur zug\u00e4nglich zu machen und die Angst nicht weiter anzufachen. <\/p>\n\n\n\n<p>Kultur Online TV<\/p>\n\n\n\n<p>#corona #kultur <\/p>\n","protected":false},"excerpt":{"rendered":"<p>Die rasante Ausbreitung von Omikron ist f\u00fcr Claudia Roth, die neue Staatsministerin f\u00fcr Kultur und Medien, die erste Belastungsprobe im Amt. Claudia Roth verteidigt die Ma\u00dfnahmen und die neuen Corona-Beschl\u00fcsse von Bund und L\u00e4ndern. Es sei richtig, aber es schmerze ihr sehr. Besonders f\u00fcr die jungen und die jung gebliebenen Menschen ist das wirklich hart, [&hellip;]<\/p>\n","protected":false},"author":2,"featured_media":17361,"comment_status":"closed","ping_status":"closed","sticky":false,"template":"","format":"standard","meta":{"_acf_changed":false,"footnotes":""},"categories":[3],"tags":[],"class_list":["post-17359","post","type-post","status-publish","format-standard","has-post-thumbnail","hentry","category-newsflash"],"acf":[],"yoast_head":"<!-- This site is optimized with the Yoast SEO plugin v26.1.1 - https:\/\/yoast.com\/wordpress\/plugins\/seo\/ -->\n<title>Claudia Roth zu Corona-Einschr\u00e4nkungen -&quot;Schmerzt mich sehr&quot; - Kultur Online TV &amp; FM<\/title>\n<meta name=\"description\" content=\"Kultur sehen und H\u00f6ren\" \/>\n<meta name=\"robots\" content=\"index, follow, max-snippet:-1, max-image-preview:large, max-video-preview:-1\" \/>\n<link rel=\"canonical\" href=\"https:\/\/kulturonline.tv\/de\/claudia-roth-zu-corona-einschraenkungen-schmerzt-mich-sehr\/\" \/>\n<meta property=\"og:locale\" content=\"de_DE\" \/>\n<meta property=\"og:type\" content=\"article\" \/>\n<meta property=\"og:title\" content=\"Claudia Roth zu Corona-Einschr\u00e4nkungen -&quot;Schmerzt mich sehr&quot; - Kultur Online TV &amp; FM\" \/>\n<meta property=\"og:description\" content=\"Kultur sehen und H\u00f6ren\" \/>\n<meta property=\"og:url\" content=\"https:\/\/kulturonline.tv\/de\/claudia-roth-zu-corona-einschraenkungen-schmerzt-mich-sehr\/\" \/>\n<meta property=\"og:site_name\" content=\"Kultur Online TV &amp; FM\" \/>\n<meta property=\"article:publisher\" content=\"https:\/\/www.facebook.com\/kulturonline.tv\" \/>\n<meta property=\"article:published_time\" content=\"2021-12-23T06:35:40+00:00\" \/>\n<meta property=\"og:image\" content=\"https:\/\/kulturonline.tv\/wp-content\/uploads\/2021\/12\/1408x792-1.webp\" \/>\n\t<meta property=\"og:image:width\" content=\"1350\" \/>\n\t<meta property=\"og:image:height\" content=\"759\" \/>\n\t<meta property=\"og:image:type\" content=\"image\/webp\" \/>\n<meta name=\"author\" content=\"guenter.wolfgang\" \/>\n<meta name=\"twitter:card\" content=\"summary_large_image\" \/>\n<meta name=\"twitter:label1\" content=\"Verfasst von\" \/>\n\t<meta name=\"twitter:data1\" content=\"guenter.wolfgang\" \/>\n\t<meta name=\"twitter:label2\" content=\"Gesch\u00e4tzte Lesezeit\" \/>\n\t<meta name=\"twitter:data2\" content=\"2\u00a0Minuten\" \/>\n<script type=\"application\/ld+json\" class=\"yoast-schema-graph\">{\"@context\":\"https:\/\/schema.org\",\"@graph\":[{\"@type\":\"Article\",\"@id\":\"https:\/\/kulturonline.tv\/de\/claudia-roth-zu-corona-einschraenkungen-schmerzt-mich-sehr\/#article\",\"isPartOf\":{\"@id\":\"https:\/\/kulturonline.tv\/de\/claudia-roth-zu-corona-einschraenkungen-schmerzt-mich-sehr\/\"},\"author\":{\"name\":\"guenter.wolfgang\",\"@id\":\"https:\/\/kulturonline.tv\/de\/#\/schema\/person\/b0fac729bb9a0c193fb1df23449df4fe\"},\"headline\":\"Claudia Roth zu Corona-Einschr\u00e4nkungen -&#8222;Schmerzt mich sehr&#8220;\",\"datePublished\":\"2021-12-23T06:35:40+00:00\",\"mainEntityOfPage\":{\"@id\":\"https:\/\/kulturonline.tv\/de\/claudia-roth-zu-corona-einschraenkungen-schmerzt-mich-sehr\/\"},\"wordCount\":246,\"publisher\":{\"@id\":\"https:\/\/kulturonline.tv\/de\/#organization\"},\"image\":{\"@id\":\"https:\/\/kulturonline.tv\/de\/claudia-roth-zu-corona-einschraenkungen-schmerzt-mich-sehr\/#primaryimage\"},\"thumbnailUrl\":\"https:\/\/kulturonline.tv\/wp-content\/uploads\/2021\/12\/1408x792-1.webp\",\"articleSection\":[\"Newsflash\"],\"inLanguage\":\"de\"},{\"@type\":\"WebPage\",\"@id\":\"https:\/\/kulturonline.tv\/de\/claudia-roth-zu-corona-einschraenkungen-schmerzt-mich-sehr\/\",\"url\":\"https:\/\/kulturonline.tv\/de\/claudia-roth-zu-corona-einschraenkungen-schmerzt-mich-sehr\/\",\"name\":\"Claudia Roth zu Corona-Einschr\u00e4nkungen -\\\"Schmerzt mich sehr\\\" - Kultur Online TV &amp; FM\",\"isPartOf\":{\"@id\":\"https:\/\/kulturonline.tv\/de\/#website\"},\"primaryImageOfPage\":{\"@id\":\"https:\/\/kulturonline.tv\/de\/claudia-roth-zu-corona-einschraenkungen-schmerzt-mich-sehr\/#primaryimage\"},\"image\":{\"@id\":\"https:\/\/kulturonline.tv\/de\/claudia-roth-zu-corona-einschraenkungen-schmerzt-mich-sehr\/#primaryimage\"},\"thumbnailUrl\":\"https:\/\/kulturonline.tv\/wp-content\/uploads\/2021\/12\/1408x792-1.webp\",\"datePublished\":\"2021-12-23T06:35:40+00:00\",\"description\":\"Kultur sehen und H\u00f6ren\",\"breadcrumb\":{\"@id\":\"https:\/\/kulturonline.tv\/de\/claudia-roth-zu-corona-einschraenkungen-schmerzt-mich-sehr\/#breadcrumb\"},\"inLanguage\":\"de\",\"potentialAction\":[{\"@type\":\"ReadAction\",\"target\":[\"https:\/\/kulturonline.tv\/de\/claudia-roth-zu-corona-einschraenkungen-schmerzt-mich-sehr\/\"]}]},{\"@type\":\"ImageObject\",\"inLanguage\":\"de\",\"@id\":\"https:\/\/kulturonline.tv\/de\/claudia-roth-zu-corona-einschraenkungen-schmerzt-mich-sehr\/#primaryimage\",\"url\":\"https:\/\/kulturonline.tv\/wp-content\/uploads\/2021\/12\/1408x792-1.webp\",\"contentUrl\":\"https:\/\/kulturonline.tv\/wp-content\/uploads\/2021\/12\/1408x792-1.webp\",\"width\":1350,\"height\":759},{\"@type\":\"BreadcrumbList\",\"@id\":\"https:\/\/kulturonline.tv\/de\/claudia-roth-zu-corona-einschraenkungen-schmerzt-mich-sehr\/#breadcrumb\",\"itemListElement\":[{\"@type\":\"ListItem\",\"position\":1,\"name\":\"Startseite\",\"item\":\"https:\/\/kulturonline.tv\/de\/\"},{\"@type\":\"ListItem\",\"position\":2,\"name\":\"Claudia Roth zu Corona-Einschr\u00e4nkungen -&#8222;Schmerzt mich sehr&#8220;\"}]},{\"@type\":\"WebSite\",\"@id\":\"https:\/\/kulturonline.tv\/de\/#website\",\"url\":\"https:\/\/kulturonline.tv\/de\/\",\"name\":\"Kultur Online TV &amp; FM\",\"description\":\"Wir sind Kultur 2.0 zum sehen &amp; h\u00f6ren\",\"publisher\":{\"@id\":\"https:\/\/kulturonline.tv\/de\/#organization\"},\"potentialAction\":[{\"@type\":\"SearchAction\",\"target\":{\"@type\":\"EntryPoint\",\"urlTemplate\":\"https:\/\/kulturonline.tv\/de\/?s={search_term_string}\"},\"query-input\":{\"@type\":\"PropertyValueSpecification\",\"valueRequired\":true,\"valueName\":\"search_term_string\"}}],\"inLanguage\":\"de\"},{\"@type\":\"Organization\",\"@id\":\"https:\/\/kulturonline.tv\/de\/#organization\",\"name\":\"Kultur Online TV\",\"url\":\"https:\/\/kulturonline.tv\/de\/\",\"logo\":{\"@type\":\"ImageObject\",\"inLanguage\":\"de\",\"@id\":\"https:\/\/kulturonline.tv\/de\/#\/schema\/logo\/image\/\",\"url\":\"https:\/\/kulturonline.tv\/wp-content\/uploads\/2021\/08\/Kultur-Online-Tv-Logo-Endversion-neu.png\",\"contentUrl\":\"https:\/\/kulturonline.tv\/wp-content\/uploads\/2021\/08\/Kultur-Online-Tv-Logo-Endversion-neu.png\",\"width\":200,\"height\":200,\"caption\":\"Kultur Online TV\"},\"image\":{\"@id\":\"https:\/\/kulturonline.tv\/de\/#\/schema\/logo\/image\/\"},\"sameAs\":[\"https:\/\/www.facebook.com\/kulturonline.tv\",\"https:\/\/www.instagram.com\/kulturonline.tv\"]},{\"@type\":\"Person\",\"@id\":\"https:\/\/kulturonline.tv\/de\/#\/schema\/person\/b0fac729bb9a0c193fb1df23449df4fe\",\"name\":\"guenter.wolfgang\"}]}<\/script>\n<!-- \/ Yoast SEO plugin. -->","yoast_head_json":{"title":"Claudia Roth zu Corona-Einschr\u00e4nkungen -\"Schmerzt mich sehr\" - Kultur Online TV &amp; FM","description":"Kultur sehen und H\u00f6ren","robots":{"index":"index","follow":"follow","max-snippet":"max-snippet:-1","max-image-preview":"max-image-preview:large","max-video-preview":"max-video-preview:-1"},"canonical":"https:\/\/kulturonline.tv\/de\/claudia-roth-zu-corona-einschraenkungen-schmerzt-mich-sehr\/","og_locale":"de_DE","og_type":"article","og_title":"Claudia Roth zu Corona-Einschr\u00e4nkungen -\"Schmerzt mich sehr\" - Kultur Online TV &amp; FM","og_description":"Kultur sehen und H\u00f6ren","og_url":"https:\/\/kulturonline.tv\/de\/claudia-roth-zu-corona-einschraenkungen-schmerzt-mich-sehr\/","og_site_name":"Kultur Online TV &amp; FM","article_publisher":"https:\/\/www.facebook.com\/kulturonline.tv","article_published_time":"2021-12-23T06:35:40+00:00","og_image":[{"width":1350,"height":759,"url":"https:\/\/kulturonline.tv\/wp-content\/uploads\/2021\/12\/1408x792-1.webp","type":"image\/webp"}],"author":"guenter.wolfgang","twitter_card":"summary_large_image","twitter_misc":{"Verfasst von":"guenter.wolfgang","Gesch\u00e4tzte Lesezeit":"2\u00a0Minuten"},"schema":{"@context":"https:\/\/schema.org","@graph":[{"@type":"Article","@id":"https:\/\/kulturonline.tv\/de\/claudia-roth-zu-corona-einschraenkungen-schmerzt-mich-sehr\/#article","isPartOf":{"@id":"https:\/\/kulturonline.tv\/de\/claudia-roth-zu-corona-einschraenkungen-schmerzt-mich-sehr\/"},"author":{"name":"guenter.wolfgang","@id":"https:\/\/kulturonline.tv\/de\/#\/schema\/person\/b0fac729bb9a0c193fb1df23449df4fe"},"headline":"Claudia Roth zu Corona-Einschr\u00e4nkungen -&#8222;Schmerzt mich sehr&#8220;","datePublished":"2021-12-23T06:35:40+00:00","mainEntityOfPage":{"@id":"https:\/\/kulturonline.tv\/de\/claudia-roth-zu-corona-einschraenkungen-schmerzt-mich-sehr\/"},"wordCount":246,"publisher":{"@id":"https:\/\/kulturonline.tv\/de\/#organization"},"image":{"@id":"https:\/\/kulturonline.tv\/de\/claudia-roth-zu-corona-einschraenkungen-schmerzt-mich-sehr\/#primaryimage"},"thumbnailUrl":"https:\/\/kulturonline.tv\/wp-content\/uploads\/2021\/12\/1408x792-1.webp","articleSection":["Newsflash"],"inLanguage":"de"},{"@type":"WebPage","@id":"https:\/\/kulturonline.tv\/de\/claudia-roth-zu-corona-einschraenkungen-schmerzt-mich-sehr\/","url":"https:\/\/kulturonline.tv\/de\/claudia-roth-zu-corona-einschraenkungen-schmerzt-mich-sehr\/","name":"Claudia Roth zu Corona-Einschr\u00e4nkungen -\"Schmerzt mich sehr\" - Kultur Online TV &amp; FM","isPartOf":{"@id":"https:\/\/kulturonline.tv\/de\/#website"},"primaryImageOfPage":{"@id":"https:\/\/kulturonline.tv\/de\/claudia-roth-zu-corona-einschraenkungen-schmerzt-mich-sehr\/#primaryimage"},"image":{"@id":"https:\/\/kulturonline.tv\/de\/claudia-roth-zu-corona-einschraenkungen-schmerzt-mich-sehr\/#primaryimage"},"thumbnailUrl":"https:\/\/kulturonline.tv\/wp-content\/uploads\/2021\/12\/1408x792-1.webp","datePublished":"2021-12-23T06:35:40+00:00","description":"Kultur sehen und H\u00f6ren","breadcrumb":{"@id":"https:\/\/kulturonline.tv\/de\/claudia-roth-zu-corona-einschraenkungen-schmerzt-mich-sehr\/#breadcrumb"},"inLanguage":"de","potentialAction":[{"@type":"ReadAction","target":["https:\/\/kulturonline.tv\/de\/claudia-roth-zu-corona-einschraenkungen-schmerzt-mich-sehr\/"]}]},{"@type":"ImageObject","inLanguage":"de","@id":"https:\/\/kulturonline.tv\/de\/claudia-roth-zu-corona-einschraenkungen-schmerzt-mich-sehr\/#primaryimage","url":"https:\/\/kulturonline.tv\/wp-content\/uploads\/2021\/12\/1408x792-1.webp","contentUrl":"https:\/\/kulturonline.tv\/wp-content\/uploads\/2021\/12\/1408x792-1.webp","width":1350,"height":759},{"@type":"BreadcrumbList","@id":"https:\/\/kulturonline.tv\/de\/claudia-roth-zu-corona-einschraenkungen-schmerzt-mich-sehr\/#breadcrumb","itemListElement":[{"@type":"ListItem","position":1,"name":"Startseite","item":"https:\/\/kulturonline.tv\/de\/"},{"@type":"ListItem","position":2,"name":"Claudia Roth zu Corona-Einschr\u00e4nkungen -&#8222;Schmerzt mich sehr&#8220;"}]},{"@type":"WebSite","@id":"https:\/\/kulturonline.tv\/de\/#website","url":"https:\/\/kulturonline.tv\/de\/","name":"Kultur Online TV &amp; FM","description":"Wir sind Kultur 2.0 zum sehen &amp; h\u00f6ren","publisher":{"@id":"https:\/\/kulturonline.tv\/de\/#organization"},"potentialAction":[{"@type":"SearchAction","target":{"@type":"EntryPoint","urlTemplate":"https:\/\/kulturonline.tv\/de\/?s={search_term_string}"},"query-input":{"@type":"PropertyValueSpecification","valueRequired":true,"valueName":"search_term_string"}}],"inLanguage":"de"},{"@type":"Organization","@id":"https:\/\/kulturonline.tv\/de\/#organization","name":"Kultur Online TV","url":"https:\/\/kulturonline.tv\/de\/","logo":{"@type":"ImageObject","inLanguage":"de","@id":"https:\/\/kulturonline.tv\/de\/#\/schema\/logo\/image\/","url":"https:\/\/kulturonline.tv\/wp-content\/uploads\/2021\/08\/Kultur-Online-Tv-Logo-Endversion-neu.png","contentUrl":"https:\/\/kulturonline.tv\/wp-content\/uploads\/2021\/08\/Kultur-Online-Tv-Logo-Endversion-neu.png","width":200,"height":200,"caption":"Kultur Online TV"},"image":{"@id":"https:\/\/kulturonline.tv\/de\/#\/schema\/logo\/image\/"},"sameAs":["https:\/\/www.facebook.com\/kulturonline.tv","https:\/\/www.instagram.com\/kulturonline.tv"]},{"@type":"Person","@id":"https:\/\/kulturonline.tv\/de\/#\/schema\/person\/b0fac729bb9a0c193fb1df23449df4fe","name":"guenter.wolfgang"}]}},"_links":{"self":[{"href":"https:\/\/kulturonline.tv\/de\/wp-json\/wp\/v2\/posts\/17359","targetHints":{"allow":["GET"]}}],"collection":[{"href":"https:\/\/kulturonline.tv\/de\/wp-json\/wp\/v2\/posts"}],"about":[{"href":"https:\/\/kulturonline.tv\/de\/wp-json\/wp\/v2\/types\/post"}],"author":[{"embeddable":true,"href":"https:\/\/kulturonline.tv\/de\/wp-json\/wp\/v2\/users\/2"}],"replies":[{"embeddable":true,"href":"https:\/\/kulturonline.tv\/de\/wp-json\/wp\/v2\/comments?post=17359"}],"version-history":[{"count":0,"href":"https:\/\/kulturonline.tv\/de\/wp-json\/wp\/v2\/posts\/17359\/revisions"}],"wp:featuredmedia":[{"embeddable":true,"href":"https:\/\/kulturonline.tv\/de\/wp-json\/wp\/v2\/media\/17361"}],"wp:attachment":[{"href":"https:\/\/kulturonline.tv\/de\/wp-json\/wp\/v2\/media?parent=17359"}],"wp:term":[{"taxonomy":"category","embeddable":true,"href":"https:\/\/kulturonline.tv\/de\/wp-json\/wp\/v2\/categories?post=17359"},{"taxonomy":"post_tag","embeddable":true,"href":"https:\/\/kulturonline.tv\/de\/wp-json\/wp\/v2\/tags?post=17359"}],"curies":[{"name":"wp","href":"https:\/\/api.w.org\/{rel}","templated":true}]}}