{"id":17499,"date":"2021-12-24T09:05:35","date_gmt":"2021-12-24T08:05:35","guid":{"rendered":"https:\/\/kulturonline.tv\/?p=17499"},"modified":"2021-12-24T09:05:35","modified_gmt":"2021-12-24T08:05:35","slug":"inge-jens-gestorben","status":"publish","type":"post","link":"https:\/\/kulturonline.tv\/de\/inge-jens-gestorben\/","title":{"rendered":"Inge Jens gestorben"},"content":{"rendered":"\n<p>Die Literaturwissenschaftlerin und Schriftstellerin Inge Jens ist im Alter von 94 Jahren in T\u00fcbingen gestorben.<\/p>\n\n\n\n<figure class=\"wp-block-image size-full\"><img fetchpriority=\"high\" decoding=\"async\" width=\"848\" height=\"477\" src=\"https:\/\/kulturonline.tv\/wp-content\/uploads\/2021\/12\/Inge-Jens-im-Mai-2021-beim-Gedenken-an-Sophie-Scholl-791047-edited.jpg\" alt=\"\" class=\"wp-image-17505\" srcset=\"https:\/\/kulturonline.tv\/wp-content\/uploads\/2021\/12\/Inge-Jens-im-Mai-2021-beim-Gedenken-an-Sophie-Scholl-791047-edited.jpg 848w, https:\/\/kulturonline.tv\/wp-content\/uploads\/2021\/12\/Inge-Jens-im-Mai-2021-beim-Gedenken-an-Sophie-Scholl-791047-edited-600x338.jpg 600w, https:\/\/kulturonline.tv\/wp-content\/uploads\/2021\/12\/Inge-Jens-im-Mai-2021-beim-Gedenken-an-Sophie-Scholl-791047-edited-800x450.jpg 800w, https:\/\/kulturonline.tv\/wp-content\/uploads\/2021\/12\/Inge-Jens-im-Mai-2021-beim-Gedenken-an-Sophie-Scholl-791047-edited-768x432.jpg 768w\" sizes=\"(max-width: 848px) 100vw, 848px\" \/><figcaption>\u00a9 Ulrich Metz<\/figcaption><\/figure>\n\n\n\n<p>Inge Jens ist am Donnerstag im Alter von 94 Jahren gestorben. Nach Angaben aus dem engen Umfeld ist sie sanft eingeschlafen. Sie wohnte lange im Karolinenstift, zuletzt aber im Luise-Wetzel-Stift. <\/p>\n\n\n\n<p>Inge Jens war Literaturwissenschaftlerin und Schriftstellerin. Mit ihrem Mann Walter Jens organisierte sie in ihrem Haus in der Sonnenstra\u00dfe \u00fcber Jahrzehnte ein offenes Haus f\u00fcr T\u00fcbinger und internationale Geistesgr\u00f6\u00dfen.<\/p>\n\n\n\n<p>Inge Puttfarcken wurde 1927 in Hamburg geboren und studierte Germanistik, Anglistik und P\u00e4dagogik in Hamburg und T\u00fcbingen. Sie promovierte 1954 mit einer Arbeit \u00fcber die expressionistische Novelle und arbeitete als Mitarbeiterin f\u00fcr Rundfunk und Verlage und als Lehrbeauftragte der Universit\u00e4t T\u00fcbingen. <\/p>\n\n\n\n<p>Bekannt war sie auch als Herausgeberin, vor allem von Schriften Thomas Manns. 2009 erschien ihre Autobiografie \u201eUnvollst\u00e4ndige Erinnerungen\u201c, 2016 ver\u00f6ffentlichte sie einen Bericht \u00fcber die Demenzerkrankung ihres Mannes unter dem Titel \u201eLangsames Entschwinden\u201c.<\/p>\n\n\n\n<p>Kultur Online TV<\/p>\n\n\n\n<p>#literatur #tod #kultur<\/p>\n","protected":false},"excerpt":{"rendered":"<p>Die Literaturwissenschaftlerin und Schriftstellerin Inge Jens ist im Alter von 94 Jahren in T\u00fcbingen gestorben. Inge Jens ist am Donnerstag im Alter von 94 Jahren gestorben. Nach Angaben aus dem engen Umfeld ist sie sanft eingeschlafen. Sie wohnte lange im Karolinenstift, zuletzt aber im Luise-Wetzel-Stift. Inge Jens war Literaturwissenschaftlerin und Schriftstellerin. Mit ihrem Mann Walter [&hellip;]<\/p>\n","protected":false},"author":2,"featured_media":17505,"comment_status":"closed","ping_status":"closed","sticky":false,"template":"","format":"standard","meta":{"_acf_changed":false,"footnotes":""},"categories":[106,3],"tags":[],"class_list":["post-17499","post","type-post","status-publish","format-standard","has-post-thumbnail","hentry","category-literatur","category-newsflash"],"acf":[],"yoast_head":"<!-- This site is optimized with the Yoast SEO plugin v26.1.1 - https:\/\/yoast.com\/wordpress\/plugins\/seo\/ -->\n<title>Inge Jens gestorben - Kultur Online TV &amp; FM<\/title>\n<meta name=\"description\" content=\"Kultur sehen und H\u00f6ren\" \/>\n<meta name=\"robots\" content=\"index, follow, max-snippet:-1, max-image-preview:large, max-video-preview:-1\" \/>\n<link rel=\"canonical\" href=\"https:\/\/kulturonline.tv\/de\/inge-jens-gestorben\/\" \/>\n<meta property=\"og:locale\" content=\"de_DE\" \/>\n<meta property=\"og:type\" content=\"article\" \/>\n<meta property=\"og:title\" content=\"Inge Jens gestorben - Kultur Online TV &amp; FM\" \/>\n<meta property=\"og:description\" content=\"Kultur sehen und H\u00f6ren\" \/>\n<meta property=\"og:url\" content=\"https:\/\/kulturonline.tv\/de\/inge-jens-gestorben\/\" \/>\n<meta property=\"og:site_name\" content=\"Kultur Online TV &amp; FM\" \/>\n<meta property=\"article:publisher\" content=\"https:\/\/www.facebook.com\/kulturonline.tv\" \/>\n<meta property=\"article:published_time\" content=\"2021-12-24T08:05:35+00:00\" \/>\n<meta property=\"og:image\" content=\"https:\/\/kulturonline.tv\/wp-content\/uploads\/2021\/12\/Inge-Jens-im-Mai-2021-beim-Gedenken-an-Sophie-Scholl-791047-edited.jpg\" \/>\n\t<meta property=\"og:image:width\" content=\"848\" \/>\n\t<meta property=\"og:image:height\" content=\"477\" \/>\n\t<meta property=\"og:image:type\" content=\"image\/jpeg\" \/>\n<meta name=\"author\" content=\"guenter.wolfgang\" \/>\n<meta name=\"twitter:card\" content=\"summary_large_image\" \/>\n<meta name=\"twitter:label1\" content=\"Verfasst von\" \/>\n\t<meta name=\"twitter:data1\" content=\"guenter.wolfgang\" \/>\n\t<meta name=\"twitter:label2\" content=\"Gesch\u00e4tzte Lesezeit\" \/>\n\t<meta name=\"twitter:data2\" content=\"2\u00a0Minuten\" \/>\n<script type=\"application\/ld+json\" class=\"yoast-schema-graph\">{\"@context\":\"https:\/\/schema.org\",\"@graph\":[{\"@type\":\"Article\",\"@id\":\"https:\/\/kulturonline.tv\/de\/inge-jens-gestorben\/#article\",\"isPartOf\":{\"@id\":\"https:\/\/kulturonline.tv\/de\/inge-jens-gestorben\/\"},\"author\":{\"name\":\"guenter.wolfgang\",\"@id\":\"https:\/\/kulturonline.tv\/de\/#\/schema\/person\/b0fac729bb9a0c193fb1df23449df4fe\"},\"headline\":\"Inge Jens gestorben\",\"datePublished\":\"2021-12-24T08:05:35+00:00\",\"mainEntityOfPage\":{\"@id\":\"https:\/\/kulturonline.tv\/de\/inge-jens-gestorben\/\"},\"wordCount\":165,\"publisher\":{\"@id\":\"https:\/\/kulturonline.tv\/de\/#organization\"},\"image\":{\"@id\":\"https:\/\/kulturonline.tv\/de\/inge-jens-gestorben\/#primaryimage\"},\"thumbnailUrl\":\"https:\/\/kulturonline.tv\/wp-content\/uploads\/2021\/12\/Inge-Jens-im-Mai-2021-beim-Gedenken-an-Sophie-Scholl-791047-edited.jpg\",\"articleSection\":[\"Literatur\",\"Newsflash\"],\"inLanguage\":\"de\"},{\"@type\":\"WebPage\",\"@id\":\"https:\/\/kulturonline.tv\/de\/inge-jens-gestorben\/\",\"url\":\"https:\/\/kulturonline.tv\/de\/inge-jens-gestorben\/\",\"name\":\"Inge Jens gestorben - Kultur Online TV &amp; FM\",\"isPartOf\":{\"@id\":\"https:\/\/kulturonline.tv\/de\/#website\"},\"primaryImageOfPage\":{\"@id\":\"https:\/\/kulturonline.tv\/de\/inge-jens-gestorben\/#primaryimage\"},\"image\":{\"@id\":\"https:\/\/kulturonline.tv\/de\/inge-jens-gestorben\/#primaryimage\"},\"thumbnailUrl\":\"https:\/\/kulturonline.tv\/wp-content\/uploads\/2021\/12\/Inge-Jens-im-Mai-2021-beim-Gedenken-an-Sophie-Scholl-791047-edited.jpg\",\"datePublished\":\"2021-12-24T08:05:35+00:00\",\"description\":\"Kultur sehen und H\u00f6ren\",\"breadcrumb\":{\"@id\":\"https:\/\/kulturonline.tv\/de\/inge-jens-gestorben\/#breadcrumb\"},\"inLanguage\":\"de\",\"potentialAction\":[{\"@type\":\"ReadAction\",\"target\":[\"https:\/\/kulturonline.tv\/de\/inge-jens-gestorben\/\"]}]},{\"@type\":\"ImageObject\",\"inLanguage\":\"de\",\"@id\":\"https:\/\/kulturonline.tv\/de\/inge-jens-gestorben\/#primaryimage\",\"url\":\"https:\/\/kulturonline.tv\/wp-content\/uploads\/2021\/12\/Inge-Jens-im-Mai-2021-beim-Gedenken-an-Sophie-Scholl-791047-edited.jpg\",\"contentUrl\":\"https:\/\/kulturonline.tv\/wp-content\/uploads\/2021\/12\/Inge-Jens-im-Mai-2021-beim-Gedenken-an-Sophie-Scholl-791047-edited.jpg\",\"width\":848,\"height\":477},{\"@type\":\"BreadcrumbList\",\"@id\":\"https:\/\/kulturonline.tv\/de\/inge-jens-gestorben\/#breadcrumb\",\"itemListElement\":[{\"@type\":\"ListItem\",\"position\":1,\"name\":\"Startseite\",\"item\":\"https:\/\/kulturonline.tv\/de\/\"},{\"@type\":\"ListItem\",\"position\":2,\"name\":\"Inge Jens gestorben\"}]},{\"@type\":\"WebSite\",\"@id\":\"https:\/\/kulturonline.tv\/de\/#website\",\"url\":\"https:\/\/kulturonline.tv\/de\/\",\"name\":\"Kultur Online TV &amp; FM\",\"description\":\"Wir sind Kultur 2.0 zum sehen &amp; h\u00f6ren\",\"publisher\":{\"@id\":\"https:\/\/kulturonline.tv\/de\/#organization\"},\"potentialAction\":[{\"@type\":\"SearchAction\",\"target\":{\"@type\":\"EntryPoint\",\"urlTemplate\":\"https:\/\/kulturonline.tv\/de\/?s={search_term_string}\"},\"query-input\":{\"@type\":\"PropertyValueSpecification\",\"valueRequired\":true,\"valueName\":\"search_term_string\"}}],\"inLanguage\":\"de\"},{\"@type\":\"Organization\",\"@id\":\"https:\/\/kulturonline.tv\/de\/#organization\",\"name\":\"Kultur Online TV\",\"url\":\"https:\/\/kulturonline.tv\/de\/\",\"logo\":{\"@type\":\"ImageObject\",\"inLanguage\":\"de\",\"@id\":\"https:\/\/kulturonline.tv\/de\/#\/schema\/logo\/image\/\",\"url\":\"https:\/\/kulturonline.tv\/wp-content\/uploads\/2021\/08\/Kultur-Online-Tv-Logo-Endversion-neu.png\",\"contentUrl\":\"https:\/\/kulturonline.tv\/wp-content\/uploads\/2021\/08\/Kultur-Online-Tv-Logo-Endversion-neu.png\",\"width\":200,\"height\":200,\"caption\":\"Kultur Online TV\"},\"image\":{\"@id\":\"https:\/\/kulturonline.tv\/de\/#\/schema\/logo\/image\/\"},\"sameAs\":[\"https:\/\/www.facebook.com\/kulturonline.tv\",\"https:\/\/www.instagram.com\/kulturonline.tv\"]},{\"@type\":\"Person\",\"@id\":\"https:\/\/kulturonline.tv\/de\/#\/schema\/person\/b0fac729bb9a0c193fb1df23449df4fe\",\"name\":\"guenter.wolfgang\"}]}<\/script>\n<!-- \/ Yoast SEO plugin. -->","yoast_head_json":{"title":"Inge Jens gestorben - Kultur Online TV &amp; FM","description":"Kultur sehen und H\u00f6ren","robots":{"index":"index","follow":"follow","max-snippet":"max-snippet:-1","max-image-preview":"max-image-preview:large","max-video-preview":"max-video-preview:-1"},"canonical":"https:\/\/kulturonline.tv\/de\/inge-jens-gestorben\/","og_locale":"de_DE","og_type":"article","og_title":"Inge Jens gestorben - Kultur Online TV &amp; FM","og_description":"Kultur sehen und H\u00f6ren","og_url":"https:\/\/kulturonline.tv\/de\/inge-jens-gestorben\/","og_site_name":"Kultur Online TV &amp; FM","article_publisher":"https:\/\/www.facebook.com\/kulturonline.tv","article_published_time":"2021-12-24T08:05:35+00:00","og_image":[{"width":848,"height":477,"url":"https:\/\/kulturonline.tv\/wp-content\/uploads\/2021\/12\/Inge-Jens-im-Mai-2021-beim-Gedenken-an-Sophie-Scholl-791047-edited.jpg","type":"image\/jpeg"}],"author":"guenter.wolfgang","twitter_card":"summary_large_image","twitter_misc":{"Verfasst von":"guenter.wolfgang","Gesch\u00e4tzte Lesezeit":"2\u00a0Minuten"},"schema":{"@context":"https:\/\/schema.org","@graph":[{"@type":"Article","@id":"https:\/\/kulturonline.tv\/de\/inge-jens-gestorben\/#article","isPartOf":{"@id":"https:\/\/kulturonline.tv\/de\/inge-jens-gestorben\/"},"author":{"name":"guenter.wolfgang","@id":"https:\/\/kulturonline.tv\/de\/#\/schema\/person\/b0fac729bb9a0c193fb1df23449df4fe"},"headline":"Inge Jens gestorben","datePublished":"2021-12-24T08:05:35+00:00","mainEntityOfPage":{"@id":"https:\/\/kulturonline.tv\/de\/inge-jens-gestorben\/"},"wordCount":165,"publisher":{"@id":"https:\/\/kulturonline.tv\/de\/#organization"},"image":{"@id":"https:\/\/kulturonline.tv\/de\/inge-jens-gestorben\/#primaryimage"},"thumbnailUrl":"https:\/\/kulturonline.tv\/wp-content\/uploads\/2021\/12\/Inge-Jens-im-Mai-2021-beim-Gedenken-an-Sophie-Scholl-791047-edited.jpg","articleSection":["Literatur","Newsflash"],"inLanguage":"de"},{"@type":"WebPage","@id":"https:\/\/kulturonline.tv\/de\/inge-jens-gestorben\/","url":"https:\/\/kulturonline.tv\/de\/inge-jens-gestorben\/","name":"Inge Jens gestorben - Kultur Online TV &amp; FM","isPartOf":{"@id":"https:\/\/kulturonline.tv\/de\/#website"},"primaryImageOfPage":{"@id":"https:\/\/kulturonline.tv\/de\/inge-jens-gestorben\/#primaryimage"},"image":{"@id":"https:\/\/kulturonline.tv\/de\/inge-jens-gestorben\/#primaryimage"},"thumbnailUrl":"https:\/\/kulturonline.tv\/wp-content\/uploads\/2021\/12\/Inge-Jens-im-Mai-2021-beim-Gedenken-an-Sophie-Scholl-791047-edited.jpg","datePublished":"2021-12-24T08:05:35+00:00","description":"Kultur sehen und H\u00f6ren","breadcrumb":{"@id":"https:\/\/kulturonline.tv\/de\/inge-jens-gestorben\/#breadcrumb"},"inLanguage":"de","potentialAction":[{"@type":"ReadAction","target":["https:\/\/kulturonline.tv\/de\/inge-jens-gestorben\/"]}]},{"@type":"ImageObject","inLanguage":"de","@id":"https:\/\/kulturonline.tv\/de\/inge-jens-gestorben\/#primaryimage","url":"https:\/\/kulturonline.tv\/wp-content\/uploads\/2021\/12\/Inge-Jens-im-Mai-2021-beim-Gedenken-an-Sophie-Scholl-791047-edited.jpg","contentUrl":"https:\/\/kulturonline.tv\/wp-content\/uploads\/2021\/12\/Inge-Jens-im-Mai-2021-beim-Gedenken-an-Sophie-Scholl-791047-edited.jpg","width":848,"height":477},{"@type":"BreadcrumbList","@id":"https:\/\/kulturonline.tv\/de\/inge-jens-gestorben\/#breadcrumb","itemListElement":[{"@type":"ListItem","position":1,"name":"Startseite","item":"https:\/\/kulturonline.tv\/de\/"},{"@type":"ListItem","position":2,"name":"Inge Jens gestorben"}]},{"@type":"WebSite","@id":"https:\/\/kulturonline.tv\/de\/#website","url":"https:\/\/kulturonline.tv\/de\/","name":"Kultur Online TV &amp; FM","description":"Wir sind Kultur 2.0 zum sehen &amp; h\u00f6ren","publisher":{"@id":"https:\/\/kulturonline.tv\/de\/#organization"},"potentialAction":[{"@type":"SearchAction","target":{"@type":"EntryPoint","urlTemplate":"https:\/\/kulturonline.tv\/de\/?s={search_term_string}"},"query-input":{"@type":"PropertyValueSpecification","valueRequired":true,"valueName":"search_term_string"}}],"inLanguage":"de"},{"@type":"Organization","@id":"https:\/\/kulturonline.tv\/de\/#organization","name":"Kultur Online TV","url":"https:\/\/kulturonline.tv\/de\/","logo":{"@type":"ImageObject","inLanguage":"de","@id":"https:\/\/kulturonline.tv\/de\/#\/schema\/logo\/image\/","url":"https:\/\/kulturonline.tv\/wp-content\/uploads\/2021\/08\/Kultur-Online-Tv-Logo-Endversion-neu.png","contentUrl":"https:\/\/kulturonline.tv\/wp-content\/uploads\/2021\/08\/Kultur-Online-Tv-Logo-Endversion-neu.png","width":200,"height":200,"caption":"Kultur Online TV"},"image":{"@id":"https:\/\/kulturonline.tv\/de\/#\/schema\/logo\/image\/"},"sameAs":["https:\/\/www.facebook.com\/kulturonline.tv","https:\/\/www.instagram.com\/kulturonline.tv"]},{"@type":"Person","@id":"https:\/\/kulturonline.tv\/de\/#\/schema\/person\/b0fac729bb9a0c193fb1df23449df4fe","name":"guenter.wolfgang"}]}},"_links":{"self":[{"href":"https:\/\/kulturonline.tv\/de\/wp-json\/wp\/v2\/posts\/17499","targetHints":{"allow":["GET"]}}],"collection":[{"href":"https:\/\/kulturonline.tv\/de\/wp-json\/wp\/v2\/posts"}],"about":[{"href":"https:\/\/kulturonline.tv\/de\/wp-json\/wp\/v2\/types\/post"}],"author":[{"embeddable":true,"href":"https:\/\/kulturonline.tv\/de\/wp-json\/wp\/v2\/users\/2"}],"replies":[{"embeddable":true,"href":"https:\/\/kulturonline.tv\/de\/wp-json\/wp\/v2\/comments?post=17499"}],"version-history":[{"count":0,"href":"https:\/\/kulturonline.tv\/de\/wp-json\/wp\/v2\/posts\/17499\/revisions"}],"wp:featuredmedia":[{"embeddable":true,"href":"https:\/\/kulturonline.tv\/de\/wp-json\/wp\/v2\/media\/17505"}],"wp:attachment":[{"href":"https:\/\/kulturonline.tv\/de\/wp-json\/wp\/v2\/media?parent=17499"}],"wp:term":[{"taxonomy":"category","embeddable":true,"href":"https:\/\/kulturonline.tv\/de\/wp-json\/wp\/v2\/categories?post=17499"},{"taxonomy":"post_tag","embeddable":true,"href":"https:\/\/kulturonline.tv\/de\/wp-json\/wp\/v2\/tags?post=17499"}],"curies":[{"name":"wp","href":"https:\/\/api.w.org\/{rel}","templated":true}]}}