{"id":17603,"date":"2021-12-25T11:16:23","date_gmt":"2021-12-25T10:16:23","guid":{"rendered":"https:\/\/kulturonline.tv\/?p=17603"},"modified":"2021-12-25T11:16:24","modified_gmt":"2021-12-25T10:16:24","slug":"die-kultur-erneut-und-gerade-jetzt-opfern-zeugt-von-kultureller-ignoranz","status":"publish","type":"post","link":"https:\/\/kulturonline.tv\/de\/die-kultur-erneut-und-gerade-jetzt-opfern-zeugt-von-kultureller-ignoranz\/","title":{"rendered":"Die Kultur erneut und gerade jetzt opfern zeugt von kultureller Ignoranz"},"content":{"rendered":"\n<p>Weihnachten steht dieses Jahr definitiv nicht unter einem guten Stern. Statt des traditionell mit dem Weihnachtsfest verbundenen Gef\u00fchls der Hoffnung und der Zuversicht ist eines der Angst, ja der Resignation getreten. Die Menschen sind nach zwei Jahren Corona m\u00fcde, die zunehmenden Impfdurchbr\u00fcche und vor allem der j\u00fcngste Konzertierungsausschuss haben nicht dazu beigetragen, das Vertrauen der Menschen in Politik und Wissenschaft zu st\u00e4rken.<\/p>\n\n\n\n<figure class=\"wp-block-image size-full\"><img fetchpriority=\"high\" decoding=\"async\" width=\"1348\" height=\"759\" src=\"https:\/\/kulturonline.tv\/wp-content\/uploads\/2021\/12\/B9729447138Z.1_20211224073040_000G5OJJD7JN.1-0-edited.jpg\" alt=\"\" class=\"wp-image-17608\" srcset=\"https:\/\/kulturonline.tv\/wp-content\/uploads\/2021\/12\/B9729447138Z.1_20211224073040_000G5OJJD7JN.1-0-edited.jpg 1348w, https:\/\/kulturonline.tv\/wp-content\/uploads\/2021\/12\/B9729447138Z.1_20211224073040_000G5OJJD7JN.1-0-edited-600x338.jpg 600w, https:\/\/kulturonline.tv\/wp-content\/uploads\/2021\/12\/B9729447138Z.1_20211224073040_000G5OJJD7JN.1-0-edited-800x450.jpg 800w, https:\/\/kulturonline.tv\/wp-content\/uploads\/2021\/12\/B9729447138Z.1_20211224073040_000G5OJJD7JN.1-0-edited-768x432.jpg 768w\" sizes=\"(max-width: 1348px) 100vw, 1348px\" \/><figcaption>\u00a9 Photo News<\/figcaption><\/figure>\n\n\n\n<p>Nach der Weihnachtspause wird die f\u00f6derale Abgeordnetenkammer eine umfassende Debatte \u00fcber eine allgemeine Impfpflicht und das sogenannte Covid-Safe-Ticket f\u00fchren. Dies gab die Kammervorsitzende Eliane Tillieux am Freitag bekannt.<\/p>\n\n\n\n<p>Premierminister Alexander De Croo ist \u00fcberzeugt, dass Belgien auch die jetzige, vierte Corona-Welle meistern kann. Das sagte er im Rahmen der Pressekonferenz nach dem au\u00dferplanm\u00e4\u00dfigen Konzertierungsausschuss. Die Menschen h\u00e4tten es selbst in der Hand, wie sich die Lage entwickeln werde, unterstrich der Premier.<\/p>\n\n\n\n<p>De Croo sagte w\u00f6rtlich: \u201eWir wissen, dass unsere Botschaft sehr negativ ist, aber wir wollen heute unbedingt verhindern, dass zu viele Menschen zusammenkommen. Es ist ein schwieriger Moment und wir sind alle entt\u00e4uscht\u201c.<\/p>\n\n\n\n<p>Die Lage sei durchaus widerspr\u00fcchlich, r\u00e4umte Premierminister Alexander De Croo ein. Auf der einen Seite sinken die Zahlen. Auch der Druck auf die Krankenh\u00e4user nimmt ab. Es gibt aber einen Grund zur Besorgnis: Die Omikron-Variante macht die Lage derzeit schwer berechenbar.<\/p>\n\n\n\n<p>Die Impfung bleibe wichtig, sagte De Croo. Vor allem die Booster-Impfung sei im Moment das Mittel Nummer eins, um sich gegen die neue Variante zu sch\u00fctzen. Doch seien zus\u00e4tzliche Ma\u00dfnahmen n\u00f6tig, um die Verbreitung von Omikron zu verlangsamen und auch daf\u00fcr zu sorgen, dass die Schulen, wie geplant, am 10. Januar wieder \u00f6ffnen k\u00f6nnen.<\/p>\n\n\n\n<p>Das erste Ma\u00dfnahmenpaket betrifft Indoor-Veranstaltungen. Die werden allesamt gestoppt: Weihnachtsm\u00e4rkte, Kinos, Auff\u00fchrungen, Kongresse; sofern es sich eben in Innenr\u00e4umen abspielt. Es gibt einige Ausnahmen, wie etwa Museen oder Sportaktivit\u00e4ten. Drau\u00dfen wird alles untersagt, was etwa unter einem Zelt stattfindet.<\/p>\n\n\n\n<p>In Gesch\u00e4ften wird man nur noch zu zweit shoppen d\u00fcrfen; ausgenommen von dieser Auflage sind Minderj\u00e4hrige. Und Sportveranstaltungen werden wieder ohne Publikum stattfinden d\u00fcrfen, ob nun drinnen oder drau\u00dfen. Das gilt sowohl f\u00fcr den Profi-Bereich, als auch f\u00fcr Amateure.<\/p>\n\n\n\n<p>Gesundheitsminister Vandebroucke appellierte ebenfalls an die Solidarit\u00e4t der Menschen. \u201eWas uns retten wird in dieser schwierigen Zeit, ist unsere Solidarit\u00e4t, das gemeinsame Handeln, die Vorsicht, die alle walten lassen\u201c, so Vandenbroucke.<\/p>\n\n\n\n<p>Kultur Online TV<\/p>\n\n\n\n<p>#lockdown #corona <\/p>\n","protected":false},"excerpt":{"rendered":"<p>Weihnachten steht dieses Jahr definitiv nicht unter einem guten Stern. Statt des traditionell mit dem Weihnachtsfest verbundenen Gef\u00fchls der Hoffnung und der Zuversicht ist eines der Angst, ja der Resignation getreten. Die Menschen sind nach zwei Jahren Corona m\u00fcde, die zunehmenden Impfdurchbr\u00fcche und vor allem der j\u00fcngste Konzertierungsausschuss haben nicht dazu beigetragen, das Vertrauen der [&hellip;]<\/p>\n","protected":false},"author":2,"featured_media":17608,"comment_status":"closed","ping_status":"closed","sticky":false,"template":"","format":"standard","meta":{"_acf_changed":false,"footnotes":""},"categories":[3],"tags":[],"class_list":["post-17603","post","type-post","status-publish","format-standard","has-post-thumbnail","hentry","category-newsflash"],"acf":[],"yoast_head":"<!-- This site is optimized with the Yoast SEO plugin v26.1.1 - https:\/\/yoast.com\/wordpress\/plugins\/seo\/ -->\n<title>Die Kultur erneut und gerade jetzt opfern zeugt von kultureller Ignoranz - Kultur Online TV &amp; FM<\/title>\n<meta name=\"description\" content=\"Kultur sehen und H\u00f6ren\" \/>\n<meta name=\"robots\" content=\"index, follow, max-snippet:-1, max-image-preview:large, max-video-preview:-1\" \/>\n<link rel=\"canonical\" href=\"https:\/\/kulturonline.tv\/de\/die-kultur-erneut-und-gerade-jetzt-opfern-zeugt-von-kultureller-ignoranz\/\" \/>\n<meta property=\"og:locale\" content=\"de_DE\" \/>\n<meta property=\"og:type\" content=\"article\" \/>\n<meta property=\"og:title\" content=\"Die Kultur erneut und gerade jetzt opfern zeugt von kultureller Ignoranz - Kultur Online TV &amp; FM\" \/>\n<meta property=\"og:description\" content=\"Kultur sehen und H\u00f6ren\" \/>\n<meta property=\"og:url\" content=\"https:\/\/kulturonline.tv\/de\/die-kultur-erneut-und-gerade-jetzt-opfern-zeugt-von-kultureller-ignoranz\/\" \/>\n<meta property=\"og:site_name\" content=\"Kultur Online TV &amp; FM\" \/>\n<meta property=\"article:publisher\" content=\"https:\/\/www.facebook.com\/kulturonline.tv\" \/>\n<meta property=\"article:published_time\" content=\"2021-12-25T10:16:23+00:00\" \/>\n<meta property=\"article:modified_time\" content=\"2021-12-25T10:16:24+00:00\" \/>\n<meta property=\"og:image\" content=\"https:\/\/kulturonline.tv\/wp-content\/uploads\/2021\/12\/B9729447138Z.1_20211224073040_000G5OJJD7JN.1-0-edited.jpg\" \/>\n\t<meta property=\"og:image:width\" content=\"1348\" \/>\n\t<meta property=\"og:image:height\" content=\"759\" \/>\n\t<meta property=\"og:image:type\" content=\"image\/jpeg\" \/>\n<meta name=\"author\" content=\"guenter.wolfgang\" \/>\n<meta name=\"twitter:card\" content=\"summary_large_image\" \/>\n<meta name=\"twitter:label1\" content=\"Verfasst von\" \/>\n\t<meta name=\"twitter:data1\" content=\"guenter.wolfgang\" \/>\n\t<meta name=\"twitter:label2\" content=\"Gesch\u00e4tzte Lesezeit\" \/>\n\t<meta name=\"twitter:data2\" content=\"3\u00a0Minuten\" \/>\n<script type=\"application\/ld+json\" class=\"yoast-schema-graph\">{\"@context\":\"https:\/\/schema.org\",\"@graph\":[{\"@type\":\"Article\",\"@id\":\"https:\/\/kulturonline.tv\/de\/die-kultur-erneut-und-gerade-jetzt-opfern-zeugt-von-kultureller-ignoranz\/#article\",\"isPartOf\":{\"@id\":\"https:\/\/kulturonline.tv\/de\/die-kultur-erneut-und-gerade-jetzt-opfern-zeugt-von-kultureller-ignoranz\/\"},\"author\":{\"name\":\"guenter.wolfgang\",\"@id\":\"https:\/\/kulturonline.tv\/de\/#\/schema\/person\/b0fac729bb9a0c193fb1df23449df4fe\"},\"headline\":\"Die Kultur erneut und gerade jetzt opfern zeugt von kultureller Ignoranz\",\"datePublished\":\"2021-12-25T10:16:23+00:00\",\"dateModified\":\"2021-12-25T10:16:24+00:00\",\"mainEntityOfPage\":{\"@id\":\"https:\/\/kulturonline.tv\/de\/die-kultur-erneut-und-gerade-jetzt-opfern-zeugt-von-kultureller-ignoranz\/\"},\"wordCount\":423,\"publisher\":{\"@id\":\"https:\/\/kulturonline.tv\/de\/#organization\"},\"image\":{\"@id\":\"https:\/\/kulturonline.tv\/de\/die-kultur-erneut-und-gerade-jetzt-opfern-zeugt-von-kultureller-ignoranz\/#primaryimage\"},\"thumbnailUrl\":\"https:\/\/kulturonline.tv\/wp-content\/uploads\/2021\/12\/B9729447138Z.1_20211224073040_000G5OJJD7JN.1-0-edited.jpg\",\"articleSection\":[\"Newsflash\"],\"inLanguage\":\"de\"},{\"@type\":\"WebPage\",\"@id\":\"https:\/\/kulturonline.tv\/de\/die-kultur-erneut-und-gerade-jetzt-opfern-zeugt-von-kultureller-ignoranz\/\",\"url\":\"https:\/\/kulturonline.tv\/de\/die-kultur-erneut-und-gerade-jetzt-opfern-zeugt-von-kultureller-ignoranz\/\",\"name\":\"Die Kultur erneut und gerade jetzt opfern zeugt von kultureller Ignoranz - Kultur Online TV &amp; FM\",\"isPartOf\":{\"@id\":\"https:\/\/kulturonline.tv\/de\/#website\"},\"primaryImageOfPage\":{\"@id\":\"https:\/\/kulturonline.tv\/de\/die-kultur-erneut-und-gerade-jetzt-opfern-zeugt-von-kultureller-ignoranz\/#primaryimage\"},\"image\":{\"@id\":\"https:\/\/kulturonline.tv\/de\/die-kultur-erneut-und-gerade-jetzt-opfern-zeugt-von-kultureller-ignoranz\/#primaryimage\"},\"thumbnailUrl\":\"https:\/\/kulturonline.tv\/wp-content\/uploads\/2021\/12\/B9729447138Z.1_20211224073040_000G5OJJD7JN.1-0-edited.jpg\",\"datePublished\":\"2021-12-25T10:16:23+00:00\",\"dateModified\":\"2021-12-25T10:16:24+00:00\",\"description\":\"Kultur sehen und H\u00f6ren\",\"breadcrumb\":{\"@id\":\"https:\/\/kulturonline.tv\/de\/die-kultur-erneut-und-gerade-jetzt-opfern-zeugt-von-kultureller-ignoranz\/#breadcrumb\"},\"inLanguage\":\"de\",\"potentialAction\":[{\"@type\":\"ReadAction\",\"target\":[\"https:\/\/kulturonline.tv\/de\/die-kultur-erneut-und-gerade-jetzt-opfern-zeugt-von-kultureller-ignoranz\/\"]}]},{\"@type\":\"ImageObject\",\"inLanguage\":\"de\",\"@id\":\"https:\/\/kulturonline.tv\/de\/die-kultur-erneut-und-gerade-jetzt-opfern-zeugt-von-kultureller-ignoranz\/#primaryimage\",\"url\":\"https:\/\/kulturonline.tv\/wp-content\/uploads\/2021\/12\/B9729447138Z.1_20211224073040_000G5OJJD7JN.1-0-edited.jpg\",\"contentUrl\":\"https:\/\/kulturonline.tv\/wp-content\/uploads\/2021\/12\/B9729447138Z.1_20211224073040_000G5OJJD7JN.1-0-edited.jpg\",\"width\":1348,\"height\":759},{\"@type\":\"BreadcrumbList\",\"@id\":\"https:\/\/kulturonline.tv\/de\/die-kultur-erneut-und-gerade-jetzt-opfern-zeugt-von-kultureller-ignoranz\/#breadcrumb\",\"itemListElement\":[{\"@type\":\"ListItem\",\"position\":1,\"name\":\"Startseite\",\"item\":\"https:\/\/kulturonline.tv\/de\/\"},{\"@type\":\"ListItem\",\"position\":2,\"name\":\"Die Kultur erneut und gerade jetzt opfern zeugt von kultureller Ignoranz\"}]},{\"@type\":\"WebSite\",\"@id\":\"https:\/\/kulturonline.tv\/de\/#website\",\"url\":\"https:\/\/kulturonline.tv\/de\/\",\"name\":\"Kultur Online TV &amp; FM\",\"description\":\"Wir sind Kultur 2.0 zum sehen &amp; h\u00f6ren\",\"publisher\":{\"@id\":\"https:\/\/kulturonline.tv\/de\/#organization\"},\"potentialAction\":[{\"@type\":\"SearchAction\",\"target\":{\"@type\":\"EntryPoint\",\"urlTemplate\":\"https:\/\/kulturonline.tv\/de\/?s={search_term_string}\"},\"query-input\":{\"@type\":\"PropertyValueSpecification\",\"valueRequired\":true,\"valueName\":\"search_term_string\"}}],\"inLanguage\":\"de\"},{\"@type\":\"Organization\",\"@id\":\"https:\/\/kulturonline.tv\/de\/#organization\",\"name\":\"Kultur Online TV\",\"url\":\"https:\/\/kulturonline.tv\/de\/\",\"logo\":{\"@type\":\"ImageObject\",\"inLanguage\":\"de\",\"@id\":\"https:\/\/kulturonline.tv\/de\/#\/schema\/logo\/image\/\",\"url\":\"https:\/\/kulturonline.tv\/wp-content\/uploads\/2021\/08\/Kultur-Online-Tv-Logo-Endversion-neu.png\",\"contentUrl\":\"https:\/\/kulturonline.tv\/wp-content\/uploads\/2021\/08\/Kultur-Online-Tv-Logo-Endversion-neu.png\",\"width\":200,\"height\":200,\"caption\":\"Kultur Online TV\"},\"image\":{\"@id\":\"https:\/\/kulturonline.tv\/de\/#\/schema\/logo\/image\/\"},\"sameAs\":[\"https:\/\/www.facebook.com\/kulturonline.tv\",\"https:\/\/www.instagram.com\/kulturonline.tv\"]},{\"@type\":\"Person\",\"@id\":\"https:\/\/kulturonline.tv\/de\/#\/schema\/person\/b0fac729bb9a0c193fb1df23449df4fe\",\"name\":\"guenter.wolfgang\"}]}<\/script>\n<!-- \/ Yoast SEO plugin. -->","yoast_head_json":{"title":"Die Kultur erneut und gerade jetzt opfern zeugt von kultureller Ignoranz - Kultur Online TV &amp; FM","description":"Kultur sehen und H\u00f6ren","robots":{"index":"index","follow":"follow","max-snippet":"max-snippet:-1","max-image-preview":"max-image-preview:large","max-video-preview":"max-video-preview:-1"},"canonical":"https:\/\/kulturonline.tv\/de\/die-kultur-erneut-und-gerade-jetzt-opfern-zeugt-von-kultureller-ignoranz\/","og_locale":"de_DE","og_type":"article","og_title":"Die Kultur erneut und gerade jetzt opfern zeugt von kultureller Ignoranz - Kultur Online TV &amp; FM","og_description":"Kultur sehen und H\u00f6ren","og_url":"https:\/\/kulturonline.tv\/de\/die-kultur-erneut-und-gerade-jetzt-opfern-zeugt-von-kultureller-ignoranz\/","og_site_name":"Kultur Online TV &amp; FM","article_publisher":"https:\/\/www.facebook.com\/kulturonline.tv","article_published_time":"2021-12-25T10:16:23+00:00","article_modified_time":"2021-12-25T10:16:24+00:00","og_image":[{"width":1348,"height":759,"url":"https:\/\/kulturonline.tv\/wp-content\/uploads\/2021\/12\/B9729447138Z.1_20211224073040_000G5OJJD7JN.1-0-edited.jpg","type":"image\/jpeg"}],"author":"guenter.wolfgang","twitter_card":"summary_large_image","twitter_misc":{"Verfasst von":"guenter.wolfgang","Gesch\u00e4tzte Lesezeit":"3\u00a0Minuten"},"schema":{"@context":"https:\/\/schema.org","@graph":[{"@type":"Article","@id":"https:\/\/kulturonline.tv\/de\/die-kultur-erneut-und-gerade-jetzt-opfern-zeugt-von-kultureller-ignoranz\/#article","isPartOf":{"@id":"https:\/\/kulturonline.tv\/de\/die-kultur-erneut-und-gerade-jetzt-opfern-zeugt-von-kultureller-ignoranz\/"},"author":{"name":"guenter.wolfgang","@id":"https:\/\/kulturonline.tv\/de\/#\/schema\/person\/b0fac729bb9a0c193fb1df23449df4fe"},"headline":"Die Kultur erneut und gerade jetzt opfern zeugt von kultureller Ignoranz","datePublished":"2021-12-25T10:16:23+00:00","dateModified":"2021-12-25T10:16:24+00:00","mainEntityOfPage":{"@id":"https:\/\/kulturonline.tv\/de\/die-kultur-erneut-und-gerade-jetzt-opfern-zeugt-von-kultureller-ignoranz\/"},"wordCount":423,"publisher":{"@id":"https:\/\/kulturonline.tv\/de\/#organization"},"image":{"@id":"https:\/\/kulturonline.tv\/de\/die-kultur-erneut-und-gerade-jetzt-opfern-zeugt-von-kultureller-ignoranz\/#primaryimage"},"thumbnailUrl":"https:\/\/kulturonline.tv\/wp-content\/uploads\/2021\/12\/B9729447138Z.1_20211224073040_000G5OJJD7JN.1-0-edited.jpg","articleSection":["Newsflash"],"inLanguage":"de"},{"@type":"WebPage","@id":"https:\/\/kulturonline.tv\/de\/die-kultur-erneut-und-gerade-jetzt-opfern-zeugt-von-kultureller-ignoranz\/","url":"https:\/\/kulturonline.tv\/de\/die-kultur-erneut-und-gerade-jetzt-opfern-zeugt-von-kultureller-ignoranz\/","name":"Die Kultur erneut und gerade jetzt opfern zeugt von kultureller Ignoranz - Kultur Online TV &amp; FM","isPartOf":{"@id":"https:\/\/kulturonline.tv\/de\/#website"},"primaryImageOfPage":{"@id":"https:\/\/kulturonline.tv\/de\/die-kultur-erneut-und-gerade-jetzt-opfern-zeugt-von-kultureller-ignoranz\/#primaryimage"},"image":{"@id":"https:\/\/kulturonline.tv\/de\/die-kultur-erneut-und-gerade-jetzt-opfern-zeugt-von-kultureller-ignoranz\/#primaryimage"},"thumbnailUrl":"https:\/\/kulturonline.tv\/wp-content\/uploads\/2021\/12\/B9729447138Z.1_20211224073040_000G5OJJD7JN.1-0-edited.jpg","datePublished":"2021-12-25T10:16:23+00:00","dateModified":"2021-12-25T10:16:24+00:00","description":"Kultur sehen und H\u00f6ren","breadcrumb":{"@id":"https:\/\/kulturonline.tv\/de\/die-kultur-erneut-und-gerade-jetzt-opfern-zeugt-von-kultureller-ignoranz\/#breadcrumb"},"inLanguage":"de","potentialAction":[{"@type":"ReadAction","target":["https:\/\/kulturonline.tv\/de\/die-kultur-erneut-und-gerade-jetzt-opfern-zeugt-von-kultureller-ignoranz\/"]}]},{"@type":"ImageObject","inLanguage":"de","@id":"https:\/\/kulturonline.tv\/de\/die-kultur-erneut-und-gerade-jetzt-opfern-zeugt-von-kultureller-ignoranz\/#primaryimage","url":"https:\/\/kulturonline.tv\/wp-content\/uploads\/2021\/12\/B9729447138Z.1_20211224073040_000G5OJJD7JN.1-0-edited.jpg","contentUrl":"https:\/\/kulturonline.tv\/wp-content\/uploads\/2021\/12\/B9729447138Z.1_20211224073040_000G5OJJD7JN.1-0-edited.jpg","width":1348,"height":759},{"@type":"BreadcrumbList","@id":"https:\/\/kulturonline.tv\/de\/die-kultur-erneut-und-gerade-jetzt-opfern-zeugt-von-kultureller-ignoranz\/#breadcrumb","itemListElement":[{"@type":"ListItem","position":1,"name":"Startseite","item":"https:\/\/kulturonline.tv\/de\/"},{"@type":"ListItem","position":2,"name":"Die Kultur erneut und gerade jetzt opfern zeugt von kultureller Ignoranz"}]},{"@type":"WebSite","@id":"https:\/\/kulturonline.tv\/de\/#website","url":"https:\/\/kulturonline.tv\/de\/","name":"Kultur Online TV &amp; FM","description":"Wir sind Kultur 2.0 zum sehen &amp; h\u00f6ren","publisher":{"@id":"https:\/\/kulturonline.tv\/de\/#organization"},"potentialAction":[{"@type":"SearchAction","target":{"@type":"EntryPoint","urlTemplate":"https:\/\/kulturonline.tv\/de\/?s={search_term_string}"},"query-input":{"@type":"PropertyValueSpecification","valueRequired":true,"valueName":"search_term_string"}}],"inLanguage":"de"},{"@type":"Organization","@id":"https:\/\/kulturonline.tv\/de\/#organization","name":"Kultur Online TV","url":"https:\/\/kulturonline.tv\/de\/","logo":{"@type":"ImageObject","inLanguage":"de","@id":"https:\/\/kulturonline.tv\/de\/#\/schema\/logo\/image\/","url":"https:\/\/kulturonline.tv\/wp-content\/uploads\/2021\/08\/Kultur-Online-Tv-Logo-Endversion-neu.png","contentUrl":"https:\/\/kulturonline.tv\/wp-content\/uploads\/2021\/08\/Kultur-Online-Tv-Logo-Endversion-neu.png","width":200,"height":200,"caption":"Kultur Online TV"},"image":{"@id":"https:\/\/kulturonline.tv\/de\/#\/schema\/logo\/image\/"},"sameAs":["https:\/\/www.facebook.com\/kulturonline.tv","https:\/\/www.instagram.com\/kulturonline.tv"]},{"@type":"Person","@id":"https:\/\/kulturonline.tv\/de\/#\/schema\/person\/b0fac729bb9a0c193fb1df23449df4fe","name":"guenter.wolfgang"}]}},"_links":{"self":[{"href":"https:\/\/kulturonline.tv\/de\/wp-json\/wp\/v2\/posts\/17603","targetHints":{"allow":["GET"]}}],"collection":[{"href":"https:\/\/kulturonline.tv\/de\/wp-json\/wp\/v2\/posts"}],"about":[{"href":"https:\/\/kulturonline.tv\/de\/wp-json\/wp\/v2\/types\/post"}],"author":[{"embeddable":true,"href":"https:\/\/kulturonline.tv\/de\/wp-json\/wp\/v2\/users\/2"}],"replies":[{"embeddable":true,"href":"https:\/\/kulturonline.tv\/de\/wp-json\/wp\/v2\/comments?post=17603"}],"version-history":[{"count":0,"href":"https:\/\/kulturonline.tv\/de\/wp-json\/wp\/v2\/posts\/17603\/revisions"}],"wp:featuredmedia":[{"embeddable":true,"href":"https:\/\/kulturonline.tv\/de\/wp-json\/wp\/v2\/media\/17608"}],"wp:attachment":[{"href":"https:\/\/kulturonline.tv\/de\/wp-json\/wp\/v2\/media?parent=17603"}],"wp:term":[{"taxonomy":"category","embeddable":true,"href":"https:\/\/kulturonline.tv\/de\/wp-json\/wp\/v2\/categories?post=17603"},{"taxonomy":"post_tag","embeddable":true,"href":"https:\/\/kulturonline.tv\/de\/wp-json\/wp\/v2\/tags?post=17603"}],"curies":[{"name":"wp","href":"https:\/\/api.w.org\/{rel}","templated":true}]}}