{"id":17695,"date":"2021-12-25T17:27:18","date_gmt":"2021-12-25T16:27:18","guid":{"rendered":"https:\/\/kulturonline.tv\/?p=17695"},"modified":"2021-12-25T17:27:19","modified_gmt":"2021-12-25T16:27:19","slug":"ganz-im-zeichen-der-diversitaet-das-literatur-jahr-2021","status":"publish","type":"post","link":"https:\/\/kulturonline.tv\/de\/ganz-im-zeichen-der-diversitaet-das-literatur-jahr-2021\/","title":{"rendered":"Ganz im Zeichen der Diversit\u00e4t &#8211; Das Literatur-Jahr 2021"},"content":{"rendered":"\n<p>Von Amanda Gormans mitrei\u00dfendem Gedicht &#8222;The Hill We Climb&#8220;, \u00fcber den Literaturnobelpreis f\u00fcr Abdulrazak Gurnah bis hin zu spannenden Deb\u00fctromanen: Kein Jahr stand bisher so sehr f\u00fcr &#8222;Diversity&#8220; wie dieses.<\/p>\n\n\n\n<figure class=\"wp-block-image size-large\"><img fetchpriority=\"high\" decoding=\"async\" width=\"2560\" height=\"1439\" src=\"https:\/\/kulturonline.tv\/wp-content\/uploads\/2021\/12\/27e61538-1152-4aa8-92d1-9d3f117de0c8-edited-scaled.jpg\" alt=\"\" class=\"wp-image-17699\" srcset=\"https:\/\/kulturonline.tv\/wp-content\/uploads\/2021\/12\/27e61538-1152-4aa8-92d1-9d3f117de0c8-edited-scaled.jpg 2560w, https:\/\/kulturonline.tv\/wp-content\/uploads\/2021\/12\/27e61538-1152-4aa8-92d1-9d3f117de0c8-edited-scaled-600x337.jpg 600w, https:\/\/kulturonline.tv\/wp-content\/uploads\/2021\/12\/27e61538-1152-4aa8-92d1-9d3f117de0c8-edited-800x450.jpg 800w, https:\/\/kulturonline.tv\/wp-content\/uploads\/2021\/12\/27e61538-1152-4aa8-92d1-9d3f117de0c8-edited-1600x899.jpg 1600w, https:\/\/kulturonline.tv\/wp-content\/uploads\/2021\/12\/27e61538-1152-4aa8-92d1-9d3f117de0c8-edited-768x432.jpg 768w, https:\/\/kulturonline.tv\/wp-content\/uploads\/2021\/12\/27e61538-1152-4aa8-92d1-9d3f117de0c8-edited-1536x863.jpg 1536w, https:\/\/kulturonline.tv\/wp-content\/uploads\/2021\/12\/27e61538-1152-4aa8-92d1-9d3f117de0c8-edited-2048x1151.jpg 2048w\" sizes=\"(max-width: 2560px) 100vw, 2560px\" \/><\/figure>\n\n\n\n<p>Abdulrazak Gurnah war der \u00fcberraschende Nobelpreistr\u00e4ger. Literatur erweitere den Erfahrungsraum, sie vertiefe die Erinnerung an den Kolonialismus, der uns auch heute begleite, sagt Gurnah. Der tansanisch-englische Romancier\u00a0nimmt die blutige deutsche Kolonialgeschichte in den Blick. Der Franko-Senegalese Mohamed Mbougar Sarr\u00a0gewann den Prix Goncourt, sein Landsmann\u00a0David Diop den Booker-Prize International. Und aus Zimbabwe kam die\u00a0Friedenspreistr\u00e4gerin des Deutschen Buchhandels: Tsitsi Dangarembga.<\/p>\n\n\n\n<p>Abdulrazak Gurnah erh\u00e4lt die Auszeichnung f\u00fcr seine unbestechliche und leidenschaftliche Auseinandersetzung mit den Auswirkungen des Kolonialismus und dem Schicksal der Fl\u00fcchtlinge im Spannungsfeld zwischen den Kulturen und Kontinenten, hei\u00dft es in der Begr\u00fcndung der Schwedischen Akademie.<\/p>\n\n\n\n<p>Diversit\u00e4t war Programm, und\u00a0Mithu Sanyal, die D\u00fcsseldorfer Kulturwissenschaftlerin mit polnischer Mutter und indischem Vater, landete auf der\u00a0Shortlist f\u00fcr den Deutschen Buchpreis\u00a0mit &#8222;Identitti&#8220; ihrem klugen, vergn\u00fcglichen Romandeb\u00fct \u00fcber Identit\u00e4t, worin Nivedita alias Identitti einer falschen Inderin auf den Leim geht. <\/p>\n\n\n\n<p>Diversit\u00e4t ist ja immer so etwas, das uns zugeworfen wird. Divers sollen dann ja die Leute mit den unterschiedlichen Hautfarben sein, die sollen dann die Diversit\u00e4t reinbringen&#8220;, sagt Sanyal. Und weiter: &#8222;Mensch sein, ist divers. Also ich finde es absurd. Und was damit gemeint ist in den politischen Debatten, ist ja, so unterschiedliche Hintergr\u00fcnde der Eltern zu haben. Und im Moment ist Diversit\u00e4t einfach nur noch Race.&#8220;<\/p>\n\n\n\n<p>Literatur ist Wissensspeicher und Seismograph f\u00fcr gesellschaftliche Entwicklungen, ist Diskursgel\u00e4nde und Resonanzraum. Sie \u00f6ffnet T\u00fcren zu anderen Lebenswelten, wenn Autorinnen, Verlage, Agenturen, der Buchhandel das zulassen, wenn die Leserschaft folgt und sich Literaturpreis-Jurys \u00f6ffnen. Diverse Autoren und Autorinnen ver\u00e4ndert Narrative einer Gesellschaft, sie erz\u00e4hlen von Kriegs-, Flucht- und Fremdheitserfahrung, bastardisieren unsere Sprache und schaffen neue literarische Formen.<\/p>\n\n\n\n<p>Kultur Online TV<\/p>\n\n\n\n<p>#literatur #divers #kultur<\/p>\n","protected":false},"excerpt":{"rendered":"<p>Von Amanda Gormans mitrei\u00dfendem Gedicht &#8222;The Hill We Climb&#8220;, \u00fcber den Literaturnobelpreis f\u00fcr Abdulrazak Gurnah bis hin zu spannenden Deb\u00fctromanen: Kein Jahr stand bisher so sehr f\u00fcr &#8222;Diversity&#8220; wie dieses. Abdulrazak Gurnah war der \u00fcberraschende Nobelpreistr\u00e4ger. Literatur erweitere den Erfahrungsraum, sie vertiefe die Erinnerung an den Kolonialismus, der uns auch heute begleite, sagt Gurnah. Der [&hellip;]<\/p>\n","protected":false},"author":2,"featured_media":17699,"comment_status":"closed","ping_status":"closed","sticky":false,"template":"","format":"standard","meta":{"_acf_changed":false,"footnotes":""},"categories":[106,3],"tags":[],"class_list":["post-17695","post","type-post","status-publish","format-standard","has-post-thumbnail","hentry","category-literatur","category-newsflash"],"acf":[],"yoast_head":"<!-- This site is optimized with the Yoast SEO plugin v26.1.1 - https:\/\/yoast.com\/wordpress\/plugins\/seo\/ -->\n<title>Ganz im Zeichen der Diversit\u00e4t - Das Literatur-Jahr 2021 - Kultur Online TV &amp; FM<\/title>\n<meta name=\"description\" content=\"Kultur sehen und H\u00f6ren\" \/>\n<meta name=\"robots\" content=\"index, follow, max-snippet:-1, max-image-preview:large, max-video-preview:-1\" \/>\n<link rel=\"canonical\" href=\"https:\/\/kulturonline.tv\/de\/ganz-im-zeichen-der-diversitaet-das-literatur-jahr-2021\/\" \/>\n<meta property=\"og:locale\" content=\"de_DE\" \/>\n<meta property=\"og:type\" content=\"article\" \/>\n<meta property=\"og:title\" content=\"Ganz im Zeichen der Diversit\u00e4t - Das Literatur-Jahr 2021 - Kultur Online TV &amp; FM\" \/>\n<meta property=\"og:description\" content=\"Kultur sehen und H\u00f6ren\" \/>\n<meta property=\"og:url\" content=\"https:\/\/kulturonline.tv\/de\/ganz-im-zeichen-der-diversitaet-das-literatur-jahr-2021\/\" \/>\n<meta property=\"og:site_name\" content=\"Kultur Online TV &amp; FM\" \/>\n<meta property=\"article:publisher\" content=\"https:\/\/www.facebook.com\/kulturonline.tv\" \/>\n<meta property=\"article:published_time\" content=\"2021-12-25T16:27:18+00:00\" \/>\n<meta property=\"article:modified_time\" content=\"2021-12-25T16:27:19+00:00\" \/>\n<meta property=\"og:image\" content=\"https:\/\/kulturonline.tv\/wp-content\/uploads\/2021\/12\/27e61538-1152-4aa8-92d1-9d3f117de0c8-edited-scaled.jpg\" \/>\n\t<meta property=\"og:image:width\" content=\"2560\" \/>\n\t<meta property=\"og:image:height\" content=\"1439\" \/>\n\t<meta property=\"og:image:type\" content=\"image\/jpeg\" \/>\n<meta name=\"author\" content=\"guenter.wolfgang\" \/>\n<meta name=\"twitter:card\" content=\"summary_large_image\" \/>\n<meta name=\"twitter:label1\" content=\"Verfasst von\" \/>\n\t<meta name=\"twitter:data1\" content=\"guenter.wolfgang\" \/>\n\t<meta name=\"twitter:label2\" content=\"Gesch\u00e4tzte Lesezeit\" \/>\n\t<meta name=\"twitter:data2\" content=\"2\u00a0Minuten\" \/>\n<script type=\"application\/ld+json\" class=\"yoast-schema-graph\">{\"@context\":\"https:\/\/schema.org\",\"@graph\":[{\"@type\":\"Article\",\"@id\":\"https:\/\/kulturonline.tv\/de\/ganz-im-zeichen-der-diversitaet-das-literatur-jahr-2021\/#article\",\"isPartOf\":{\"@id\":\"https:\/\/kulturonline.tv\/de\/ganz-im-zeichen-der-diversitaet-das-literatur-jahr-2021\/\"},\"author\":{\"name\":\"guenter.wolfgang\",\"@id\":\"https:\/\/kulturonline.tv\/de\/#\/schema\/person\/b0fac729bb9a0c193fb1df23449df4fe\"},\"headline\":\"Ganz im Zeichen der Diversit\u00e4t &#8211; Das Literatur-Jahr 2021\",\"datePublished\":\"2021-12-25T16:27:18+00:00\",\"dateModified\":\"2021-12-25T16:27:19+00:00\",\"mainEntityOfPage\":{\"@id\":\"https:\/\/kulturonline.tv\/de\/ganz-im-zeichen-der-diversitaet-das-literatur-jahr-2021\/\"},\"wordCount\":335,\"publisher\":{\"@id\":\"https:\/\/kulturonline.tv\/de\/#organization\"},\"image\":{\"@id\":\"https:\/\/kulturonline.tv\/de\/ganz-im-zeichen-der-diversitaet-das-literatur-jahr-2021\/#primaryimage\"},\"thumbnailUrl\":\"https:\/\/kulturonline.tv\/wp-content\/uploads\/2021\/12\/27e61538-1152-4aa8-92d1-9d3f117de0c8-edited-scaled.jpg\",\"articleSection\":[\"Literatur\",\"Newsflash\"],\"inLanguage\":\"de\"},{\"@type\":\"WebPage\",\"@id\":\"https:\/\/kulturonline.tv\/de\/ganz-im-zeichen-der-diversitaet-das-literatur-jahr-2021\/\",\"url\":\"https:\/\/kulturonline.tv\/de\/ganz-im-zeichen-der-diversitaet-das-literatur-jahr-2021\/\",\"name\":\"Ganz im Zeichen der Diversit\u00e4t - Das Literatur-Jahr 2021 - Kultur Online TV &amp; FM\",\"isPartOf\":{\"@id\":\"https:\/\/kulturonline.tv\/de\/#website\"},\"primaryImageOfPage\":{\"@id\":\"https:\/\/kulturonline.tv\/de\/ganz-im-zeichen-der-diversitaet-das-literatur-jahr-2021\/#primaryimage\"},\"image\":{\"@id\":\"https:\/\/kulturonline.tv\/de\/ganz-im-zeichen-der-diversitaet-das-literatur-jahr-2021\/#primaryimage\"},\"thumbnailUrl\":\"https:\/\/kulturonline.tv\/wp-content\/uploads\/2021\/12\/27e61538-1152-4aa8-92d1-9d3f117de0c8-edited-scaled.jpg\",\"datePublished\":\"2021-12-25T16:27:18+00:00\",\"dateModified\":\"2021-12-25T16:27:19+00:00\",\"description\":\"Kultur sehen und H\u00f6ren\",\"breadcrumb\":{\"@id\":\"https:\/\/kulturonline.tv\/de\/ganz-im-zeichen-der-diversitaet-das-literatur-jahr-2021\/#breadcrumb\"},\"inLanguage\":\"de\",\"potentialAction\":[{\"@type\":\"ReadAction\",\"target\":[\"https:\/\/kulturonline.tv\/de\/ganz-im-zeichen-der-diversitaet-das-literatur-jahr-2021\/\"]}]},{\"@type\":\"ImageObject\",\"inLanguage\":\"de\",\"@id\":\"https:\/\/kulturonline.tv\/de\/ganz-im-zeichen-der-diversitaet-das-literatur-jahr-2021\/#primaryimage\",\"url\":\"https:\/\/kulturonline.tv\/wp-content\/uploads\/2021\/12\/27e61538-1152-4aa8-92d1-9d3f117de0c8-edited-scaled.jpg\",\"contentUrl\":\"https:\/\/kulturonline.tv\/wp-content\/uploads\/2021\/12\/27e61538-1152-4aa8-92d1-9d3f117de0c8-edited-scaled.jpg\",\"width\":2560,\"height\":1439},{\"@type\":\"BreadcrumbList\",\"@id\":\"https:\/\/kulturonline.tv\/de\/ganz-im-zeichen-der-diversitaet-das-literatur-jahr-2021\/#breadcrumb\",\"itemListElement\":[{\"@type\":\"ListItem\",\"position\":1,\"name\":\"Startseite\",\"item\":\"https:\/\/kulturonline.tv\/de\/\"},{\"@type\":\"ListItem\",\"position\":2,\"name\":\"Ganz im Zeichen der Diversit\u00e4t &#8211; Das Literatur-Jahr 2021\"}]},{\"@type\":\"WebSite\",\"@id\":\"https:\/\/kulturonline.tv\/de\/#website\",\"url\":\"https:\/\/kulturonline.tv\/de\/\",\"name\":\"Kultur Online TV &amp; FM\",\"description\":\"Wir sind Kultur 2.0 zum sehen &amp; h\u00f6ren\",\"publisher\":{\"@id\":\"https:\/\/kulturonline.tv\/de\/#organization\"},\"potentialAction\":[{\"@type\":\"SearchAction\",\"target\":{\"@type\":\"EntryPoint\",\"urlTemplate\":\"https:\/\/kulturonline.tv\/de\/?s={search_term_string}\"},\"query-input\":{\"@type\":\"PropertyValueSpecification\",\"valueRequired\":true,\"valueName\":\"search_term_string\"}}],\"inLanguage\":\"de\"},{\"@type\":\"Organization\",\"@id\":\"https:\/\/kulturonline.tv\/de\/#organization\",\"name\":\"Kultur Online TV\",\"url\":\"https:\/\/kulturonline.tv\/de\/\",\"logo\":{\"@type\":\"ImageObject\",\"inLanguage\":\"de\",\"@id\":\"https:\/\/kulturonline.tv\/de\/#\/schema\/logo\/image\/\",\"url\":\"https:\/\/kulturonline.tv\/wp-content\/uploads\/2021\/08\/Kultur-Online-Tv-Logo-Endversion-neu.png\",\"contentUrl\":\"https:\/\/kulturonline.tv\/wp-content\/uploads\/2021\/08\/Kultur-Online-Tv-Logo-Endversion-neu.png\",\"width\":200,\"height\":200,\"caption\":\"Kultur Online TV\"},\"image\":{\"@id\":\"https:\/\/kulturonline.tv\/de\/#\/schema\/logo\/image\/\"},\"sameAs\":[\"https:\/\/www.facebook.com\/kulturonline.tv\",\"https:\/\/www.instagram.com\/kulturonline.tv\"]},{\"@type\":\"Person\",\"@id\":\"https:\/\/kulturonline.tv\/de\/#\/schema\/person\/b0fac729bb9a0c193fb1df23449df4fe\",\"name\":\"guenter.wolfgang\"}]}<\/script>\n<!-- \/ Yoast SEO plugin. -->","yoast_head_json":{"title":"Ganz im Zeichen der Diversit\u00e4t - Das Literatur-Jahr 2021 - Kultur Online TV &amp; FM","description":"Kultur sehen und H\u00f6ren","robots":{"index":"index","follow":"follow","max-snippet":"max-snippet:-1","max-image-preview":"max-image-preview:large","max-video-preview":"max-video-preview:-1"},"canonical":"https:\/\/kulturonline.tv\/de\/ganz-im-zeichen-der-diversitaet-das-literatur-jahr-2021\/","og_locale":"de_DE","og_type":"article","og_title":"Ganz im Zeichen der Diversit\u00e4t - Das Literatur-Jahr 2021 - Kultur Online TV &amp; FM","og_description":"Kultur sehen und H\u00f6ren","og_url":"https:\/\/kulturonline.tv\/de\/ganz-im-zeichen-der-diversitaet-das-literatur-jahr-2021\/","og_site_name":"Kultur Online TV &amp; FM","article_publisher":"https:\/\/www.facebook.com\/kulturonline.tv","article_published_time":"2021-12-25T16:27:18+00:00","article_modified_time":"2021-12-25T16:27:19+00:00","og_image":[{"width":2560,"height":1439,"url":"https:\/\/kulturonline.tv\/wp-content\/uploads\/2021\/12\/27e61538-1152-4aa8-92d1-9d3f117de0c8-edited-scaled.jpg","type":"image\/jpeg"}],"author":"guenter.wolfgang","twitter_card":"summary_large_image","twitter_misc":{"Verfasst von":"guenter.wolfgang","Gesch\u00e4tzte Lesezeit":"2\u00a0Minuten"},"schema":{"@context":"https:\/\/schema.org","@graph":[{"@type":"Article","@id":"https:\/\/kulturonline.tv\/de\/ganz-im-zeichen-der-diversitaet-das-literatur-jahr-2021\/#article","isPartOf":{"@id":"https:\/\/kulturonline.tv\/de\/ganz-im-zeichen-der-diversitaet-das-literatur-jahr-2021\/"},"author":{"name":"guenter.wolfgang","@id":"https:\/\/kulturonline.tv\/de\/#\/schema\/person\/b0fac729bb9a0c193fb1df23449df4fe"},"headline":"Ganz im Zeichen der Diversit\u00e4t &#8211; Das Literatur-Jahr 2021","datePublished":"2021-12-25T16:27:18+00:00","dateModified":"2021-12-25T16:27:19+00:00","mainEntityOfPage":{"@id":"https:\/\/kulturonline.tv\/de\/ganz-im-zeichen-der-diversitaet-das-literatur-jahr-2021\/"},"wordCount":335,"publisher":{"@id":"https:\/\/kulturonline.tv\/de\/#organization"},"image":{"@id":"https:\/\/kulturonline.tv\/de\/ganz-im-zeichen-der-diversitaet-das-literatur-jahr-2021\/#primaryimage"},"thumbnailUrl":"https:\/\/kulturonline.tv\/wp-content\/uploads\/2021\/12\/27e61538-1152-4aa8-92d1-9d3f117de0c8-edited-scaled.jpg","articleSection":["Literatur","Newsflash"],"inLanguage":"de"},{"@type":"WebPage","@id":"https:\/\/kulturonline.tv\/de\/ganz-im-zeichen-der-diversitaet-das-literatur-jahr-2021\/","url":"https:\/\/kulturonline.tv\/de\/ganz-im-zeichen-der-diversitaet-das-literatur-jahr-2021\/","name":"Ganz im Zeichen der Diversit\u00e4t - Das Literatur-Jahr 2021 - Kultur Online TV &amp; FM","isPartOf":{"@id":"https:\/\/kulturonline.tv\/de\/#website"},"primaryImageOfPage":{"@id":"https:\/\/kulturonline.tv\/de\/ganz-im-zeichen-der-diversitaet-das-literatur-jahr-2021\/#primaryimage"},"image":{"@id":"https:\/\/kulturonline.tv\/de\/ganz-im-zeichen-der-diversitaet-das-literatur-jahr-2021\/#primaryimage"},"thumbnailUrl":"https:\/\/kulturonline.tv\/wp-content\/uploads\/2021\/12\/27e61538-1152-4aa8-92d1-9d3f117de0c8-edited-scaled.jpg","datePublished":"2021-12-25T16:27:18+00:00","dateModified":"2021-12-25T16:27:19+00:00","description":"Kultur sehen und H\u00f6ren","breadcrumb":{"@id":"https:\/\/kulturonline.tv\/de\/ganz-im-zeichen-der-diversitaet-das-literatur-jahr-2021\/#breadcrumb"},"inLanguage":"de","potentialAction":[{"@type":"ReadAction","target":["https:\/\/kulturonline.tv\/de\/ganz-im-zeichen-der-diversitaet-das-literatur-jahr-2021\/"]}]},{"@type":"ImageObject","inLanguage":"de","@id":"https:\/\/kulturonline.tv\/de\/ganz-im-zeichen-der-diversitaet-das-literatur-jahr-2021\/#primaryimage","url":"https:\/\/kulturonline.tv\/wp-content\/uploads\/2021\/12\/27e61538-1152-4aa8-92d1-9d3f117de0c8-edited-scaled.jpg","contentUrl":"https:\/\/kulturonline.tv\/wp-content\/uploads\/2021\/12\/27e61538-1152-4aa8-92d1-9d3f117de0c8-edited-scaled.jpg","width":2560,"height":1439},{"@type":"BreadcrumbList","@id":"https:\/\/kulturonline.tv\/de\/ganz-im-zeichen-der-diversitaet-das-literatur-jahr-2021\/#breadcrumb","itemListElement":[{"@type":"ListItem","position":1,"name":"Startseite","item":"https:\/\/kulturonline.tv\/de\/"},{"@type":"ListItem","position":2,"name":"Ganz im Zeichen der Diversit\u00e4t &#8211; Das Literatur-Jahr 2021"}]},{"@type":"WebSite","@id":"https:\/\/kulturonline.tv\/de\/#website","url":"https:\/\/kulturonline.tv\/de\/","name":"Kultur Online TV &amp; FM","description":"Wir sind Kultur 2.0 zum sehen &amp; h\u00f6ren","publisher":{"@id":"https:\/\/kulturonline.tv\/de\/#organization"},"potentialAction":[{"@type":"SearchAction","target":{"@type":"EntryPoint","urlTemplate":"https:\/\/kulturonline.tv\/de\/?s={search_term_string}"},"query-input":{"@type":"PropertyValueSpecification","valueRequired":true,"valueName":"search_term_string"}}],"inLanguage":"de"},{"@type":"Organization","@id":"https:\/\/kulturonline.tv\/de\/#organization","name":"Kultur Online TV","url":"https:\/\/kulturonline.tv\/de\/","logo":{"@type":"ImageObject","inLanguage":"de","@id":"https:\/\/kulturonline.tv\/de\/#\/schema\/logo\/image\/","url":"https:\/\/kulturonline.tv\/wp-content\/uploads\/2021\/08\/Kultur-Online-Tv-Logo-Endversion-neu.png","contentUrl":"https:\/\/kulturonline.tv\/wp-content\/uploads\/2021\/08\/Kultur-Online-Tv-Logo-Endversion-neu.png","width":200,"height":200,"caption":"Kultur Online TV"},"image":{"@id":"https:\/\/kulturonline.tv\/de\/#\/schema\/logo\/image\/"},"sameAs":["https:\/\/www.facebook.com\/kulturonline.tv","https:\/\/www.instagram.com\/kulturonline.tv"]},{"@type":"Person","@id":"https:\/\/kulturonline.tv\/de\/#\/schema\/person\/b0fac729bb9a0c193fb1df23449df4fe","name":"guenter.wolfgang"}]}},"_links":{"self":[{"href":"https:\/\/kulturonline.tv\/de\/wp-json\/wp\/v2\/posts\/17695","targetHints":{"allow":["GET"]}}],"collection":[{"href":"https:\/\/kulturonline.tv\/de\/wp-json\/wp\/v2\/posts"}],"about":[{"href":"https:\/\/kulturonline.tv\/de\/wp-json\/wp\/v2\/types\/post"}],"author":[{"embeddable":true,"href":"https:\/\/kulturonline.tv\/de\/wp-json\/wp\/v2\/users\/2"}],"replies":[{"embeddable":true,"href":"https:\/\/kulturonline.tv\/de\/wp-json\/wp\/v2\/comments?post=17695"}],"version-history":[{"count":0,"href":"https:\/\/kulturonline.tv\/de\/wp-json\/wp\/v2\/posts\/17695\/revisions"}],"wp:featuredmedia":[{"embeddable":true,"href":"https:\/\/kulturonline.tv\/de\/wp-json\/wp\/v2\/media\/17699"}],"wp:attachment":[{"href":"https:\/\/kulturonline.tv\/de\/wp-json\/wp\/v2\/media?parent=17695"}],"wp:term":[{"taxonomy":"category","embeddable":true,"href":"https:\/\/kulturonline.tv\/de\/wp-json\/wp\/v2\/categories?post=17695"},{"taxonomy":"post_tag","embeddable":true,"href":"https:\/\/kulturonline.tv\/de\/wp-json\/wp\/v2\/tags?post=17695"}],"curies":[{"name":"wp","href":"https:\/\/api.w.org\/{rel}","templated":true}]}}