{"id":17997,"date":"2021-12-28T09:15:45","date_gmt":"2021-12-28T08:15:45","guid":{"rendered":"https:\/\/kulturonline.tv\/?p=17997"},"modified":"2021-12-28T09:15:45","modified_gmt":"2021-12-28T08:15:45","slug":"viel-beifall-benefizveranstaltung-im-theater-zugunsten-von-menschen-in-not","status":"publish","type":"post","link":"https:\/\/kulturonline.tv\/de\/viel-beifall-benefizveranstaltung-im-theater-zugunsten-von-menschen-in-not\/","title":{"rendered":"Viel Beifall &#8211; Benefizveranstaltung im Theater zugunsten von \u201eMenschen in Not\u201c"},"content":{"rendered":"\n<p>Es gibt glitzernde, glamour\u00f6se Wohlstandsweihnachten, und es gibt die besinnlichen, nachdenklichen Heiligen Abende der Notzeiten, in denen der Blick nicht auf \u00c4u\u00dferliches, sondern mehr nach innen gerichtet ist.<\/p>\n\n\n\n<figure class=\"wp-block-image size-large\"><img fetchpriority=\"high\" decoding=\"async\" width=\"1820\" height=\"1023\" src=\"https:\/\/kulturonline.tv\/wp-content\/uploads\/2021\/12\/Bildschirmfoto-2021-12-28-um-09.10.21-edited.png\" alt=\"\" class=\"wp-image-18001\" srcset=\"https:\/\/kulturonline.tv\/wp-content\/uploads\/2021\/12\/Bildschirmfoto-2021-12-28-um-09.10.21-edited.png 1820w, https:\/\/kulturonline.tv\/wp-content\/uploads\/2021\/12\/Bildschirmfoto-2021-12-28-um-09.10.21-edited-600x337.png 600w, https:\/\/kulturonline.tv\/wp-content\/uploads\/2021\/12\/Bildschirmfoto-2021-12-28-um-09.10.21-edited-800x450.png 800w, https:\/\/kulturonline.tv\/wp-content\/uploads\/2021\/12\/Bildschirmfoto-2021-12-28-um-09.10.21-edited-1600x899.png 1600w, https:\/\/kulturonline.tv\/wp-content\/uploads\/2021\/12\/Bildschirmfoto-2021-12-28-um-09.10.21-edited-768x432.png 768w, https:\/\/kulturonline.tv\/wp-content\/uploads\/2021\/12\/Bildschirmfoto-2021-12-28-um-09.10.21-edited-1536x863.png 1536w\" sizes=\"(max-width: 1820px) 100vw, 1820px\" \/><figcaption>\u00a9 Meyer<\/figcaption><\/figure>\n\n\n\n<p>Im ausverkauften, aber wegen der Coronaregeln nur zur H\u00e4lfte besetzten Theater hatten sich die Menschen eingefunden, um sich auf das sch\u00f6nste Fest im Jahr einzustimmen, um sich abzulenken vom Corona-Alltag.<\/p>\n\n\n\n<p>Johannes Antoni, seit Herbst Chordirektor am Theater, hatte ein stimmungsvolles, zweist\u00fcndiges Programm zusammengestellt, das mit Ballettnummern, Instrumental- und Gesangsst\u00fccken sowie weihnachtlichen Geschichten zu unterhalten wusste. Anne-Kathrin Lipps und Thorsten Klein hatten auf der gem\u00fctlich geschm\u00fcckten B\u00fchne die launige Moderation \u00fcbernommen.<\/p>\n\n\n\n<p>Johannes Antoni studierte nach seinem Abitur zun\u00e4chst an der Musikhochschule Karlsruhe Schulmusik mit den Hauptf\u00e4chern Klavier und Chorleitung, sowie Mathematik und Germanistik am Karlsruher Institut f\u00fcr Technologie. Pianistisch wurde er bereits im Alter von 7 Jahren von der Pr\u00e4sidentin der deutschen Chopin-Gesellschaft Aleksandra Mikulska und sp\u00e4ter an der Hochschule von Ulrike Meyer ausgebildet.<\/p>\n\n\n\n<p>Sie freuten sich, PZ-Verleger Albert Esslinger-Kiefer begr\u00fc\u00dfen zu k\u00f6nnen, der dem Theater seit Jahrzehnten freundschaftlich verbunden sei. Er seinerseits dankte daf\u00fcr, dass Erl\u00f6se und Eintritte des Benefizkonzertes wieder f\u00fcr \u201eMenschen in Not\u201c zur Verf\u00fcgung gestellt werden. Und er betonte: \u201eDas Theater ist eine wichtige Institution in der Stadt. Wir brauchen es, basta!\u201c<\/p>\n\n\n\n<p>Ein H\u00f6hepunkt gleich zu Beginn der Auftritt von Sch\u00fclerinnen des Ballettzentrums am Theater, die in Choreografien von Elsa Genova zu Musik von Tschaikowski und Delibes anmutig zeigten, dass sie korrekte Schrittausf\u00fchrung, Synchronit\u00e4t und schwebende Leichtigkeit bereits sehr gut beherrschen. Besonders reizend der \u201eChinesische Tanz\u201c aus dem \u201eNussknacker\u201c der noch ganz jungen T\u00e4nzerinnen Marlene Wolle und Letitia Micillo.<\/p>\n\n\n\n<p>Kultur Online TV<\/p>\n\n\n\n<p>#kultur #theater #weihnachten<\/p>\n","protected":false},"excerpt":{"rendered":"<p>Es gibt glitzernde, glamour\u00f6se Wohlstandsweihnachten, und es gibt die besinnlichen, nachdenklichen Heiligen Abende der Notzeiten, in denen der Blick nicht auf \u00c4u\u00dferliches, sondern mehr nach innen gerichtet ist. Im ausverkauften, aber wegen der Coronaregeln nur zur H\u00e4lfte besetzten Theater hatten sich die Menschen eingefunden, um sich auf das sch\u00f6nste Fest im Jahr einzustimmen, um sich [&hellip;]<\/p>\n","protected":false},"author":2,"featured_media":18001,"comment_status":"closed","ping_status":"closed","sticky":false,"template":"","format":"standard","meta":{"_acf_changed":false,"footnotes":""},"categories":[105],"tags":[],"class_list":["post-17997","post","type-post","status-publish","format-standard","has-post-thumbnail","hentry","category-theater"],"acf":[],"yoast_head":"<!-- This site is optimized with the Yoast SEO plugin v26.1.1 - https:\/\/yoast.com\/wordpress\/plugins\/seo\/ -->\n<title>Viel Beifall - Benefizveranstaltung im Theater zugunsten von \u201eMenschen in Not\u201c - Kultur Online TV &amp; FM<\/title>\n<meta name=\"description\" content=\"Kultur sehen und H\u00f6ren\" \/>\n<meta name=\"robots\" content=\"index, follow, max-snippet:-1, max-image-preview:large, max-video-preview:-1\" \/>\n<link rel=\"canonical\" href=\"https:\/\/kulturonline.tv\/de\/viel-beifall-benefizveranstaltung-im-theater-zugunsten-von-menschen-in-not\/\" \/>\n<meta property=\"og:locale\" content=\"de_DE\" \/>\n<meta property=\"og:type\" content=\"article\" \/>\n<meta property=\"og:title\" content=\"Viel Beifall - Benefizveranstaltung im Theater zugunsten von \u201eMenschen in Not\u201c - Kultur Online TV &amp; FM\" \/>\n<meta property=\"og:description\" content=\"Kultur sehen und H\u00f6ren\" \/>\n<meta property=\"og:url\" content=\"https:\/\/kulturonline.tv\/de\/viel-beifall-benefizveranstaltung-im-theater-zugunsten-von-menschen-in-not\/\" \/>\n<meta property=\"og:site_name\" content=\"Kultur Online TV &amp; FM\" \/>\n<meta property=\"article:publisher\" content=\"https:\/\/www.facebook.com\/kulturonline.tv\" \/>\n<meta property=\"article:published_time\" content=\"2021-12-28T08:15:45+00:00\" \/>\n<meta property=\"og:image\" content=\"https:\/\/kulturonline.tv\/wp-content\/uploads\/2021\/12\/Bildschirmfoto-2021-12-28-um-09.10.21-edited-1600x899.png\" \/>\n\t<meta property=\"og:image:width\" content=\"1600\" \/>\n\t<meta property=\"og:image:height\" content=\"899\" \/>\n\t<meta property=\"og:image:type\" content=\"image\/png\" \/>\n<meta name=\"author\" content=\"guenter.wolfgang\" \/>\n<meta name=\"twitter:card\" content=\"summary_large_image\" \/>\n<meta name=\"twitter:label1\" content=\"Verfasst von\" \/>\n\t<meta name=\"twitter:data1\" content=\"guenter.wolfgang\" \/>\n\t<meta name=\"twitter:label2\" content=\"Gesch\u00e4tzte Lesezeit\" \/>\n\t<meta name=\"twitter:data2\" content=\"2\u00a0Minuten\" \/>\n<script type=\"application\/ld+json\" class=\"yoast-schema-graph\">{\"@context\":\"https:\/\/schema.org\",\"@graph\":[{\"@type\":\"Article\",\"@id\":\"https:\/\/kulturonline.tv\/de\/viel-beifall-benefizveranstaltung-im-theater-zugunsten-von-menschen-in-not\/#article\",\"isPartOf\":{\"@id\":\"https:\/\/kulturonline.tv\/de\/viel-beifall-benefizveranstaltung-im-theater-zugunsten-von-menschen-in-not\/\"},\"author\":{\"name\":\"guenter.wolfgang\",\"@id\":\"https:\/\/kulturonline.tv\/de\/#\/schema\/person\/b0fac729bb9a0c193fb1df23449df4fe\"},\"headline\":\"Viel Beifall &#8211; Benefizveranstaltung im Theater zugunsten von \u201eMenschen in Not\u201c\",\"datePublished\":\"2021-12-28T08:15:45+00:00\",\"mainEntityOfPage\":{\"@id\":\"https:\/\/kulturonline.tv\/de\/viel-beifall-benefizveranstaltung-im-theater-zugunsten-von-menschen-in-not\/\"},\"wordCount\":302,\"publisher\":{\"@id\":\"https:\/\/kulturonline.tv\/de\/#organization\"},\"image\":{\"@id\":\"https:\/\/kulturonline.tv\/de\/viel-beifall-benefizveranstaltung-im-theater-zugunsten-von-menschen-in-not\/#primaryimage\"},\"thumbnailUrl\":\"https:\/\/kulturonline.tv\/wp-content\/uploads\/2021\/12\/Bildschirmfoto-2021-12-28-um-09.10.21-edited.png\",\"articleSection\":[\"Theater\"],\"inLanguage\":\"de\"},{\"@type\":\"WebPage\",\"@id\":\"https:\/\/kulturonline.tv\/de\/viel-beifall-benefizveranstaltung-im-theater-zugunsten-von-menschen-in-not\/\",\"url\":\"https:\/\/kulturonline.tv\/de\/viel-beifall-benefizveranstaltung-im-theater-zugunsten-von-menschen-in-not\/\",\"name\":\"Viel Beifall - Benefizveranstaltung im Theater zugunsten von \u201eMenschen in Not\u201c - Kultur Online TV &amp; FM\",\"isPartOf\":{\"@id\":\"https:\/\/kulturonline.tv\/de\/#website\"},\"primaryImageOfPage\":{\"@id\":\"https:\/\/kulturonline.tv\/de\/viel-beifall-benefizveranstaltung-im-theater-zugunsten-von-menschen-in-not\/#primaryimage\"},\"image\":{\"@id\":\"https:\/\/kulturonline.tv\/de\/viel-beifall-benefizveranstaltung-im-theater-zugunsten-von-menschen-in-not\/#primaryimage\"},\"thumbnailUrl\":\"https:\/\/kulturonline.tv\/wp-content\/uploads\/2021\/12\/Bildschirmfoto-2021-12-28-um-09.10.21-edited.png\",\"datePublished\":\"2021-12-28T08:15:45+00:00\",\"description\":\"Kultur sehen und H\u00f6ren\",\"breadcrumb\":{\"@id\":\"https:\/\/kulturonline.tv\/de\/viel-beifall-benefizveranstaltung-im-theater-zugunsten-von-menschen-in-not\/#breadcrumb\"},\"inLanguage\":\"de\",\"potentialAction\":[{\"@type\":\"ReadAction\",\"target\":[\"https:\/\/kulturonline.tv\/de\/viel-beifall-benefizveranstaltung-im-theater-zugunsten-von-menschen-in-not\/\"]}]},{\"@type\":\"ImageObject\",\"inLanguage\":\"de\",\"@id\":\"https:\/\/kulturonline.tv\/de\/viel-beifall-benefizveranstaltung-im-theater-zugunsten-von-menschen-in-not\/#primaryimage\",\"url\":\"https:\/\/kulturonline.tv\/wp-content\/uploads\/2021\/12\/Bildschirmfoto-2021-12-28-um-09.10.21-edited.png\",\"contentUrl\":\"https:\/\/kulturonline.tv\/wp-content\/uploads\/2021\/12\/Bildschirmfoto-2021-12-28-um-09.10.21-edited.png\",\"width\":1820,\"height\":1023},{\"@type\":\"BreadcrumbList\",\"@id\":\"https:\/\/kulturonline.tv\/de\/viel-beifall-benefizveranstaltung-im-theater-zugunsten-von-menschen-in-not\/#breadcrumb\",\"itemListElement\":[{\"@type\":\"ListItem\",\"position\":1,\"name\":\"Startseite\",\"item\":\"https:\/\/kulturonline.tv\/de\/\"},{\"@type\":\"ListItem\",\"position\":2,\"name\":\"Viel Beifall &#8211; Benefizveranstaltung im Theater zugunsten von \u201eMenschen in Not\u201c\"}]},{\"@type\":\"WebSite\",\"@id\":\"https:\/\/kulturonline.tv\/de\/#website\",\"url\":\"https:\/\/kulturonline.tv\/de\/\",\"name\":\"Kultur Online TV &amp; FM\",\"description\":\"Wir sind Kultur 2.0 zum sehen &amp; h\u00f6ren\",\"publisher\":{\"@id\":\"https:\/\/kulturonline.tv\/de\/#organization\"},\"potentialAction\":[{\"@type\":\"SearchAction\",\"target\":{\"@type\":\"EntryPoint\",\"urlTemplate\":\"https:\/\/kulturonline.tv\/de\/?s={search_term_string}\"},\"query-input\":{\"@type\":\"PropertyValueSpecification\",\"valueRequired\":true,\"valueName\":\"search_term_string\"}}],\"inLanguage\":\"de\"},{\"@type\":\"Organization\",\"@id\":\"https:\/\/kulturonline.tv\/de\/#organization\",\"name\":\"Kultur Online TV\",\"url\":\"https:\/\/kulturonline.tv\/de\/\",\"logo\":{\"@type\":\"ImageObject\",\"inLanguage\":\"de\",\"@id\":\"https:\/\/kulturonline.tv\/de\/#\/schema\/logo\/image\/\",\"url\":\"https:\/\/kulturonline.tv\/wp-content\/uploads\/2021\/08\/Kultur-Online-Tv-Logo-Endversion-neu.png\",\"contentUrl\":\"https:\/\/kulturonline.tv\/wp-content\/uploads\/2021\/08\/Kultur-Online-Tv-Logo-Endversion-neu.png\",\"width\":200,\"height\":200,\"caption\":\"Kultur Online TV\"},\"image\":{\"@id\":\"https:\/\/kulturonline.tv\/de\/#\/schema\/logo\/image\/\"},\"sameAs\":[\"https:\/\/www.facebook.com\/kulturonline.tv\",\"https:\/\/www.instagram.com\/kulturonline.tv\"]},{\"@type\":\"Person\",\"@id\":\"https:\/\/kulturonline.tv\/de\/#\/schema\/person\/b0fac729bb9a0c193fb1df23449df4fe\",\"name\":\"guenter.wolfgang\"}]}<\/script>\n<!-- \/ Yoast SEO plugin. -->","yoast_head_json":{"title":"Viel Beifall - Benefizveranstaltung im Theater zugunsten von \u201eMenschen in Not\u201c - Kultur Online TV &amp; FM","description":"Kultur sehen und H\u00f6ren","robots":{"index":"index","follow":"follow","max-snippet":"max-snippet:-1","max-image-preview":"max-image-preview:large","max-video-preview":"max-video-preview:-1"},"canonical":"https:\/\/kulturonline.tv\/de\/viel-beifall-benefizveranstaltung-im-theater-zugunsten-von-menschen-in-not\/","og_locale":"de_DE","og_type":"article","og_title":"Viel Beifall - Benefizveranstaltung im Theater zugunsten von \u201eMenschen in Not\u201c - Kultur Online TV &amp; FM","og_description":"Kultur sehen und H\u00f6ren","og_url":"https:\/\/kulturonline.tv\/de\/viel-beifall-benefizveranstaltung-im-theater-zugunsten-von-menschen-in-not\/","og_site_name":"Kultur Online TV &amp; FM","article_publisher":"https:\/\/www.facebook.com\/kulturonline.tv","article_published_time":"2021-12-28T08:15:45+00:00","og_image":[{"width":1600,"height":899,"url":"https:\/\/kulturonline.tv\/wp-content\/uploads\/2021\/12\/Bildschirmfoto-2021-12-28-um-09.10.21-edited-1600x899.png","type":"image\/png"}],"author":"guenter.wolfgang","twitter_card":"summary_large_image","twitter_misc":{"Verfasst von":"guenter.wolfgang","Gesch\u00e4tzte Lesezeit":"2\u00a0Minuten"},"schema":{"@context":"https:\/\/schema.org","@graph":[{"@type":"Article","@id":"https:\/\/kulturonline.tv\/de\/viel-beifall-benefizveranstaltung-im-theater-zugunsten-von-menschen-in-not\/#article","isPartOf":{"@id":"https:\/\/kulturonline.tv\/de\/viel-beifall-benefizveranstaltung-im-theater-zugunsten-von-menschen-in-not\/"},"author":{"name":"guenter.wolfgang","@id":"https:\/\/kulturonline.tv\/de\/#\/schema\/person\/b0fac729bb9a0c193fb1df23449df4fe"},"headline":"Viel Beifall &#8211; Benefizveranstaltung im Theater zugunsten von \u201eMenschen in Not\u201c","datePublished":"2021-12-28T08:15:45+00:00","mainEntityOfPage":{"@id":"https:\/\/kulturonline.tv\/de\/viel-beifall-benefizveranstaltung-im-theater-zugunsten-von-menschen-in-not\/"},"wordCount":302,"publisher":{"@id":"https:\/\/kulturonline.tv\/de\/#organization"},"image":{"@id":"https:\/\/kulturonline.tv\/de\/viel-beifall-benefizveranstaltung-im-theater-zugunsten-von-menschen-in-not\/#primaryimage"},"thumbnailUrl":"https:\/\/kulturonline.tv\/wp-content\/uploads\/2021\/12\/Bildschirmfoto-2021-12-28-um-09.10.21-edited.png","articleSection":["Theater"],"inLanguage":"de"},{"@type":"WebPage","@id":"https:\/\/kulturonline.tv\/de\/viel-beifall-benefizveranstaltung-im-theater-zugunsten-von-menschen-in-not\/","url":"https:\/\/kulturonline.tv\/de\/viel-beifall-benefizveranstaltung-im-theater-zugunsten-von-menschen-in-not\/","name":"Viel Beifall - Benefizveranstaltung im Theater zugunsten von \u201eMenschen in Not\u201c - Kultur Online TV &amp; FM","isPartOf":{"@id":"https:\/\/kulturonline.tv\/de\/#website"},"primaryImageOfPage":{"@id":"https:\/\/kulturonline.tv\/de\/viel-beifall-benefizveranstaltung-im-theater-zugunsten-von-menschen-in-not\/#primaryimage"},"image":{"@id":"https:\/\/kulturonline.tv\/de\/viel-beifall-benefizveranstaltung-im-theater-zugunsten-von-menschen-in-not\/#primaryimage"},"thumbnailUrl":"https:\/\/kulturonline.tv\/wp-content\/uploads\/2021\/12\/Bildschirmfoto-2021-12-28-um-09.10.21-edited.png","datePublished":"2021-12-28T08:15:45+00:00","description":"Kultur sehen und H\u00f6ren","breadcrumb":{"@id":"https:\/\/kulturonline.tv\/de\/viel-beifall-benefizveranstaltung-im-theater-zugunsten-von-menschen-in-not\/#breadcrumb"},"inLanguage":"de","potentialAction":[{"@type":"ReadAction","target":["https:\/\/kulturonline.tv\/de\/viel-beifall-benefizveranstaltung-im-theater-zugunsten-von-menschen-in-not\/"]}]},{"@type":"ImageObject","inLanguage":"de","@id":"https:\/\/kulturonline.tv\/de\/viel-beifall-benefizveranstaltung-im-theater-zugunsten-von-menschen-in-not\/#primaryimage","url":"https:\/\/kulturonline.tv\/wp-content\/uploads\/2021\/12\/Bildschirmfoto-2021-12-28-um-09.10.21-edited.png","contentUrl":"https:\/\/kulturonline.tv\/wp-content\/uploads\/2021\/12\/Bildschirmfoto-2021-12-28-um-09.10.21-edited.png","width":1820,"height":1023},{"@type":"BreadcrumbList","@id":"https:\/\/kulturonline.tv\/de\/viel-beifall-benefizveranstaltung-im-theater-zugunsten-von-menschen-in-not\/#breadcrumb","itemListElement":[{"@type":"ListItem","position":1,"name":"Startseite","item":"https:\/\/kulturonline.tv\/de\/"},{"@type":"ListItem","position":2,"name":"Viel Beifall &#8211; Benefizveranstaltung im Theater zugunsten von \u201eMenschen in Not\u201c"}]},{"@type":"WebSite","@id":"https:\/\/kulturonline.tv\/de\/#website","url":"https:\/\/kulturonline.tv\/de\/","name":"Kultur Online TV &amp; FM","description":"Wir sind Kultur 2.0 zum sehen &amp; h\u00f6ren","publisher":{"@id":"https:\/\/kulturonline.tv\/de\/#organization"},"potentialAction":[{"@type":"SearchAction","target":{"@type":"EntryPoint","urlTemplate":"https:\/\/kulturonline.tv\/de\/?s={search_term_string}"},"query-input":{"@type":"PropertyValueSpecification","valueRequired":true,"valueName":"search_term_string"}}],"inLanguage":"de"},{"@type":"Organization","@id":"https:\/\/kulturonline.tv\/de\/#organization","name":"Kultur Online TV","url":"https:\/\/kulturonline.tv\/de\/","logo":{"@type":"ImageObject","inLanguage":"de","@id":"https:\/\/kulturonline.tv\/de\/#\/schema\/logo\/image\/","url":"https:\/\/kulturonline.tv\/wp-content\/uploads\/2021\/08\/Kultur-Online-Tv-Logo-Endversion-neu.png","contentUrl":"https:\/\/kulturonline.tv\/wp-content\/uploads\/2021\/08\/Kultur-Online-Tv-Logo-Endversion-neu.png","width":200,"height":200,"caption":"Kultur Online TV"},"image":{"@id":"https:\/\/kulturonline.tv\/de\/#\/schema\/logo\/image\/"},"sameAs":["https:\/\/www.facebook.com\/kulturonline.tv","https:\/\/www.instagram.com\/kulturonline.tv"]},{"@type":"Person","@id":"https:\/\/kulturonline.tv\/de\/#\/schema\/person\/b0fac729bb9a0c193fb1df23449df4fe","name":"guenter.wolfgang"}]}},"_links":{"self":[{"href":"https:\/\/kulturonline.tv\/de\/wp-json\/wp\/v2\/posts\/17997","targetHints":{"allow":["GET"]}}],"collection":[{"href":"https:\/\/kulturonline.tv\/de\/wp-json\/wp\/v2\/posts"}],"about":[{"href":"https:\/\/kulturonline.tv\/de\/wp-json\/wp\/v2\/types\/post"}],"author":[{"embeddable":true,"href":"https:\/\/kulturonline.tv\/de\/wp-json\/wp\/v2\/users\/2"}],"replies":[{"embeddable":true,"href":"https:\/\/kulturonline.tv\/de\/wp-json\/wp\/v2\/comments?post=17997"}],"version-history":[{"count":0,"href":"https:\/\/kulturonline.tv\/de\/wp-json\/wp\/v2\/posts\/17997\/revisions"}],"wp:featuredmedia":[{"embeddable":true,"href":"https:\/\/kulturonline.tv\/de\/wp-json\/wp\/v2\/media\/18001"}],"wp:attachment":[{"href":"https:\/\/kulturonline.tv\/de\/wp-json\/wp\/v2\/media?parent=17997"}],"wp:term":[{"taxonomy":"category","embeddable":true,"href":"https:\/\/kulturonline.tv\/de\/wp-json\/wp\/v2\/categories?post=17997"},{"taxonomy":"post_tag","embeddable":true,"href":"https:\/\/kulturonline.tv\/de\/wp-json\/wp\/v2\/tags?post=17997"}],"curies":[{"name":"wp","href":"https:\/\/api.w.org\/{rel}","templated":true}]}}