{"id":18029,"date":"2021-12-29T09:20:08","date_gmt":"2021-12-29T08:20:08","guid":{"rendered":"https:\/\/kulturonline.tv\/?p=18029"},"modified":"2021-12-29T09:20:09","modified_gmt":"2021-12-29T08:20:09","slug":"deutsche-autorin-birgit-vanderbeke-gestorben","status":"publish","type":"post","link":"https:\/\/kulturonline.tv\/de\/deutsche-autorin-birgit-vanderbeke-gestorben\/","title":{"rendered":"Deutsche Autorin Birgit Vanderbeke gestorben"},"content":{"rendered":"\n<p>Die deutsche Autorin Birgit Vanderbeke ist tot. Sie starb \u00fcberraschend am 24. Dezember im Alter von 65 Jahren, teilte der Piper Verlag, mit.<\/p>\n\n\n\n<figure class=\"wp-block-image size-full is-resized\"><img fetchpriority=\"high\" decoding=\"async\" src=\"https:\/\/kulturonline.tv\/wp-content\/uploads\/2021\/12\/Kultur-Online-TV.png\" alt=\"\" class=\"wp-image-18031\" width=\"840\" height=\"473\" srcset=\"https:\/\/kulturonline.tv\/wp-content\/uploads\/2021\/12\/Kultur-Online-TV.png 640w, https:\/\/kulturonline.tv\/wp-content\/uploads\/2021\/12\/Kultur-Online-TV-600x338.png 600w\" sizes=\"(max-width: 840px) 100vw, 840px\" \/><\/figure>\n\n\n\n<p>Ihr umfangreiches Werk wurde mit mehreren Literaturpreisen ausgezeichnet &#8211; darunter der Ingeborg-Bachmann-Preis f\u00fcr ihre Deb\u00fcterz\u00e4hlung &#8222;Das Muschelessen&#8220;.<\/p>\n\n\n\n<p>Vanderbeke wurde 1956 in Dahme (Brandenburg) geboren. Sie kam kurz vor dem Mauerbau 1961 mit ihren Eltern in den Westen und wuchs in Frankfurt auf. Sie studierte Romanistik und Jura. Nach kurzem Aufenthalt in Berlin zog Vanderbeke 1993 mit Lebenspartner und Sohn nach S\u00fcdfrankreich, wo sie bis zu ihrem Ableben blieb.<\/p>\n\n\n\n<p>Die Autorin deb\u00fctierte 1990 mit der Erz\u00e4hlung &#8222;Muschelessen&#8220;, f\u00fcr die sie mit dem Ingeborg-Bachmann-Preis ausgezeichnet wurde und das nach wie vor ihr bekanntestes Werk darstellt. Darin warten Mutter, Tochter und Sohn bei einem Abendessen auf den Vater, der sich versp\u00e4tet. Die Tochter betrachtet daraufhin das Familienleben unter ihren b\u00fcrgerlich-kleinkartieren Verh\u00e4ltnissen. Das kleinb\u00fcrgerliche, allt\u00e4gliche Leben wurde von ihr des \u00f6fteren thematisiert.<\/p>\n\n\n\n<p>1997 wurde sie mit dem Kranichsteiner Literaturpreis f\u00fcr ihr Gesamtwerk, 1999 mit dem Solothurner Literaturpreis ausgezeichnet. 2007 erhielt sie die Br\u00fcder-Grimm-Professur an der Kasseler Universit\u00e4t. Ihre Erz\u00e4hlung &#8222;Friedliche Zeiten&#8220; wurde 2008 verfilmt. Im Vorjahr erschien ihr j\u00fcngstes Werk &#8222;Alle, die vor uns da waren&#8220;.<\/p>\n\n\n\n<figure class=\"wp-block-embed is-type-video is-provider-youtube wp-block-embed-youtube wp-embed-aspect-16-9 wp-has-aspect-ratio\"><div class=\"wp-block-embed__wrapper\">\n<iframe title=\"Birgit Vanderbeke - Die Frau mit dem Hund\" width=\"800\" height=\"450\" src=\"https:\/\/www.youtube.com\/embed\/7KeFCP1nn6s?feature=oembed\" frameborder=\"0\" allow=\"accelerometer; autoplay; clipboard-write; encrypted-media; gyroscope; picture-in-picture; web-share\" referrerpolicy=\"strict-origin-when-cross-origin\" allowfullscreen><\/iframe>\n<\/div><\/figure>\n\n\n\n<p>&#8222;Mit Birgit Vanderbeke verliert die deutschsprachige Literatur eine kraftvolle, eigensinnige und unverwechselbare Stimme. Unsere Anteilnahme gilt ihrem Mann und ihrer Familie&#8220;, wurde Piper-Verlegerin Felicitas von Lovenberg zitiert.<\/p>\n\n\n\n<p>Kultur Online TV<\/p>\n\n\n\n<p>#kunst #kultur #literatur #news<\/p>\n","protected":false},"excerpt":{"rendered":"<p>Die deutsche Autorin Birgit Vanderbeke ist tot. Sie starb \u00fcberraschend am 24. Dezember im Alter von 65 Jahren, teilte der Piper Verlag, mit. Ihr umfangreiches Werk wurde mit mehreren Literaturpreisen ausgezeichnet &#8211; darunter der Ingeborg-Bachmann-Preis f\u00fcr ihre Deb\u00fcterz\u00e4hlung &#8222;Das Muschelessen&#8220;. Vanderbeke wurde 1956 in Dahme (Brandenburg) geboren. Sie kam kurz vor dem Mauerbau 1961 mit [&hellip;]<\/p>\n","protected":false},"author":2,"featured_media":18031,"comment_status":"closed","ping_status":"closed","sticky":false,"template":"","format":"standard","meta":{"_acf_changed":false,"footnotes":""},"categories":[106,3],"tags":[],"class_list":["post-18029","post","type-post","status-publish","format-standard","has-post-thumbnail","hentry","category-literatur","category-newsflash"],"acf":[],"yoast_head":"<!-- This site is optimized with the Yoast SEO plugin v26.1.1 - https:\/\/yoast.com\/wordpress\/plugins\/seo\/ -->\n<title>Deutsche Autorin Birgit Vanderbeke gestorben - Kultur Online TV &amp; FM<\/title>\n<meta name=\"description\" content=\"Kultur sehen und H\u00f6ren\" \/>\n<meta name=\"robots\" content=\"index, follow, max-snippet:-1, max-image-preview:large, max-video-preview:-1\" \/>\n<link rel=\"canonical\" href=\"https:\/\/kulturonline.tv\/de\/deutsche-autorin-birgit-vanderbeke-gestorben\/\" \/>\n<meta property=\"og:locale\" content=\"de_DE\" \/>\n<meta property=\"og:type\" content=\"article\" \/>\n<meta property=\"og:title\" content=\"Deutsche Autorin Birgit Vanderbeke gestorben - Kultur Online TV &amp; FM\" \/>\n<meta property=\"og:description\" content=\"Kultur sehen und H\u00f6ren\" \/>\n<meta property=\"og:url\" content=\"https:\/\/kulturonline.tv\/de\/deutsche-autorin-birgit-vanderbeke-gestorben\/\" \/>\n<meta property=\"og:site_name\" content=\"Kultur Online TV &amp; FM\" \/>\n<meta property=\"article:publisher\" content=\"https:\/\/www.facebook.com\/kulturonline.tv\" \/>\n<meta property=\"article:published_time\" content=\"2021-12-29T08:20:08+00:00\" \/>\n<meta property=\"article:modified_time\" content=\"2021-12-29T08:20:09+00:00\" \/>\n<meta property=\"og:image\" content=\"https:\/\/kulturonline.tv\/wp-content\/uploads\/2021\/12\/Kultur-Online-TV.png\" \/>\n\t<meta property=\"og:image:width\" content=\"640\" \/>\n\t<meta property=\"og:image:height\" content=\"360\" \/>\n\t<meta property=\"og:image:type\" content=\"image\/png\" \/>\n<meta name=\"author\" content=\"guenter.wolfgang\" \/>\n<meta name=\"twitter:card\" content=\"summary_large_image\" \/>\n<meta name=\"twitter:label1\" content=\"Verfasst von\" \/>\n\t<meta name=\"twitter:data1\" content=\"guenter.wolfgang\" \/>\n\t<meta name=\"twitter:label2\" content=\"Gesch\u00e4tzte Lesezeit\" \/>\n\t<meta name=\"twitter:data2\" content=\"2\u00a0Minuten\" \/>\n<script type=\"application\/ld+json\" class=\"yoast-schema-graph\">{\"@context\":\"https:\/\/schema.org\",\"@graph\":[{\"@type\":\"Article\",\"@id\":\"https:\/\/kulturonline.tv\/de\/deutsche-autorin-birgit-vanderbeke-gestorben\/#article\",\"isPartOf\":{\"@id\":\"https:\/\/kulturonline.tv\/de\/deutsche-autorin-birgit-vanderbeke-gestorben\/\"},\"author\":{\"name\":\"guenter.wolfgang\",\"@id\":\"https:\/\/kulturonline.tv\/de\/#\/schema\/person\/b0fac729bb9a0c193fb1df23449df4fe\"},\"headline\":\"Deutsche Autorin Birgit Vanderbeke gestorben\",\"datePublished\":\"2021-12-29T08:20:08+00:00\",\"dateModified\":\"2021-12-29T08:20:09+00:00\",\"mainEntityOfPage\":{\"@id\":\"https:\/\/kulturonline.tv\/de\/deutsche-autorin-birgit-vanderbeke-gestorben\/\"},\"wordCount\":250,\"publisher\":{\"@id\":\"https:\/\/kulturonline.tv\/de\/#organization\"},\"image\":{\"@id\":\"https:\/\/kulturonline.tv\/de\/deutsche-autorin-birgit-vanderbeke-gestorben\/#primaryimage\"},\"thumbnailUrl\":\"https:\/\/kulturonline.tv\/wp-content\/uploads\/2021\/12\/Kultur-Online-TV.png\",\"articleSection\":[\"Literatur\",\"Newsflash\"],\"inLanguage\":\"de\"},{\"@type\":\"WebPage\",\"@id\":\"https:\/\/kulturonline.tv\/de\/deutsche-autorin-birgit-vanderbeke-gestorben\/\",\"url\":\"https:\/\/kulturonline.tv\/de\/deutsche-autorin-birgit-vanderbeke-gestorben\/\",\"name\":\"Deutsche Autorin Birgit Vanderbeke gestorben - Kultur Online TV &amp; FM\",\"isPartOf\":{\"@id\":\"https:\/\/kulturonline.tv\/de\/#website\"},\"primaryImageOfPage\":{\"@id\":\"https:\/\/kulturonline.tv\/de\/deutsche-autorin-birgit-vanderbeke-gestorben\/#primaryimage\"},\"image\":{\"@id\":\"https:\/\/kulturonline.tv\/de\/deutsche-autorin-birgit-vanderbeke-gestorben\/#primaryimage\"},\"thumbnailUrl\":\"https:\/\/kulturonline.tv\/wp-content\/uploads\/2021\/12\/Kultur-Online-TV.png\",\"datePublished\":\"2021-12-29T08:20:08+00:00\",\"dateModified\":\"2021-12-29T08:20:09+00:00\",\"description\":\"Kultur sehen und H\u00f6ren\",\"breadcrumb\":{\"@id\":\"https:\/\/kulturonline.tv\/de\/deutsche-autorin-birgit-vanderbeke-gestorben\/#breadcrumb\"},\"inLanguage\":\"de\",\"potentialAction\":[{\"@type\":\"ReadAction\",\"target\":[\"https:\/\/kulturonline.tv\/de\/deutsche-autorin-birgit-vanderbeke-gestorben\/\"]}]},{\"@type\":\"ImageObject\",\"inLanguage\":\"de\",\"@id\":\"https:\/\/kulturonline.tv\/de\/deutsche-autorin-birgit-vanderbeke-gestorben\/#primaryimage\",\"url\":\"https:\/\/kulturonline.tv\/wp-content\/uploads\/2021\/12\/Kultur-Online-TV.png\",\"contentUrl\":\"https:\/\/kulturonline.tv\/wp-content\/uploads\/2021\/12\/Kultur-Online-TV.png\",\"width\":640,\"height\":360},{\"@type\":\"BreadcrumbList\",\"@id\":\"https:\/\/kulturonline.tv\/de\/deutsche-autorin-birgit-vanderbeke-gestorben\/#breadcrumb\",\"itemListElement\":[{\"@type\":\"ListItem\",\"position\":1,\"name\":\"Startseite\",\"item\":\"https:\/\/kulturonline.tv\/de\/\"},{\"@type\":\"ListItem\",\"position\":2,\"name\":\"Deutsche Autorin Birgit Vanderbeke gestorben\"}]},{\"@type\":\"WebSite\",\"@id\":\"https:\/\/kulturonline.tv\/de\/#website\",\"url\":\"https:\/\/kulturonline.tv\/de\/\",\"name\":\"Kultur Online TV &amp; FM\",\"description\":\"Wir sind Kultur 2.0 zum sehen &amp; h\u00f6ren\",\"publisher\":{\"@id\":\"https:\/\/kulturonline.tv\/de\/#organization\"},\"potentialAction\":[{\"@type\":\"SearchAction\",\"target\":{\"@type\":\"EntryPoint\",\"urlTemplate\":\"https:\/\/kulturonline.tv\/de\/?s={search_term_string}\"},\"query-input\":{\"@type\":\"PropertyValueSpecification\",\"valueRequired\":true,\"valueName\":\"search_term_string\"}}],\"inLanguage\":\"de\"},{\"@type\":\"Organization\",\"@id\":\"https:\/\/kulturonline.tv\/de\/#organization\",\"name\":\"Kultur Online TV\",\"url\":\"https:\/\/kulturonline.tv\/de\/\",\"logo\":{\"@type\":\"ImageObject\",\"inLanguage\":\"de\",\"@id\":\"https:\/\/kulturonline.tv\/de\/#\/schema\/logo\/image\/\",\"url\":\"https:\/\/kulturonline.tv\/wp-content\/uploads\/2021\/08\/Kultur-Online-Tv-Logo-Endversion-neu.png\",\"contentUrl\":\"https:\/\/kulturonline.tv\/wp-content\/uploads\/2021\/08\/Kultur-Online-Tv-Logo-Endversion-neu.png\",\"width\":200,\"height\":200,\"caption\":\"Kultur Online TV\"},\"image\":{\"@id\":\"https:\/\/kulturonline.tv\/de\/#\/schema\/logo\/image\/\"},\"sameAs\":[\"https:\/\/www.facebook.com\/kulturonline.tv\",\"https:\/\/www.instagram.com\/kulturonline.tv\"]},{\"@type\":\"Person\",\"@id\":\"https:\/\/kulturonline.tv\/de\/#\/schema\/person\/b0fac729bb9a0c193fb1df23449df4fe\",\"name\":\"guenter.wolfgang\"}]}<\/script>\n<!-- \/ Yoast SEO plugin. -->","yoast_head_json":{"title":"Deutsche Autorin Birgit Vanderbeke gestorben - Kultur Online TV &amp; FM","description":"Kultur sehen und H\u00f6ren","robots":{"index":"index","follow":"follow","max-snippet":"max-snippet:-1","max-image-preview":"max-image-preview:large","max-video-preview":"max-video-preview:-1"},"canonical":"https:\/\/kulturonline.tv\/de\/deutsche-autorin-birgit-vanderbeke-gestorben\/","og_locale":"de_DE","og_type":"article","og_title":"Deutsche Autorin Birgit Vanderbeke gestorben - Kultur Online TV &amp; FM","og_description":"Kultur sehen und H\u00f6ren","og_url":"https:\/\/kulturonline.tv\/de\/deutsche-autorin-birgit-vanderbeke-gestorben\/","og_site_name":"Kultur Online TV &amp; FM","article_publisher":"https:\/\/www.facebook.com\/kulturonline.tv","article_published_time":"2021-12-29T08:20:08+00:00","article_modified_time":"2021-12-29T08:20:09+00:00","og_image":[{"width":640,"height":360,"url":"https:\/\/kulturonline.tv\/wp-content\/uploads\/2021\/12\/Kultur-Online-TV.png","type":"image\/png"}],"author":"guenter.wolfgang","twitter_card":"summary_large_image","twitter_misc":{"Verfasst von":"guenter.wolfgang","Gesch\u00e4tzte Lesezeit":"2\u00a0Minuten"},"schema":{"@context":"https:\/\/schema.org","@graph":[{"@type":"Article","@id":"https:\/\/kulturonline.tv\/de\/deutsche-autorin-birgit-vanderbeke-gestorben\/#article","isPartOf":{"@id":"https:\/\/kulturonline.tv\/de\/deutsche-autorin-birgit-vanderbeke-gestorben\/"},"author":{"name":"guenter.wolfgang","@id":"https:\/\/kulturonline.tv\/de\/#\/schema\/person\/b0fac729bb9a0c193fb1df23449df4fe"},"headline":"Deutsche Autorin Birgit Vanderbeke gestorben","datePublished":"2021-12-29T08:20:08+00:00","dateModified":"2021-12-29T08:20:09+00:00","mainEntityOfPage":{"@id":"https:\/\/kulturonline.tv\/de\/deutsche-autorin-birgit-vanderbeke-gestorben\/"},"wordCount":250,"publisher":{"@id":"https:\/\/kulturonline.tv\/de\/#organization"},"image":{"@id":"https:\/\/kulturonline.tv\/de\/deutsche-autorin-birgit-vanderbeke-gestorben\/#primaryimage"},"thumbnailUrl":"https:\/\/kulturonline.tv\/wp-content\/uploads\/2021\/12\/Kultur-Online-TV.png","articleSection":["Literatur","Newsflash"],"inLanguage":"de"},{"@type":"WebPage","@id":"https:\/\/kulturonline.tv\/de\/deutsche-autorin-birgit-vanderbeke-gestorben\/","url":"https:\/\/kulturonline.tv\/de\/deutsche-autorin-birgit-vanderbeke-gestorben\/","name":"Deutsche Autorin Birgit Vanderbeke gestorben - Kultur Online TV &amp; FM","isPartOf":{"@id":"https:\/\/kulturonline.tv\/de\/#website"},"primaryImageOfPage":{"@id":"https:\/\/kulturonline.tv\/de\/deutsche-autorin-birgit-vanderbeke-gestorben\/#primaryimage"},"image":{"@id":"https:\/\/kulturonline.tv\/de\/deutsche-autorin-birgit-vanderbeke-gestorben\/#primaryimage"},"thumbnailUrl":"https:\/\/kulturonline.tv\/wp-content\/uploads\/2021\/12\/Kultur-Online-TV.png","datePublished":"2021-12-29T08:20:08+00:00","dateModified":"2021-12-29T08:20:09+00:00","description":"Kultur sehen und H\u00f6ren","breadcrumb":{"@id":"https:\/\/kulturonline.tv\/de\/deutsche-autorin-birgit-vanderbeke-gestorben\/#breadcrumb"},"inLanguage":"de","potentialAction":[{"@type":"ReadAction","target":["https:\/\/kulturonline.tv\/de\/deutsche-autorin-birgit-vanderbeke-gestorben\/"]}]},{"@type":"ImageObject","inLanguage":"de","@id":"https:\/\/kulturonline.tv\/de\/deutsche-autorin-birgit-vanderbeke-gestorben\/#primaryimage","url":"https:\/\/kulturonline.tv\/wp-content\/uploads\/2021\/12\/Kultur-Online-TV.png","contentUrl":"https:\/\/kulturonline.tv\/wp-content\/uploads\/2021\/12\/Kultur-Online-TV.png","width":640,"height":360},{"@type":"BreadcrumbList","@id":"https:\/\/kulturonline.tv\/de\/deutsche-autorin-birgit-vanderbeke-gestorben\/#breadcrumb","itemListElement":[{"@type":"ListItem","position":1,"name":"Startseite","item":"https:\/\/kulturonline.tv\/de\/"},{"@type":"ListItem","position":2,"name":"Deutsche Autorin Birgit Vanderbeke gestorben"}]},{"@type":"WebSite","@id":"https:\/\/kulturonline.tv\/de\/#website","url":"https:\/\/kulturonline.tv\/de\/","name":"Kultur Online TV &amp; FM","description":"Wir sind Kultur 2.0 zum sehen &amp; h\u00f6ren","publisher":{"@id":"https:\/\/kulturonline.tv\/de\/#organization"},"potentialAction":[{"@type":"SearchAction","target":{"@type":"EntryPoint","urlTemplate":"https:\/\/kulturonline.tv\/de\/?s={search_term_string}"},"query-input":{"@type":"PropertyValueSpecification","valueRequired":true,"valueName":"search_term_string"}}],"inLanguage":"de"},{"@type":"Organization","@id":"https:\/\/kulturonline.tv\/de\/#organization","name":"Kultur Online TV","url":"https:\/\/kulturonline.tv\/de\/","logo":{"@type":"ImageObject","inLanguage":"de","@id":"https:\/\/kulturonline.tv\/de\/#\/schema\/logo\/image\/","url":"https:\/\/kulturonline.tv\/wp-content\/uploads\/2021\/08\/Kultur-Online-Tv-Logo-Endversion-neu.png","contentUrl":"https:\/\/kulturonline.tv\/wp-content\/uploads\/2021\/08\/Kultur-Online-Tv-Logo-Endversion-neu.png","width":200,"height":200,"caption":"Kultur Online TV"},"image":{"@id":"https:\/\/kulturonline.tv\/de\/#\/schema\/logo\/image\/"},"sameAs":["https:\/\/www.facebook.com\/kulturonline.tv","https:\/\/www.instagram.com\/kulturonline.tv"]},{"@type":"Person","@id":"https:\/\/kulturonline.tv\/de\/#\/schema\/person\/b0fac729bb9a0c193fb1df23449df4fe","name":"guenter.wolfgang"}]}},"_links":{"self":[{"href":"https:\/\/kulturonline.tv\/de\/wp-json\/wp\/v2\/posts\/18029","targetHints":{"allow":["GET"]}}],"collection":[{"href":"https:\/\/kulturonline.tv\/de\/wp-json\/wp\/v2\/posts"}],"about":[{"href":"https:\/\/kulturonline.tv\/de\/wp-json\/wp\/v2\/types\/post"}],"author":[{"embeddable":true,"href":"https:\/\/kulturonline.tv\/de\/wp-json\/wp\/v2\/users\/2"}],"replies":[{"embeddable":true,"href":"https:\/\/kulturonline.tv\/de\/wp-json\/wp\/v2\/comments?post=18029"}],"version-history":[{"count":0,"href":"https:\/\/kulturonline.tv\/de\/wp-json\/wp\/v2\/posts\/18029\/revisions"}],"wp:featuredmedia":[{"embeddable":true,"href":"https:\/\/kulturonline.tv\/de\/wp-json\/wp\/v2\/media\/18031"}],"wp:attachment":[{"href":"https:\/\/kulturonline.tv\/de\/wp-json\/wp\/v2\/media?parent=18029"}],"wp:term":[{"taxonomy":"category","embeddable":true,"href":"https:\/\/kulturonline.tv\/de\/wp-json\/wp\/v2\/categories?post=18029"},{"taxonomy":"post_tag","embeddable":true,"href":"https:\/\/kulturonline.tv\/de\/wp-json\/wp\/v2\/tags?post=18029"}],"curies":[{"name":"wp","href":"https:\/\/api.w.org\/{rel}","templated":true}]}}