{"id":18164,"date":"2021-12-30T09:16:36","date_gmt":"2021-12-30T08:16:36","guid":{"rendered":"https:\/\/kulturonline.tv\/?p=18164"},"modified":"2021-12-30T09:17:32","modified_gmt":"2021-12-30T08:17:32","slug":"kultur-trotz-corona-bei-bad-uracher-kultur-momenten","status":"publish","type":"post","link":"https:\/\/kulturonline.tv\/de\/kultur-trotz-corona-bei-bad-uracher-kultur-momenten\/","title":{"rendered":"Kultur trotz Corona bei Bad Uracher Kultur-Momenten"},"content":{"rendered":"\n<p>Im zehnten Jahr pr\u00e4sentieren die Bad Uracher Kultur-Momente ein buntes, klang- und humorvolles Programm.<\/p>\n\n\n\n<figure class=\"wp-block-image size-full is-resized\"><img decoding=\"async\" src=\"https:\/\/kulturonline.tv\/wp-content\/uploads\/2021\/12\/40559851_1_detail_Petticoat_Pomade-edited.jpg\" alt=\"\" class=\"wp-image-18180\" width=\"841\" srcset=\"https:\/\/kulturonline.tv\/wp-content\/uploads\/2021\/12\/40559851_1_detail_Petticoat_Pomade-edited.jpg 665w, https:\/\/kulturonline.tv\/wp-content\/uploads\/2021\/12\/40559851_1_detail_Petticoat_Pomade-edited-600x337.jpg 600w\" sizes=\"(max-width: 665px) 100vw, 665px\" \/><figcaption>\u00a9 Gens Mantel<\/figcaption><\/figure>\n\n\n\n<p>Kultur-Momente hei\u00dft die Uracher Veranstaltungsreihe, die sich als feste Gr\u00f6\u00dfe in der Region etabliert hat und bereits seit zehn Jahren beste Unterhaltung bietet. Auch im Jahr 2022 gibt es wieder eine ganze Reihe von Veranstaltungen mit regionalen und internationalen G\u00e4sten. Jetzt liegt das Programm vor, der Vorverkauf l\u00e4uft.<\/p>\n\n\n\n<p>\u00bbIch bin froh, dass wir in dieser Zeit so ein tolles Programm auf die Beine stellen konnten\u00ab, sagt Verena Kotstein vom Amt f\u00fcr Tourismus, Kultur und Stadtmarketing. Aus dem ersten schwierigen Corona-Jahr 2020 haben die Uracher gelernt: \u00bbWir haben jetzt viel mehr Erfahrung mit Hygienevorschriften und k\u00f6nnen viel flexibler reagieren\u00ab, sagt sie.<\/p>\n\n\n\n<p>Mit den neuen Erfahrungen einher gehen gleich mehrere Tatsachen: Zum einen gehen die Kultur-Momente erst im April an den Start. \u00bbWir wollen erst mal den Winter vorbeigehen lassen\u00ab, sagt Verena Kotstein \u2013 verbunden mit der Hoffnung, dass mit dem Verschwinden der nasskalten Jahreszeit nicht nur die Inzidenzzahlen zur\u00fcckgehen, sondern auch noch mehr Menschen geimpft sind. <\/p>\n\n\n\n<p>Zum anderen gibt\u2019s erst mal ein begrenztes Kartenangebot. \u00bbWir k\u00f6nnen unser Kontingent laufend anpassen\u00ab, sagt Verena Kotstein. Hei\u00dft: Wenn die Situation 2022 besser aussieht, kommen mehr Karten in den Verkauf \u2013 im Kursaal hat\u2019s Platz genug.<\/p>\n\n\n\n<p>Das Programm f\u00fcr die KulturMomente 2022 in Bad Urach steht fest. Die Kulturverwaltung hat die Termine bekanntgegeben. Die erste Veranstaltung ist am 8. April; es ist eine Textperformance mit Musik. Aufgef\u00fchrt wird \u201eDas Treffen in Telgte\u201c von G\u00fcnter Grass. <\/p>\n\n\n\n<p>Der Kartenvorverkauf f\u00fcr alle Veranstaltungen l\u00e4uft bereits. Sie sind online unter <a href=\"http:\/\/badurach-kulturmomente.de.\" target=\"_blank\" rel=\"noreferrer noopener\">badurach-kulturmomente.de.<\/a><\/p>\n\n\n\n<p>Kultur Online TV<\/p>\n\n\n\n<p>#kultur #veranstaltung #2022<\/p>\n","protected":false},"excerpt":{"rendered":"<p>Im zehnten Jahr pr\u00e4sentieren die Bad Uracher Kultur-Momente ein buntes, klang- und humorvolles Programm. Kultur-Momente hei\u00dft die Uracher Veranstaltungsreihe, die sich als feste Gr\u00f6\u00dfe in der Region etabliert hat und bereits seit zehn Jahren beste Unterhaltung bietet. Auch im Jahr 2022 gibt es wieder eine ganze Reihe von Veranstaltungen mit regionalen und internationalen G\u00e4sten. Jetzt [&hellip;]<\/p>\n","protected":false},"author":2,"featured_media":18180,"comment_status":"closed","ping_status":"closed","sticky":false,"template":"","format":"standard","meta":{"_acf_changed":false,"footnotes":""},"categories":[3],"tags":[],"class_list":["post-18164","post","type-post","status-publish","format-standard","has-post-thumbnail","hentry","category-newsflash"],"acf":[],"yoast_head":"<!-- This site is optimized with the Yoast SEO plugin v26.1.1 - https:\/\/yoast.com\/wordpress\/plugins\/seo\/ -->\n<title>Kultur trotz Corona bei Bad Uracher Kultur-Momenten - Kultur Online TV &amp; FM<\/title>\n<meta name=\"description\" content=\"Kultur sehen und H\u00f6ren\" \/>\n<meta name=\"robots\" content=\"index, follow, max-snippet:-1, max-image-preview:large, max-video-preview:-1\" \/>\n<link rel=\"canonical\" href=\"https:\/\/kulturonline.tv\/de\/kultur-trotz-corona-bei-bad-uracher-kultur-momenten\/\" \/>\n<meta property=\"og:locale\" content=\"de_DE\" \/>\n<meta property=\"og:type\" content=\"article\" \/>\n<meta property=\"og:title\" content=\"Kultur trotz Corona bei Bad Uracher Kultur-Momenten - Kultur Online TV &amp; FM\" \/>\n<meta property=\"og:description\" content=\"Kultur sehen und H\u00f6ren\" \/>\n<meta property=\"og:url\" content=\"https:\/\/kulturonline.tv\/de\/kultur-trotz-corona-bei-bad-uracher-kultur-momenten\/\" \/>\n<meta property=\"og:site_name\" content=\"Kultur Online TV &amp; FM\" \/>\n<meta property=\"article:publisher\" content=\"https:\/\/www.facebook.com\/kulturonline.tv\" \/>\n<meta property=\"article:published_time\" content=\"2021-12-30T08:16:36+00:00\" \/>\n<meta property=\"article:modified_time\" content=\"2021-12-30T08:17:32+00:00\" \/>\n<meta property=\"og:image\" content=\"https:\/\/kulturonline.tv\/wp-content\/uploads\/2021\/12\/40559851_1_detail_Petticoat_Pomade-edited.jpg\" \/>\n\t<meta property=\"og:image:width\" content=\"665\" \/>\n\t<meta property=\"og:image:height\" content=\"374\" \/>\n\t<meta property=\"og:image:type\" content=\"image\/jpeg\" \/>\n<meta name=\"author\" content=\"guenter.wolfgang\" \/>\n<meta name=\"twitter:card\" content=\"summary_large_image\" \/>\n<meta name=\"twitter:label1\" content=\"Verfasst von\" \/>\n\t<meta name=\"twitter:data1\" content=\"guenter.wolfgang\" \/>\n\t<meta name=\"twitter:label2\" content=\"Gesch\u00e4tzte Lesezeit\" \/>\n\t<meta name=\"twitter:data2\" content=\"2\u00a0Minuten\" \/>\n<script type=\"application\/ld+json\" class=\"yoast-schema-graph\">{\"@context\":\"https:\/\/schema.org\",\"@graph\":[{\"@type\":\"Article\",\"@id\":\"https:\/\/kulturonline.tv\/de\/kultur-trotz-corona-bei-bad-uracher-kultur-momenten\/#article\",\"isPartOf\":{\"@id\":\"https:\/\/kulturonline.tv\/de\/kultur-trotz-corona-bei-bad-uracher-kultur-momenten\/\"},\"author\":{\"name\":\"guenter.wolfgang\",\"@id\":\"https:\/\/kulturonline.tv\/de\/#\/schema\/person\/b0fac729bb9a0c193fb1df23449df4fe\"},\"headline\":\"Kultur trotz Corona bei Bad Uracher Kultur-Momenten\",\"datePublished\":\"2021-12-30T08:16:36+00:00\",\"dateModified\":\"2021-12-30T08:17:32+00:00\",\"mainEntityOfPage\":{\"@id\":\"https:\/\/kulturonline.tv\/de\/kultur-trotz-corona-bei-bad-uracher-kultur-momenten\/\"},\"wordCount\":281,\"publisher\":{\"@id\":\"https:\/\/kulturonline.tv\/de\/#organization\"},\"image\":{\"@id\":\"https:\/\/kulturonline.tv\/de\/kultur-trotz-corona-bei-bad-uracher-kultur-momenten\/#primaryimage\"},\"thumbnailUrl\":\"https:\/\/kulturonline.tv\/wp-content\/uploads\/2021\/12\/40559851_1_detail_Petticoat_Pomade-edited.jpg\",\"articleSection\":[\"Newsflash\"],\"inLanguage\":\"de\"},{\"@type\":\"WebPage\",\"@id\":\"https:\/\/kulturonline.tv\/de\/kultur-trotz-corona-bei-bad-uracher-kultur-momenten\/\",\"url\":\"https:\/\/kulturonline.tv\/de\/kultur-trotz-corona-bei-bad-uracher-kultur-momenten\/\",\"name\":\"Kultur trotz Corona bei Bad Uracher Kultur-Momenten - Kultur Online TV &amp; FM\",\"isPartOf\":{\"@id\":\"https:\/\/kulturonline.tv\/de\/#website\"},\"primaryImageOfPage\":{\"@id\":\"https:\/\/kulturonline.tv\/de\/kultur-trotz-corona-bei-bad-uracher-kultur-momenten\/#primaryimage\"},\"image\":{\"@id\":\"https:\/\/kulturonline.tv\/de\/kultur-trotz-corona-bei-bad-uracher-kultur-momenten\/#primaryimage\"},\"thumbnailUrl\":\"https:\/\/kulturonline.tv\/wp-content\/uploads\/2021\/12\/40559851_1_detail_Petticoat_Pomade-edited.jpg\",\"datePublished\":\"2021-12-30T08:16:36+00:00\",\"dateModified\":\"2021-12-30T08:17:32+00:00\",\"description\":\"Kultur sehen und H\u00f6ren\",\"breadcrumb\":{\"@id\":\"https:\/\/kulturonline.tv\/de\/kultur-trotz-corona-bei-bad-uracher-kultur-momenten\/#breadcrumb\"},\"inLanguage\":\"de\",\"potentialAction\":[{\"@type\":\"ReadAction\",\"target\":[\"https:\/\/kulturonline.tv\/de\/kultur-trotz-corona-bei-bad-uracher-kultur-momenten\/\"]}]},{\"@type\":\"ImageObject\",\"inLanguage\":\"de\",\"@id\":\"https:\/\/kulturonline.tv\/de\/kultur-trotz-corona-bei-bad-uracher-kultur-momenten\/#primaryimage\",\"url\":\"https:\/\/kulturonline.tv\/wp-content\/uploads\/2021\/12\/40559851_1_detail_Petticoat_Pomade-edited.jpg\",\"contentUrl\":\"https:\/\/kulturonline.tv\/wp-content\/uploads\/2021\/12\/40559851_1_detail_Petticoat_Pomade-edited.jpg\",\"width\":665,\"height\":374},{\"@type\":\"BreadcrumbList\",\"@id\":\"https:\/\/kulturonline.tv\/de\/kultur-trotz-corona-bei-bad-uracher-kultur-momenten\/#breadcrumb\",\"itemListElement\":[{\"@type\":\"ListItem\",\"position\":1,\"name\":\"Startseite\",\"item\":\"https:\/\/kulturonline.tv\/de\/\"},{\"@type\":\"ListItem\",\"position\":2,\"name\":\"Kultur trotz Corona bei Bad Uracher Kultur-Momenten\"}]},{\"@type\":\"WebSite\",\"@id\":\"https:\/\/kulturonline.tv\/de\/#website\",\"url\":\"https:\/\/kulturonline.tv\/de\/\",\"name\":\"Kultur Online TV &amp; FM\",\"description\":\"Wir sind Kultur 2.0 zum sehen &amp; h\u00f6ren\",\"publisher\":{\"@id\":\"https:\/\/kulturonline.tv\/de\/#organization\"},\"potentialAction\":[{\"@type\":\"SearchAction\",\"target\":{\"@type\":\"EntryPoint\",\"urlTemplate\":\"https:\/\/kulturonline.tv\/de\/?s={search_term_string}\"},\"query-input\":{\"@type\":\"PropertyValueSpecification\",\"valueRequired\":true,\"valueName\":\"search_term_string\"}}],\"inLanguage\":\"de\"},{\"@type\":\"Organization\",\"@id\":\"https:\/\/kulturonline.tv\/de\/#organization\",\"name\":\"Kultur Online TV\",\"url\":\"https:\/\/kulturonline.tv\/de\/\",\"logo\":{\"@type\":\"ImageObject\",\"inLanguage\":\"de\",\"@id\":\"https:\/\/kulturonline.tv\/de\/#\/schema\/logo\/image\/\",\"url\":\"https:\/\/kulturonline.tv\/wp-content\/uploads\/2021\/08\/Kultur-Online-Tv-Logo-Endversion-neu.png\",\"contentUrl\":\"https:\/\/kulturonline.tv\/wp-content\/uploads\/2021\/08\/Kultur-Online-Tv-Logo-Endversion-neu.png\",\"width\":200,\"height\":200,\"caption\":\"Kultur Online TV\"},\"image\":{\"@id\":\"https:\/\/kulturonline.tv\/de\/#\/schema\/logo\/image\/\"},\"sameAs\":[\"https:\/\/www.facebook.com\/kulturonline.tv\",\"https:\/\/www.instagram.com\/kulturonline.tv\"]},{\"@type\":\"Person\",\"@id\":\"https:\/\/kulturonline.tv\/de\/#\/schema\/person\/b0fac729bb9a0c193fb1df23449df4fe\",\"name\":\"guenter.wolfgang\"}]}<\/script>\n<!-- \/ Yoast SEO plugin. -->","yoast_head_json":{"title":"Kultur trotz Corona bei Bad Uracher Kultur-Momenten - Kultur Online TV &amp; FM","description":"Kultur sehen und H\u00f6ren","robots":{"index":"index","follow":"follow","max-snippet":"max-snippet:-1","max-image-preview":"max-image-preview:large","max-video-preview":"max-video-preview:-1"},"canonical":"https:\/\/kulturonline.tv\/de\/kultur-trotz-corona-bei-bad-uracher-kultur-momenten\/","og_locale":"de_DE","og_type":"article","og_title":"Kultur trotz Corona bei Bad Uracher Kultur-Momenten - Kultur Online TV &amp; FM","og_description":"Kultur sehen und H\u00f6ren","og_url":"https:\/\/kulturonline.tv\/de\/kultur-trotz-corona-bei-bad-uracher-kultur-momenten\/","og_site_name":"Kultur Online TV &amp; FM","article_publisher":"https:\/\/www.facebook.com\/kulturonline.tv","article_published_time":"2021-12-30T08:16:36+00:00","article_modified_time":"2021-12-30T08:17:32+00:00","og_image":[{"width":665,"height":374,"url":"https:\/\/kulturonline.tv\/wp-content\/uploads\/2021\/12\/40559851_1_detail_Petticoat_Pomade-edited.jpg","type":"image\/jpeg"}],"author":"guenter.wolfgang","twitter_card":"summary_large_image","twitter_misc":{"Verfasst von":"guenter.wolfgang","Gesch\u00e4tzte Lesezeit":"2\u00a0Minuten"},"schema":{"@context":"https:\/\/schema.org","@graph":[{"@type":"Article","@id":"https:\/\/kulturonline.tv\/de\/kultur-trotz-corona-bei-bad-uracher-kultur-momenten\/#article","isPartOf":{"@id":"https:\/\/kulturonline.tv\/de\/kultur-trotz-corona-bei-bad-uracher-kultur-momenten\/"},"author":{"name":"guenter.wolfgang","@id":"https:\/\/kulturonline.tv\/de\/#\/schema\/person\/b0fac729bb9a0c193fb1df23449df4fe"},"headline":"Kultur trotz Corona bei Bad Uracher Kultur-Momenten","datePublished":"2021-12-30T08:16:36+00:00","dateModified":"2021-12-30T08:17:32+00:00","mainEntityOfPage":{"@id":"https:\/\/kulturonline.tv\/de\/kultur-trotz-corona-bei-bad-uracher-kultur-momenten\/"},"wordCount":281,"publisher":{"@id":"https:\/\/kulturonline.tv\/de\/#organization"},"image":{"@id":"https:\/\/kulturonline.tv\/de\/kultur-trotz-corona-bei-bad-uracher-kultur-momenten\/#primaryimage"},"thumbnailUrl":"https:\/\/kulturonline.tv\/wp-content\/uploads\/2021\/12\/40559851_1_detail_Petticoat_Pomade-edited.jpg","articleSection":["Newsflash"],"inLanguage":"de"},{"@type":"WebPage","@id":"https:\/\/kulturonline.tv\/de\/kultur-trotz-corona-bei-bad-uracher-kultur-momenten\/","url":"https:\/\/kulturonline.tv\/de\/kultur-trotz-corona-bei-bad-uracher-kultur-momenten\/","name":"Kultur trotz Corona bei Bad Uracher Kultur-Momenten - Kultur Online TV &amp; FM","isPartOf":{"@id":"https:\/\/kulturonline.tv\/de\/#website"},"primaryImageOfPage":{"@id":"https:\/\/kulturonline.tv\/de\/kultur-trotz-corona-bei-bad-uracher-kultur-momenten\/#primaryimage"},"image":{"@id":"https:\/\/kulturonline.tv\/de\/kultur-trotz-corona-bei-bad-uracher-kultur-momenten\/#primaryimage"},"thumbnailUrl":"https:\/\/kulturonline.tv\/wp-content\/uploads\/2021\/12\/40559851_1_detail_Petticoat_Pomade-edited.jpg","datePublished":"2021-12-30T08:16:36+00:00","dateModified":"2021-12-30T08:17:32+00:00","description":"Kultur sehen und H\u00f6ren","breadcrumb":{"@id":"https:\/\/kulturonline.tv\/de\/kultur-trotz-corona-bei-bad-uracher-kultur-momenten\/#breadcrumb"},"inLanguage":"de","potentialAction":[{"@type":"ReadAction","target":["https:\/\/kulturonline.tv\/de\/kultur-trotz-corona-bei-bad-uracher-kultur-momenten\/"]}]},{"@type":"ImageObject","inLanguage":"de","@id":"https:\/\/kulturonline.tv\/de\/kultur-trotz-corona-bei-bad-uracher-kultur-momenten\/#primaryimage","url":"https:\/\/kulturonline.tv\/wp-content\/uploads\/2021\/12\/40559851_1_detail_Petticoat_Pomade-edited.jpg","contentUrl":"https:\/\/kulturonline.tv\/wp-content\/uploads\/2021\/12\/40559851_1_detail_Petticoat_Pomade-edited.jpg","width":665,"height":374},{"@type":"BreadcrumbList","@id":"https:\/\/kulturonline.tv\/de\/kultur-trotz-corona-bei-bad-uracher-kultur-momenten\/#breadcrumb","itemListElement":[{"@type":"ListItem","position":1,"name":"Startseite","item":"https:\/\/kulturonline.tv\/de\/"},{"@type":"ListItem","position":2,"name":"Kultur trotz Corona bei Bad Uracher Kultur-Momenten"}]},{"@type":"WebSite","@id":"https:\/\/kulturonline.tv\/de\/#website","url":"https:\/\/kulturonline.tv\/de\/","name":"Kultur Online TV &amp; FM","description":"Wir sind Kultur 2.0 zum sehen &amp; h\u00f6ren","publisher":{"@id":"https:\/\/kulturonline.tv\/de\/#organization"},"potentialAction":[{"@type":"SearchAction","target":{"@type":"EntryPoint","urlTemplate":"https:\/\/kulturonline.tv\/de\/?s={search_term_string}"},"query-input":{"@type":"PropertyValueSpecification","valueRequired":true,"valueName":"search_term_string"}}],"inLanguage":"de"},{"@type":"Organization","@id":"https:\/\/kulturonline.tv\/de\/#organization","name":"Kultur Online TV","url":"https:\/\/kulturonline.tv\/de\/","logo":{"@type":"ImageObject","inLanguage":"de","@id":"https:\/\/kulturonline.tv\/de\/#\/schema\/logo\/image\/","url":"https:\/\/kulturonline.tv\/wp-content\/uploads\/2021\/08\/Kultur-Online-Tv-Logo-Endversion-neu.png","contentUrl":"https:\/\/kulturonline.tv\/wp-content\/uploads\/2021\/08\/Kultur-Online-Tv-Logo-Endversion-neu.png","width":200,"height":200,"caption":"Kultur Online TV"},"image":{"@id":"https:\/\/kulturonline.tv\/de\/#\/schema\/logo\/image\/"},"sameAs":["https:\/\/www.facebook.com\/kulturonline.tv","https:\/\/www.instagram.com\/kulturonline.tv"]},{"@type":"Person","@id":"https:\/\/kulturonline.tv\/de\/#\/schema\/person\/b0fac729bb9a0c193fb1df23449df4fe","name":"guenter.wolfgang"}]}},"_links":{"self":[{"href":"https:\/\/kulturonline.tv\/de\/wp-json\/wp\/v2\/posts\/18164","targetHints":{"allow":["GET"]}}],"collection":[{"href":"https:\/\/kulturonline.tv\/de\/wp-json\/wp\/v2\/posts"}],"about":[{"href":"https:\/\/kulturonline.tv\/de\/wp-json\/wp\/v2\/types\/post"}],"author":[{"embeddable":true,"href":"https:\/\/kulturonline.tv\/de\/wp-json\/wp\/v2\/users\/2"}],"replies":[{"embeddable":true,"href":"https:\/\/kulturonline.tv\/de\/wp-json\/wp\/v2\/comments?post=18164"}],"version-history":[{"count":0,"href":"https:\/\/kulturonline.tv\/de\/wp-json\/wp\/v2\/posts\/18164\/revisions"}],"wp:featuredmedia":[{"embeddable":true,"href":"https:\/\/kulturonline.tv\/de\/wp-json\/wp\/v2\/media\/18180"}],"wp:attachment":[{"href":"https:\/\/kulturonline.tv\/de\/wp-json\/wp\/v2\/media?parent=18164"}],"wp:term":[{"taxonomy":"category","embeddable":true,"href":"https:\/\/kulturonline.tv\/de\/wp-json\/wp\/v2\/categories?post=18164"},{"taxonomy":"post_tag","embeddable":true,"href":"https:\/\/kulturonline.tv\/de\/wp-json\/wp\/v2\/tags?post=18164"}],"curies":[{"name":"wp","href":"https:\/\/api.w.org\/{rel}","templated":true}]}}