{"id":18197,"date":"2021-12-30T14:59:41","date_gmt":"2021-12-30T13:59:41","guid":{"rendered":"https:\/\/kulturonline.tv\/?p=18197"},"modified":"2021-12-30T14:59:58","modified_gmt":"2021-12-30T13:59:58","slug":"27-31-dezember-2021-water-die-baodt-pop-up-galerie-bei-sublime-stages-kitzbuehel","status":"publish","type":"post","link":"https:\/\/kulturonline.tv\/de\/27-31-dezember-2021-water-die-baodt-pop-up-galerie-bei-sublime-stages-kitzbuehel\/","title":{"rendered":"27.-31. Dezember 2021 Water &#038; die BAODT Pop-up Galerie  bei Sublime Stages Kitzb\u00fchel"},"content":{"rendered":"\n<p>Das junge Kunst Konzept von Nina Suess &amp; Friends pr\u00e4sentiert Werke von 40 K\u00fcnstlern bei Sublime Stages Kitzb\u00fchel.<\/p>\n\n\n\n<figure class=\"wp-block-image size-full is-resized\"><img fetchpriority=\"high\" decoding=\"async\" src=\"https:\/\/kulturonline.tv\/wp-content\/uploads\/2021\/12\/Kultur-Onlne-TV-edited.png\" alt=\"\" class=\"wp-image-18201\" width=\"840\" height=\"472\" srcset=\"https:\/\/kulturonline.tv\/wp-content\/uploads\/2021\/12\/Kultur-Onlne-TV-edited.png 1516w, https:\/\/kulturonline.tv\/wp-content\/uploads\/2021\/12\/Kultur-Onlne-TV-edited-600x338.png 600w, https:\/\/kulturonline.tv\/wp-content\/uploads\/2021\/12\/Kultur-Onlne-TV-edited-800x450.png 800w, https:\/\/kulturonline.tv\/wp-content\/uploads\/2021\/12\/Kultur-Onlne-TV-edited-768x432.png 768w\" sizes=\"(max-width: 840px) 100vw, 840px\" \/><\/figure>\n\n\n\n<p>Nach zwei erfolgreichen Pop Up Galerien in M\u00fcnchen &#8211; BAODT\u00b4 s Heimatstadt- pr\u00e4sentiert sich nun dieses Konzept im legend\u00e4ren Skigebiet Kitzb\u00fchel mit 40 aufstrebenden K\u00fcnstlerInnen und deren Kunstwerke. Die drei Gr\u00fcnderinnen Nina Suess, Raphaela Lindlbauer und Alexander Hampel sind ebenfalls vor Ort .<\/p>\n\n\n\n<p>Wir haben mit Nina Suess gesprochen.<\/p>\n\n\n\n<p><\/p>\n\n\n\n<div class=\"wp-block-media-text alignwide is-stacked-on-mobile\"><figure class=\"wp-block-media-text__media\"><img decoding=\"async\" width=\"1080\" height=\"1080\" src=\"https:\/\/kulturonline.tv\/wp-content\/uploads\/2021\/12\/Kultur-Online-TV-2.png\" alt=\"\" class=\"wp-image-18204 size-full\" srcset=\"https:\/\/kulturonline.tv\/wp-content\/uploads\/2021\/12\/Kultur-Online-TV-2.png 1080w, https:\/\/kulturonline.tv\/wp-content\/uploads\/2021\/12\/Kultur-Online-TV-2-300x300.png 300w, https:\/\/kulturonline.tv\/wp-content\/uploads\/2021\/12\/Kultur-Online-TV-2-100x100.png 100w, https:\/\/kulturonline.tv\/wp-content\/uploads\/2021\/12\/Kultur-Online-TV-2-600x600.png 600w, https:\/\/kulturonline.tv\/wp-content\/uploads\/2021\/12\/Kultur-Online-TV-2-800x800.png 800w, https:\/\/kulturonline.tv\/wp-content\/uploads\/2021\/12\/Kultur-Online-TV-2-500x500.png 500w, https:\/\/kulturonline.tv\/wp-content\/uploads\/2021\/12\/Kultur-Online-TV-2-768x768.png 768w\" sizes=\"(max-width: 1080px) 100vw, 1080px\" \/><\/figure><div class=\"wp-block-media-text__content\">\n<p class=\"has-large-font-size\"><\/p>\n<\/div><\/div>\n\n\n\n<figure class=\"wp-block-audio\"><audio controls src=\"https:\/\/kulturonline.tv\/wp-content\/uploads\/2021\/12\/Nina-Suess.mp3\"><\/audio><\/figure>\n\n\n\n<p>\u00a9 Kultur Online TV I FM <\/p>\n\n\n\n<p><strong><em>Kultur Online FM G\u00fcnter Wolfgang im Gespr\u00e4ch mit Nina Suess<\/em><\/strong><\/p>\n\n\n\n<p>Mit mehr als 345.000 Followern auf Instagram ist Nina Suess eine der erfolgreichsten Mode-Influencerinnen Deutschlands.Sie hat bereits 2013 ihren Blog f\u00fcr High-Fashion und Luxury Lifestyle gegr\u00fcndet, als andere noch gar nicht wussten, was Instagram \u00fcberhaupt ist. Heute arbeitet sie f\u00fcr Fendi, Louis Vuitton, Dior \u2013 weltweite Auftr\u00e4ge.<\/p>\n\n\n\n<p>Mit  dem Projekt Nina Suess &amp; Friends m\u00f6chte sie sich damit ein zweites Standbein neben Ihrer erfolgreichen T\u00e4tigkeit als Mode Bloggerin schaffen.<\/p>\n\n\n\n<p>Als klassische Influencerin w\u00fcrden wir Nina S\u00fcss nicht beschreiben und ist f\u00fcr uns weit weg von den negativen Klischees. <\/p>\n\n\n\n<p>Sie hat Kunstgeschichte, Arch\u00e4ologie und Global Management in London studiert,  und pendelt zwischen ihrer Heimat M\u00fcnchen und ihrer Wahlheimat London Mit Ihrem neuen Konzept der Pop-Up-Gallery das sich  Ihre Company nennt sich \u201eBAODT\u201c \u2013 Buy Art Or Die Tryin\u2018 nennt, ist einen neue, innovative Art des Art-Sellings. Eine Party, bei der auch Kunstwerke im Wert von 30.000 Euro gehandelt werden. Schon bei der Premiere wurden mehr als 100 Bilder verkauft. Eine digitale Founderin erobert den physischen Retail und belebt damit die Innenst\u00e4dte.<\/p>\n\n\n\n<p>Kultur Online TV-FM<\/p>\n\n\n\n<p>#kunst #kultur #news <\/p>\n","protected":false},"excerpt":{"rendered":"<p>Das junge Kunst Konzept von Nina Suess &amp; Friends pr\u00e4sentiert Werke von 40 K\u00fcnstlern bei Sublime Stages Kitzb\u00fchel. Nach zwei erfolgreichen Pop Up Galerien in M\u00fcnchen &#8211; BAODT\u00b4 s Heimatstadt- pr\u00e4sentiert sich nun dieses Konzept im legend\u00e4ren Skigebiet Kitzb\u00fchel mit 40 aufstrebenden K\u00fcnstlerInnen und deren Kunstwerke. Die drei Gr\u00fcnderinnen Nina Suess, Raphaela Lindlbauer und Alexander [&hellip;]<\/p>\n","protected":false},"author":2,"featured_media":18201,"comment_status":"closed","ping_status":"closed","sticky":false,"template":"","format":"standard","meta":{"_acf_changed":false,"footnotes":""},"categories":[107,3],"tags":[],"class_list":["post-18197","post","type-post","status-publish","format-standard","has-post-thumbnail","hentry","category-kunst","category-newsflash"],"acf":[],"yoast_head":"<!-- This site is optimized with the Yoast SEO plugin v26.1.1 - https:\/\/yoast.com\/wordpress\/plugins\/seo\/ -->\n<title>27.-31. Dezember 2021 Water &amp; die BAODT Pop-up Galerie bei Sublime Stages Kitzb\u00fchel - Kultur Online TV &amp; FM<\/title>\n<meta name=\"description\" content=\"Kultur sehen und H\u00f6ren\" \/>\n<meta name=\"robots\" content=\"index, follow, max-snippet:-1, max-image-preview:large, max-video-preview:-1\" \/>\n<link rel=\"canonical\" href=\"https:\/\/kulturonline.tv\/de\/27-31-dezember-2021-water-die-baodt-pop-up-galerie-bei-sublime-stages-kitzbuehel\/\" \/>\n<meta property=\"og:locale\" content=\"de_DE\" \/>\n<meta property=\"og:type\" content=\"article\" \/>\n<meta property=\"og:title\" content=\"27.-31. Dezember 2021 Water &amp; die BAODT Pop-up Galerie bei Sublime Stages Kitzb\u00fchel - Kultur Online TV &amp; FM\" \/>\n<meta property=\"og:description\" content=\"Kultur sehen und H\u00f6ren\" \/>\n<meta property=\"og:url\" content=\"https:\/\/kulturonline.tv\/de\/27-31-dezember-2021-water-die-baodt-pop-up-galerie-bei-sublime-stages-kitzbuehel\/\" \/>\n<meta property=\"og:site_name\" content=\"Kultur Online TV &amp; FM\" \/>\n<meta property=\"article:publisher\" content=\"https:\/\/www.facebook.com\/kulturonline.tv\" \/>\n<meta property=\"article:published_time\" content=\"2021-12-30T13:59:41+00:00\" \/>\n<meta property=\"article:modified_time\" content=\"2021-12-30T13:59:58+00:00\" \/>\n<meta property=\"og:image\" content=\"https:\/\/kulturonline.tv\/wp-content\/uploads\/2021\/12\/Kultur-Onlne-TV-edited.png\" \/>\n\t<meta property=\"og:image:width\" content=\"1516\" \/>\n\t<meta property=\"og:image:height\" content=\"853\" \/>\n\t<meta property=\"og:image:type\" content=\"image\/png\" \/>\n<meta name=\"author\" content=\"guenter.wolfgang\" \/>\n<meta name=\"twitter:card\" content=\"summary_large_image\" \/>\n<meta name=\"twitter:label1\" content=\"Verfasst von\" \/>\n\t<meta name=\"twitter:data1\" content=\"guenter.wolfgang\" \/>\n\t<meta name=\"twitter:label2\" content=\"Gesch\u00e4tzte Lesezeit\" \/>\n\t<meta name=\"twitter:data2\" content=\"2\u00a0Minuten\" \/>\n<script type=\"application\/ld+json\" class=\"yoast-schema-graph\">{\"@context\":\"https:\/\/schema.org\",\"@graph\":[{\"@type\":\"Article\",\"@id\":\"https:\/\/kulturonline.tv\/de\/27-31-dezember-2021-water-die-baodt-pop-up-galerie-bei-sublime-stages-kitzbuehel\/#article\",\"isPartOf\":{\"@id\":\"https:\/\/kulturonline.tv\/de\/27-31-dezember-2021-water-die-baodt-pop-up-galerie-bei-sublime-stages-kitzbuehel\/\"},\"author\":{\"name\":\"guenter.wolfgang\",\"@id\":\"https:\/\/kulturonline.tv\/de\/#\/schema\/person\/b0fac729bb9a0c193fb1df23449df4fe\"},\"headline\":\"27.-31. Dezember 2021 Water &#038; die BAODT Pop-up Galerie bei Sublime Stages Kitzb\u00fchel\",\"datePublished\":\"2021-12-30T13:59:41+00:00\",\"dateModified\":\"2021-12-30T13:59:58+00:00\",\"mainEntityOfPage\":{\"@id\":\"https:\/\/kulturonline.tv\/de\/27-31-dezember-2021-water-die-baodt-pop-up-galerie-bei-sublime-stages-kitzbuehel\/\"},\"wordCount\":285,\"publisher\":{\"@id\":\"https:\/\/kulturonline.tv\/de\/#organization\"},\"image\":{\"@id\":\"https:\/\/kulturonline.tv\/de\/27-31-dezember-2021-water-die-baodt-pop-up-galerie-bei-sublime-stages-kitzbuehel\/#primaryimage\"},\"thumbnailUrl\":\"https:\/\/kulturonline.tv\/wp-content\/uploads\/2021\/12\/Kultur-Onlne-TV-edited.png\",\"articleSection\":[\"Kunst\",\"Newsflash\"],\"inLanguage\":\"de\"},{\"@type\":\"WebPage\",\"@id\":\"https:\/\/kulturonline.tv\/de\/27-31-dezember-2021-water-die-baodt-pop-up-galerie-bei-sublime-stages-kitzbuehel\/\",\"url\":\"https:\/\/kulturonline.tv\/de\/27-31-dezember-2021-water-die-baodt-pop-up-galerie-bei-sublime-stages-kitzbuehel\/\",\"name\":\"27.-31. Dezember 2021 Water & die BAODT Pop-up Galerie bei Sublime Stages Kitzb\u00fchel - Kultur Online TV &amp; FM\",\"isPartOf\":{\"@id\":\"https:\/\/kulturonline.tv\/de\/#website\"},\"primaryImageOfPage\":{\"@id\":\"https:\/\/kulturonline.tv\/de\/27-31-dezember-2021-water-die-baodt-pop-up-galerie-bei-sublime-stages-kitzbuehel\/#primaryimage\"},\"image\":{\"@id\":\"https:\/\/kulturonline.tv\/de\/27-31-dezember-2021-water-die-baodt-pop-up-galerie-bei-sublime-stages-kitzbuehel\/#primaryimage\"},\"thumbnailUrl\":\"https:\/\/kulturonline.tv\/wp-content\/uploads\/2021\/12\/Kultur-Onlne-TV-edited.png\",\"datePublished\":\"2021-12-30T13:59:41+00:00\",\"dateModified\":\"2021-12-30T13:59:58+00:00\",\"description\":\"Kultur sehen und H\u00f6ren\",\"breadcrumb\":{\"@id\":\"https:\/\/kulturonline.tv\/de\/27-31-dezember-2021-water-die-baodt-pop-up-galerie-bei-sublime-stages-kitzbuehel\/#breadcrumb\"},\"inLanguage\":\"de\",\"potentialAction\":[{\"@type\":\"ReadAction\",\"target\":[\"https:\/\/kulturonline.tv\/de\/27-31-dezember-2021-water-die-baodt-pop-up-galerie-bei-sublime-stages-kitzbuehel\/\"]}]},{\"@type\":\"ImageObject\",\"inLanguage\":\"de\",\"@id\":\"https:\/\/kulturonline.tv\/de\/27-31-dezember-2021-water-die-baodt-pop-up-galerie-bei-sublime-stages-kitzbuehel\/#primaryimage\",\"url\":\"https:\/\/kulturonline.tv\/wp-content\/uploads\/2021\/12\/Kultur-Onlne-TV-edited.png\",\"contentUrl\":\"https:\/\/kulturonline.tv\/wp-content\/uploads\/2021\/12\/Kultur-Onlne-TV-edited.png\",\"width\":1516,\"height\":853},{\"@type\":\"BreadcrumbList\",\"@id\":\"https:\/\/kulturonline.tv\/de\/27-31-dezember-2021-water-die-baodt-pop-up-galerie-bei-sublime-stages-kitzbuehel\/#breadcrumb\",\"itemListElement\":[{\"@type\":\"ListItem\",\"position\":1,\"name\":\"Startseite\",\"item\":\"https:\/\/kulturonline.tv\/de\/\"},{\"@type\":\"ListItem\",\"position\":2,\"name\":\"27.-31. Dezember 2021 Water &#038; die BAODT Pop-up Galerie bei Sublime Stages Kitzb\u00fchel\"}]},{\"@type\":\"WebSite\",\"@id\":\"https:\/\/kulturonline.tv\/de\/#website\",\"url\":\"https:\/\/kulturonline.tv\/de\/\",\"name\":\"Kultur Online TV &amp; FM\",\"description\":\"Wir sind Kultur 2.0 zum sehen &amp; h\u00f6ren\",\"publisher\":{\"@id\":\"https:\/\/kulturonline.tv\/de\/#organization\"},\"potentialAction\":[{\"@type\":\"SearchAction\",\"target\":{\"@type\":\"EntryPoint\",\"urlTemplate\":\"https:\/\/kulturonline.tv\/de\/?s={search_term_string}\"},\"query-input\":{\"@type\":\"PropertyValueSpecification\",\"valueRequired\":true,\"valueName\":\"search_term_string\"}}],\"inLanguage\":\"de\"},{\"@type\":\"Organization\",\"@id\":\"https:\/\/kulturonline.tv\/de\/#organization\",\"name\":\"Kultur Online TV\",\"url\":\"https:\/\/kulturonline.tv\/de\/\",\"logo\":{\"@type\":\"ImageObject\",\"inLanguage\":\"de\",\"@id\":\"https:\/\/kulturonline.tv\/de\/#\/schema\/logo\/image\/\",\"url\":\"https:\/\/kulturonline.tv\/wp-content\/uploads\/2021\/08\/Kultur-Online-Tv-Logo-Endversion-neu.png\",\"contentUrl\":\"https:\/\/kulturonline.tv\/wp-content\/uploads\/2021\/08\/Kultur-Online-Tv-Logo-Endversion-neu.png\",\"width\":200,\"height\":200,\"caption\":\"Kultur Online TV\"},\"image\":{\"@id\":\"https:\/\/kulturonline.tv\/de\/#\/schema\/logo\/image\/\"},\"sameAs\":[\"https:\/\/www.facebook.com\/kulturonline.tv\",\"https:\/\/www.instagram.com\/kulturonline.tv\"]},{\"@type\":\"Person\",\"@id\":\"https:\/\/kulturonline.tv\/de\/#\/schema\/person\/b0fac729bb9a0c193fb1df23449df4fe\",\"name\":\"guenter.wolfgang\"}]}<\/script>\n<!-- \/ Yoast SEO plugin. -->","yoast_head_json":{"title":"27.-31. Dezember 2021 Water & die BAODT Pop-up Galerie bei Sublime Stages Kitzb\u00fchel - Kultur Online TV &amp; FM","description":"Kultur sehen und H\u00f6ren","robots":{"index":"index","follow":"follow","max-snippet":"max-snippet:-1","max-image-preview":"max-image-preview:large","max-video-preview":"max-video-preview:-1"},"canonical":"https:\/\/kulturonline.tv\/de\/27-31-dezember-2021-water-die-baodt-pop-up-galerie-bei-sublime-stages-kitzbuehel\/","og_locale":"de_DE","og_type":"article","og_title":"27.-31. Dezember 2021 Water & die BAODT Pop-up Galerie bei Sublime Stages Kitzb\u00fchel - Kultur Online TV &amp; FM","og_description":"Kultur sehen und H\u00f6ren","og_url":"https:\/\/kulturonline.tv\/de\/27-31-dezember-2021-water-die-baodt-pop-up-galerie-bei-sublime-stages-kitzbuehel\/","og_site_name":"Kultur Online TV &amp; FM","article_publisher":"https:\/\/www.facebook.com\/kulturonline.tv","article_published_time":"2021-12-30T13:59:41+00:00","article_modified_time":"2021-12-30T13:59:58+00:00","og_image":[{"width":1516,"height":853,"url":"https:\/\/kulturonline.tv\/wp-content\/uploads\/2021\/12\/Kultur-Onlne-TV-edited.png","type":"image\/png"}],"author":"guenter.wolfgang","twitter_card":"summary_large_image","twitter_misc":{"Verfasst von":"guenter.wolfgang","Gesch\u00e4tzte Lesezeit":"2\u00a0Minuten"},"schema":{"@context":"https:\/\/schema.org","@graph":[{"@type":"Article","@id":"https:\/\/kulturonline.tv\/de\/27-31-dezember-2021-water-die-baodt-pop-up-galerie-bei-sublime-stages-kitzbuehel\/#article","isPartOf":{"@id":"https:\/\/kulturonline.tv\/de\/27-31-dezember-2021-water-die-baodt-pop-up-galerie-bei-sublime-stages-kitzbuehel\/"},"author":{"name":"guenter.wolfgang","@id":"https:\/\/kulturonline.tv\/de\/#\/schema\/person\/b0fac729bb9a0c193fb1df23449df4fe"},"headline":"27.-31. Dezember 2021 Water &#038; die BAODT Pop-up Galerie bei Sublime Stages Kitzb\u00fchel","datePublished":"2021-12-30T13:59:41+00:00","dateModified":"2021-12-30T13:59:58+00:00","mainEntityOfPage":{"@id":"https:\/\/kulturonline.tv\/de\/27-31-dezember-2021-water-die-baodt-pop-up-galerie-bei-sublime-stages-kitzbuehel\/"},"wordCount":285,"publisher":{"@id":"https:\/\/kulturonline.tv\/de\/#organization"},"image":{"@id":"https:\/\/kulturonline.tv\/de\/27-31-dezember-2021-water-die-baodt-pop-up-galerie-bei-sublime-stages-kitzbuehel\/#primaryimage"},"thumbnailUrl":"https:\/\/kulturonline.tv\/wp-content\/uploads\/2021\/12\/Kultur-Onlne-TV-edited.png","articleSection":["Kunst","Newsflash"],"inLanguage":"de"},{"@type":"WebPage","@id":"https:\/\/kulturonline.tv\/de\/27-31-dezember-2021-water-die-baodt-pop-up-galerie-bei-sublime-stages-kitzbuehel\/","url":"https:\/\/kulturonline.tv\/de\/27-31-dezember-2021-water-die-baodt-pop-up-galerie-bei-sublime-stages-kitzbuehel\/","name":"27.-31. Dezember 2021 Water & die BAODT Pop-up Galerie bei Sublime Stages Kitzb\u00fchel - Kultur Online TV &amp; FM","isPartOf":{"@id":"https:\/\/kulturonline.tv\/de\/#website"},"primaryImageOfPage":{"@id":"https:\/\/kulturonline.tv\/de\/27-31-dezember-2021-water-die-baodt-pop-up-galerie-bei-sublime-stages-kitzbuehel\/#primaryimage"},"image":{"@id":"https:\/\/kulturonline.tv\/de\/27-31-dezember-2021-water-die-baodt-pop-up-galerie-bei-sublime-stages-kitzbuehel\/#primaryimage"},"thumbnailUrl":"https:\/\/kulturonline.tv\/wp-content\/uploads\/2021\/12\/Kultur-Onlne-TV-edited.png","datePublished":"2021-12-30T13:59:41+00:00","dateModified":"2021-12-30T13:59:58+00:00","description":"Kultur sehen und H\u00f6ren","breadcrumb":{"@id":"https:\/\/kulturonline.tv\/de\/27-31-dezember-2021-water-die-baodt-pop-up-galerie-bei-sublime-stages-kitzbuehel\/#breadcrumb"},"inLanguage":"de","potentialAction":[{"@type":"ReadAction","target":["https:\/\/kulturonline.tv\/de\/27-31-dezember-2021-water-die-baodt-pop-up-galerie-bei-sublime-stages-kitzbuehel\/"]}]},{"@type":"ImageObject","inLanguage":"de","@id":"https:\/\/kulturonline.tv\/de\/27-31-dezember-2021-water-die-baodt-pop-up-galerie-bei-sublime-stages-kitzbuehel\/#primaryimage","url":"https:\/\/kulturonline.tv\/wp-content\/uploads\/2021\/12\/Kultur-Onlne-TV-edited.png","contentUrl":"https:\/\/kulturonline.tv\/wp-content\/uploads\/2021\/12\/Kultur-Onlne-TV-edited.png","width":1516,"height":853},{"@type":"BreadcrumbList","@id":"https:\/\/kulturonline.tv\/de\/27-31-dezember-2021-water-die-baodt-pop-up-galerie-bei-sublime-stages-kitzbuehel\/#breadcrumb","itemListElement":[{"@type":"ListItem","position":1,"name":"Startseite","item":"https:\/\/kulturonline.tv\/de\/"},{"@type":"ListItem","position":2,"name":"27.-31. Dezember 2021 Water &#038; die BAODT Pop-up Galerie bei Sublime Stages Kitzb\u00fchel"}]},{"@type":"WebSite","@id":"https:\/\/kulturonline.tv\/de\/#website","url":"https:\/\/kulturonline.tv\/de\/","name":"Kultur Online TV &amp; FM","description":"Wir sind Kultur 2.0 zum sehen &amp; h\u00f6ren","publisher":{"@id":"https:\/\/kulturonline.tv\/de\/#organization"},"potentialAction":[{"@type":"SearchAction","target":{"@type":"EntryPoint","urlTemplate":"https:\/\/kulturonline.tv\/de\/?s={search_term_string}"},"query-input":{"@type":"PropertyValueSpecification","valueRequired":true,"valueName":"search_term_string"}}],"inLanguage":"de"},{"@type":"Organization","@id":"https:\/\/kulturonline.tv\/de\/#organization","name":"Kultur Online TV","url":"https:\/\/kulturonline.tv\/de\/","logo":{"@type":"ImageObject","inLanguage":"de","@id":"https:\/\/kulturonline.tv\/de\/#\/schema\/logo\/image\/","url":"https:\/\/kulturonline.tv\/wp-content\/uploads\/2021\/08\/Kultur-Online-Tv-Logo-Endversion-neu.png","contentUrl":"https:\/\/kulturonline.tv\/wp-content\/uploads\/2021\/08\/Kultur-Online-Tv-Logo-Endversion-neu.png","width":200,"height":200,"caption":"Kultur Online TV"},"image":{"@id":"https:\/\/kulturonline.tv\/de\/#\/schema\/logo\/image\/"},"sameAs":["https:\/\/www.facebook.com\/kulturonline.tv","https:\/\/www.instagram.com\/kulturonline.tv"]},{"@type":"Person","@id":"https:\/\/kulturonline.tv\/de\/#\/schema\/person\/b0fac729bb9a0c193fb1df23449df4fe","name":"guenter.wolfgang"}]}},"_links":{"self":[{"href":"https:\/\/kulturonline.tv\/de\/wp-json\/wp\/v2\/posts\/18197","targetHints":{"allow":["GET"]}}],"collection":[{"href":"https:\/\/kulturonline.tv\/de\/wp-json\/wp\/v2\/posts"}],"about":[{"href":"https:\/\/kulturonline.tv\/de\/wp-json\/wp\/v2\/types\/post"}],"author":[{"embeddable":true,"href":"https:\/\/kulturonline.tv\/de\/wp-json\/wp\/v2\/users\/2"}],"replies":[{"embeddable":true,"href":"https:\/\/kulturonline.tv\/de\/wp-json\/wp\/v2\/comments?post=18197"}],"version-history":[{"count":0,"href":"https:\/\/kulturonline.tv\/de\/wp-json\/wp\/v2\/posts\/18197\/revisions"}],"wp:featuredmedia":[{"embeddable":true,"href":"https:\/\/kulturonline.tv\/de\/wp-json\/wp\/v2\/media\/18201"}],"wp:attachment":[{"href":"https:\/\/kulturonline.tv\/de\/wp-json\/wp\/v2\/media?parent=18197"}],"wp:term":[{"taxonomy":"category","embeddable":true,"href":"https:\/\/kulturonline.tv\/de\/wp-json\/wp\/v2\/categories?post=18197"},{"taxonomy":"post_tag","embeddable":true,"href":"https:\/\/kulturonline.tv\/de\/wp-json\/wp\/v2\/tags?post=18197"}],"curies":[{"name":"wp","href":"https:\/\/api.w.org\/{rel}","templated":true}]}}