{"id":18339,"date":"2022-01-02T10:20:41","date_gmt":"2022-01-02T09:20:41","guid":{"rendered":"https:\/\/kulturonline.tv\/?p=18339"},"modified":"2022-01-02T10:20:42","modified_gmt":"2022-01-02T09:20:42","slug":"kulturelle-infrastruktur-nicht-zerstoeren","status":"publish","type":"post","link":"https:\/\/kulturonline.tv\/de\/kulturelle-infrastruktur-nicht-zerstoeren\/","title":{"rendered":"\u201eKulturelle Infrastruktur nicht zerst\u00f6ren\u201c"},"content":{"rendered":"\n<p>&#8222;Mein Augenmerk liegt insbesondere auf der Bew\u00e4ltigung der Corona-Krise und ihren dramatischen, noch nicht vollst\u00e4ndig absehbaren Folgen f\u00fcr die Frankfurter Kultur&#8220;, so die Frankfurter Kulturdezernentin Ina Hartwig.<\/p>\n\n\n\n<figure class=\"wp-block-image size-full\"><img fetchpriority=\"high\" decoding=\"async\" width=\"764\" height=\"430\" src=\"https:\/\/kulturonline.tv\/wp-content\/uploads\/2022\/01\/stolz-schon-weitergekommen-zu-edited.jpg\" alt=\"\" class=\"wp-image-18343\" srcset=\"https:\/\/kulturonline.tv\/wp-content\/uploads\/2022\/01\/stolz-schon-weitergekommen-zu-edited.jpg 764w, https:\/\/kulturonline.tv\/wp-content\/uploads\/2022\/01\/stolz-schon-weitergekommen-zu-edited-600x338.jpg 600w\" sizes=\"(max-width: 764px) 100vw, 764px\" \/><figcaption>\u00a9 Wolfgang Eilmes<\/figcaption><\/figure>\n\n\n\n<p><br>Die Frankfurter Kulturszene, die freie wie die institutionalisierte, atmet auf. Zwar mag in der vorigen Wahlperiode da und dort hinter vorgehaltener Hand Kritik an ihr ge\u00fcbt worden sein, etwa weil die mit einigem \u00f6ffentlichkeitswirksamen Wirbel verbundene Entscheidung, Kindern und Jugendlichen in allen Ausstellungsh\u00e4usern freien Eintritt zu gew\u00e4hren, manche als Symbolpolitik abtaten. <\/p>\n\n\n\n<p>Es gebe, hie\u00df es, doch schon gen\u00fcgend Verg\u00fcnstigungen und unentgeltliche Angebote. Aber im Gro\u00dfen und Ganzen bescheinigen ihr die Verantwortlichen an B\u00fchnen und in Museen, in Musik- und Literaturbetrieb, freischaffende K\u00fcnstlerinnen und Kunstvermittler, an keine festen Spielst\u00e4tten gebundene Theatergruppen und k\u00fcnstlerische Initiativen eine hohe Kompetenz. Sie k\u00f6nne zuh\u00f6ren, sagen viele. Setze sich f\u00fcr sie ein. Sei interessiert und offen.<\/p>\n\n\n\n<p>Politische Prozesse \u2013 insbesondere wenn sie bedeutende, zukunftsweisende Themen betreffen \u2013 k\u00f6nnen langwierig sein. Das liegt im Wesen der Demokratie: Man muss f\u00fcr jeden Schritt eine Mehrheit organisieren, mit Menschen diskutieren, sie abholen und mitnehmen. F\u00fcr Andere hingegen werden einige Entscheidungen auch zu schnell getroffen. F\u00fcr Ina Hartwig ist das der Eindruck von ihrer langwierigen Arbeit in der Politik und der Kulturszene. <\/p>\n\n\n\n<p>Sie sieht eine hochinteressante, dynamische Entwicklung in der freien Kulturszene. Diese tr\u00e4gt zur Pluralit\u00e4t und Lebendigkeit der kulturellen Landschaft der Stadt Frankfurt bei. Fast zwei Drittel von rund 36 Millionen Euro gehen an freie Kultureinrichtungen.<\/p>\n\n\n\n<p>Kultur Online TV<\/p>\n\n\n\n<p>#politik #kultur #frankfurt<\/p>\n","protected":false},"excerpt":{"rendered":"<p>&#8222;Mein Augenmerk liegt insbesondere auf der Bew\u00e4ltigung der Corona-Krise und ihren dramatischen, noch nicht vollst\u00e4ndig absehbaren Folgen f\u00fcr die Frankfurter Kultur&#8220;, so die Frankfurter Kulturdezernentin Ina Hartwig. Die Frankfurter Kulturszene, die freie wie die institutionalisierte, atmet auf. Zwar mag in der vorigen Wahlperiode da und dort hinter vorgehaltener Hand Kritik an ihr ge\u00fcbt worden sein, [&hellip;]<\/p>\n","protected":false},"author":2,"featured_media":18343,"comment_status":"closed","ping_status":"closed","sticky":false,"template":"","format":"standard","meta":{"_acf_changed":false,"footnotes":""},"categories":[193,3],"tags":[],"class_list":["post-18339","post","type-post","status-publish","format-standard","has-post-thumbnail","hentry","category-medien","category-newsflash"],"acf":[],"yoast_head":"<!-- This site is optimized with the Yoast SEO plugin v26.1.1 - https:\/\/yoast.com\/wordpress\/plugins\/seo\/ -->\n<title>\u201eKulturelle Infrastruktur nicht zerst\u00f6ren\u201c - Kultur Online TV &amp; FM<\/title>\n<meta name=\"description\" content=\"Kultur sehen und H\u00f6ren\" \/>\n<meta name=\"robots\" content=\"index, follow, max-snippet:-1, max-image-preview:large, max-video-preview:-1\" \/>\n<link rel=\"canonical\" href=\"https:\/\/kulturonline.tv\/de\/kulturelle-infrastruktur-nicht-zerstoeren\/\" \/>\n<meta property=\"og:locale\" content=\"de_DE\" \/>\n<meta property=\"og:type\" content=\"article\" \/>\n<meta property=\"og:title\" content=\"\u201eKulturelle Infrastruktur nicht zerst\u00f6ren\u201c - Kultur Online TV &amp; FM\" \/>\n<meta property=\"og:description\" content=\"Kultur sehen und H\u00f6ren\" \/>\n<meta property=\"og:url\" content=\"https:\/\/kulturonline.tv\/de\/kulturelle-infrastruktur-nicht-zerstoeren\/\" \/>\n<meta property=\"og:site_name\" content=\"Kultur Online TV &amp; FM\" \/>\n<meta property=\"article:publisher\" content=\"https:\/\/www.facebook.com\/kulturonline.tv\" \/>\n<meta property=\"article:published_time\" content=\"2022-01-02T09:20:41+00:00\" \/>\n<meta property=\"article:modified_time\" content=\"2022-01-02T09:20:42+00:00\" \/>\n<meta property=\"og:image\" content=\"https:\/\/kulturonline.tv\/wp-content\/uploads\/2022\/01\/stolz-schon-weitergekommen-zu-edited.jpg\" \/>\n\t<meta property=\"og:image:width\" content=\"764\" \/>\n\t<meta property=\"og:image:height\" content=\"430\" \/>\n\t<meta property=\"og:image:type\" content=\"image\/jpeg\" \/>\n<meta name=\"author\" content=\"guenter.wolfgang\" \/>\n<meta name=\"twitter:card\" content=\"summary_large_image\" \/>\n<meta name=\"twitter:label1\" content=\"Verfasst von\" \/>\n\t<meta name=\"twitter:data1\" content=\"guenter.wolfgang\" \/>\n\t<meta name=\"twitter:label2\" content=\"Gesch\u00e4tzte Lesezeit\" \/>\n\t<meta name=\"twitter:data2\" content=\"2\u00a0Minuten\" \/>\n<script type=\"application\/ld+json\" class=\"yoast-schema-graph\">{\"@context\":\"https:\/\/schema.org\",\"@graph\":[{\"@type\":\"Article\",\"@id\":\"https:\/\/kulturonline.tv\/de\/kulturelle-infrastruktur-nicht-zerstoeren\/#article\",\"isPartOf\":{\"@id\":\"https:\/\/kulturonline.tv\/de\/kulturelle-infrastruktur-nicht-zerstoeren\/\"},\"author\":{\"name\":\"guenter.wolfgang\",\"@id\":\"https:\/\/kulturonline.tv\/de\/#\/schema\/person\/b0fac729bb9a0c193fb1df23449df4fe\"},\"headline\":\"\u201eKulturelle Infrastruktur nicht zerst\u00f6ren\u201c\",\"datePublished\":\"2022-01-02T09:20:41+00:00\",\"dateModified\":\"2022-01-02T09:20:42+00:00\",\"mainEntityOfPage\":{\"@id\":\"https:\/\/kulturonline.tv\/de\/kulturelle-infrastruktur-nicht-zerstoeren\/\"},\"wordCount\":266,\"publisher\":{\"@id\":\"https:\/\/kulturonline.tv\/de\/#organization\"},\"image\":{\"@id\":\"https:\/\/kulturonline.tv\/de\/kulturelle-infrastruktur-nicht-zerstoeren\/#primaryimage\"},\"thumbnailUrl\":\"https:\/\/kulturonline.tv\/wp-content\/uploads\/2022\/01\/stolz-schon-weitergekommen-zu-edited.jpg\",\"articleSection\":[\"Medien\",\"Newsflash\"],\"inLanguage\":\"de\"},{\"@type\":\"WebPage\",\"@id\":\"https:\/\/kulturonline.tv\/de\/kulturelle-infrastruktur-nicht-zerstoeren\/\",\"url\":\"https:\/\/kulturonline.tv\/de\/kulturelle-infrastruktur-nicht-zerstoeren\/\",\"name\":\"\u201eKulturelle Infrastruktur nicht zerst\u00f6ren\u201c - Kultur Online TV &amp; FM\",\"isPartOf\":{\"@id\":\"https:\/\/kulturonline.tv\/de\/#website\"},\"primaryImageOfPage\":{\"@id\":\"https:\/\/kulturonline.tv\/de\/kulturelle-infrastruktur-nicht-zerstoeren\/#primaryimage\"},\"image\":{\"@id\":\"https:\/\/kulturonline.tv\/de\/kulturelle-infrastruktur-nicht-zerstoeren\/#primaryimage\"},\"thumbnailUrl\":\"https:\/\/kulturonline.tv\/wp-content\/uploads\/2022\/01\/stolz-schon-weitergekommen-zu-edited.jpg\",\"datePublished\":\"2022-01-02T09:20:41+00:00\",\"dateModified\":\"2022-01-02T09:20:42+00:00\",\"description\":\"Kultur sehen und H\u00f6ren\",\"breadcrumb\":{\"@id\":\"https:\/\/kulturonline.tv\/de\/kulturelle-infrastruktur-nicht-zerstoeren\/#breadcrumb\"},\"inLanguage\":\"de\",\"potentialAction\":[{\"@type\":\"ReadAction\",\"target\":[\"https:\/\/kulturonline.tv\/de\/kulturelle-infrastruktur-nicht-zerstoeren\/\"]}]},{\"@type\":\"ImageObject\",\"inLanguage\":\"de\",\"@id\":\"https:\/\/kulturonline.tv\/de\/kulturelle-infrastruktur-nicht-zerstoeren\/#primaryimage\",\"url\":\"https:\/\/kulturonline.tv\/wp-content\/uploads\/2022\/01\/stolz-schon-weitergekommen-zu-edited.jpg\",\"contentUrl\":\"https:\/\/kulturonline.tv\/wp-content\/uploads\/2022\/01\/stolz-schon-weitergekommen-zu-edited.jpg\",\"width\":764,\"height\":430},{\"@type\":\"BreadcrumbList\",\"@id\":\"https:\/\/kulturonline.tv\/de\/kulturelle-infrastruktur-nicht-zerstoeren\/#breadcrumb\",\"itemListElement\":[{\"@type\":\"ListItem\",\"position\":1,\"name\":\"Startseite\",\"item\":\"https:\/\/kulturonline.tv\/de\/\"},{\"@type\":\"ListItem\",\"position\":2,\"name\":\"\u201eKulturelle Infrastruktur nicht zerst\u00f6ren\u201c\"}]},{\"@type\":\"WebSite\",\"@id\":\"https:\/\/kulturonline.tv\/de\/#website\",\"url\":\"https:\/\/kulturonline.tv\/de\/\",\"name\":\"Kultur Online TV &amp; FM\",\"description\":\"Wir sind Kultur 2.0 zum sehen &amp; h\u00f6ren\",\"publisher\":{\"@id\":\"https:\/\/kulturonline.tv\/de\/#organization\"},\"potentialAction\":[{\"@type\":\"SearchAction\",\"target\":{\"@type\":\"EntryPoint\",\"urlTemplate\":\"https:\/\/kulturonline.tv\/de\/?s={search_term_string}\"},\"query-input\":{\"@type\":\"PropertyValueSpecification\",\"valueRequired\":true,\"valueName\":\"search_term_string\"}}],\"inLanguage\":\"de\"},{\"@type\":\"Organization\",\"@id\":\"https:\/\/kulturonline.tv\/de\/#organization\",\"name\":\"Kultur Online TV\",\"url\":\"https:\/\/kulturonline.tv\/de\/\",\"logo\":{\"@type\":\"ImageObject\",\"inLanguage\":\"de\",\"@id\":\"https:\/\/kulturonline.tv\/de\/#\/schema\/logo\/image\/\",\"url\":\"https:\/\/kulturonline.tv\/wp-content\/uploads\/2021\/08\/Kultur-Online-Tv-Logo-Endversion-neu.png\",\"contentUrl\":\"https:\/\/kulturonline.tv\/wp-content\/uploads\/2021\/08\/Kultur-Online-Tv-Logo-Endversion-neu.png\",\"width\":200,\"height\":200,\"caption\":\"Kultur Online TV\"},\"image\":{\"@id\":\"https:\/\/kulturonline.tv\/de\/#\/schema\/logo\/image\/\"},\"sameAs\":[\"https:\/\/www.facebook.com\/kulturonline.tv\",\"https:\/\/www.instagram.com\/kulturonline.tv\"]},{\"@type\":\"Person\",\"@id\":\"https:\/\/kulturonline.tv\/de\/#\/schema\/person\/b0fac729bb9a0c193fb1df23449df4fe\",\"name\":\"guenter.wolfgang\"}]}<\/script>\n<!-- \/ Yoast SEO plugin. -->","yoast_head_json":{"title":"\u201eKulturelle Infrastruktur nicht zerst\u00f6ren\u201c - Kultur Online TV &amp; FM","description":"Kultur sehen und H\u00f6ren","robots":{"index":"index","follow":"follow","max-snippet":"max-snippet:-1","max-image-preview":"max-image-preview:large","max-video-preview":"max-video-preview:-1"},"canonical":"https:\/\/kulturonline.tv\/de\/kulturelle-infrastruktur-nicht-zerstoeren\/","og_locale":"de_DE","og_type":"article","og_title":"\u201eKulturelle Infrastruktur nicht zerst\u00f6ren\u201c - Kultur Online TV &amp; FM","og_description":"Kultur sehen und H\u00f6ren","og_url":"https:\/\/kulturonline.tv\/de\/kulturelle-infrastruktur-nicht-zerstoeren\/","og_site_name":"Kultur Online TV &amp; FM","article_publisher":"https:\/\/www.facebook.com\/kulturonline.tv","article_published_time":"2022-01-02T09:20:41+00:00","article_modified_time":"2022-01-02T09:20:42+00:00","og_image":[{"width":764,"height":430,"url":"https:\/\/kulturonline.tv\/wp-content\/uploads\/2022\/01\/stolz-schon-weitergekommen-zu-edited.jpg","type":"image\/jpeg"}],"author":"guenter.wolfgang","twitter_card":"summary_large_image","twitter_misc":{"Verfasst von":"guenter.wolfgang","Gesch\u00e4tzte Lesezeit":"2\u00a0Minuten"},"schema":{"@context":"https:\/\/schema.org","@graph":[{"@type":"Article","@id":"https:\/\/kulturonline.tv\/de\/kulturelle-infrastruktur-nicht-zerstoeren\/#article","isPartOf":{"@id":"https:\/\/kulturonline.tv\/de\/kulturelle-infrastruktur-nicht-zerstoeren\/"},"author":{"name":"guenter.wolfgang","@id":"https:\/\/kulturonline.tv\/de\/#\/schema\/person\/b0fac729bb9a0c193fb1df23449df4fe"},"headline":"\u201eKulturelle Infrastruktur nicht zerst\u00f6ren\u201c","datePublished":"2022-01-02T09:20:41+00:00","dateModified":"2022-01-02T09:20:42+00:00","mainEntityOfPage":{"@id":"https:\/\/kulturonline.tv\/de\/kulturelle-infrastruktur-nicht-zerstoeren\/"},"wordCount":266,"publisher":{"@id":"https:\/\/kulturonline.tv\/de\/#organization"},"image":{"@id":"https:\/\/kulturonline.tv\/de\/kulturelle-infrastruktur-nicht-zerstoeren\/#primaryimage"},"thumbnailUrl":"https:\/\/kulturonline.tv\/wp-content\/uploads\/2022\/01\/stolz-schon-weitergekommen-zu-edited.jpg","articleSection":["Medien","Newsflash"],"inLanguage":"de"},{"@type":"WebPage","@id":"https:\/\/kulturonline.tv\/de\/kulturelle-infrastruktur-nicht-zerstoeren\/","url":"https:\/\/kulturonline.tv\/de\/kulturelle-infrastruktur-nicht-zerstoeren\/","name":"\u201eKulturelle Infrastruktur nicht zerst\u00f6ren\u201c - Kultur Online TV &amp; FM","isPartOf":{"@id":"https:\/\/kulturonline.tv\/de\/#website"},"primaryImageOfPage":{"@id":"https:\/\/kulturonline.tv\/de\/kulturelle-infrastruktur-nicht-zerstoeren\/#primaryimage"},"image":{"@id":"https:\/\/kulturonline.tv\/de\/kulturelle-infrastruktur-nicht-zerstoeren\/#primaryimage"},"thumbnailUrl":"https:\/\/kulturonline.tv\/wp-content\/uploads\/2022\/01\/stolz-schon-weitergekommen-zu-edited.jpg","datePublished":"2022-01-02T09:20:41+00:00","dateModified":"2022-01-02T09:20:42+00:00","description":"Kultur sehen und H\u00f6ren","breadcrumb":{"@id":"https:\/\/kulturonline.tv\/de\/kulturelle-infrastruktur-nicht-zerstoeren\/#breadcrumb"},"inLanguage":"de","potentialAction":[{"@type":"ReadAction","target":["https:\/\/kulturonline.tv\/de\/kulturelle-infrastruktur-nicht-zerstoeren\/"]}]},{"@type":"ImageObject","inLanguage":"de","@id":"https:\/\/kulturonline.tv\/de\/kulturelle-infrastruktur-nicht-zerstoeren\/#primaryimage","url":"https:\/\/kulturonline.tv\/wp-content\/uploads\/2022\/01\/stolz-schon-weitergekommen-zu-edited.jpg","contentUrl":"https:\/\/kulturonline.tv\/wp-content\/uploads\/2022\/01\/stolz-schon-weitergekommen-zu-edited.jpg","width":764,"height":430},{"@type":"BreadcrumbList","@id":"https:\/\/kulturonline.tv\/de\/kulturelle-infrastruktur-nicht-zerstoeren\/#breadcrumb","itemListElement":[{"@type":"ListItem","position":1,"name":"Startseite","item":"https:\/\/kulturonline.tv\/de\/"},{"@type":"ListItem","position":2,"name":"\u201eKulturelle Infrastruktur nicht zerst\u00f6ren\u201c"}]},{"@type":"WebSite","@id":"https:\/\/kulturonline.tv\/de\/#website","url":"https:\/\/kulturonline.tv\/de\/","name":"Kultur Online TV &amp; FM","description":"Wir sind Kultur 2.0 zum sehen &amp; h\u00f6ren","publisher":{"@id":"https:\/\/kulturonline.tv\/de\/#organization"},"potentialAction":[{"@type":"SearchAction","target":{"@type":"EntryPoint","urlTemplate":"https:\/\/kulturonline.tv\/de\/?s={search_term_string}"},"query-input":{"@type":"PropertyValueSpecification","valueRequired":true,"valueName":"search_term_string"}}],"inLanguage":"de"},{"@type":"Organization","@id":"https:\/\/kulturonline.tv\/de\/#organization","name":"Kultur Online TV","url":"https:\/\/kulturonline.tv\/de\/","logo":{"@type":"ImageObject","inLanguage":"de","@id":"https:\/\/kulturonline.tv\/de\/#\/schema\/logo\/image\/","url":"https:\/\/kulturonline.tv\/wp-content\/uploads\/2021\/08\/Kultur-Online-Tv-Logo-Endversion-neu.png","contentUrl":"https:\/\/kulturonline.tv\/wp-content\/uploads\/2021\/08\/Kultur-Online-Tv-Logo-Endversion-neu.png","width":200,"height":200,"caption":"Kultur Online TV"},"image":{"@id":"https:\/\/kulturonline.tv\/de\/#\/schema\/logo\/image\/"},"sameAs":["https:\/\/www.facebook.com\/kulturonline.tv","https:\/\/www.instagram.com\/kulturonline.tv"]},{"@type":"Person","@id":"https:\/\/kulturonline.tv\/de\/#\/schema\/person\/b0fac729bb9a0c193fb1df23449df4fe","name":"guenter.wolfgang"}]}},"_links":{"self":[{"href":"https:\/\/kulturonline.tv\/de\/wp-json\/wp\/v2\/posts\/18339","targetHints":{"allow":["GET"]}}],"collection":[{"href":"https:\/\/kulturonline.tv\/de\/wp-json\/wp\/v2\/posts"}],"about":[{"href":"https:\/\/kulturonline.tv\/de\/wp-json\/wp\/v2\/types\/post"}],"author":[{"embeddable":true,"href":"https:\/\/kulturonline.tv\/de\/wp-json\/wp\/v2\/users\/2"}],"replies":[{"embeddable":true,"href":"https:\/\/kulturonline.tv\/de\/wp-json\/wp\/v2\/comments?post=18339"}],"version-history":[{"count":0,"href":"https:\/\/kulturonline.tv\/de\/wp-json\/wp\/v2\/posts\/18339\/revisions"}],"wp:featuredmedia":[{"embeddable":true,"href":"https:\/\/kulturonline.tv\/de\/wp-json\/wp\/v2\/media\/18343"}],"wp:attachment":[{"href":"https:\/\/kulturonline.tv\/de\/wp-json\/wp\/v2\/media?parent=18339"}],"wp:term":[{"taxonomy":"category","embeddable":true,"href":"https:\/\/kulturonline.tv\/de\/wp-json\/wp\/v2\/categories?post=18339"},{"taxonomy":"post_tag","embeddable":true,"href":"https:\/\/kulturonline.tv\/de\/wp-json\/wp\/v2\/tags?post=18339"}],"curies":[{"name":"wp","href":"https:\/\/api.w.org\/{rel}","templated":true}]}}