{"id":18446,"date":"2022-01-03T13:55:08","date_gmt":"2022-01-03T12:55:08","guid":{"rendered":"https:\/\/kulturonline.tv\/?p=18446"},"modified":"2022-01-03T13:55:09","modified_gmt":"2022-01-03T12:55:09","slug":"italiens-bekannter-autor-gianni-celati-gestorben-trauriger-tag-fuer-die-literatur-und-unser-land","status":"publish","type":"post","link":"https:\/\/kulturonline.tv\/de\/italiens-bekannter-autor-gianni-celati-gestorben-trauriger-tag-fuer-die-literatur-und-unser-land\/","title":{"rendered":"Italiens bekannter Autor Gianni Celati gestorben &#8211; \u201eTrauriger Tag f\u00fcr die Literatur und unser Land\u201c"},"content":{"rendered":"\n<p>Er \u00fcbersetzte Werke von Jonathan Swift und Mark Twain ins Italienische und feierte auch als Romanautor gro\u00dfe Erfolge.<\/p>\n\n\n\n<figure class=\"wp-block-image size-full is-resized\"><img fetchpriority=\"high\" decoding=\"async\" src=\"https:\/\/kulturonline.tv\/wp-content\/uploads\/2022\/01\/Farewell-to-Gianni-Celati-great-writer-intellectual-cinephile-and-director.jpg\" alt=\"\" class=\"wp-image-18448\" width=\"842\" height=\"474\" srcset=\"https:\/\/kulturonline.tv\/wp-content\/uploads\/2022\/01\/Farewell-to-Gianni-Celati-great-writer-intellectual-cinephile-and-director.jpg 480w, https:\/\/kulturonline.tv\/wp-content\/uploads\/2022\/01\/Farewell-to-Gianni-Celati-great-writer-intellectual-cinephile-and-director-416x234.jpg 416w\" sizes=\"(max-width: 842px) 100vw, 842px\" \/><\/figure>\n\n\n\n<p>Der italienische Schriftsteller und \u00dcbersetzer Gianni Celati ist im Alter von 84 Jahren gestorben. Das best\u00e4tigte ein Freund des Autors gegen\u00fcber der Nachrichtenagentur Adnkronos. Andere Medien hatten bereits \u00fcber den Tod berichtet. Celati ist demzufolge in der Nacht zu Montag in der N\u00e4he der s\u00fcdenglischen Stadt Brighton gestorben, wo er seit 1989 lebte. Der geb\u00fcrtige Norditaliener sei schon l\u00e4nger krank gewesen, erkl\u00e4rte sein Freund.<\/p>\n\n\n\n<p>Italiens Kulturminister Dario Franceschini beklagte den Verlust eines &#8222;gro\u00dfen Intellektuellen des 20. Jahrhunderts&#8220; und sagte: &#8222;Es ist ein trauriger Tag f\u00fcr die Literatur und unser Land, das auch einen aufmerksamen Beobachter verliert, der wusste, das weniger bekannte und abseitige Italien in Einfachheit zu erz\u00e4hlen.&#8220;<\/p>\n\n\n\n<p>Der 1937 in Sondrio geborene Celati \u00fcbersetzte Werke von Jonathan Swift, Mark Twain und Roland Barthes ins Italienische. 1971 deb\u00fctierte er in der italienischen Literaturwelt mit seinem Roman \u201eComiche\u201c. <\/p>\n\n\n\n<p>An der Universit\u00e4t Bologna hatte Celati in den 1970er Jahren eine Professur f\u00fcr Englische und Amerikanische Literatur. Zu seinen Werken geh\u00f6ren die auch in Deutschland erschienen Titel \u201eDie wilden Reisen des Otero Aloysio\u201c, \u201eWas f\u00fcr ein Leben! Episoden aus dem Alltag der Italiener\u201c und \u201eFata Morgana\u201c.<\/p>\n\n\n\n<p>1975 \u00fcbernahm Celati eine Professur f\u00fcr Englische und Amerikanische Literatur an der Universit\u00e4t von Bologna, zog sich jedoch f\u00fcnf Jahre sp\u00e4ter aus dem Wissenschaftsbetrieb zur\u00fcck, um sich dem Schreiben und der Filmarbeit zu widmen. Celati lebte zuletzt im s\u00fcdenglischen Brighton und in Bologna.<\/p>\n\n\n\n<p>Kultur Online TV<\/p>\n\n\n\n<p>#literatur #tod #italien #kultur <\/p>\n","protected":false},"excerpt":{"rendered":"<p>Er \u00fcbersetzte Werke von Jonathan Swift und Mark Twain ins Italienische und feierte auch als Romanautor gro\u00dfe Erfolge. Der italienische Schriftsteller und \u00dcbersetzer Gianni Celati ist im Alter von 84 Jahren gestorben. Das best\u00e4tigte ein Freund des Autors gegen\u00fcber der Nachrichtenagentur Adnkronos. Andere Medien hatten bereits \u00fcber den Tod berichtet. Celati ist demzufolge in der [&hellip;]<\/p>\n","protected":false},"author":2,"featured_media":18448,"comment_status":"closed","ping_status":"closed","sticky":false,"template":"","format":"standard","meta":{"_acf_changed":false,"footnotes":""},"categories":[106,3],"tags":[],"class_list":["post-18446","post","type-post","status-publish","format-standard","has-post-thumbnail","hentry","category-literatur","category-newsflash"],"acf":[],"yoast_head":"<!-- This site is optimized with the Yoast SEO plugin v26.1.1 - https:\/\/yoast.com\/wordpress\/plugins\/seo\/ -->\n<title>Italiens bekannter Autor Gianni Celati gestorben - \u201eTrauriger Tag f\u00fcr die Literatur und unser Land\u201c - Kultur Online TV &amp; FM<\/title>\n<meta name=\"description\" content=\"Kultur sehen und H\u00f6ren\" \/>\n<meta name=\"robots\" content=\"index, follow, max-snippet:-1, max-image-preview:large, max-video-preview:-1\" \/>\n<link rel=\"canonical\" href=\"https:\/\/kulturonline.tv\/de\/italiens-bekannter-autor-gianni-celati-gestorben-trauriger-tag-fuer-die-literatur-und-unser-land\/\" \/>\n<meta property=\"og:locale\" content=\"de_DE\" \/>\n<meta property=\"og:type\" content=\"article\" \/>\n<meta property=\"og:title\" content=\"Italiens bekannter Autor Gianni Celati gestorben - \u201eTrauriger Tag f\u00fcr die Literatur und unser Land\u201c - Kultur Online TV &amp; FM\" \/>\n<meta property=\"og:description\" content=\"Kultur sehen und H\u00f6ren\" \/>\n<meta property=\"og:url\" content=\"https:\/\/kulturonline.tv\/de\/italiens-bekannter-autor-gianni-celati-gestorben-trauriger-tag-fuer-die-literatur-und-unser-land\/\" \/>\n<meta property=\"og:site_name\" content=\"Kultur Online TV &amp; FM\" \/>\n<meta property=\"article:publisher\" content=\"https:\/\/www.facebook.com\/kulturonline.tv\" \/>\n<meta property=\"article:published_time\" content=\"2022-01-03T12:55:08+00:00\" \/>\n<meta property=\"article:modified_time\" content=\"2022-01-03T12:55:09+00:00\" \/>\n<meta property=\"og:image\" content=\"https:\/\/kulturonline.tv\/wp-content\/uploads\/2022\/01\/Farewell-to-Gianni-Celati-great-writer-intellectual-cinephile-and-director.jpg\" \/>\n\t<meta property=\"og:image:width\" content=\"480\" \/>\n\t<meta property=\"og:image:height\" content=\"270\" \/>\n\t<meta property=\"og:image:type\" content=\"image\/jpeg\" \/>\n<meta name=\"author\" content=\"guenter.wolfgang\" \/>\n<meta name=\"twitter:card\" content=\"summary_large_image\" \/>\n<meta name=\"twitter:label1\" content=\"Verfasst von\" \/>\n\t<meta name=\"twitter:data1\" content=\"guenter.wolfgang\" \/>\n\t<meta name=\"twitter:label2\" content=\"Gesch\u00e4tzte Lesezeit\" \/>\n\t<meta name=\"twitter:data2\" content=\"2\u00a0Minuten\" \/>\n<script type=\"application\/ld+json\" class=\"yoast-schema-graph\">{\"@context\":\"https:\/\/schema.org\",\"@graph\":[{\"@type\":\"Article\",\"@id\":\"https:\/\/kulturonline.tv\/de\/italiens-bekannter-autor-gianni-celati-gestorben-trauriger-tag-fuer-die-literatur-und-unser-land\/#article\",\"isPartOf\":{\"@id\":\"https:\/\/kulturonline.tv\/de\/italiens-bekannter-autor-gianni-celati-gestorben-trauriger-tag-fuer-die-literatur-und-unser-land\/\"},\"author\":{\"name\":\"guenter.wolfgang\",\"@id\":\"https:\/\/kulturonline.tv\/de\/#\/schema\/person\/b0fac729bb9a0c193fb1df23449df4fe\"},\"headline\":\"Italiens bekannter Autor Gianni Celati gestorben &#8211; \u201eTrauriger Tag f\u00fcr die Literatur und unser Land\u201c\",\"datePublished\":\"2022-01-03T12:55:08+00:00\",\"dateModified\":\"2022-01-03T12:55:09+00:00\",\"mainEntityOfPage\":{\"@id\":\"https:\/\/kulturonline.tv\/de\/italiens-bekannter-autor-gianni-celati-gestorben-trauriger-tag-fuer-die-literatur-und-unser-land\/\"},\"wordCount\":283,\"publisher\":{\"@id\":\"https:\/\/kulturonline.tv\/de\/#organization\"},\"image\":{\"@id\":\"https:\/\/kulturonline.tv\/de\/italiens-bekannter-autor-gianni-celati-gestorben-trauriger-tag-fuer-die-literatur-und-unser-land\/#primaryimage\"},\"thumbnailUrl\":\"https:\/\/kulturonline.tv\/wp-content\/uploads\/2022\/01\/Farewell-to-Gianni-Celati-great-writer-intellectual-cinephile-and-director.jpg\",\"articleSection\":[\"Literatur\",\"Newsflash\"],\"inLanguage\":\"de\"},{\"@type\":\"WebPage\",\"@id\":\"https:\/\/kulturonline.tv\/de\/italiens-bekannter-autor-gianni-celati-gestorben-trauriger-tag-fuer-die-literatur-und-unser-land\/\",\"url\":\"https:\/\/kulturonline.tv\/de\/italiens-bekannter-autor-gianni-celati-gestorben-trauriger-tag-fuer-die-literatur-und-unser-land\/\",\"name\":\"Italiens bekannter Autor Gianni Celati gestorben - \u201eTrauriger Tag f\u00fcr die Literatur und unser Land\u201c - Kultur Online TV &amp; FM\",\"isPartOf\":{\"@id\":\"https:\/\/kulturonline.tv\/de\/#website\"},\"primaryImageOfPage\":{\"@id\":\"https:\/\/kulturonline.tv\/de\/italiens-bekannter-autor-gianni-celati-gestorben-trauriger-tag-fuer-die-literatur-und-unser-land\/#primaryimage\"},\"image\":{\"@id\":\"https:\/\/kulturonline.tv\/de\/italiens-bekannter-autor-gianni-celati-gestorben-trauriger-tag-fuer-die-literatur-und-unser-land\/#primaryimage\"},\"thumbnailUrl\":\"https:\/\/kulturonline.tv\/wp-content\/uploads\/2022\/01\/Farewell-to-Gianni-Celati-great-writer-intellectual-cinephile-and-director.jpg\",\"datePublished\":\"2022-01-03T12:55:08+00:00\",\"dateModified\":\"2022-01-03T12:55:09+00:00\",\"description\":\"Kultur sehen und H\u00f6ren\",\"breadcrumb\":{\"@id\":\"https:\/\/kulturonline.tv\/de\/italiens-bekannter-autor-gianni-celati-gestorben-trauriger-tag-fuer-die-literatur-und-unser-land\/#breadcrumb\"},\"inLanguage\":\"de\",\"potentialAction\":[{\"@type\":\"ReadAction\",\"target\":[\"https:\/\/kulturonline.tv\/de\/italiens-bekannter-autor-gianni-celati-gestorben-trauriger-tag-fuer-die-literatur-und-unser-land\/\"]}]},{\"@type\":\"ImageObject\",\"inLanguage\":\"de\",\"@id\":\"https:\/\/kulturonline.tv\/de\/italiens-bekannter-autor-gianni-celati-gestorben-trauriger-tag-fuer-die-literatur-und-unser-land\/#primaryimage\",\"url\":\"https:\/\/kulturonline.tv\/wp-content\/uploads\/2022\/01\/Farewell-to-Gianni-Celati-great-writer-intellectual-cinephile-and-director.jpg\",\"contentUrl\":\"https:\/\/kulturonline.tv\/wp-content\/uploads\/2022\/01\/Farewell-to-Gianni-Celati-great-writer-intellectual-cinephile-and-director.jpg\",\"width\":480,\"height\":270},{\"@type\":\"BreadcrumbList\",\"@id\":\"https:\/\/kulturonline.tv\/de\/italiens-bekannter-autor-gianni-celati-gestorben-trauriger-tag-fuer-die-literatur-und-unser-land\/#breadcrumb\",\"itemListElement\":[{\"@type\":\"ListItem\",\"position\":1,\"name\":\"Startseite\",\"item\":\"https:\/\/kulturonline.tv\/de\/\"},{\"@type\":\"ListItem\",\"position\":2,\"name\":\"Italiens bekannter Autor Gianni Celati gestorben &#8211; \u201eTrauriger Tag f\u00fcr die Literatur und unser Land\u201c\"}]},{\"@type\":\"WebSite\",\"@id\":\"https:\/\/kulturonline.tv\/de\/#website\",\"url\":\"https:\/\/kulturonline.tv\/de\/\",\"name\":\"Kultur Online TV &amp; FM\",\"description\":\"Wir sind Kultur 2.0 zum sehen &amp; h\u00f6ren\",\"publisher\":{\"@id\":\"https:\/\/kulturonline.tv\/de\/#organization\"},\"potentialAction\":[{\"@type\":\"SearchAction\",\"target\":{\"@type\":\"EntryPoint\",\"urlTemplate\":\"https:\/\/kulturonline.tv\/de\/?s={search_term_string}\"},\"query-input\":{\"@type\":\"PropertyValueSpecification\",\"valueRequired\":true,\"valueName\":\"search_term_string\"}}],\"inLanguage\":\"de\"},{\"@type\":\"Organization\",\"@id\":\"https:\/\/kulturonline.tv\/de\/#organization\",\"name\":\"Kultur Online TV\",\"url\":\"https:\/\/kulturonline.tv\/de\/\",\"logo\":{\"@type\":\"ImageObject\",\"inLanguage\":\"de\",\"@id\":\"https:\/\/kulturonline.tv\/de\/#\/schema\/logo\/image\/\",\"url\":\"https:\/\/kulturonline.tv\/wp-content\/uploads\/2021\/08\/Kultur-Online-Tv-Logo-Endversion-neu.png\",\"contentUrl\":\"https:\/\/kulturonline.tv\/wp-content\/uploads\/2021\/08\/Kultur-Online-Tv-Logo-Endversion-neu.png\",\"width\":200,\"height\":200,\"caption\":\"Kultur Online TV\"},\"image\":{\"@id\":\"https:\/\/kulturonline.tv\/de\/#\/schema\/logo\/image\/\"},\"sameAs\":[\"https:\/\/www.facebook.com\/kulturonline.tv\",\"https:\/\/www.instagram.com\/kulturonline.tv\"]},{\"@type\":\"Person\",\"@id\":\"https:\/\/kulturonline.tv\/de\/#\/schema\/person\/b0fac729bb9a0c193fb1df23449df4fe\",\"name\":\"guenter.wolfgang\"}]}<\/script>\n<!-- \/ Yoast SEO plugin. -->","yoast_head_json":{"title":"Italiens bekannter Autor Gianni Celati gestorben - \u201eTrauriger Tag f\u00fcr die Literatur und unser Land\u201c - Kultur Online TV &amp; FM","description":"Kultur sehen und H\u00f6ren","robots":{"index":"index","follow":"follow","max-snippet":"max-snippet:-1","max-image-preview":"max-image-preview:large","max-video-preview":"max-video-preview:-1"},"canonical":"https:\/\/kulturonline.tv\/de\/italiens-bekannter-autor-gianni-celati-gestorben-trauriger-tag-fuer-die-literatur-und-unser-land\/","og_locale":"de_DE","og_type":"article","og_title":"Italiens bekannter Autor Gianni Celati gestorben - \u201eTrauriger Tag f\u00fcr die Literatur und unser Land\u201c - Kultur Online TV &amp; FM","og_description":"Kultur sehen und H\u00f6ren","og_url":"https:\/\/kulturonline.tv\/de\/italiens-bekannter-autor-gianni-celati-gestorben-trauriger-tag-fuer-die-literatur-und-unser-land\/","og_site_name":"Kultur Online TV &amp; FM","article_publisher":"https:\/\/www.facebook.com\/kulturonline.tv","article_published_time":"2022-01-03T12:55:08+00:00","article_modified_time":"2022-01-03T12:55:09+00:00","og_image":[{"width":480,"height":270,"url":"https:\/\/kulturonline.tv\/wp-content\/uploads\/2022\/01\/Farewell-to-Gianni-Celati-great-writer-intellectual-cinephile-and-director.jpg","type":"image\/jpeg"}],"author":"guenter.wolfgang","twitter_card":"summary_large_image","twitter_misc":{"Verfasst von":"guenter.wolfgang","Gesch\u00e4tzte Lesezeit":"2\u00a0Minuten"},"schema":{"@context":"https:\/\/schema.org","@graph":[{"@type":"Article","@id":"https:\/\/kulturonline.tv\/de\/italiens-bekannter-autor-gianni-celati-gestorben-trauriger-tag-fuer-die-literatur-und-unser-land\/#article","isPartOf":{"@id":"https:\/\/kulturonline.tv\/de\/italiens-bekannter-autor-gianni-celati-gestorben-trauriger-tag-fuer-die-literatur-und-unser-land\/"},"author":{"name":"guenter.wolfgang","@id":"https:\/\/kulturonline.tv\/de\/#\/schema\/person\/b0fac729bb9a0c193fb1df23449df4fe"},"headline":"Italiens bekannter Autor Gianni Celati gestorben &#8211; \u201eTrauriger Tag f\u00fcr die Literatur und unser Land\u201c","datePublished":"2022-01-03T12:55:08+00:00","dateModified":"2022-01-03T12:55:09+00:00","mainEntityOfPage":{"@id":"https:\/\/kulturonline.tv\/de\/italiens-bekannter-autor-gianni-celati-gestorben-trauriger-tag-fuer-die-literatur-und-unser-land\/"},"wordCount":283,"publisher":{"@id":"https:\/\/kulturonline.tv\/de\/#organization"},"image":{"@id":"https:\/\/kulturonline.tv\/de\/italiens-bekannter-autor-gianni-celati-gestorben-trauriger-tag-fuer-die-literatur-und-unser-land\/#primaryimage"},"thumbnailUrl":"https:\/\/kulturonline.tv\/wp-content\/uploads\/2022\/01\/Farewell-to-Gianni-Celati-great-writer-intellectual-cinephile-and-director.jpg","articleSection":["Literatur","Newsflash"],"inLanguage":"de"},{"@type":"WebPage","@id":"https:\/\/kulturonline.tv\/de\/italiens-bekannter-autor-gianni-celati-gestorben-trauriger-tag-fuer-die-literatur-und-unser-land\/","url":"https:\/\/kulturonline.tv\/de\/italiens-bekannter-autor-gianni-celati-gestorben-trauriger-tag-fuer-die-literatur-und-unser-land\/","name":"Italiens bekannter Autor Gianni Celati gestorben - \u201eTrauriger Tag f\u00fcr die Literatur und unser Land\u201c - Kultur Online TV &amp; FM","isPartOf":{"@id":"https:\/\/kulturonline.tv\/de\/#website"},"primaryImageOfPage":{"@id":"https:\/\/kulturonline.tv\/de\/italiens-bekannter-autor-gianni-celati-gestorben-trauriger-tag-fuer-die-literatur-und-unser-land\/#primaryimage"},"image":{"@id":"https:\/\/kulturonline.tv\/de\/italiens-bekannter-autor-gianni-celati-gestorben-trauriger-tag-fuer-die-literatur-und-unser-land\/#primaryimage"},"thumbnailUrl":"https:\/\/kulturonline.tv\/wp-content\/uploads\/2022\/01\/Farewell-to-Gianni-Celati-great-writer-intellectual-cinephile-and-director.jpg","datePublished":"2022-01-03T12:55:08+00:00","dateModified":"2022-01-03T12:55:09+00:00","description":"Kultur sehen und H\u00f6ren","breadcrumb":{"@id":"https:\/\/kulturonline.tv\/de\/italiens-bekannter-autor-gianni-celati-gestorben-trauriger-tag-fuer-die-literatur-und-unser-land\/#breadcrumb"},"inLanguage":"de","potentialAction":[{"@type":"ReadAction","target":["https:\/\/kulturonline.tv\/de\/italiens-bekannter-autor-gianni-celati-gestorben-trauriger-tag-fuer-die-literatur-und-unser-land\/"]}]},{"@type":"ImageObject","inLanguage":"de","@id":"https:\/\/kulturonline.tv\/de\/italiens-bekannter-autor-gianni-celati-gestorben-trauriger-tag-fuer-die-literatur-und-unser-land\/#primaryimage","url":"https:\/\/kulturonline.tv\/wp-content\/uploads\/2022\/01\/Farewell-to-Gianni-Celati-great-writer-intellectual-cinephile-and-director.jpg","contentUrl":"https:\/\/kulturonline.tv\/wp-content\/uploads\/2022\/01\/Farewell-to-Gianni-Celati-great-writer-intellectual-cinephile-and-director.jpg","width":480,"height":270},{"@type":"BreadcrumbList","@id":"https:\/\/kulturonline.tv\/de\/italiens-bekannter-autor-gianni-celati-gestorben-trauriger-tag-fuer-die-literatur-und-unser-land\/#breadcrumb","itemListElement":[{"@type":"ListItem","position":1,"name":"Startseite","item":"https:\/\/kulturonline.tv\/de\/"},{"@type":"ListItem","position":2,"name":"Italiens bekannter Autor Gianni Celati gestorben &#8211; \u201eTrauriger Tag f\u00fcr die Literatur und unser Land\u201c"}]},{"@type":"WebSite","@id":"https:\/\/kulturonline.tv\/de\/#website","url":"https:\/\/kulturonline.tv\/de\/","name":"Kultur Online TV &amp; FM","description":"Wir sind Kultur 2.0 zum sehen &amp; h\u00f6ren","publisher":{"@id":"https:\/\/kulturonline.tv\/de\/#organization"},"potentialAction":[{"@type":"SearchAction","target":{"@type":"EntryPoint","urlTemplate":"https:\/\/kulturonline.tv\/de\/?s={search_term_string}"},"query-input":{"@type":"PropertyValueSpecification","valueRequired":true,"valueName":"search_term_string"}}],"inLanguage":"de"},{"@type":"Organization","@id":"https:\/\/kulturonline.tv\/de\/#organization","name":"Kultur Online TV","url":"https:\/\/kulturonline.tv\/de\/","logo":{"@type":"ImageObject","inLanguage":"de","@id":"https:\/\/kulturonline.tv\/de\/#\/schema\/logo\/image\/","url":"https:\/\/kulturonline.tv\/wp-content\/uploads\/2021\/08\/Kultur-Online-Tv-Logo-Endversion-neu.png","contentUrl":"https:\/\/kulturonline.tv\/wp-content\/uploads\/2021\/08\/Kultur-Online-Tv-Logo-Endversion-neu.png","width":200,"height":200,"caption":"Kultur Online TV"},"image":{"@id":"https:\/\/kulturonline.tv\/de\/#\/schema\/logo\/image\/"},"sameAs":["https:\/\/www.facebook.com\/kulturonline.tv","https:\/\/www.instagram.com\/kulturonline.tv"]},{"@type":"Person","@id":"https:\/\/kulturonline.tv\/de\/#\/schema\/person\/b0fac729bb9a0c193fb1df23449df4fe","name":"guenter.wolfgang"}]}},"_links":{"self":[{"href":"https:\/\/kulturonline.tv\/de\/wp-json\/wp\/v2\/posts\/18446","targetHints":{"allow":["GET"]}}],"collection":[{"href":"https:\/\/kulturonline.tv\/de\/wp-json\/wp\/v2\/posts"}],"about":[{"href":"https:\/\/kulturonline.tv\/de\/wp-json\/wp\/v2\/types\/post"}],"author":[{"embeddable":true,"href":"https:\/\/kulturonline.tv\/de\/wp-json\/wp\/v2\/users\/2"}],"replies":[{"embeddable":true,"href":"https:\/\/kulturonline.tv\/de\/wp-json\/wp\/v2\/comments?post=18446"}],"version-history":[{"count":0,"href":"https:\/\/kulturonline.tv\/de\/wp-json\/wp\/v2\/posts\/18446\/revisions"}],"wp:featuredmedia":[{"embeddable":true,"href":"https:\/\/kulturonline.tv\/de\/wp-json\/wp\/v2\/media\/18448"}],"wp:attachment":[{"href":"https:\/\/kulturonline.tv\/de\/wp-json\/wp\/v2\/media?parent=18446"}],"wp:term":[{"taxonomy":"category","embeddable":true,"href":"https:\/\/kulturonline.tv\/de\/wp-json\/wp\/v2\/categories?post=18446"},{"taxonomy":"post_tag","embeddable":true,"href":"https:\/\/kulturonline.tv\/de\/wp-json\/wp\/v2\/tags?post=18446"}],"curies":[{"name":"wp","href":"https:\/\/api.w.org\/{rel}","templated":true}]}}