{"id":18475,"date":"2022-01-04T07:37:01","date_gmt":"2022-01-04T06:37:01","guid":{"rendered":"https:\/\/kulturonline.tv\/?p=18475"},"modified":"2022-01-04T07:37:02","modified_gmt":"2022-01-04T06:37:02","slug":"chemnitz-bereitet-sich-auf-kulturhauptstadt-vor","status":"publish","type":"post","link":"https:\/\/kulturonline.tv\/de\/chemnitz-bereitet-sich-auf-kulturhauptstadt-vor\/","title":{"rendered":"Chemnitz bereitet sich auf Kulturhauptstadt vor"},"content":{"rendered":"\n<p><strong>Chemnitz als k\u00fcnftige Kulturhauptstadt Europas bereitet sich weiter auf das Progamm f\u00fcr 2025 vor.<\/strong><\/p>\n\n\n\n<figure class=\"wp-block-image size-full\"><img fetchpriority=\"high\" decoding=\"async\" width=\"1600\" height=\"898\" src=\"https:\/\/kulturonline.tv\/wp-content\/uploads\/2022\/01\/Chemnitz-Kultur-Online-TV.jpg\" alt=\"\" class=\"wp-image-18477\" srcset=\"https:\/\/kulturonline.tv\/wp-content\/uploads\/2022\/01\/Chemnitz-Kultur-Online-TV.jpg 1600w, https:\/\/kulturonline.tv\/wp-content\/uploads\/2022\/01\/Chemnitz-Kultur-Online-TV-600x337.jpg 600w, https:\/\/kulturonline.tv\/wp-content\/uploads\/2022\/01\/Chemnitz-Kultur-Online-TV-800x449.jpg 800w, https:\/\/kulturonline.tv\/wp-content\/uploads\/2022\/01\/Chemnitz-Kultur-Online-TV-768x431.jpg 768w, https:\/\/kulturonline.tv\/wp-content\/uploads\/2022\/01\/Chemnitz-Kultur-Online-TV-1536x862.jpg 1536w\" sizes=\"(max-width: 1600px) 100vw, 1600px\" \/><\/figure>\n\n\n\n<p>Nach offiziellen Angaben gibt es 72 Projektideen, aus denen ein belastbares Programm erarbeitet werden soll. Dazu waren schon im vergangenen Jahr Vorhaben umgesetzt worden &#8211; etwa ersten Pflanzungen f\u00fcr eine &#8222;Parade der Apfelb\u00e4ume&#8220;. F\u00fcr dieses Jahr sei etwa ein Chorfest geplant sowie ein Treffen von Kulturschaffenden und B\u00fcrgern unter dem Titel \u00abMakers United\u00bb. Chemnitz hatte im Herbst 2020 den Zuschlag als Kulturhauptstadt Europas 2025 erhalten. Die Stadt wird den Titel zusammen mit Nova Gorica in Slowenien tragen.<\/p>\n\n\n\n<figure class=\"wp-block-embed is-type-video is-provider-youtube wp-block-embed-youtube wp-embed-aspect-16-9 wp-has-aspect-ratio\"><div class=\"wp-block-embed__wrapper\">\n<iframe title=\"Chemnitz - Sehensw\u00fcrdigkeiten der Stadt der Moderne\" width=\"800\" height=\"450\" src=\"https:\/\/www.youtube.com\/embed\/IeXkCD9CrVA?feature=oembed\" frameborder=\"0\" allow=\"accelerometer; autoplay; clipboard-write; encrypted-media; gyroscope; picture-in-picture; web-share\" referrerpolicy=\"strict-origin-when-cross-origin\" allowfullscreen><\/iframe>\n<\/div><\/figure>\n\n\n\n<p>Chemnitz von 1953 bis 1990 Karl-Marx-Stadt ist eine kreisfreie Stadt im S\u00fcdwesten des Freistaates Sachsen und dessen drittgr\u00f6\u00dfte Gro\u00dfstadt nach Leipzig und Dresden. Der namensgebende Fluss verl\u00e4uft durch die am Nordrand des Erzgebirges im Erzgebirgsbecken liegende Stadt. Chemnitz ist Hauptsitz der Landesdirektion Sachsen und Teil der Metropolregion Mitteldeutschland. Am 28. Oktober 2020 wurde die Stadt zur Kulturhauptstadt Europas 2025 ausgew\u00e4hlt.<\/p>\n\n\n\n<p>Die \u00e4lteste urkundliche Erw\u00e4hnung als Kameniz (von sorbisch kamjenica, \u201eSteinbach\u201c) datiert aus dem Jahre 1143. Mit der industriellen Revolution setzte im 19. Jahrhundert ein starkes Bev\u00f6lkerungswachstum ein, nach der Reichsgr\u00fcndung 1871 entwickelte sich Chemnitz zu einer wichtigen Industriestadt. In der Zeit der Hochindustrialisierung im Deutschen Reich wurde Chemnitz im Laufe des Jahres 1882 zur Gro\u00dfstadt. Die Einwohnerzahl erreichte zu Beginn der 1930er-Jahre mit \u00fcber 361.000 Personen ihren historischen H\u00f6chstwert. Im Zweiten Weltkrieg wurde bei den Luftangriffen auf Chemnitz im Februar und M\u00e4rz 1945 die Innenstadt zu 80 % zerst\u00f6rt. Auf Beschluss des ZK der SED und der Regierung der DDR erfolgte am 10. Mai 1953 die Umbenennung in Karl-Marx-Stadt.<\/p>\n\n\n\n<p>Mit ihrer \u00fcber 200-j\u00e4hrigen Industriegeschichte ist die Stadt heute ein Technologiestandort mit den Branchenschwerpunkten Automobil- und Zulieferindustrie, Informationstechnologie sowie Maschinen- und Anlagenbau. Chemnitz ist Standort einer Technischen Universit\u00e4t.<\/p>\n\n\n\n<p>In der Stadt im Erzgebirgsvorland befinden sich zahlreiche Freizeiteinrichtungen und Museen, darunter die Kunstsammlungen Chemnitz und das Staatliche Museum f\u00fcr Arch\u00e4ologie Chemnitz.<\/p>\n\n\n\n<p>Bekannte S\u00f6hne und T\u00f6chter der Stadt sind der Maler Karl Schmidt-Rottluff, der Schriftsteller Stefan Heym und die Designerin Marianne Brandt.<\/p>\n\n\n\n<p>Kultur Online TV<\/p>\n\n\n\n<p>#kultur #kunst  #news<\/p>\n","protected":false},"excerpt":{"rendered":"<p>Chemnitz als k\u00fcnftige Kulturhauptstadt Europas bereitet sich weiter auf das Progamm f\u00fcr 2025 vor. Nach offiziellen Angaben gibt es 72 Projektideen, aus denen ein belastbares Programm erarbeitet werden soll. Dazu waren schon im vergangenen Jahr Vorhaben umgesetzt worden &#8211; etwa ersten Pflanzungen f\u00fcr eine &#8222;Parade der Apfelb\u00e4ume&#8220;. F\u00fcr dieses Jahr sei etwa ein Chorfest geplant [&hellip;]<\/p>\n","protected":false},"author":2,"featured_media":18477,"comment_status":"closed","ping_status":"closed","sticky":false,"template":"","format":"standard","meta":{"_acf_changed":false,"footnotes":""},"categories":[3],"tags":[],"class_list":["post-18475","post","type-post","status-publish","format-standard","has-post-thumbnail","hentry","category-newsflash"],"acf":[],"yoast_head":"<!-- This site is optimized with the Yoast SEO plugin v26.1.1 - https:\/\/yoast.com\/wordpress\/plugins\/seo\/ -->\n<title>Chemnitz bereitet sich auf Kulturhauptstadt vor - Kultur Online TV &amp; FM<\/title>\n<meta name=\"description\" content=\"Kultur sehen und H\u00f6ren\" \/>\n<meta name=\"robots\" content=\"index, follow, max-snippet:-1, max-image-preview:large, max-video-preview:-1\" \/>\n<link rel=\"canonical\" href=\"https:\/\/kulturonline.tv\/de\/chemnitz-bereitet-sich-auf-kulturhauptstadt-vor\/\" \/>\n<meta property=\"og:locale\" content=\"de_DE\" \/>\n<meta property=\"og:type\" content=\"article\" \/>\n<meta property=\"og:title\" content=\"Chemnitz bereitet sich auf Kulturhauptstadt vor - Kultur Online TV &amp; FM\" \/>\n<meta property=\"og:description\" content=\"Kultur sehen und H\u00f6ren\" \/>\n<meta property=\"og:url\" content=\"https:\/\/kulturonline.tv\/de\/chemnitz-bereitet-sich-auf-kulturhauptstadt-vor\/\" \/>\n<meta property=\"og:site_name\" content=\"Kultur Online TV &amp; FM\" \/>\n<meta property=\"article:publisher\" content=\"https:\/\/www.facebook.com\/kulturonline.tv\" \/>\n<meta property=\"article:published_time\" content=\"2022-01-04T06:37:01+00:00\" \/>\n<meta property=\"article:modified_time\" content=\"2022-01-04T06:37:02+00:00\" \/>\n<meta property=\"og:image\" content=\"https:\/\/kulturonline.tv\/wp-content\/uploads\/2022\/01\/Chemnitz-Kultur-Online-TV.jpg\" \/>\n\t<meta property=\"og:image:width\" content=\"1600\" \/>\n\t<meta property=\"og:image:height\" content=\"898\" \/>\n\t<meta property=\"og:image:type\" content=\"image\/jpeg\" \/>\n<meta name=\"author\" content=\"guenter.wolfgang\" \/>\n<meta name=\"twitter:card\" content=\"summary_large_image\" \/>\n<meta name=\"twitter:label1\" content=\"Verfasst von\" \/>\n\t<meta name=\"twitter:data1\" content=\"guenter.wolfgang\" \/>\n\t<meta name=\"twitter:label2\" content=\"Gesch\u00e4tzte Lesezeit\" \/>\n\t<meta name=\"twitter:data2\" content=\"3\u00a0Minuten\" \/>\n<script type=\"application\/ld+json\" class=\"yoast-schema-graph\">{\"@context\":\"https:\/\/schema.org\",\"@graph\":[{\"@type\":\"Article\",\"@id\":\"https:\/\/kulturonline.tv\/de\/chemnitz-bereitet-sich-auf-kulturhauptstadt-vor\/#article\",\"isPartOf\":{\"@id\":\"https:\/\/kulturonline.tv\/de\/chemnitz-bereitet-sich-auf-kulturhauptstadt-vor\/\"},\"author\":{\"name\":\"guenter.wolfgang\",\"@id\":\"https:\/\/kulturonline.tv\/de\/#\/schema\/person\/b0fac729bb9a0c193fb1df23449df4fe\"},\"headline\":\"Chemnitz bereitet sich auf Kulturhauptstadt vor\",\"datePublished\":\"2022-01-04T06:37:01+00:00\",\"dateModified\":\"2022-01-04T06:37:02+00:00\",\"mainEntityOfPage\":{\"@id\":\"https:\/\/kulturonline.tv\/de\/chemnitz-bereitet-sich-auf-kulturhauptstadt-vor\/\"},\"wordCount\":355,\"publisher\":{\"@id\":\"https:\/\/kulturonline.tv\/de\/#organization\"},\"image\":{\"@id\":\"https:\/\/kulturonline.tv\/de\/chemnitz-bereitet-sich-auf-kulturhauptstadt-vor\/#primaryimage\"},\"thumbnailUrl\":\"https:\/\/kulturonline.tv\/wp-content\/uploads\/2022\/01\/Chemnitz-Kultur-Online-TV.jpg\",\"articleSection\":[\"Newsflash\"],\"inLanguage\":\"de\"},{\"@type\":\"WebPage\",\"@id\":\"https:\/\/kulturonline.tv\/de\/chemnitz-bereitet-sich-auf-kulturhauptstadt-vor\/\",\"url\":\"https:\/\/kulturonline.tv\/de\/chemnitz-bereitet-sich-auf-kulturhauptstadt-vor\/\",\"name\":\"Chemnitz bereitet sich auf Kulturhauptstadt vor - Kultur Online TV &amp; FM\",\"isPartOf\":{\"@id\":\"https:\/\/kulturonline.tv\/de\/#website\"},\"primaryImageOfPage\":{\"@id\":\"https:\/\/kulturonline.tv\/de\/chemnitz-bereitet-sich-auf-kulturhauptstadt-vor\/#primaryimage\"},\"image\":{\"@id\":\"https:\/\/kulturonline.tv\/de\/chemnitz-bereitet-sich-auf-kulturhauptstadt-vor\/#primaryimage\"},\"thumbnailUrl\":\"https:\/\/kulturonline.tv\/wp-content\/uploads\/2022\/01\/Chemnitz-Kultur-Online-TV.jpg\",\"datePublished\":\"2022-01-04T06:37:01+00:00\",\"dateModified\":\"2022-01-04T06:37:02+00:00\",\"description\":\"Kultur sehen und H\u00f6ren\",\"breadcrumb\":{\"@id\":\"https:\/\/kulturonline.tv\/de\/chemnitz-bereitet-sich-auf-kulturhauptstadt-vor\/#breadcrumb\"},\"inLanguage\":\"de\",\"potentialAction\":[{\"@type\":\"ReadAction\",\"target\":[\"https:\/\/kulturonline.tv\/de\/chemnitz-bereitet-sich-auf-kulturhauptstadt-vor\/\"]}]},{\"@type\":\"ImageObject\",\"inLanguage\":\"de\",\"@id\":\"https:\/\/kulturonline.tv\/de\/chemnitz-bereitet-sich-auf-kulturhauptstadt-vor\/#primaryimage\",\"url\":\"https:\/\/kulturonline.tv\/wp-content\/uploads\/2022\/01\/Chemnitz-Kultur-Online-TV.jpg\",\"contentUrl\":\"https:\/\/kulturonline.tv\/wp-content\/uploads\/2022\/01\/Chemnitz-Kultur-Online-TV.jpg\",\"width\":1600,\"height\":898},{\"@type\":\"BreadcrumbList\",\"@id\":\"https:\/\/kulturonline.tv\/de\/chemnitz-bereitet-sich-auf-kulturhauptstadt-vor\/#breadcrumb\",\"itemListElement\":[{\"@type\":\"ListItem\",\"position\":1,\"name\":\"Startseite\",\"item\":\"https:\/\/kulturonline.tv\/de\/\"},{\"@type\":\"ListItem\",\"position\":2,\"name\":\"Chemnitz bereitet sich auf Kulturhauptstadt vor\"}]},{\"@type\":\"WebSite\",\"@id\":\"https:\/\/kulturonline.tv\/de\/#website\",\"url\":\"https:\/\/kulturonline.tv\/de\/\",\"name\":\"Kultur Online TV &amp; FM\",\"description\":\"Wir sind Kultur 2.0 zum sehen &amp; h\u00f6ren\",\"publisher\":{\"@id\":\"https:\/\/kulturonline.tv\/de\/#organization\"},\"potentialAction\":[{\"@type\":\"SearchAction\",\"target\":{\"@type\":\"EntryPoint\",\"urlTemplate\":\"https:\/\/kulturonline.tv\/de\/?s={search_term_string}\"},\"query-input\":{\"@type\":\"PropertyValueSpecification\",\"valueRequired\":true,\"valueName\":\"search_term_string\"}}],\"inLanguage\":\"de\"},{\"@type\":\"Organization\",\"@id\":\"https:\/\/kulturonline.tv\/de\/#organization\",\"name\":\"Kultur Online TV\",\"url\":\"https:\/\/kulturonline.tv\/de\/\",\"logo\":{\"@type\":\"ImageObject\",\"inLanguage\":\"de\",\"@id\":\"https:\/\/kulturonline.tv\/de\/#\/schema\/logo\/image\/\",\"url\":\"https:\/\/kulturonline.tv\/wp-content\/uploads\/2021\/08\/Kultur-Online-Tv-Logo-Endversion-neu.png\",\"contentUrl\":\"https:\/\/kulturonline.tv\/wp-content\/uploads\/2021\/08\/Kultur-Online-Tv-Logo-Endversion-neu.png\",\"width\":200,\"height\":200,\"caption\":\"Kultur Online TV\"},\"image\":{\"@id\":\"https:\/\/kulturonline.tv\/de\/#\/schema\/logo\/image\/\"},\"sameAs\":[\"https:\/\/www.facebook.com\/kulturonline.tv\",\"https:\/\/www.instagram.com\/kulturonline.tv\"]},{\"@type\":\"Person\",\"@id\":\"https:\/\/kulturonline.tv\/de\/#\/schema\/person\/b0fac729bb9a0c193fb1df23449df4fe\",\"name\":\"guenter.wolfgang\"}]}<\/script>\n<!-- \/ Yoast SEO plugin. -->","yoast_head_json":{"title":"Chemnitz bereitet sich auf Kulturhauptstadt vor - Kultur Online TV &amp; FM","description":"Kultur sehen und H\u00f6ren","robots":{"index":"index","follow":"follow","max-snippet":"max-snippet:-1","max-image-preview":"max-image-preview:large","max-video-preview":"max-video-preview:-1"},"canonical":"https:\/\/kulturonline.tv\/de\/chemnitz-bereitet-sich-auf-kulturhauptstadt-vor\/","og_locale":"de_DE","og_type":"article","og_title":"Chemnitz bereitet sich auf Kulturhauptstadt vor - Kultur Online TV &amp; FM","og_description":"Kultur sehen und H\u00f6ren","og_url":"https:\/\/kulturonline.tv\/de\/chemnitz-bereitet-sich-auf-kulturhauptstadt-vor\/","og_site_name":"Kultur Online TV &amp; FM","article_publisher":"https:\/\/www.facebook.com\/kulturonline.tv","article_published_time":"2022-01-04T06:37:01+00:00","article_modified_time":"2022-01-04T06:37:02+00:00","og_image":[{"width":1600,"height":898,"url":"https:\/\/kulturonline.tv\/wp-content\/uploads\/2022\/01\/Chemnitz-Kultur-Online-TV.jpg","type":"image\/jpeg"}],"author":"guenter.wolfgang","twitter_card":"summary_large_image","twitter_misc":{"Verfasst von":"guenter.wolfgang","Gesch\u00e4tzte Lesezeit":"3\u00a0Minuten"},"schema":{"@context":"https:\/\/schema.org","@graph":[{"@type":"Article","@id":"https:\/\/kulturonline.tv\/de\/chemnitz-bereitet-sich-auf-kulturhauptstadt-vor\/#article","isPartOf":{"@id":"https:\/\/kulturonline.tv\/de\/chemnitz-bereitet-sich-auf-kulturhauptstadt-vor\/"},"author":{"name":"guenter.wolfgang","@id":"https:\/\/kulturonline.tv\/de\/#\/schema\/person\/b0fac729bb9a0c193fb1df23449df4fe"},"headline":"Chemnitz bereitet sich auf Kulturhauptstadt vor","datePublished":"2022-01-04T06:37:01+00:00","dateModified":"2022-01-04T06:37:02+00:00","mainEntityOfPage":{"@id":"https:\/\/kulturonline.tv\/de\/chemnitz-bereitet-sich-auf-kulturhauptstadt-vor\/"},"wordCount":355,"publisher":{"@id":"https:\/\/kulturonline.tv\/de\/#organization"},"image":{"@id":"https:\/\/kulturonline.tv\/de\/chemnitz-bereitet-sich-auf-kulturhauptstadt-vor\/#primaryimage"},"thumbnailUrl":"https:\/\/kulturonline.tv\/wp-content\/uploads\/2022\/01\/Chemnitz-Kultur-Online-TV.jpg","articleSection":["Newsflash"],"inLanguage":"de"},{"@type":"WebPage","@id":"https:\/\/kulturonline.tv\/de\/chemnitz-bereitet-sich-auf-kulturhauptstadt-vor\/","url":"https:\/\/kulturonline.tv\/de\/chemnitz-bereitet-sich-auf-kulturhauptstadt-vor\/","name":"Chemnitz bereitet sich auf Kulturhauptstadt vor - Kultur Online TV &amp; FM","isPartOf":{"@id":"https:\/\/kulturonline.tv\/de\/#website"},"primaryImageOfPage":{"@id":"https:\/\/kulturonline.tv\/de\/chemnitz-bereitet-sich-auf-kulturhauptstadt-vor\/#primaryimage"},"image":{"@id":"https:\/\/kulturonline.tv\/de\/chemnitz-bereitet-sich-auf-kulturhauptstadt-vor\/#primaryimage"},"thumbnailUrl":"https:\/\/kulturonline.tv\/wp-content\/uploads\/2022\/01\/Chemnitz-Kultur-Online-TV.jpg","datePublished":"2022-01-04T06:37:01+00:00","dateModified":"2022-01-04T06:37:02+00:00","description":"Kultur sehen und H\u00f6ren","breadcrumb":{"@id":"https:\/\/kulturonline.tv\/de\/chemnitz-bereitet-sich-auf-kulturhauptstadt-vor\/#breadcrumb"},"inLanguage":"de","potentialAction":[{"@type":"ReadAction","target":["https:\/\/kulturonline.tv\/de\/chemnitz-bereitet-sich-auf-kulturhauptstadt-vor\/"]}]},{"@type":"ImageObject","inLanguage":"de","@id":"https:\/\/kulturonline.tv\/de\/chemnitz-bereitet-sich-auf-kulturhauptstadt-vor\/#primaryimage","url":"https:\/\/kulturonline.tv\/wp-content\/uploads\/2022\/01\/Chemnitz-Kultur-Online-TV.jpg","contentUrl":"https:\/\/kulturonline.tv\/wp-content\/uploads\/2022\/01\/Chemnitz-Kultur-Online-TV.jpg","width":1600,"height":898},{"@type":"BreadcrumbList","@id":"https:\/\/kulturonline.tv\/de\/chemnitz-bereitet-sich-auf-kulturhauptstadt-vor\/#breadcrumb","itemListElement":[{"@type":"ListItem","position":1,"name":"Startseite","item":"https:\/\/kulturonline.tv\/de\/"},{"@type":"ListItem","position":2,"name":"Chemnitz bereitet sich auf Kulturhauptstadt vor"}]},{"@type":"WebSite","@id":"https:\/\/kulturonline.tv\/de\/#website","url":"https:\/\/kulturonline.tv\/de\/","name":"Kultur Online TV &amp; FM","description":"Wir sind Kultur 2.0 zum sehen &amp; h\u00f6ren","publisher":{"@id":"https:\/\/kulturonline.tv\/de\/#organization"},"potentialAction":[{"@type":"SearchAction","target":{"@type":"EntryPoint","urlTemplate":"https:\/\/kulturonline.tv\/de\/?s={search_term_string}"},"query-input":{"@type":"PropertyValueSpecification","valueRequired":true,"valueName":"search_term_string"}}],"inLanguage":"de"},{"@type":"Organization","@id":"https:\/\/kulturonline.tv\/de\/#organization","name":"Kultur Online TV","url":"https:\/\/kulturonline.tv\/de\/","logo":{"@type":"ImageObject","inLanguage":"de","@id":"https:\/\/kulturonline.tv\/de\/#\/schema\/logo\/image\/","url":"https:\/\/kulturonline.tv\/wp-content\/uploads\/2021\/08\/Kultur-Online-Tv-Logo-Endversion-neu.png","contentUrl":"https:\/\/kulturonline.tv\/wp-content\/uploads\/2021\/08\/Kultur-Online-Tv-Logo-Endversion-neu.png","width":200,"height":200,"caption":"Kultur Online TV"},"image":{"@id":"https:\/\/kulturonline.tv\/de\/#\/schema\/logo\/image\/"},"sameAs":["https:\/\/www.facebook.com\/kulturonline.tv","https:\/\/www.instagram.com\/kulturonline.tv"]},{"@type":"Person","@id":"https:\/\/kulturonline.tv\/de\/#\/schema\/person\/b0fac729bb9a0c193fb1df23449df4fe","name":"guenter.wolfgang"}]}},"_links":{"self":[{"href":"https:\/\/kulturonline.tv\/de\/wp-json\/wp\/v2\/posts\/18475","targetHints":{"allow":["GET"]}}],"collection":[{"href":"https:\/\/kulturonline.tv\/de\/wp-json\/wp\/v2\/posts"}],"about":[{"href":"https:\/\/kulturonline.tv\/de\/wp-json\/wp\/v2\/types\/post"}],"author":[{"embeddable":true,"href":"https:\/\/kulturonline.tv\/de\/wp-json\/wp\/v2\/users\/2"}],"replies":[{"embeddable":true,"href":"https:\/\/kulturonline.tv\/de\/wp-json\/wp\/v2\/comments?post=18475"}],"version-history":[{"count":0,"href":"https:\/\/kulturonline.tv\/de\/wp-json\/wp\/v2\/posts\/18475\/revisions"}],"wp:featuredmedia":[{"embeddable":true,"href":"https:\/\/kulturonline.tv\/de\/wp-json\/wp\/v2\/media\/18477"}],"wp:attachment":[{"href":"https:\/\/kulturonline.tv\/de\/wp-json\/wp\/v2\/media?parent=18475"}],"wp:term":[{"taxonomy":"category","embeddable":true,"href":"https:\/\/kulturonline.tv\/de\/wp-json\/wp\/v2\/categories?post=18475"},{"taxonomy":"post_tag","embeddable":true,"href":"https:\/\/kulturonline.tv\/de\/wp-json\/wp\/v2\/tags?post=18475"}],"curies":[{"name":"wp","href":"https:\/\/api.w.org\/{rel}","templated":true}]}}