{"id":18527,"date":"2022-01-04T15:39:02","date_gmt":"2022-01-04T14:39:02","guid":{"rendered":"https:\/\/kulturonline.tv\/?p=18527"},"modified":"2022-01-04T15:39:03","modified_gmt":"2022-01-04T14:39:03","slug":"ddr-produktdesigner-karl-clauss-dietel-verstorben","status":"publish","type":"post","link":"https:\/\/kulturonline.tv\/de\/ddr-produktdesigner-karl-clauss-dietel-verstorben\/","title":{"rendered":"DDR-Produktdesigner Karl Clauss Dietel verstorben"},"content":{"rendered":"\n<p><strong>Der Designer Karl Clauss Dietel, der zahlreichen DDR-Produkten ihr Aussehen verliehen hat, ist tot.<\/strong><\/p>\n\n\n\n<figure class=\"wp-block-image size-full\"><img fetchpriority=\"high\" decoding=\"async\" width=\"940\" height=\"528\" src=\"https:\/\/kulturonline.tv\/wp-content\/uploads\/2022\/01\/karl-clauss-dietel.jpg\" alt=\"\" class=\"wp-image-18529\" srcset=\"https:\/\/kulturonline.tv\/wp-content\/uploads\/2022\/01\/karl-clauss-dietel.jpg 940w, https:\/\/kulturonline.tv\/wp-content\/uploads\/2022\/01\/karl-clauss-dietel-600x337.jpg 600w, https:\/\/kulturonline.tv\/wp-content\/uploads\/2022\/01\/karl-clauss-dietel-800x449.jpg 800w, https:\/\/kulturonline.tv\/wp-content\/uploads\/2022\/01\/karl-clauss-dietel-768x431.jpg 768w\" sizes=\"(max-width: 940px) 100vw, 940px\" \/><\/figure>\n\n\n\n<p>Der Form- und Produktgestalter starb am 02. Januar im Alter von 87 Jahren. Dietel hat im Osten Deutschlands Design-Geschichte geschrieben. Er entwarf zum Beispiel Fahrr\u00e4der der Marke Diamant und die Schreibmaschine der Marke Erika.<\/p>\n\n\n\n<p>Auch mit Kraftfahrzeugen hat er sich intensiv besch\u00e4ftigt. So war er am Entwurf des Wartburg 353 beteiligt und konzipierte das Moped S50. 2014 erhielt Dietel den Designpreis der Bundesrepublik Deutschland f\u00fcr sein Lebenswerk.<\/p>\n\n\n\n<figure class=\"wp-block-image size-full\"><img decoding=\"async\" width=\"1024\" height=\"676\" src=\"https:\/\/kulturonline.tv\/wp-content\/uploads\/2022\/01\/kunst.jpg\" alt=\"\" class=\"wp-image-18533\" srcset=\"https:\/\/kulturonline.tv\/wp-content\/uploads\/2022\/01\/kunst.jpg 1024w, https:\/\/kulturonline.tv\/wp-content\/uploads\/2022\/01\/kunst-600x396.jpg 600w, https:\/\/kulturonline.tv\/wp-content\/uploads\/2022\/01\/kunst-800x528.jpg 800w, https:\/\/kulturonline.tv\/wp-content\/uploads\/2022\/01\/kunst-768x507.jpg 768w\" sizes=\"(max-width: 1024px) 100vw, 1024px\" \/><\/figure>\n\n\n\n<p>Karl Clauss Dietel absolvierte von 1949 bis 1952 eine Ausbildung zum Maschinenschlosser in Glauchau. Er studierte 1953 bis 1956 an der Ingenieurschule f\u00fcr Kraftfahrzeugbau Zwickau und 1956 bis 1961 an der Hochschule f\u00fcr bildende und angewandte Kunst in Berlin-Wei\u00dfensee. Anschlie\u00dfend arbeitete er als Formgestalter zun\u00e4chst bis 1963 im \u201eZentrale Entwicklung und Konstruktion f\u00fcr den Fahrzeugbau\u201c Karl-Marx-Stadt. Ab 1963 wirkte er freischaffend. In seiner Diplomarbeit stellte er den Fahrzeugen der DDR aus gestalterischer Sicht ein negatives Urteil aus. Sie h\u00e4tten meist das Pr\u00e4dikat \u201egestaltet\u201c nicht verdient bzw. seien als \u201enicht gestaltet\u201c zu bewerten.<\/p>\n\n\n\n<p>Ausgehend von seiner Diplomarbeit f\u00fcr einen Pkw mit erstmals rundem Fahrzeugbug und aerodynamisch optimalem Vollheck gestaltete er 1962 f\u00fcr AWE Eisenach den Grundentwurf zum Wartburg 353. Die Innengestaltung dazu entwarf er zusammen mit Lutz Rudolph.<\/p>\n\n\n\n<p>Zwischen 1963 und 1984 arbeitete Dietel an der Gestaltung von insgesamt sieben Nachfolgemodellen zum Pkw Trabant, ab ca. 1965 gemeinsam mit Lutz Rudolph. Vier dieser Fahrzeuge wurden komplett entwickelt (1:1-Modelle, Windkanal, Testfahrten mit Musterfahrzeugen etc.) und standen praktisch vor der Serienfertigung, wurden jedoch nicht realisiert.<\/p>\n\n\n\n<p>VIII. Kongress des Verbandes Bildender K\u00fcnstler der DDR, Berlin 1978. V. l. n. r.: Herbert Sandberg, Grafiker, Konrad Naumann, Mitglied des Politb\u00fcros des ZK der SED und 1. Sekret\u00e4r der Bezirksleitung Berlin, Walter Womacka, Maler, Jo Jastram, Bildhauer, Kurt Hager, Mitglied des Politb\u00fcros und Sekret\u00e4r des ZK der SED, Willi Sitte, Maler, Bernhard Heisig, Maler, Paul Verner, Mitglied des Politb\u00fcros und Sekret\u00e4r des ZK der SED, Clauss Dietel, Klaus Wittkugel, Grafiker<br>Von 1967 bis 1975 unterrichtete er im Honorarauftrag an der Hochschule f\u00fcr industrielle Formgestaltung Halle, Burg Giebichenstein, danach an der Fachschule f\u00fcr angewandte Kunst in Schneeberg, deren Direktor er dann von 1986 bis 1990 war. Seit 1965 war er Mitglied des Verbandes Bildender K\u00fcnstler Deutschlands, sp\u00e4ter VBK\/DDR. Von 1970 bis 1974 war er Vorsitzender der Sektion Formgestaltung\/Kunsthandwerk des Verbandes. Von der Funktion eines der Vizepr\u00e4sidenten des VBK, die er seit 1974 innehatte, trat er aus Protest gegen die Repressalien des Amtes f\u00fcr Industrielle Formgestaltung AIF der DDR am 25. Juni 1981 zur\u00fcck.[4] In der Wendezeit war er 1988\u20131990 Pr\u00e4sident des VBK.<\/p>\n\n\n\n<figure class=\"wp-block-embed is-type-video is-provider-youtube wp-block-embed-youtube wp-embed-aspect-16-9 wp-has-aspect-ratio\"><div class=\"wp-block-embed__wrapper\">\n<iframe title=\"STOP STYLING - Pitch video\" width=\"800\" height=\"450\" src=\"https:\/\/www.youtube.com\/embed\/z_AyeZ3n-Ek?feature=oembed\" frameborder=\"0\" allow=\"accelerometer; autoplay; clipboard-write; encrypted-media; gyroscope; picture-in-picture; web-share\" referrerpolicy=\"strict-origin-when-cross-origin\" allowfullscreen><\/iframe>\n<\/div><\/figure>\n\n\n\n<p>Clauss Dietel war Mitglied der SED und Mitglied der Bezirksleitung der SED in Karl-Marx-Stadt.<\/p>\n\n\n\n<p>Seit 1959 wurde er durch das MfS observiert, unter anderem im Zusammenhang mit der K\u00fcnstlergruppe Clara Mosch in Karl-Marx-Stadt. Nach R\u00fccktritt 1981 als VBK-Vizepr\u00e4sident wurde daraus ein \u201eOperativer Vorgang\u201c des MfS\/DDR.<\/p>\n\n\n\n<p>Besondere Beachtung fanden Dietels definierte Gestaltungsprinzipien. Unter anderem ist hier das Offene Prinzip zu benennen, das Entw\u00fcrfe erm\u00f6glicht, die Zugang f\u00fcr Austausch, Pflege und Reparatur bieten. So k\u00f6nnen letztlich nicht nur technische Neuerungen an das Objekt angepasst werden, sondern ebenso die sich \u00e4ndernden Anspr\u00fcche und Vorlieben der Nutzer. Eine anschauliche Umsetzung fand dieses Prinzip an den Kleinkraftr\u00e4dern Simson S 50 und S 51.<\/p>\n\n\n\n<p>1984 wurde er zum Professor berufen. Diese Berufung wurde 1992 best\u00e4tigt.<\/p>\n\n\n\n<p>Als erster ostdeutscher Gestalter erhielt Clauss Dietel am 25. September 2014 den vom Bundeswirtschaftsministerium als h\u00f6chste offizielle deutsche Auszeichnung im Bereich Design verliehenen Bundesdesignpreis f\u00fcr sein Lebenswerk.[7]Dietel habe, so die Jury, die ostdeutsche Designentwicklung bis zur Jahrtausendwende ma\u00dfgeblich mitgepr\u00e4gt.<\/p>\n\n\n\n<p>Dietel lebte als freischaffender Formgestalter in Chemnitz.<\/p>\n\n\n\n<p><\/p>\n\n\n\n<p><\/p>\n\n\n\n<p><\/p>\n\n\n\n<p>Kultur Online TV<\/p>\n\n\n\n<p>#kunst #kultur #news<\/p>\n","protected":false},"excerpt":{"rendered":"<p>Der Designer Karl Clauss Dietel, der zahlreichen DDR-Produkten ihr Aussehen verliehen hat, ist tot. Der Form- und Produktgestalter starb am 02. Januar im Alter von 87 Jahren. Dietel hat im Osten Deutschlands Design-Geschichte geschrieben. Er entwarf zum Beispiel Fahrr\u00e4der der Marke Diamant und die Schreibmaschine der Marke Erika. Auch mit Kraftfahrzeugen hat er sich intensiv [&hellip;]<\/p>\n","protected":false},"author":2,"featured_media":18529,"comment_status":"closed","ping_status":"closed","sticky":false,"template":"","format":"standard","meta":{"_acf_changed":false,"footnotes":""},"categories":[3],"tags":[],"class_list":["post-18527","post","type-post","status-publish","format-standard","has-post-thumbnail","hentry","category-newsflash"],"acf":[],"yoast_head":"<!-- This site is optimized with the Yoast SEO plugin v26.1.1 - https:\/\/yoast.com\/wordpress\/plugins\/seo\/ -->\n<title>DDR-Produktdesigner Karl Clauss Dietel verstorben - Kultur Online TV &amp; FM<\/title>\n<meta name=\"description\" content=\"Kultur sehen und H\u00f6ren\" \/>\n<meta name=\"robots\" content=\"index, follow, max-snippet:-1, max-image-preview:large, max-video-preview:-1\" \/>\n<link rel=\"canonical\" href=\"https:\/\/kulturonline.tv\/de\/ddr-produktdesigner-karl-clauss-dietel-verstorben\/\" \/>\n<meta property=\"og:locale\" content=\"de_DE\" \/>\n<meta property=\"og:type\" content=\"article\" \/>\n<meta property=\"og:title\" content=\"DDR-Produktdesigner Karl Clauss Dietel verstorben - Kultur Online TV &amp; FM\" \/>\n<meta property=\"og:description\" content=\"Kultur sehen und H\u00f6ren\" \/>\n<meta property=\"og:url\" content=\"https:\/\/kulturonline.tv\/de\/ddr-produktdesigner-karl-clauss-dietel-verstorben\/\" \/>\n<meta property=\"og:site_name\" content=\"Kultur Online TV &amp; FM\" \/>\n<meta property=\"article:publisher\" content=\"https:\/\/www.facebook.com\/kulturonline.tv\" \/>\n<meta property=\"article:published_time\" content=\"2022-01-04T14:39:02+00:00\" \/>\n<meta property=\"article:modified_time\" content=\"2022-01-04T14:39:03+00:00\" \/>\n<meta property=\"og:image\" content=\"https:\/\/kulturonline.tv\/wp-content\/uploads\/2022\/01\/karl-clauss-dietel.jpg\" \/>\n\t<meta property=\"og:image:width\" content=\"940\" \/>\n\t<meta property=\"og:image:height\" content=\"528\" \/>\n\t<meta property=\"og:image:type\" content=\"image\/jpeg\" \/>\n<meta name=\"author\" content=\"guenter.wolfgang\" \/>\n<meta name=\"twitter:card\" content=\"summary_large_image\" \/>\n<meta name=\"twitter:label1\" content=\"Verfasst von\" \/>\n\t<meta name=\"twitter:data1\" content=\"guenter.wolfgang\" \/>\n\t<meta name=\"twitter:label2\" content=\"Gesch\u00e4tzte Lesezeit\" \/>\n\t<meta name=\"twitter:data2\" content=\"4\u00a0Minuten\" \/>\n<script type=\"application\/ld+json\" class=\"yoast-schema-graph\">{\"@context\":\"https:\/\/schema.org\",\"@graph\":[{\"@type\":\"Article\",\"@id\":\"https:\/\/kulturonline.tv\/de\/ddr-produktdesigner-karl-clauss-dietel-verstorben\/#article\",\"isPartOf\":{\"@id\":\"https:\/\/kulturonline.tv\/de\/ddr-produktdesigner-karl-clauss-dietel-verstorben\/\"},\"author\":{\"name\":\"guenter.wolfgang\",\"@id\":\"https:\/\/kulturonline.tv\/de\/#\/schema\/person\/b0fac729bb9a0c193fb1df23449df4fe\"},\"headline\":\"DDR-Produktdesigner Karl Clauss Dietel verstorben\",\"datePublished\":\"2022-01-04T14:39:02+00:00\",\"dateModified\":\"2022-01-04T14:39:03+00:00\",\"mainEntityOfPage\":{\"@id\":\"https:\/\/kulturonline.tv\/de\/ddr-produktdesigner-karl-clauss-dietel-verstorben\/\"},\"wordCount\":617,\"publisher\":{\"@id\":\"https:\/\/kulturonline.tv\/de\/#organization\"},\"image\":{\"@id\":\"https:\/\/kulturonline.tv\/de\/ddr-produktdesigner-karl-clauss-dietel-verstorben\/#primaryimage\"},\"thumbnailUrl\":\"https:\/\/kulturonline.tv\/wp-content\/uploads\/2022\/01\/karl-clauss-dietel.jpg\",\"articleSection\":[\"Newsflash\"],\"inLanguage\":\"de\"},{\"@type\":\"WebPage\",\"@id\":\"https:\/\/kulturonline.tv\/de\/ddr-produktdesigner-karl-clauss-dietel-verstorben\/\",\"url\":\"https:\/\/kulturonline.tv\/de\/ddr-produktdesigner-karl-clauss-dietel-verstorben\/\",\"name\":\"DDR-Produktdesigner Karl Clauss Dietel verstorben - Kultur Online TV &amp; FM\",\"isPartOf\":{\"@id\":\"https:\/\/kulturonline.tv\/de\/#website\"},\"primaryImageOfPage\":{\"@id\":\"https:\/\/kulturonline.tv\/de\/ddr-produktdesigner-karl-clauss-dietel-verstorben\/#primaryimage\"},\"image\":{\"@id\":\"https:\/\/kulturonline.tv\/de\/ddr-produktdesigner-karl-clauss-dietel-verstorben\/#primaryimage\"},\"thumbnailUrl\":\"https:\/\/kulturonline.tv\/wp-content\/uploads\/2022\/01\/karl-clauss-dietel.jpg\",\"datePublished\":\"2022-01-04T14:39:02+00:00\",\"dateModified\":\"2022-01-04T14:39:03+00:00\",\"description\":\"Kultur sehen und H\u00f6ren\",\"breadcrumb\":{\"@id\":\"https:\/\/kulturonline.tv\/de\/ddr-produktdesigner-karl-clauss-dietel-verstorben\/#breadcrumb\"},\"inLanguage\":\"de\",\"potentialAction\":[{\"@type\":\"ReadAction\",\"target\":[\"https:\/\/kulturonline.tv\/de\/ddr-produktdesigner-karl-clauss-dietel-verstorben\/\"]}]},{\"@type\":\"ImageObject\",\"inLanguage\":\"de\",\"@id\":\"https:\/\/kulturonline.tv\/de\/ddr-produktdesigner-karl-clauss-dietel-verstorben\/#primaryimage\",\"url\":\"https:\/\/kulturonline.tv\/wp-content\/uploads\/2022\/01\/karl-clauss-dietel.jpg\",\"contentUrl\":\"https:\/\/kulturonline.tv\/wp-content\/uploads\/2022\/01\/karl-clauss-dietel.jpg\",\"width\":940,\"height\":528},{\"@type\":\"BreadcrumbList\",\"@id\":\"https:\/\/kulturonline.tv\/de\/ddr-produktdesigner-karl-clauss-dietel-verstorben\/#breadcrumb\",\"itemListElement\":[{\"@type\":\"ListItem\",\"position\":1,\"name\":\"Startseite\",\"item\":\"https:\/\/kulturonline.tv\/de\/\"},{\"@type\":\"ListItem\",\"position\":2,\"name\":\"DDR-Produktdesigner Karl Clauss Dietel verstorben\"}]},{\"@type\":\"WebSite\",\"@id\":\"https:\/\/kulturonline.tv\/de\/#website\",\"url\":\"https:\/\/kulturonline.tv\/de\/\",\"name\":\"Kultur Online TV &amp; FM\",\"description\":\"Wir sind Kultur 2.0 zum sehen &amp; h\u00f6ren\",\"publisher\":{\"@id\":\"https:\/\/kulturonline.tv\/de\/#organization\"},\"potentialAction\":[{\"@type\":\"SearchAction\",\"target\":{\"@type\":\"EntryPoint\",\"urlTemplate\":\"https:\/\/kulturonline.tv\/de\/?s={search_term_string}\"},\"query-input\":{\"@type\":\"PropertyValueSpecification\",\"valueRequired\":true,\"valueName\":\"search_term_string\"}}],\"inLanguage\":\"de\"},{\"@type\":\"Organization\",\"@id\":\"https:\/\/kulturonline.tv\/de\/#organization\",\"name\":\"Kultur Online TV\",\"url\":\"https:\/\/kulturonline.tv\/de\/\",\"logo\":{\"@type\":\"ImageObject\",\"inLanguage\":\"de\",\"@id\":\"https:\/\/kulturonline.tv\/de\/#\/schema\/logo\/image\/\",\"url\":\"https:\/\/kulturonline.tv\/wp-content\/uploads\/2021\/08\/Kultur-Online-Tv-Logo-Endversion-neu.png\",\"contentUrl\":\"https:\/\/kulturonline.tv\/wp-content\/uploads\/2021\/08\/Kultur-Online-Tv-Logo-Endversion-neu.png\",\"width\":200,\"height\":200,\"caption\":\"Kultur Online TV\"},\"image\":{\"@id\":\"https:\/\/kulturonline.tv\/de\/#\/schema\/logo\/image\/\"},\"sameAs\":[\"https:\/\/www.facebook.com\/kulturonline.tv\",\"https:\/\/www.instagram.com\/kulturonline.tv\"]},{\"@type\":\"Person\",\"@id\":\"https:\/\/kulturonline.tv\/de\/#\/schema\/person\/b0fac729bb9a0c193fb1df23449df4fe\",\"name\":\"guenter.wolfgang\"}]}<\/script>\n<!-- \/ Yoast SEO plugin. -->","yoast_head_json":{"title":"DDR-Produktdesigner Karl Clauss Dietel verstorben - Kultur Online TV &amp; FM","description":"Kultur sehen und H\u00f6ren","robots":{"index":"index","follow":"follow","max-snippet":"max-snippet:-1","max-image-preview":"max-image-preview:large","max-video-preview":"max-video-preview:-1"},"canonical":"https:\/\/kulturonline.tv\/de\/ddr-produktdesigner-karl-clauss-dietel-verstorben\/","og_locale":"de_DE","og_type":"article","og_title":"DDR-Produktdesigner Karl Clauss Dietel verstorben - Kultur Online TV &amp; FM","og_description":"Kultur sehen und H\u00f6ren","og_url":"https:\/\/kulturonline.tv\/de\/ddr-produktdesigner-karl-clauss-dietel-verstorben\/","og_site_name":"Kultur Online TV &amp; FM","article_publisher":"https:\/\/www.facebook.com\/kulturonline.tv","article_published_time":"2022-01-04T14:39:02+00:00","article_modified_time":"2022-01-04T14:39:03+00:00","og_image":[{"width":940,"height":528,"url":"https:\/\/kulturonline.tv\/wp-content\/uploads\/2022\/01\/karl-clauss-dietel.jpg","type":"image\/jpeg"}],"author":"guenter.wolfgang","twitter_card":"summary_large_image","twitter_misc":{"Verfasst von":"guenter.wolfgang","Gesch\u00e4tzte Lesezeit":"4\u00a0Minuten"},"schema":{"@context":"https:\/\/schema.org","@graph":[{"@type":"Article","@id":"https:\/\/kulturonline.tv\/de\/ddr-produktdesigner-karl-clauss-dietel-verstorben\/#article","isPartOf":{"@id":"https:\/\/kulturonline.tv\/de\/ddr-produktdesigner-karl-clauss-dietel-verstorben\/"},"author":{"name":"guenter.wolfgang","@id":"https:\/\/kulturonline.tv\/de\/#\/schema\/person\/b0fac729bb9a0c193fb1df23449df4fe"},"headline":"DDR-Produktdesigner Karl Clauss Dietel verstorben","datePublished":"2022-01-04T14:39:02+00:00","dateModified":"2022-01-04T14:39:03+00:00","mainEntityOfPage":{"@id":"https:\/\/kulturonline.tv\/de\/ddr-produktdesigner-karl-clauss-dietel-verstorben\/"},"wordCount":617,"publisher":{"@id":"https:\/\/kulturonline.tv\/de\/#organization"},"image":{"@id":"https:\/\/kulturonline.tv\/de\/ddr-produktdesigner-karl-clauss-dietel-verstorben\/#primaryimage"},"thumbnailUrl":"https:\/\/kulturonline.tv\/wp-content\/uploads\/2022\/01\/karl-clauss-dietel.jpg","articleSection":["Newsflash"],"inLanguage":"de"},{"@type":"WebPage","@id":"https:\/\/kulturonline.tv\/de\/ddr-produktdesigner-karl-clauss-dietel-verstorben\/","url":"https:\/\/kulturonline.tv\/de\/ddr-produktdesigner-karl-clauss-dietel-verstorben\/","name":"DDR-Produktdesigner Karl Clauss Dietel verstorben - Kultur Online TV &amp; FM","isPartOf":{"@id":"https:\/\/kulturonline.tv\/de\/#website"},"primaryImageOfPage":{"@id":"https:\/\/kulturonline.tv\/de\/ddr-produktdesigner-karl-clauss-dietel-verstorben\/#primaryimage"},"image":{"@id":"https:\/\/kulturonline.tv\/de\/ddr-produktdesigner-karl-clauss-dietel-verstorben\/#primaryimage"},"thumbnailUrl":"https:\/\/kulturonline.tv\/wp-content\/uploads\/2022\/01\/karl-clauss-dietel.jpg","datePublished":"2022-01-04T14:39:02+00:00","dateModified":"2022-01-04T14:39:03+00:00","description":"Kultur sehen und H\u00f6ren","breadcrumb":{"@id":"https:\/\/kulturonline.tv\/de\/ddr-produktdesigner-karl-clauss-dietel-verstorben\/#breadcrumb"},"inLanguage":"de","potentialAction":[{"@type":"ReadAction","target":["https:\/\/kulturonline.tv\/de\/ddr-produktdesigner-karl-clauss-dietel-verstorben\/"]}]},{"@type":"ImageObject","inLanguage":"de","@id":"https:\/\/kulturonline.tv\/de\/ddr-produktdesigner-karl-clauss-dietel-verstorben\/#primaryimage","url":"https:\/\/kulturonline.tv\/wp-content\/uploads\/2022\/01\/karl-clauss-dietel.jpg","contentUrl":"https:\/\/kulturonline.tv\/wp-content\/uploads\/2022\/01\/karl-clauss-dietel.jpg","width":940,"height":528},{"@type":"BreadcrumbList","@id":"https:\/\/kulturonline.tv\/de\/ddr-produktdesigner-karl-clauss-dietel-verstorben\/#breadcrumb","itemListElement":[{"@type":"ListItem","position":1,"name":"Startseite","item":"https:\/\/kulturonline.tv\/de\/"},{"@type":"ListItem","position":2,"name":"DDR-Produktdesigner Karl Clauss Dietel verstorben"}]},{"@type":"WebSite","@id":"https:\/\/kulturonline.tv\/de\/#website","url":"https:\/\/kulturonline.tv\/de\/","name":"Kultur Online TV &amp; FM","description":"Wir sind Kultur 2.0 zum sehen &amp; h\u00f6ren","publisher":{"@id":"https:\/\/kulturonline.tv\/de\/#organization"},"potentialAction":[{"@type":"SearchAction","target":{"@type":"EntryPoint","urlTemplate":"https:\/\/kulturonline.tv\/de\/?s={search_term_string}"},"query-input":{"@type":"PropertyValueSpecification","valueRequired":true,"valueName":"search_term_string"}}],"inLanguage":"de"},{"@type":"Organization","@id":"https:\/\/kulturonline.tv\/de\/#organization","name":"Kultur Online TV","url":"https:\/\/kulturonline.tv\/de\/","logo":{"@type":"ImageObject","inLanguage":"de","@id":"https:\/\/kulturonline.tv\/de\/#\/schema\/logo\/image\/","url":"https:\/\/kulturonline.tv\/wp-content\/uploads\/2021\/08\/Kultur-Online-Tv-Logo-Endversion-neu.png","contentUrl":"https:\/\/kulturonline.tv\/wp-content\/uploads\/2021\/08\/Kultur-Online-Tv-Logo-Endversion-neu.png","width":200,"height":200,"caption":"Kultur Online TV"},"image":{"@id":"https:\/\/kulturonline.tv\/de\/#\/schema\/logo\/image\/"},"sameAs":["https:\/\/www.facebook.com\/kulturonline.tv","https:\/\/www.instagram.com\/kulturonline.tv"]},{"@type":"Person","@id":"https:\/\/kulturonline.tv\/de\/#\/schema\/person\/b0fac729bb9a0c193fb1df23449df4fe","name":"guenter.wolfgang"}]}},"_links":{"self":[{"href":"https:\/\/kulturonline.tv\/de\/wp-json\/wp\/v2\/posts\/18527","targetHints":{"allow":["GET"]}}],"collection":[{"href":"https:\/\/kulturonline.tv\/de\/wp-json\/wp\/v2\/posts"}],"about":[{"href":"https:\/\/kulturonline.tv\/de\/wp-json\/wp\/v2\/types\/post"}],"author":[{"embeddable":true,"href":"https:\/\/kulturonline.tv\/de\/wp-json\/wp\/v2\/users\/2"}],"replies":[{"embeddable":true,"href":"https:\/\/kulturonline.tv\/de\/wp-json\/wp\/v2\/comments?post=18527"}],"version-history":[{"count":0,"href":"https:\/\/kulturonline.tv\/de\/wp-json\/wp\/v2\/posts\/18527\/revisions"}],"wp:featuredmedia":[{"embeddable":true,"href":"https:\/\/kulturonline.tv\/de\/wp-json\/wp\/v2\/media\/18529"}],"wp:attachment":[{"href":"https:\/\/kulturonline.tv\/de\/wp-json\/wp\/v2\/media?parent=18527"}],"wp:term":[{"taxonomy":"category","embeddable":true,"href":"https:\/\/kulturonline.tv\/de\/wp-json\/wp\/v2\/categories?post=18527"},{"taxonomy":"post_tag","embeddable":true,"href":"https:\/\/kulturonline.tv\/de\/wp-json\/wp\/v2\/tags?post=18527"}],"curies":[{"name":"wp","href":"https:\/\/api.w.org\/{rel}","templated":true}]}}