{"id":18687,"date":"2022-01-06T07:13:22","date_gmt":"2022-01-06T06:13:22","guid":{"rendered":"https:\/\/kulturonline.tv\/?p=18687"},"modified":"2022-01-06T07:13:23","modified_gmt":"2022-01-06T06:13:23","slug":"bezirk-vergibt-foerdergelder-fuer-kultur-und-kunstprojekte","status":"publish","type":"post","link":"https:\/\/kulturonline.tv\/de\/bezirk-vergibt-foerdergelder-fuer-kultur-und-kunstprojekte\/","title":{"rendered":"Bezirk vergibt F\u00f6rdergelder f\u00fcr Kultur- und Kunstprojekte"},"content":{"rendered":"\n<p>Gefragt sind K\u00fcnstler und K\u00fcnstlergruppen mit innovativen Ideen. Bewerbungen sind bis zum 31. Januar m\u00f6glich.<\/p>\n\n\n\n<figure class=\"wp-block-image size-full\"><img fetchpriority=\"high\" decoding=\"async\" width=\"1200\" height=\"675\" src=\"https:\/\/kulturonline.tv\/wp-content\/uploads\/2022\/01\/a48c38ba-6e48-11ec-82dc-7aa9e3f666ff.jpg\" alt=\"\" class=\"wp-image-18689\" srcset=\"https:\/\/kulturonline.tv\/wp-content\/uploads\/2022\/01\/a48c38ba-6e48-11ec-82dc-7aa9e3f666ff.jpg 1200w, https:\/\/kulturonline.tv\/wp-content\/uploads\/2022\/01\/a48c38ba-6e48-11ec-82dc-7aa9e3f666ff-600x338.jpg 600w, https:\/\/kulturonline.tv\/wp-content\/uploads\/2022\/01\/a48c38ba-6e48-11ec-82dc-7aa9e3f666ff-800x450.jpg 800w, https:\/\/kulturonline.tv\/wp-content\/uploads\/2022\/01\/a48c38ba-6e48-11ec-82dc-7aa9e3f666ff-768x432.jpg 768w\" sizes=\"(max-width: 1200px) 100vw, 1200px\" \/><figcaption>\u00a9 Peter Kneffel\u00a0<\/figcaption><\/figure>\n\n\n\n<p>Kulturschaffende und K\u00fcnstler aus Tempelhof-Sch\u00f6neberg k\u00f6nnen sich noch bis Ende Januar um F\u00f6rdergelder bewerben. <\/p>\n\n\n\n<p>Seit 1990 werden den Berliner Bezirken finanzielle und personelle Ressourcen f\u00fcr eine dezentral ausgerichtete Kulturarbeit zur Verf\u00fcgung gestellt. So auch in Tempelhof-Sch\u00f6neberg, das eine lebendige und vielf\u00e4ltige Kulturlandschaft aufweist.<\/p>\n\n\n\n<p>Die Dezentrale Kulturarbeit Tempelhof-Sch\u00f6nberg bildet eine Anlauf- und Schnittstelle f\u00fcr Kreative und kulturell Engagierte im Bezirk.<\/p>\n\n\n\n<p>Angesprochen sind Alleinarbeitende sowie Gruppen aus allen Sparten, darunter Musik, Tanz, bildende Kunst, Theater, Film oder Medienkunst.<\/p>\n\n\n\n<p>Bedingung ist jedoch, dass das Angebot im Bezirk erstmalig unterbreitet wird. Durch den Projektfonds Kulturelle Bildung gef\u00f6rdert werden, k\u00f6nnen Kooperationen mit p\u00e4dagogischen Einrichtungen wie Kitas oder Schulen. Alle Informationen sind unter folgender Internetseite zu finden\u00a0<a href=\"https:\/\/dezentrale-kulturarbeit.de\/kulturfoerderung\/\" target=\"_blank\" rel=\"noreferrer noopener\">www.dezentrale-kulturarbeit.de<\/a>.<\/p>\n\n\n\n<p>Die Vergabe der F\u00f6rdergelder steht derzeit jedoch noch unter Vorbehalt. Denn die daf\u00fcr n\u00f6tigen Mittel sind im Berliner Senat aufgrund der noch ausstehenden Verabschiedung des Haushalts noch nicht beschlossen worden.<\/p>\n\n\n\n<p>Kultur Online TV<\/p>\n\n\n\n<p>#kultur #f\u00f6rderung<\/p>\n","protected":false},"excerpt":{"rendered":"<p>Gefragt sind K\u00fcnstler und K\u00fcnstlergruppen mit innovativen Ideen. Bewerbungen sind bis zum 31. Januar m\u00f6glich. Kulturschaffende und K\u00fcnstler aus Tempelhof-Sch\u00f6neberg k\u00f6nnen sich noch bis Ende Januar um F\u00f6rdergelder bewerben. Seit 1990 werden den Berliner Bezirken finanzielle und personelle Ressourcen f\u00fcr eine dezentral ausgerichtete Kulturarbeit zur Verf\u00fcgung gestellt. So auch in Tempelhof-Sch\u00f6neberg, das eine lebendige und [&hellip;]<\/p>\n","protected":false},"author":2,"featured_media":18689,"comment_status":"closed","ping_status":"closed","sticky":false,"template":"","format":"standard","meta":{"_acf_changed":false,"footnotes":""},"categories":[193,3],"tags":[],"class_list":["post-18687","post","type-post","status-publish","format-standard","has-post-thumbnail","hentry","category-medien","category-newsflash"],"acf":[],"yoast_head":"<!-- This site is optimized with the Yoast SEO plugin v26.1.1 - https:\/\/yoast.com\/wordpress\/plugins\/seo\/ -->\n<title>Bezirk vergibt F\u00f6rdergelder f\u00fcr Kultur- und Kunstprojekte - Kultur Online TV &amp; FM<\/title>\n<meta name=\"description\" content=\"Kultur sehen und H\u00f6ren\" \/>\n<meta name=\"robots\" content=\"index, follow, max-snippet:-1, max-image-preview:large, max-video-preview:-1\" \/>\n<link rel=\"canonical\" href=\"https:\/\/kulturonline.tv\/de\/bezirk-vergibt-foerdergelder-fuer-kultur-und-kunstprojekte\/\" \/>\n<meta property=\"og:locale\" content=\"de_DE\" \/>\n<meta property=\"og:type\" content=\"article\" \/>\n<meta property=\"og:title\" content=\"Bezirk vergibt F\u00f6rdergelder f\u00fcr Kultur- und Kunstprojekte - Kultur Online TV &amp; FM\" \/>\n<meta property=\"og:description\" content=\"Kultur sehen und H\u00f6ren\" \/>\n<meta property=\"og:url\" content=\"https:\/\/kulturonline.tv\/de\/bezirk-vergibt-foerdergelder-fuer-kultur-und-kunstprojekte\/\" \/>\n<meta property=\"og:site_name\" content=\"Kultur Online TV &amp; FM\" \/>\n<meta property=\"article:publisher\" content=\"https:\/\/www.facebook.com\/kulturonline.tv\" \/>\n<meta property=\"article:published_time\" content=\"2022-01-06T06:13:22+00:00\" \/>\n<meta property=\"article:modified_time\" content=\"2022-01-06T06:13:23+00:00\" \/>\n<meta property=\"og:image\" content=\"https:\/\/kulturonline.tv\/wp-content\/uploads\/2022\/01\/a48c38ba-6e48-11ec-82dc-7aa9e3f666ff.jpg\" \/>\n\t<meta property=\"og:image:width\" content=\"1200\" \/>\n\t<meta property=\"og:image:height\" content=\"675\" \/>\n\t<meta property=\"og:image:type\" content=\"image\/jpeg\" \/>\n<meta name=\"author\" content=\"guenter.wolfgang\" \/>\n<meta name=\"twitter:card\" content=\"summary_large_image\" \/>\n<meta name=\"twitter:label1\" content=\"Verfasst von\" \/>\n\t<meta name=\"twitter:data1\" content=\"guenter.wolfgang\" \/>\n\t<meta name=\"twitter:label2\" content=\"Gesch\u00e4tzte Lesezeit\" \/>\n\t<meta name=\"twitter:data2\" content=\"2\u00a0Minuten\" \/>\n<script type=\"application\/ld+json\" class=\"yoast-schema-graph\">{\"@context\":\"https:\/\/schema.org\",\"@graph\":[{\"@type\":\"Article\",\"@id\":\"https:\/\/kulturonline.tv\/de\/bezirk-vergibt-foerdergelder-fuer-kultur-und-kunstprojekte\/#article\",\"isPartOf\":{\"@id\":\"https:\/\/kulturonline.tv\/de\/bezirk-vergibt-foerdergelder-fuer-kultur-und-kunstprojekte\/\"},\"author\":{\"name\":\"guenter.wolfgang\",\"@id\":\"https:\/\/kulturonline.tv\/de\/#\/schema\/person\/b0fac729bb9a0c193fb1df23449df4fe\"},\"headline\":\"Bezirk vergibt F\u00f6rdergelder f\u00fcr Kultur- und Kunstprojekte\",\"datePublished\":\"2022-01-06T06:13:22+00:00\",\"dateModified\":\"2022-01-06T06:13:23+00:00\",\"mainEntityOfPage\":{\"@id\":\"https:\/\/kulturonline.tv\/de\/bezirk-vergibt-foerdergelder-fuer-kultur-und-kunstprojekte\/\"},\"wordCount\":193,\"publisher\":{\"@id\":\"https:\/\/kulturonline.tv\/de\/#organization\"},\"image\":{\"@id\":\"https:\/\/kulturonline.tv\/de\/bezirk-vergibt-foerdergelder-fuer-kultur-und-kunstprojekte\/#primaryimage\"},\"thumbnailUrl\":\"https:\/\/kulturonline.tv\/wp-content\/uploads\/2022\/01\/a48c38ba-6e48-11ec-82dc-7aa9e3f666ff.jpg\",\"articleSection\":[\"Medien\",\"Newsflash\"],\"inLanguage\":\"de\"},{\"@type\":\"WebPage\",\"@id\":\"https:\/\/kulturonline.tv\/de\/bezirk-vergibt-foerdergelder-fuer-kultur-und-kunstprojekte\/\",\"url\":\"https:\/\/kulturonline.tv\/de\/bezirk-vergibt-foerdergelder-fuer-kultur-und-kunstprojekte\/\",\"name\":\"Bezirk vergibt F\u00f6rdergelder f\u00fcr Kultur- und Kunstprojekte - Kultur Online TV &amp; FM\",\"isPartOf\":{\"@id\":\"https:\/\/kulturonline.tv\/de\/#website\"},\"primaryImageOfPage\":{\"@id\":\"https:\/\/kulturonline.tv\/de\/bezirk-vergibt-foerdergelder-fuer-kultur-und-kunstprojekte\/#primaryimage\"},\"image\":{\"@id\":\"https:\/\/kulturonline.tv\/de\/bezirk-vergibt-foerdergelder-fuer-kultur-und-kunstprojekte\/#primaryimage\"},\"thumbnailUrl\":\"https:\/\/kulturonline.tv\/wp-content\/uploads\/2022\/01\/a48c38ba-6e48-11ec-82dc-7aa9e3f666ff.jpg\",\"datePublished\":\"2022-01-06T06:13:22+00:00\",\"dateModified\":\"2022-01-06T06:13:23+00:00\",\"description\":\"Kultur sehen und H\u00f6ren\",\"breadcrumb\":{\"@id\":\"https:\/\/kulturonline.tv\/de\/bezirk-vergibt-foerdergelder-fuer-kultur-und-kunstprojekte\/#breadcrumb\"},\"inLanguage\":\"de\",\"potentialAction\":[{\"@type\":\"ReadAction\",\"target\":[\"https:\/\/kulturonline.tv\/de\/bezirk-vergibt-foerdergelder-fuer-kultur-und-kunstprojekte\/\"]}]},{\"@type\":\"ImageObject\",\"inLanguage\":\"de\",\"@id\":\"https:\/\/kulturonline.tv\/de\/bezirk-vergibt-foerdergelder-fuer-kultur-und-kunstprojekte\/#primaryimage\",\"url\":\"https:\/\/kulturonline.tv\/wp-content\/uploads\/2022\/01\/a48c38ba-6e48-11ec-82dc-7aa9e3f666ff.jpg\",\"contentUrl\":\"https:\/\/kulturonline.tv\/wp-content\/uploads\/2022\/01\/a48c38ba-6e48-11ec-82dc-7aa9e3f666ff.jpg\",\"width\":1200,\"height\":675},{\"@type\":\"BreadcrumbList\",\"@id\":\"https:\/\/kulturonline.tv\/de\/bezirk-vergibt-foerdergelder-fuer-kultur-und-kunstprojekte\/#breadcrumb\",\"itemListElement\":[{\"@type\":\"ListItem\",\"position\":1,\"name\":\"Startseite\",\"item\":\"https:\/\/kulturonline.tv\/de\/\"},{\"@type\":\"ListItem\",\"position\":2,\"name\":\"Bezirk vergibt F\u00f6rdergelder f\u00fcr Kultur- und Kunstprojekte\"}]},{\"@type\":\"WebSite\",\"@id\":\"https:\/\/kulturonline.tv\/de\/#website\",\"url\":\"https:\/\/kulturonline.tv\/de\/\",\"name\":\"Kultur Online TV &amp; FM\",\"description\":\"Wir sind Kultur 2.0 zum sehen &amp; h\u00f6ren\",\"publisher\":{\"@id\":\"https:\/\/kulturonline.tv\/de\/#organization\"},\"potentialAction\":[{\"@type\":\"SearchAction\",\"target\":{\"@type\":\"EntryPoint\",\"urlTemplate\":\"https:\/\/kulturonline.tv\/de\/?s={search_term_string}\"},\"query-input\":{\"@type\":\"PropertyValueSpecification\",\"valueRequired\":true,\"valueName\":\"search_term_string\"}}],\"inLanguage\":\"de\"},{\"@type\":\"Organization\",\"@id\":\"https:\/\/kulturonline.tv\/de\/#organization\",\"name\":\"Kultur Online TV\",\"url\":\"https:\/\/kulturonline.tv\/de\/\",\"logo\":{\"@type\":\"ImageObject\",\"inLanguage\":\"de\",\"@id\":\"https:\/\/kulturonline.tv\/de\/#\/schema\/logo\/image\/\",\"url\":\"https:\/\/kulturonline.tv\/wp-content\/uploads\/2021\/08\/Kultur-Online-Tv-Logo-Endversion-neu.png\",\"contentUrl\":\"https:\/\/kulturonline.tv\/wp-content\/uploads\/2021\/08\/Kultur-Online-Tv-Logo-Endversion-neu.png\",\"width\":200,\"height\":200,\"caption\":\"Kultur Online TV\"},\"image\":{\"@id\":\"https:\/\/kulturonline.tv\/de\/#\/schema\/logo\/image\/\"},\"sameAs\":[\"https:\/\/www.facebook.com\/kulturonline.tv\",\"https:\/\/www.instagram.com\/kulturonline.tv\"]},{\"@type\":\"Person\",\"@id\":\"https:\/\/kulturonline.tv\/de\/#\/schema\/person\/b0fac729bb9a0c193fb1df23449df4fe\",\"name\":\"guenter.wolfgang\"}]}<\/script>\n<!-- \/ Yoast SEO plugin. -->","yoast_head_json":{"title":"Bezirk vergibt F\u00f6rdergelder f\u00fcr Kultur- und Kunstprojekte - Kultur Online TV &amp; FM","description":"Kultur sehen und H\u00f6ren","robots":{"index":"index","follow":"follow","max-snippet":"max-snippet:-1","max-image-preview":"max-image-preview:large","max-video-preview":"max-video-preview:-1"},"canonical":"https:\/\/kulturonline.tv\/de\/bezirk-vergibt-foerdergelder-fuer-kultur-und-kunstprojekte\/","og_locale":"de_DE","og_type":"article","og_title":"Bezirk vergibt F\u00f6rdergelder f\u00fcr Kultur- und Kunstprojekte - Kultur Online TV &amp; FM","og_description":"Kultur sehen und H\u00f6ren","og_url":"https:\/\/kulturonline.tv\/de\/bezirk-vergibt-foerdergelder-fuer-kultur-und-kunstprojekte\/","og_site_name":"Kultur Online TV &amp; FM","article_publisher":"https:\/\/www.facebook.com\/kulturonline.tv","article_published_time":"2022-01-06T06:13:22+00:00","article_modified_time":"2022-01-06T06:13:23+00:00","og_image":[{"width":1200,"height":675,"url":"https:\/\/kulturonline.tv\/wp-content\/uploads\/2022\/01\/a48c38ba-6e48-11ec-82dc-7aa9e3f666ff.jpg","type":"image\/jpeg"}],"author":"guenter.wolfgang","twitter_card":"summary_large_image","twitter_misc":{"Verfasst von":"guenter.wolfgang","Gesch\u00e4tzte Lesezeit":"2\u00a0Minuten"},"schema":{"@context":"https:\/\/schema.org","@graph":[{"@type":"Article","@id":"https:\/\/kulturonline.tv\/de\/bezirk-vergibt-foerdergelder-fuer-kultur-und-kunstprojekte\/#article","isPartOf":{"@id":"https:\/\/kulturonline.tv\/de\/bezirk-vergibt-foerdergelder-fuer-kultur-und-kunstprojekte\/"},"author":{"name":"guenter.wolfgang","@id":"https:\/\/kulturonline.tv\/de\/#\/schema\/person\/b0fac729bb9a0c193fb1df23449df4fe"},"headline":"Bezirk vergibt F\u00f6rdergelder f\u00fcr Kultur- und Kunstprojekte","datePublished":"2022-01-06T06:13:22+00:00","dateModified":"2022-01-06T06:13:23+00:00","mainEntityOfPage":{"@id":"https:\/\/kulturonline.tv\/de\/bezirk-vergibt-foerdergelder-fuer-kultur-und-kunstprojekte\/"},"wordCount":193,"publisher":{"@id":"https:\/\/kulturonline.tv\/de\/#organization"},"image":{"@id":"https:\/\/kulturonline.tv\/de\/bezirk-vergibt-foerdergelder-fuer-kultur-und-kunstprojekte\/#primaryimage"},"thumbnailUrl":"https:\/\/kulturonline.tv\/wp-content\/uploads\/2022\/01\/a48c38ba-6e48-11ec-82dc-7aa9e3f666ff.jpg","articleSection":["Medien","Newsflash"],"inLanguage":"de"},{"@type":"WebPage","@id":"https:\/\/kulturonline.tv\/de\/bezirk-vergibt-foerdergelder-fuer-kultur-und-kunstprojekte\/","url":"https:\/\/kulturonline.tv\/de\/bezirk-vergibt-foerdergelder-fuer-kultur-und-kunstprojekte\/","name":"Bezirk vergibt F\u00f6rdergelder f\u00fcr Kultur- und Kunstprojekte - Kultur Online TV &amp; FM","isPartOf":{"@id":"https:\/\/kulturonline.tv\/de\/#website"},"primaryImageOfPage":{"@id":"https:\/\/kulturonline.tv\/de\/bezirk-vergibt-foerdergelder-fuer-kultur-und-kunstprojekte\/#primaryimage"},"image":{"@id":"https:\/\/kulturonline.tv\/de\/bezirk-vergibt-foerdergelder-fuer-kultur-und-kunstprojekte\/#primaryimage"},"thumbnailUrl":"https:\/\/kulturonline.tv\/wp-content\/uploads\/2022\/01\/a48c38ba-6e48-11ec-82dc-7aa9e3f666ff.jpg","datePublished":"2022-01-06T06:13:22+00:00","dateModified":"2022-01-06T06:13:23+00:00","description":"Kultur sehen und H\u00f6ren","breadcrumb":{"@id":"https:\/\/kulturonline.tv\/de\/bezirk-vergibt-foerdergelder-fuer-kultur-und-kunstprojekte\/#breadcrumb"},"inLanguage":"de","potentialAction":[{"@type":"ReadAction","target":["https:\/\/kulturonline.tv\/de\/bezirk-vergibt-foerdergelder-fuer-kultur-und-kunstprojekte\/"]}]},{"@type":"ImageObject","inLanguage":"de","@id":"https:\/\/kulturonline.tv\/de\/bezirk-vergibt-foerdergelder-fuer-kultur-und-kunstprojekte\/#primaryimage","url":"https:\/\/kulturonline.tv\/wp-content\/uploads\/2022\/01\/a48c38ba-6e48-11ec-82dc-7aa9e3f666ff.jpg","contentUrl":"https:\/\/kulturonline.tv\/wp-content\/uploads\/2022\/01\/a48c38ba-6e48-11ec-82dc-7aa9e3f666ff.jpg","width":1200,"height":675},{"@type":"BreadcrumbList","@id":"https:\/\/kulturonline.tv\/de\/bezirk-vergibt-foerdergelder-fuer-kultur-und-kunstprojekte\/#breadcrumb","itemListElement":[{"@type":"ListItem","position":1,"name":"Startseite","item":"https:\/\/kulturonline.tv\/de\/"},{"@type":"ListItem","position":2,"name":"Bezirk vergibt F\u00f6rdergelder f\u00fcr Kultur- und Kunstprojekte"}]},{"@type":"WebSite","@id":"https:\/\/kulturonline.tv\/de\/#website","url":"https:\/\/kulturonline.tv\/de\/","name":"Kultur Online TV &amp; FM","description":"Wir sind Kultur 2.0 zum sehen &amp; h\u00f6ren","publisher":{"@id":"https:\/\/kulturonline.tv\/de\/#organization"},"potentialAction":[{"@type":"SearchAction","target":{"@type":"EntryPoint","urlTemplate":"https:\/\/kulturonline.tv\/de\/?s={search_term_string}"},"query-input":{"@type":"PropertyValueSpecification","valueRequired":true,"valueName":"search_term_string"}}],"inLanguage":"de"},{"@type":"Organization","@id":"https:\/\/kulturonline.tv\/de\/#organization","name":"Kultur Online TV","url":"https:\/\/kulturonline.tv\/de\/","logo":{"@type":"ImageObject","inLanguage":"de","@id":"https:\/\/kulturonline.tv\/de\/#\/schema\/logo\/image\/","url":"https:\/\/kulturonline.tv\/wp-content\/uploads\/2021\/08\/Kultur-Online-Tv-Logo-Endversion-neu.png","contentUrl":"https:\/\/kulturonline.tv\/wp-content\/uploads\/2021\/08\/Kultur-Online-Tv-Logo-Endversion-neu.png","width":200,"height":200,"caption":"Kultur Online TV"},"image":{"@id":"https:\/\/kulturonline.tv\/de\/#\/schema\/logo\/image\/"},"sameAs":["https:\/\/www.facebook.com\/kulturonline.tv","https:\/\/www.instagram.com\/kulturonline.tv"]},{"@type":"Person","@id":"https:\/\/kulturonline.tv\/de\/#\/schema\/person\/b0fac729bb9a0c193fb1df23449df4fe","name":"guenter.wolfgang"}]}},"_links":{"self":[{"href":"https:\/\/kulturonline.tv\/de\/wp-json\/wp\/v2\/posts\/18687","targetHints":{"allow":["GET"]}}],"collection":[{"href":"https:\/\/kulturonline.tv\/de\/wp-json\/wp\/v2\/posts"}],"about":[{"href":"https:\/\/kulturonline.tv\/de\/wp-json\/wp\/v2\/types\/post"}],"author":[{"embeddable":true,"href":"https:\/\/kulturonline.tv\/de\/wp-json\/wp\/v2\/users\/2"}],"replies":[{"embeddable":true,"href":"https:\/\/kulturonline.tv\/de\/wp-json\/wp\/v2\/comments?post=18687"}],"version-history":[{"count":0,"href":"https:\/\/kulturonline.tv\/de\/wp-json\/wp\/v2\/posts\/18687\/revisions"}],"wp:featuredmedia":[{"embeddable":true,"href":"https:\/\/kulturonline.tv\/de\/wp-json\/wp\/v2\/media\/18689"}],"wp:attachment":[{"href":"https:\/\/kulturonline.tv\/de\/wp-json\/wp\/v2\/media?parent=18687"}],"wp:term":[{"taxonomy":"category","embeddable":true,"href":"https:\/\/kulturonline.tv\/de\/wp-json\/wp\/v2\/categories?post=18687"},{"taxonomy":"post_tag","embeddable":true,"href":"https:\/\/kulturonline.tv\/de\/wp-json\/wp\/v2\/tags?post=18687"}],"curies":[{"name":"wp","href":"https:\/\/api.w.org\/{rel}","templated":true}]}}