{"id":18739,"date":"2022-01-06T08:08:39","date_gmt":"2022-01-06T07:08:39","guid":{"rendered":"https:\/\/kulturonline.tv\/?p=18739"},"modified":"2022-01-06T08:08:40","modified_gmt":"2022-01-06T07:08:40","slug":"theater-in-sachsen-warum-corona-kritik-auf-die-buehne-gehoert","status":"publish","type":"post","link":"https:\/\/kulturonline.tv\/de\/theater-in-sachsen-warum-corona-kritik-auf-die-buehne-gehoert\/","title":{"rendered":"Theater in Sachsen &#8211; Warum Corona-Kritik auf die B\u00fchne geh\u00f6rt"},"content":{"rendered":"\n<p>Am 03.01. haben sich s\u00e4chsische Theaterintendanten mit Ministerpr\u00e4sident Michael Kretschmer und Kulturministerin Barbara Klepsch \u00fcber die aktuelle Lage und m\u00f6gliche \u00d6ffnungsszenarien ausgetauscht.<\/p>\n\n\n\n<figure class=\"wp-block-image size-full is-resized\"><img fetchpriority=\"high\" decoding=\"async\" src=\"https:\/\/kulturonline.tv\/wp-content\/uploads\/2022\/01\/roland-may-106-resimage_v-variantSmall24x9_w-640-edited.webp\" alt=\"\" class=\"wp-image-18746\" width=\"839\" height=\"472\" srcset=\"https:\/\/kulturonline.tv\/wp-content\/uploads\/2022\/01\/roland-may-106-resimage_v-variantSmall24x9_w-640-edited.webp 427w, https:\/\/kulturonline.tv\/wp-content\/uploads\/2022\/01\/roland-may-106-resimage_v-variantSmall24x9_w-640-edited-416x234.webp 416w\" sizes=\"(max-width: 839px) 100vw, 839px\" \/><figcaption>\u00a9\u00a0Judith Burger<\/figcaption><\/figure>\n\n\n\n<p>Am Montag haben sich s\u00e4chsische Theaterintendanten mit Ministerpr\u00e4sident Michael Kretschmer und Kulturministerin Barbara Klepsch \u00fcber die aktuelle Lage und m\u00f6gliche \u00d6ffnungsszenarien ausgetauscht. <\/p>\n\n\n\n<p>Dabei wurde in Aussicht gestellt, Kultureinrichtungen in Sachsen ab dem 14. Januar \u00f6ffnen zu k\u00f6nnen, sofern die \u00dcberlastungsstufe nicht erreicht werde. Der Generalintendant des Theaters Plauen-Zwickau Roland May bezieht Stellung. <\/p>\n\n\n\n<p>Au\u00dferdem erkl\u00e4rt er, warum aus seiner Sicht Theater zum Thema Impfen allein mit k\u00fcnstlerischen Mitteln Stellung beziehen sollten \u2013 und warum er gegen eine Impfpflicht ist.<\/p>\n\n\n\n<p>F\u00fcr Roland May m\u00fcssen wir wieder unsere gesellschaftliche Rolle einnehmen und divers \u00fcber die Corona-Politik sprechen. Die Signale und Mitteilungen, die er in den letzten Tagen erhalten habe, haben ihm das Vertrauen wieder gegeben die Stimme zu erheben. <\/p>\n\n\n\n<p>Es ist so: die Omikron-Variante ist jetzt im Anmarsch. Man wei\u00df noch nicht, welche Auswirkungen das hat. Deswegen gab es auch eine ganz klare Haltung vom Ministerpr\u00e4sidenten. Wenn wir hier wieder in die \u00dcberlastungsstufe kommen \u2013 also Intensivbettenbelegung 430, Krankenhausbelegung 1.300 \u2013 kann ganz schnell wieder Schluss sein. <\/p>\n\n\n\n<p>Das kann auch passieren, dass wir \u00f6ffnen, aber wieder schlie\u00dfen m\u00fcssen. Aber ich denke, das ist ein Mechanismus, an den man sich im Augenblick gew\u00f6hnen muss. Und der Ministerpr\u00e4sident ist gestern wirklich sehr dezidiert eingegangen auf die verschiedenen Problematiken. Deswegen war es auch wirklich wichtig, sich hier auszutauschen, es f\u00fcr andere aufzunehmen, sich in andere hineinzuversetzen. Und nun wird man sehen, wie sich die Weiterentwicklung gestalten wird, so Herr May. <\/p>\n\n\n\n<p>Zum Thema Impfen betont er, dass jeder f\u00fcr sich einstehen muss. Er sei dreimal geimpft und glaubt an die Impfung, ist aber kein Bef\u00fcrworter der Impflicht, da dies die Gesellschaft nun wirklich \u00fcberfordert. <\/p>\n\n\n\n<p>Kultur Online TV<\/p>\n\n\n\n<p>#corona #politik #theater<\/p>\n","protected":false},"excerpt":{"rendered":"<p>Am 03.01. haben sich s\u00e4chsische Theaterintendanten mit Ministerpr\u00e4sident Michael Kretschmer und Kulturministerin Barbara Klepsch \u00fcber die aktuelle Lage und m\u00f6gliche \u00d6ffnungsszenarien ausgetauscht. Am Montag haben sich s\u00e4chsische Theaterintendanten mit Ministerpr\u00e4sident Michael Kretschmer und Kulturministerin Barbara Klepsch \u00fcber die aktuelle Lage und m\u00f6gliche \u00d6ffnungsszenarien ausgetauscht. Dabei wurde in Aussicht gestellt, Kultureinrichtungen in Sachsen ab dem 14. [&hellip;]<\/p>\n","protected":false},"author":2,"featured_media":18746,"comment_status":"closed","ping_status":"closed","sticky":false,"template":"","format":"standard","meta":{"_acf_changed":false,"footnotes":""},"categories":[105],"tags":[],"class_list":["post-18739","post","type-post","status-publish","format-standard","has-post-thumbnail","hentry","category-theater"],"acf":[],"yoast_head":"<!-- This site is optimized with the Yoast SEO plugin v26.1.1 - https:\/\/yoast.com\/wordpress\/plugins\/seo\/ -->\n<title>Theater in Sachsen - Warum Corona-Kritik auf die B\u00fchne geh\u00f6rt - Kultur Online TV &amp; FM<\/title>\n<meta name=\"description\" content=\"Kultur sehen und H\u00f6ren\" \/>\n<meta name=\"robots\" content=\"index, follow, max-snippet:-1, max-image-preview:large, max-video-preview:-1\" \/>\n<link rel=\"canonical\" href=\"https:\/\/kulturonline.tv\/de\/theater-in-sachsen-warum-corona-kritik-auf-die-buehne-gehoert\/\" \/>\n<meta property=\"og:locale\" content=\"de_DE\" \/>\n<meta property=\"og:type\" content=\"article\" \/>\n<meta property=\"og:title\" content=\"Theater in Sachsen - Warum Corona-Kritik auf die B\u00fchne geh\u00f6rt - Kultur Online TV &amp; FM\" \/>\n<meta property=\"og:description\" content=\"Kultur sehen und H\u00f6ren\" \/>\n<meta property=\"og:url\" content=\"https:\/\/kulturonline.tv\/de\/theater-in-sachsen-warum-corona-kritik-auf-die-buehne-gehoert\/\" \/>\n<meta property=\"og:site_name\" content=\"Kultur Online TV &amp; FM\" \/>\n<meta property=\"article:publisher\" content=\"https:\/\/www.facebook.com\/kulturonline.tv\" \/>\n<meta property=\"article:published_time\" content=\"2022-01-06T07:08:39+00:00\" \/>\n<meta property=\"article:modified_time\" content=\"2022-01-06T07:08:40+00:00\" \/>\n<meta property=\"og:image\" content=\"https:\/\/kulturonline.tv\/wp-content\/uploads\/2022\/01\/roland-may-106-resimage_v-variantSmall24x9_w-640-edited.webp\" \/>\n\t<meta property=\"og:image:width\" content=\"427\" \/>\n\t<meta property=\"og:image:height\" content=\"240\" \/>\n\t<meta property=\"og:image:type\" content=\"image\/webp\" \/>\n<meta name=\"author\" content=\"guenter.wolfgang\" \/>\n<meta name=\"twitter:card\" content=\"summary_large_image\" \/>\n<meta name=\"twitter:label1\" content=\"Verfasst von\" \/>\n\t<meta name=\"twitter:data1\" content=\"guenter.wolfgang\" \/>\n\t<meta name=\"twitter:label2\" content=\"Gesch\u00e4tzte Lesezeit\" \/>\n\t<meta name=\"twitter:data2\" content=\"2\u00a0Minuten\" \/>\n<script type=\"application\/ld+json\" class=\"yoast-schema-graph\">{\"@context\":\"https:\/\/schema.org\",\"@graph\":[{\"@type\":\"Article\",\"@id\":\"https:\/\/kulturonline.tv\/de\/theater-in-sachsen-warum-corona-kritik-auf-die-buehne-gehoert\/#article\",\"isPartOf\":{\"@id\":\"https:\/\/kulturonline.tv\/de\/theater-in-sachsen-warum-corona-kritik-auf-die-buehne-gehoert\/\"},\"author\":{\"name\":\"guenter.wolfgang\",\"@id\":\"https:\/\/kulturonline.tv\/de\/#\/schema\/person\/b0fac729bb9a0c193fb1df23449df4fe\"},\"headline\":\"Theater in Sachsen &#8211; Warum Corona-Kritik auf die B\u00fchne geh\u00f6rt\",\"datePublished\":\"2022-01-06T07:08:39+00:00\",\"dateModified\":\"2022-01-06T07:08:40+00:00\",\"mainEntityOfPage\":{\"@id\":\"https:\/\/kulturonline.tv\/de\/theater-in-sachsen-warum-corona-kritik-auf-die-buehne-gehoert\/\"},\"wordCount\":322,\"publisher\":{\"@id\":\"https:\/\/kulturonline.tv\/de\/#organization\"},\"image\":{\"@id\":\"https:\/\/kulturonline.tv\/de\/theater-in-sachsen-warum-corona-kritik-auf-die-buehne-gehoert\/#primaryimage\"},\"thumbnailUrl\":\"https:\/\/kulturonline.tv\/wp-content\/uploads\/2022\/01\/roland-may-106-resimage_v-variantSmall24x9_w-640-edited.webp\",\"articleSection\":[\"Theater\"],\"inLanguage\":\"de\"},{\"@type\":\"WebPage\",\"@id\":\"https:\/\/kulturonline.tv\/de\/theater-in-sachsen-warum-corona-kritik-auf-die-buehne-gehoert\/\",\"url\":\"https:\/\/kulturonline.tv\/de\/theater-in-sachsen-warum-corona-kritik-auf-die-buehne-gehoert\/\",\"name\":\"Theater in Sachsen - Warum Corona-Kritik auf die B\u00fchne geh\u00f6rt - Kultur Online TV &amp; FM\",\"isPartOf\":{\"@id\":\"https:\/\/kulturonline.tv\/de\/#website\"},\"primaryImageOfPage\":{\"@id\":\"https:\/\/kulturonline.tv\/de\/theater-in-sachsen-warum-corona-kritik-auf-die-buehne-gehoert\/#primaryimage\"},\"image\":{\"@id\":\"https:\/\/kulturonline.tv\/de\/theater-in-sachsen-warum-corona-kritik-auf-die-buehne-gehoert\/#primaryimage\"},\"thumbnailUrl\":\"https:\/\/kulturonline.tv\/wp-content\/uploads\/2022\/01\/roland-may-106-resimage_v-variantSmall24x9_w-640-edited.webp\",\"datePublished\":\"2022-01-06T07:08:39+00:00\",\"dateModified\":\"2022-01-06T07:08:40+00:00\",\"description\":\"Kultur sehen und H\u00f6ren\",\"breadcrumb\":{\"@id\":\"https:\/\/kulturonline.tv\/de\/theater-in-sachsen-warum-corona-kritik-auf-die-buehne-gehoert\/#breadcrumb\"},\"inLanguage\":\"de\",\"potentialAction\":[{\"@type\":\"ReadAction\",\"target\":[\"https:\/\/kulturonline.tv\/de\/theater-in-sachsen-warum-corona-kritik-auf-die-buehne-gehoert\/\"]}]},{\"@type\":\"ImageObject\",\"inLanguage\":\"de\",\"@id\":\"https:\/\/kulturonline.tv\/de\/theater-in-sachsen-warum-corona-kritik-auf-die-buehne-gehoert\/#primaryimage\",\"url\":\"https:\/\/kulturonline.tv\/wp-content\/uploads\/2022\/01\/roland-may-106-resimage_v-variantSmall24x9_w-640-edited.webp\",\"contentUrl\":\"https:\/\/kulturonline.tv\/wp-content\/uploads\/2022\/01\/roland-may-106-resimage_v-variantSmall24x9_w-640-edited.webp\",\"width\":427,\"height\":240},{\"@type\":\"BreadcrumbList\",\"@id\":\"https:\/\/kulturonline.tv\/de\/theater-in-sachsen-warum-corona-kritik-auf-die-buehne-gehoert\/#breadcrumb\",\"itemListElement\":[{\"@type\":\"ListItem\",\"position\":1,\"name\":\"Startseite\",\"item\":\"https:\/\/kulturonline.tv\/de\/\"},{\"@type\":\"ListItem\",\"position\":2,\"name\":\"Theater in Sachsen &#8211; Warum Corona-Kritik auf die B\u00fchne geh\u00f6rt\"}]},{\"@type\":\"WebSite\",\"@id\":\"https:\/\/kulturonline.tv\/de\/#website\",\"url\":\"https:\/\/kulturonline.tv\/de\/\",\"name\":\"Kultur Online TV &amp; FM\",\"description\":\"Wir sind Kultur 2.0 zum sehen &amp; h\u00f6ren\",\"publisher\":{\"@id\":\"https:\/\/kulturonline.tv\/de\/#organization\"},\"potentialAction\":[{\"@type\":\"SearchAction\",\"target\":{\"@type\":\"EntryPoint\",\"urlTemplate\":\"https:\/\/kulturonline.tv\/de\/?s={search_term_string}\"},\"query-input\":{\"@type\":\"PropertyValueSpecification\",\"valueRequired\":true,\"valueName\":\"search_term_string\"}}],\"inLanguage\":\"de\"},{\"@type\":\"Organization\",\"@id\":\"https:\/\/kulturonline.tv\/de\/#organization\",\"name\":\"Kultur Online TV\",\"url\":\"https:\/\/kulturonline.tv\/de\/\",\"logo\":{\"@type\":\"ImageObject\",\"inLanguage\":\"de\",\"@id\":\"https:\/\/kulturonline.tv\/de\/#\/schema\/logo\/image\/\",\"url\":\"https:\/\/kulturonline.tv\/wp-content\/uploads\/2021\/08\/Kultur-Online-Tv-Logo-Endversion-neu.png\",\"contentUrl\":\"https:\/\/kulturonline.tv\/wp-content\/uploads\/2021\/08\/Kultur-Online-Tv-Logo-Endversion-neu.png\",\"width\":200,\"height\":200,\"caption\":\"Kultur Online TV\"},\"image\":{\"@id\":\"https:\/\/kulturonline.tv\/de\/#\/schema\/logo\/image\/\"},\"sameAs\":[\"https:\/\/www.facebook.com\/kulturonline.tv\",\"https:\/\/www.instagram.com\/kulturonline.tv\"]},{\"@type\":\"Person\",\"@id\":\"https:\/\/kulturonline.tv\/de\/#\/schema\/person\/b0fac729bb9a0c193fb1df23449df4fe\",\"name\":\"guenter.wolfgang\"}]}<\/script>\n<!-- \/ Yoast SEO plugin. -->","yoast_head_json":{"title":"Theater in Sachsen - Warum Corona-Kritik auf die B\u00fchne geh\u00f6rt - Kultur Online TV &amp; FM","description":"Kultur sehen und H\u00f6ren","robots":{"index":"index","follow":"follow","max-snippet":"max-snippet:-1","max-image-preview":"max-image-preview:large","max-video-preview":"max-video-preview:-1"},"canonical":"https:\/\/kulturonline.tv\/de\/theater-in-sachsen-warum-corona-kritik-auf-die-buehne-gehoert\/","og_locale":"de_DE","og_type":"article","og_title":"Theater in Sachsen - Warum Corona-Kritik auf die B\u00fchne geh\u00f6rt - Kultur Online TV &amp; FM","og_description":"Kultur sehen und H\u00f6ren","og_url":"https:\/\/kulturonline.tv\/de\/theater-in-sachsen-warum-corona-kritik-auf-die-buehne-gehoert\/","og_site_name":"Kultur Online TV &amp; FM","article_publisher":"https:\/\/www.facebook.com\/kulturonline.tv","article_published_time":"2022-01-06T07:08:39+00:00","article_modified_time":"2022-01-06T07:08:40+00:00","og_image":[{"width":427,"height":240,"url":"https:\/\/kulturonline.tv\/wp-content\/uploads\/2022\/01\/roland-may-106-resimage_v-variantSmall24x9_w-640-edited.webp","type":"image\/webp"}],"author":"guenter.wolfgang","twitter_card":"summary_large_image","twitter_misc":{"Verfasst von":"guenter.wolfgang","Gesch\u00e4tzte Lesezeit":"2\u00a0Minuten"},"schema":{"@context":"https:\/\/schema.org","@graph":[{"@type":"Article","@id":"https:\/\/kulturonline.tv\/de\/theater-in-sachsen-warum-corona-kritik-auf-die-buehne-gehoert\/#article","isPartOf":{"@id":"https:\/\/kulturonline.tv\/de\/theater-in-sachsen-warum-corona-kritik-auf-die-buehne-gehoert\/"},"author":{"name":"guenter.wolfgang","@id":"https:\/\/kulturonline.tv\/de\/#\/schema\/person\/b0fac729bb9a0c193fb1df23449df4fe"},"headline":"Theater in Sachsen &#8211; Warum Corona-Kritik auf die B\u00fchne geh\u00f6rt","datePublished":"2022-01-06T07:08:39+00:00","dateModified":"2022-01-06T07:08:40+00:00","mainEntityOfPage":{"@id":"https:\/\/kulturonline.tv\/de\/theater-in-sachsen-warum-corona-kritik-auf-die-buehne-gehoert\/"},"wordCount":322,"publisher":{"@id":"https:\/\/kulturonline.tv\/de\/#organization"},"image":{"@id":"https:\/\/kulturonline.tv\/de\/theater-in-sachsen-warum-corona-kritik-auf-die-buehne-gehoert\/#primaryimage"},"thumbnailUrl":"https:\/\/kulturonline.tv\/wp-content\/uploads\/2022\/01\/roland-may-106-resimage_v-variantSmall24x9_w-640-edited.webp","articleSection":["Theater"],"inLanguage":"de"},{"@type":"WebPage","@id":"https:\/\/kulturonline.tv\/de\/theater-in-sachsen-warum-corona-kritik-auf-die-buehne-gehoert\/","url":"https:\/\/kulturonline.tv\/de\/theater-in-sachsen-warum-corona-kritik-auf-die-buehne-gehoert\/","name":"Theater in Sachsen - Warum Corona-Kritik auf die B\u00fchne geh\u00f6rt - Kultur Online TV &amp; FM","isPartOf":{"@id":"https:\/\/kulturonline.tv\/de\/#website"},"primaryImageOfPage":{"@id":"https:\/\/kulturonline.tv\/de\/theater-in-sachsen-warum-corona-kritik-auf-die-buehne-gehoert\/#primaryimage"},"image":{"@id":"https:\/\/kulturonline.tv\/de\/theater-in-sachsen-warum-corona-kritik-auf-die-buehne-gehoert\/#primaryimage"},"thumbnailUrl":"https:\/\/kulturonline.tv\/wp-content\/uploads\/2022\/01\/roland-may-106-resimage_v-variantSmall24x9_w-640-edited.webp","datePublished":"2022-01-06T07:08:39+00:00","dateModified":"2022-01-06T07:08:40+00:00","description":"Kultur sehen und H\u00f6ren","breadcrumb":{"@id":"https:\/\/kulturonline.tv\/de\/theater-in-sachsen-warum-corona-kritik-auf-die-buehne-gehoert\/#breadcrumb"},"inLanguage":"de","potentialAction":[{"@type":"ReadAction","target":["https:\/\/kulturonline.tv\/de\/theater-in-sachsen-warum-corona-kritik-auf-die-buehne-gehoert\/"]}]},{"@type":"ImageObject","inLanguage":"de","@id":"https:\/\/kulturonline.tv\/de\/theater-in-sachsen-warum-corona-kritik-auf-die-buehne-gehoert\/#primaryimage","url":"https:\/\/kulturonline.tv\/wp-content\/uploads\/2022\/01\/roland-may-106-resimage_v-variantSmall24x9_w-640-edited.webp","contentUrl":"https:\/\/kulturonline.tv\/wp-content\/uploads\/2022\/01\/roland-may-106-resimage_v-variantSmall24x9_w-640-edited.webp","width":427,"height":240},{"@type":"BreadcrumbList","@id":"https:\/\/kulturonline.tv\/de\/theater-in-sachsen-warum-corona-kritik-auf-die-buehne-gehoert\/#breadcrumb","itemListElement":[{"@type":"ListItem","position":1,"name":"Startseite","item":"https:\/\/kulturonline.tv\/de\/"},{"@type":"ListItem","position":2,"name":"Theater in Sachsen &#8211; Warum Corona-Kritik auf die B\u00fchne geh\u00f6rt"}]},{"@type":"WebSite","@id":"https:\/\/kulturonline.tv\/de\/#website","url":"https:\/\/kulturonline.tv\/de\/","name":"Kultur Online TV &amp; FM","description":"Wir sind Kultur 2.0 zum sehen &amp; h\u00f6ren","publisher":{"@id":"https:\/\/kulturonline.tv\/de\/#organization"},"potentialAction":[{"@type":"SearchAction","target":{"@type":"EntryPoint","urlTemplate":"https:\/\/kulturonline.tv\/de\/?s={search_term_string}"},"query-input":{"@type":"PropertyValueSpecification","valueRequired":true,"valueName":"search_term_string"}}],"inLanguage":"de"},{"@type":"Organization","@id":"https:\/\/kulturonline.tv\/de\/#organization","name":"Kultur Online TV","url":"https:\/\/kulturonline.tv\/de\/","logo":{"@type":"ImageObject","inLanguage":"de","@id":"https:\/\/kulturonline.tv\/de\/#\/schema\/logo\/image\/","url":"https:\/\/kulturonline.tv\/wp-content\/uploads\/2021\/08\/Kultur-Online-Tv-Logo-Endversion-neu.png","contentUrl":"https:\/\/kulturonline.tv\/wp-content\/uploads\/2021\/08\/Kultur-Online-Tv-Logo-Endversion-neu.png","width":200,"height":200,"caption":"Kultur Online TV"},"image":{"@id":"https:\/\/kulturonline.tv\/de\/#\/schema\/logo\/image\/"},"sameAs":["https:\/\/www.facebook.com\/kulturonline.tv","https:\/\/www.instagram.com\/kulturonline.tv"]},{"@type":"Person","@id":"https:\/\/kulturonline.tv\/de\/#\/schema\/person\/b0fac729bb9a0c193fb1df23449df4fe","name":"guenter.wolfgang"}]}},"_links":{"self":[{"href":"https:\/\/kulturonline.tv\/de\/wp-json\/wp\/v2\/posts\/18739","targetHints":{"allow":["GET"]}}],"collection":[{"href":"https:\/\/kulturonline.tv\/de\/wp-json\/wp\/v2\/posts"}],"about":[{"href":"https:\/\/kulturonline.tv\/de\/wp-json\/wp\/v2\/types\/post"}],"author":[{"embeddable":true,"href":"https:\/\/kulturonline.tv\/de\/wp-json\/wp\/v2\/users\/2"}],"replies":[{"embeddable":true,"href":"https:\/\/kulturonline.tv\/de\/wp-json\/wp\/v2\/comments?post=18739"}],"version-history":[{"count":0,"href":"https:\/\/kulturonline.tv\/de\/wp-json\/wp\/v2\/posts\/18739\/revisions"}],"wp:featuredmedia":[{"embeddable":true,"href":"https:\/\/kulturonline.tv\/de\/wp-json\/wp\/v2\/media\/18746"}],"wp:attachment":[{"href":"https:\/\/kulturonline.tv\/de\/wp-json\/wp\/v2\/media?parent=18739"}],"wp:term":[{"taxonomy":"category","embeddable":true,"href":"https:\/\/kulturonline.tv\/de\/wp-json\/wp\/v2\/categories?post=18739"},{"taxonomy":"post_tag","embeddable":true,"href":"https:\/\/kulturonline.tv\/de\/wp-json\/wp\/v2\/tags?post=18739"}],"curies":[{"name":"wp","href":"https:\/\/api.w.org\/{rel}","templated":true}]}}