{"id":18917,"date":"2022-01-07T07:58:32","date_gmt":"2022-01-07T06:58:32","guid":{"rendered":"https:\/\/kulturonline.tv\/?p=18917"},"modified":"2022-01-07T07:58:33","modified_gmt":"2022-01-07T06:58:33","slug":"kulturelle-aussenseiter-jene-die-nicht-mitmachen-konnten-wollten-durften","status":"publish","type":"post","link":"https:\/\/kulturonline.tv\/de\/kulturelle-aussenseiter-jene-die-nicht-mitmachen-konnten-wollten-durften\/","title":{"rendered":"Kulturelle Au\u00dfenseiter &#8211; Jene, die nicht mitmachen konnten, wollten, durften"},"content":{"rendered":"\n<p>Jonas Engelmanns Buch \u201eDahinter. Dazwischen. Daneben\u201c erz\u00e4hlt von Sonderlingen im Musik-, Film- und Kunstbetrieb.<\/p>\n\n\n\n<figure class=\"wp-block-image size-full\"><img fetchpriority=\"high\" decoding=\"async\" width=\"1024\" height=\"576\" src=\"https:\/\/kulturonline.tv\/wp-content\/uploads\/2022\/01\/27820618-herman-sonny-blount-bekannt-als-sun-ra-in-den-80er-jahren-in-den-haag-foto-picture-alliance-1BBUErBrMwa7.jpg\" alt=\"\" class=\"wp-image-18920\" srcset=\"https:\/\/kulturonline.tv\/wp-content\/uploads\/2022\/01\/27820618-herman-sonny-blount-bekannt-als-sun-ra-in-den-80er-jahren-in-den-haag-foto-picture-alliance-1BBUErBrMwa7.jpg 1024w, https:\/\/kulturonline.tv\/wp-content\/uploads\/2022\/01\/27820618-herman-sonny-blount-bekannt-als-sun-ra-in-den-80er-jahren-in-den-haag-foto-picture-alliance-1BBUErBrMwa7-600x338.jpg 600w, https:\/\/kulturonline.tv\/wp-content\/uploads\/2022\/01\/27820618-herman-sonny-blount-bekannt-als-sun-ra-in-den-80er-jahren-in-den-haag-foto-picture-alliance-1BBUErBrMwa7-800x450.jpg 800w, https:\/\/kulturonline.tv\/wp-content\/uploads\/2022\/01\/27820618-herman-sonny-blount-bekannt-als-sun-ra-in-den-80er-jahren-in-den-haag-foto-picture-alliance-1BBUErBrMwa7-768x432.jpg 768w\" sizes=\"(max-width: 1024px) 100vw, 1024px\" \/><\/figure>\n\n\n\n<p>&#8222;Ich muss von irgendwo anders in dieses Universum gekommen sein, weil ich ein totaler Au\u00dfenseiter bin&#8220;, hat der afroamerikanische Saxofonist Johnny Griffin einmal erkl\u00e4rt.<\/p>\n\n\n\n<p>Sun Ra hat diese Idee in seinem Konzept des Afrofuturismus aufgegriffen. Au\u00dfenseiter wie Sun Ra hat Jonas Engelmann in seinem Buch &#8222;Dahinter. Dazwischen. Daneben.&#8220; versammelt. Die einen wollten nicht mitmachen. Die anderen durften nicht. Und wiederum andere sind zwar Teil des Kulturbetriebs, gelten dort jedoch als Sonderlinge. <\/p>\n\n\n\n<p>In den Portr\u00e4ts der K\u00fcnstlerinnen und K\u00fcnstler werden kulturelle Konzepte pr\u00e4sentiert, die v\u00f6llig aus ihrer Zeit gefallen scheinen, in Konflikt zum kulturellen oder politischen Konsens standen oder schlicht zu fremdartig waren, um ein breites Publikum zu finden. <\/p>\n\n\n\n<p>Jonas Engelmann zieht dabei keine Grenzen zwischen Hochkultur und Popkultur, Comic, Literatur, Wissenschaft, bildender Kunst oder Film.<\/p>\n\n\n\n<p> Elfriede Jelinek steht gleichberechtigt neben Jeffrey Lewis, Bj\u00f6rk neben Calvin &amp; Hobbes. Das Buch versammelt Texte \u00fcber Aby Warburg, Zora Neale Hurston, Jean Am\u00e9ry, Eva Hesse, Franz Jung, Nella Larsen, Witold Gombrowicz, Tove Jansson, Sun Ra, Jandek, Julie Doucet, Boris Lurie, Raymond Federman und viele andere.<\/p>\n\n\n\n<p>Selbstbestimmt durch kulturelle und gesellschaftliche Schichten zu wandern, aus unterschiedlichen Lebensentw\u00fcrfen w\u00e4hlen zu k\u00f6nnen, ist ein Privileg. <\/p>\n\n\n\n<p>&#8211; Werbung &#8211;<\/p>\n\n\n\n<p>Kultur Online TV<\/p>\n\n\n\n<p>#literatur #kultur<\/p>\n","protected":false},"excerpt":{"rendered":"<p>Jonas Engelmanns Buch \u201eDahinter. Dazwischen. Daneben\u201c erz\u00e4hlt von Sonderlingen im Musik-, Film- und Kunstbetrieb. &#8222;Ich muss von irgendwo anders in dieses Universum gekommen sein, weil ich ein totaler Au\u00dfenseiter bin&#8220;, hat der afroamerikanische Saxofonist Johnny Griffin einmal erkl\u00e4rt. Sun Ra hat diese Idee in seinem Konzept des Afrofuturismus aufgegriffen. Au\u00dfenseiter wie Sun Ra hat Jonas [&hellip;]<\/p>\n","protected":false},"author":2,"featured_media":18920,"comment_status":"closed","ping_status":"closed","sticky":false,"template":"","format":"standard","meta":{"_acf_changed":false,"footnotes":""},"categories":[106,3],"tags":[],"class_list":["post-18917","post","type-post","status-publish","format-standard","has-post-thumbnail","hentry","category-literatur","category-newsflash"],"acf":[],"yoast_head":"<!-- This site is optimized with the Yoast SEO plugin v26.1.1 - https:\/\/yoast.com\/wordpress\/plugins\/seo\/ -->\n<title>Kulturelle Au\u00dfenseiter - Jene, die nicht mitmachen konnten, wollten, durften - Kultur Online TV &amp; FM<\/title>\n<meta name=\"description\" content=\"Kultur sehen und H\u00f6ren\" \/>\n<meta name=\"robots\" content=\"index, follow, max-snippet:-1, max-image-preview:large, max-video-preview:-1\" \/>\n<link rel=\"canonical\" href=\"https:\/\/kulturonline.tv\/de\/kulturelle-aussenseiter-jene-die-nicht-mitmachen-konnten-wollten-durften\/\" \/>\n<meta property=\"og:locale\" content=\"de_DE\" \/>\n<meta property=\"og:type\" content=\"article\" \/>\n<meta property=\"og:title\" content=\"Kulturelle Au\u00dfenseiter - Jene, die nicht mitmachen konnten, wollten, durften - Kultur Online TV &amp; FM\" \/>\n<meta property=\"og:description\" content=\"Kultur sehen und H\u00f6ren\" \/>\n<meta property=\"og:url\" content=\"https:\/\/kulturonline.tv\/de\/kulturelle-aussenseiter-jene-die-nicht-mitmachen-konnten-wollten-durften\/\" \/>\n<meta property=\"og:site_name\" content=\"Kultur Online TV &amp; FM\" \/>\n<meta property=\"article:publisher\" content=\"https:\/\/www.facebook.com\/kulturonline.tv\" \/>\n<meta property=\"article:published_time\" content=\"2022-01-07T06:58:32+00:00\" \/>\n<meta property=\"article:modified_time\" content=\"2022-01-07T06:58:33+00:00\" \/>\n<meta property=\"og:image\" content=\"https:\/\/kulturonline.tv\/wp-content\/uploads\/2022\/01\/27820618-herman-sonny-blount-bekannt-als-sun-ra-in-den-80er-jahren-in-den-haag-foto-picture-alliance-1BBUErBrMwa7.jpg\" \/>\n\t<meta property=\"og:image:width\" content=\"1024\" \/>\n\t<meta property=\"og:image:height\" content=\"576\" \/>\n\t<meta property=\"og:image:type\" content=\"image\/jpeg\" \/>\n<meta name=\"author\" content=\"guenter.wolfgang\" \/>\n<meta name=\"twitter:card\" content=\"summary_large_image\" \/>\n<meta name=\"twitter:label1\" content=\"Verfasst von\" \/>\n\t<meta name=\"twitter:data1\" content=\"guenter.wolfgang\" \/>\n\t<meta name=\"twitter:label2\" content=\"Gesch\u00e4tzte Lesezeit\" \/>\n\t<meta name=\"twitter:data2\" content=\"2\u00a0Minuten\" \/>\n<script type=\"application\/ld+json\" class=\"yoast-schema-graph\">{\"@context\":\"https:\/\/schema.org\",\"@graph\":[{\"@type\":\"Article\",\"@id\":\"https:\/\/kulturonline.tv\/de\/kulturelle-aussenseiter-jene-die-nicht-mitmachen-konnten-wollten-durften\/#article\",\"isPartOf\":{\"@id\":\"https:\/\/kulturonline.tv\/de\/kulturelle-aussenseiter-jene-die-nicht-mitmachen-konnten-wollten-durften\/\"},\"author\":{\"name\":\"guenter.wolfgang\",\"@id\":\"https:\/\/kulturonline.tv\/de\/#\/schema\/person\/b0fac729bb9a0c193fb1df23449df4fe\"},\"headline\":\"Kulturelle Au\u00dfenseiter &#8211; Jene, die nicht mitmachen konnten, wollten, durften\",\"datePublished\":\"2022-01-07T06:58:32+00:00\",\"dateModified\":\"2022-01-07T06:58:33+00:00\",\"mainEntityOfPage\":{\"@id\":\"https:\/\/kulturonline.tv\/de\/kulturelle-aussenseiter-jene-die-nicht-mitmachen-konnten-wollten-durften\/\"},\"wordCount\":235,\"publisher\":{\"@id\":\"https:\/\/kulturonline.tv\/de\/#organization\"},\"image\":{\"@id\":\"https:\/\/kulturonline.tv\/de\/kulturelle-aussenseiter-jene-die-nicht-mitmachen-konnten-wollten-durften\/#primaryimage\"},\"thumbnailUrl\":\"https:\/\/kulturonline.tv\/wp-content\/uploads\/2022\/01\/27820618-herman-sonny-blount-bekannt-als-sun-ra-in-den-80er-jahren-in-den-haag-foto-picture-alliance-1BBUErBrMwa7.jpg\",\"articleSection\":[\"Literatur\",\"Newsflash\"],\"inLanguage\":\"de\"},{\"@type\":\"WebPage\",\"@id\":\"https:\/\/kulturonline.tv\/de\/kulturelle-aussenseiter-jene-die-nicht-mitmachen-konnten-wollten-durften\/\",\"url\":\"https:\/\/kulturonline.tv\/de\/kulturelle-aussenseiter-jene-die-nicht-mitmachen-konnten-wollten-durften\/\",\"name\":\"Kulturelle Au\u00dfenseiter - Jene, die nicht mitmachen konnten, wollten, durften - Kultur Online TV &amp; FM\",\"isPartOf\":{\"@id\":\"https:\/\/kulturonline.tv\/de\/#website\"},\"primaryImageOfPage\":{\"@id\":\"https:\/\/kulturonline.tv\/de\/kulturelle-aussenseiter-jene-die-nicht-mitmachen-konnten-wollten-durften\/#primaryimage\"},\"image\":{\"@id\":\"https:\/\/kulturonline.tv\/de\/kulturelle-aussenseiter-jene-die-nicht-mitmachen-konnten-wollten-durften\/#primaryimage\"},\"thumbnailUrl\":\"https:\/\/kulturonline.tv\/wp-content\/uploads\/2022\/01\/27820618-herman-sonny-blount-bekannt-als-sun-ra-in-den-80er-jahren-in-den-haag-foto-picture-alliance-1BBUErBrMwa7.jpg\",\"datePublished\":\"2022-01-07T06:58:32+00:00\",\"dateModified\":\"2022-01-07T06:58:33+00:00\",\"description\":\"Kultur sehen und H\u00f6ren\",\"breadcrumb\":{\"@id\":\"https:\/\/kulturonline.tv\/de\/kulturelle-aussenseiter-jene-die-nicht-mitmachen-konnten-wollten-durften\/#breadcrumb\"},\"inLanguage\":\"de\",\"potentialAction\":[{\"@type\":\"ReadAction\",\"target\":[\"https:\/\/kulturonline.tv\/de\/kulturelle-aussenseiter-jene-die-nicht-mitmachen-konnten-wollten-durften\/\"]}]},{\"@type\":\"ImageObject\",\"inLanguage\":\"de\",\"@id\":\"https:\/\/kulturonline.tv\/de\/kulturelle-aussenseiter-jene-die-nicht-mitmachen-konnten-wollten-durften\/#primaryimage\",\"url\":\"https:\/\/kulturonline.tv\/wp-content\/uploads\/2022\/01\/27820618-herman-sonny-blount-bekannt-als-sun-ra-in-den-80er-jahren-in-den-haag-foto-picture-alliance-1BBUErBrMwa7.jpg\",\"contentUrl\":\"https:\/\/kulturonline.tv\/wp-content\/uploads\/2022\/01\/27820618-herman-sonny-blount-bekannt-als-sun-ra-in-den-80er-jahren-in-den-haag-foto-picture-alliance-1BBUErBrMwa7.jpg\",\"width\":1024,\"height\":576},{\"@type\":\"BreadcrumbList\",\"@id\":\"https:\/\/kulturonline.tv\/de\/kulturelle-aussenseiter-jene-die-nicht-mitmachen-konnten-wollten-durften\/#breadcrumb\",\"itemListElement\":[{\"@type\":\"ListItem\",\"position\":1,\"name\":\"Startseite\",\"item\":\"https:\/\/kulturonline.tv\/de\/\"},{\"@type\":\"ListItem\",\"position\":2,\"name\":\"Kulturelle Au\u00dfenseiter &#8211; Jene, die nicht mitmachen konnten, wollten, durften\"}]},{\"@type\":\"WebSite\",\"@id\":\"https:\/\/kulturonline.tv\/de\/#website\",\"url\":\"https:\/\/kulturonline.tv\/de\/\",\"name\":\"Kultur Online TV &amp; FM\",\"description\":\"Wir sind Kultur 2.0 zum sehen &amp; h\u00f6ren\",\"publisher\":{\"@id\":\"https:\/\/kulturonline.tv\/de\/#organization\"},\"potentialAction\":[{\"@type\":\"SearchAction\",\"target\":{\"@type\":\"EntryPoint\",\"urlTemplate\":\"https:\/\/kulturonline.tv\/de\/?s={search_term_string}\"},\"query-input\":{\"@type\":\"PropertyValueSpecification\",\"valueRequired\":true,\"valueName\":\"search_term_string\"}}],\"inLanguage\":\"de\"},{\"@type\":\"Organization\",\"@id\":\"https:\/\/kulturonline.tv\/de\/#organization\",\"name\":\"Kultur Online TV\",\"url\":\"https:\/\/kulturonline.tv\/de\/\",\"logo\":{\"@type\":\"ImageObject\",\"inLanguage\":\"de\",\"@id\":\"https:\/\/kulturonline.tv\/de\/#\/schema\/logo\/image\/\",\"url\":\"https:\/\/kulturonline.tv\/wp-content\/uploads\/2021\/08\/Kultur-Online-Tv-Logo-Endversion-neu.png\",\"contentUrl\":\"https:\/\/kulturonline.tv\/wp-content\/uploads\/2021\/08\/Kultur-Online-Tv-Logo-Endversion-neu.png\",\"width\":200,\"height\":200,\"caption\":\"Kultur Online TV\"},\"image\":{\"@id\":\"https:\/\/kulturonline.tv\/de\/#\/schema\/logo\/image\/\"},\"sameAs\":[\"https:\/\/www.facebook.com\/kulturonline.tv\",\"https:\/\/www.instagram.com\/kulturonline.tv\"]},{\"@type\":\"Person\",\"@id\":\"https:\/\/kulturonline.tv\/de\/#\/schema\/person\/b0fac729bb9a0c193fb1df23449df4fe\",\"name\":\"guenter.wolfgang\"}]}<\/script>\n<!-- \/ Yoast SEO plugin. -->","yoast_head_json":{"title":"Kulturelle Au\u00dfenseiter - Jene, die nicht mitmachen konnten, wollten, durften - Kultur Online TV &amp; FM","description":"Kultur sehen und H\u00f6ren","robots":{"index":"index","follow":"follow","max-snippet":"max-snippet:-1","max-image-preview":"max-image-preview:large","max-video-preview":"max-video-preview:-1"},"canonical":"https:\/\/kulturonline.tv\/de\/kulturelle-aussenseiter-jene-die-nicht-mitmachen-konnten-wollten-durften\/","og_locale":"de_DE","og_type":"article","og_title":"Kulturelle Au\u00dfenseiter - Jene, die nicht mitmachen konnten, wollten, durften - Kultur Online TV &amp; FM","og_description":"Kultur sehen und H\u00f6ren","og_url":"https:\/\/kulturonline.tv\/de\/kulturelle-aussenseiter-jene-die-nicht-mitmachen-konnten-wollten-durften\/","og_site_name":"Kultur Online TV &amp; FM","article_publisher":"https:\/\/www.facebook.com\/kulturonline.tv","article_published_time":"2022-01-07T06:58:32+00:00","article_modified_time":"2022-01-07T06:58:33+00:00","og_image":[{"width":1024,"height":576,"url":"https:\/\/kulturonline.tv\/wp-content\/uploads\/2022\/01\/27820618-herman-sonny-blount-bekannt-als-sun-ra-in-den-80er-jahren-in-den-haag-foto-picture-alliance-1BBUErBrMwa7.jpg","type":"image\/jpeg"}],"author":"guenter.wolfgang","twitter_card":"summary_large_image","twitter_misc":{"Verfasst von":"guenter.wolfgang","Gesch\u00e4tzte Lesezeit":"2\u00a0Minuten"},"schema":{"@context":"https:\/\/schema.org","@graph":[{"@type":"Article","@id":"https:\/\/kulturonline.tv\/de\/kulturelle-aussenseiter-jene-die-nicht-mitmachen-konnten-wollten-durften\/#article","isPartOf":{"@id":"https:\/\/kulturonline.tv\/de\/kulturelle-aussenseiter-jene-die-nicht-mitmachen-konnten-wollten-durften\/"},"author":{"name":"guenter.wolfgang","@id":"https:\/\/kulturonline.tv\/de\/#\/schema\/person\/b0fac729bb9a0c193fb1df23449df4fe"},"headline":"Kulturelle Au\u00dfenseiter &#8211; Jene, die nicht mitmachen konnten, wollten, durften","datePublished":"2022-01-07T06:58:32+00:00","dateModified":"2022-01-07T06:58:33+00:00","mainEntityOfPage":{"@id":"https:\/\/kulturonline.tv\/de\/kulturelle-aussenseiter-jene-die-nicht-mitmachen-konnten-wollten-durften\/"},"wordCount":235,"publisher":{"@id":"https:\/\/kulturonline.tv\/de\/#organization"},"image":{"@id":"https:\/\/kulturonline.tv\/de\/kulturelle-aussenseiter-jene-die-nicht-mitmachen-konnten-wollten-durften\/#primaryimage"},"thumbnailUrl":"https:\/\/kulturonline.tv\/wp-content\/uploads\/2022\/01\/27820618-herman-sonny-blount-bekannt-als-sun-ra-in-den-80er-jahren-in-den-haag-foto-picture-alliance-1BBUErBrMwa7.jpg","articleSection":["Literatur","Newsflash"],"inLanguage":"de"},{"@type":"WebPage","@id":"https:\/\/kulturonline.tv\/de\/kulturelle-aussenseiter-jene-die-nicht-mitmachen-konnten-wollten-durften\/","url":"https:\/\/kulturonline.tv\/de\/kulturelle-aussenseiter-jene-die-nicht-mitmachen-konnten-wollten-durften\/","name":"Kulturelle Au\u00dfenseiter - Jene, die nicht mitmachen konnten, wollten, durften - Kultur Online TV &amp; FM","isPartOf":{"@id":"https:\/\/kulturonline.tv\/de\/#website"},"primaryImageOfPage":{"@id":"https:\/\/kulturonline.tv\/de\/kulturelle-aussenseiter-jene-die-nicht-mitmachen-konnten-wollten-durften\/#primaryimage"},"image":{"@id":"https:\/\/kulturonline.tv\/de\/kulturelle-aussenseiter-jene-die-nicht-mitmachen-konnten-wollten-durften\/#primaryimage"},"thumbnailUrl":"https:\/\/kulturonline.tv\/wp-content\/uploads\/2022\/01\/27820618-herman-sonny-blount-bekannt-als-sun-ra-in-den-80er-jahren-in-den-haag-foto-picture-alliance-1BBUErBrMwa7.jpg","datePublished":"2022-01-07T06:58:32+00:00","dateModified":"2022-01-07T06:58:33+00:00","description":"Kultur sehen und H\u00f6ren","breadcrumb":{"@id":"https:\/\/kulturonline.tv\/de\/kulturelle-aussenseiter-jene-die-nicht-mitmachen-konnten-wollten-durften\/#breadcrumb"},"inLanguage":"de","potentialAction":[{"@type":"ReadAction","target":["https:\/\/kulturonline.tv\/de\/kulturelle-aussenseiter-jene-die-nicht-mitmachen-konnten-wollten-durften\/"]}]},{"@type":"ImageObject","inLanguage":"de","@id":"https:\/\/kulturonline.tv\/de\/kulturelle-aussenseiter-jene-die-nicht-mitmachen-konnten-wollten-durften\/#primaryimage","url":"https:\/\/kulturonline.tv\/wp-content\/uploads\/2022\/01\/27820618-herman-sonny-blount-bekannt-als-sun-ra-in-den-80er-jahren-in-den-haag-foto-picture-alliance-1BBUErBrMwa7.jpg","contentUrl":"https:\/\/kulturonline.tv\/wp-content\/uploads\/2022\/01\/27820618-herman-sonny-blount-bekannt-als-sun-ra-in-den-80er-jahren-in-den-haag-foto-picture-alliance-1BBUErBrMwa7.jpg","width":1024,"height":576},{"@type":"BreadcrumbList","@id":"https:\/\/kulturonline.tv\/de\/kulturelle-aussenseiter-jene-die-nicht-mitmachen-konnten-wollten-durften\/#breadcrumb","itemListElement":[{"@type":"ListItem","position":1,"name":"Startseite","item":"https:\/\/kulturonline.tv\/de\/"},{"@type":"ListItem","position":2,"name":"Kulturelle Au\u00dfenseiter &#8211; Jene, die nicht mitmachen konnten, wollten, durften"}]},{"@type":"WebSite","@id":"https:\/\/kulturonline.tv\/de\/#website","url":"https:\/\/kulturonline.tv\/de\/","name":"Kultur Online TV &amp; FM","description":"Wir sind Kultur 2.0 zum sehen &amp; h\u00f6ren","publisher":{"@id":"https:\/\/kulturonline.tv\/de\/#organization"},"potentialAction":[{"@type":"SearchAction","target":{"@type":"EntryPoint","urlTemplate":"https:\/\/kulturonline.tv\/de\/?s={search_term_string}"},"query-input":{"@type":"PropertyValueSpecification","valueRequired":true,"valueName":"search_term_string"}}],"inLanguage":"de"},{"@type":"Organization","@id":"https:\/\/kulturonline.tv\/de\/#organization","name":"Kultur Online TV","url":"https:\/\/kulturonline.tv\/de\/","logo":{"@type":"ImageObject","inLanguage":"de","@id":"https:\/\/kulturonline.tv\/de\/#\/schema\/logo\/image\/","url":"https:\/\/kulturonline.tv\/wp-content\/uploads\/2021\/08\/Kultur-Online-Tv-Logo-Endversion-neu.png","contentUrl":"https:\/\/kulturonline.tv\/wp-content\/uploads\/2021\/08\/Kultur-Online-Tv-Logo-Endversion-neu.png","width":200,"height":200,"caption":"Kultur Online TV"},"image":{"@id":"https:\/\/kulturonline.tv\/de\/#\/schema\/logo\/image\/"},"sameAs":["https:\/\/www.facebook.com\/kulturonline.tv","https:\/\/www.instagram.com\/kulturonline.tv"]},{"@type":"Person","@id":"https:\/\/kulturonline.tv\/de\/#\/schema\/person\/b0fac729bb9a0c193fb1df23449df4fe","name":"guenter.wolfgang"}]}},"_links":{"self":[{"href":"https:\/\/kulturonline.tv\/de\/wp-json\/wp\/v2\/posts\/18917","targetHints":{"allow":["GET"]}}],"collection":[{"href":"https:\/\/kulturonline.tv\/de\/wp-json\/wp\/v2\/posts"}],"about":[{"href":"https:\/\/kulturonline.tv\/de\/wp-json\/wp\/v2\/types\/post"}],"author":[{"embeddable":true,"href":"https:\/\/kulturonline.tv\/de\/wp-json\/wp\/v2\/users\/2"}],"replies":[{"embeddable":true,"href":"https:\/\/kulturonline.tv\/de\/wp-json\/wp\/v2\/comments?post=18917"}],"version-history":[{"count":0,"href":"https:\/\/kulturonline.tv\/de\/wp-json\/wp\/v2\/posts\/18917\/revisions"}],"wp:featuredmedia":[{"embeddable":true,"href":"https:\/\/kulturonline.tv\/de\/wp-json\/wp\/v2\/media\/18920"}],"wp:attachment":[{"href":"https:\/\/kulturonline.tv\/de\/wp-json\/wp\/v2\/media?parent=18917"}],"wp:term":[{"taxonomy":"category","embeddable":true,"href":"https:\/\/kulturonline.tv\/de\/wp-json\/wp\/v2\/categories?post=18917"},{"taxonomy":"post_tag","embeddable":true,"href":"https:\/\/kulturonline.tv\/de\/wp-json\/wp\/v2\/tags?post=18917"}],"curies":[{"name":"wp","href":"https:\/\/api.w.org\/{rel}","templated":true}]}}