{"id":18928,"date":"2022-01-07T08:08:52","date_gmt":"2022-01-07T07:08:52","guid":{"rendered":"https:\/\/kulturonline.tv\/?p=18928"},"modified":"2022-01-07T08:08:53","modified_gmt":"2022-01-07T07:08:53","slug":"von-alten-und-neuen-welten","status":"publish","type":"post","link":"https:\/\/kulturonline.tv\/de\/von-alten-und-neuen-welten\/","title":{"rendered":"Von alten und neuen Welten"},"content":{"rendered":"\n<p>Lukas Umlauft, geboren in Chemnitz, aufgewachsen in Dessau, geh\u00f6rt seit dieser Spielzeit zum Schauspielensemble des Staatstheaters Meiningen. Sein Soloabend \u201eRum und Wodka\u201c hat am Freitagabend in der Kammer-Box in den Kammerspielen Premiere.<\/p>\n\n\n\n<figure class=\"wp-block-image size-full\"><img fetchpriority=\"high\" decoding=\"async\" width=\"1200\" height=\"675\" src=\"https:\/\/kulturonline.tv\/wp-content\/uploads\/2022\/01\/media.media_.880aa946-3366-4af5-b862-5292e3ce1de8.original1024-edited.jpg\" alt=\"\" class=\"wp-image-18936\" srcset=\"https:\/\/kulturonline.tv\/wp-content\/uploads\/2022\/01\/media.media_.880aa946-3366-4af5-b862-5292e3ce1de8.original1024-edited.jpg 1200w, https:\/\/kulturonline.tv\/wp-content\/uploads\/2022\/01\/media.media_.880aa946-3366-4af5-b862-5292e3ce1de8.original1024-edited-600x338.jpg 600w, https:\/\/kulturonline.tv\/wp-content\/uploads\/2022\/01\/media.media_.880aa946-3366-4af5-b862-5292e3ce1de8.original1024-edited-800x450.jpg 800w, https:\/\/kulturonline.tv\/wp-content\/uploads\/2022\/01\/media.media_.880aa946-3366-4af5-b862-5292e3ce1de8.original1024-edited-768x432.jpg 768w\" sizes=\"(max-width: 1200px) 100vw, 1200px\" \/><figcaption>\u00a9 Christina Iberl<\/figcaption><\/figure>\n\n\n\n<p>Die Schauspielerei war Lukas Umlauft gewisserma\u00dfen in die Wiege gelegt worden. Sowohl der Gro\u00dfvater als auch die Mutter waren Schauspieler, auch wenn diese, wie Umlauft schmunzelnd erz\u00e4hlt, ihm gerne zu einem anderen Beruf geraten h\u00e4tten. <\/p>\n\n\n\n<p>\u201eDu darfst alles werden, was du willst. Mein Akt der pubert\u00e4ren Revolution war dann, genau das zu werden, was sie mir wirklich nicht an den Hals w\u00fcnschten, n\u00e4mlich Schauspieler.\u201c Dank sei dem jugendlichen Widerstand, w\u00e4re es doch ein herber Verlust gewesen, h\u00e4tte er in diesem besonderen Fall auf seine Familie geh\u00f6rt.<\/p>\n\n\n\n<p>Lukas Umlauft wurde 1987 in Karl-Marx-Stadt geboren. Erste B\u00fchnenerfahrungen sammelte er u.a. mit \u201eHolier Ground\u201c beim Strawberry-One-Act-Festival in New York City. W\u00e4hrend seines Schauspielstudiums an der Hochschule f\u00fcr Musik und Theater Rostock, welches er 2011 mit dem Diplom abschloss, spielte er u.a. am Volkstheater Rostock und war am Stadttheater Konstanz, sowie beim Bremer OutNow Festival zu sehen. Es folgten Festengagements am Stadttheater Ingolstadt und dem LTT T\u00fcbingen.<\/p>\n\n\n\n<p>Ab der Spielzeit 2016\/2017 geh\u00f6rte er f\u00fcr f\u00fcnf Jahre zum Ensemble des Staatstheaters Kassel. Zu den wichtigsten Arbeiten z\u00e4hlen Inszenierungen von u.a. Johanna Wehner, Marco \u0160torman, Laura Linnenbaum, Anna Bergmann, Schirin Khodadadian, Donald Berkenhoff, Christoph Roos, Dominik G\u00fcnther, Gernot Gr\u00fcnewald oder Markus Dietz.<\/p>\n\n\n\n<p>Mit Beginn der Spielzeit 2021\/22 ist Lukas Umlauft festes Ensemblemitglied am Staatstheater Meiningen.<\/p>\n\n\n\n<p>Hier nun auf der B\u00fchne zu stehen, ist, so Umlauft, ein erhebendes Gef\u00fchl. \u201eDass die Tradition hier so gro\u00dfgeschrieben wird, das macht was mit einem. Allein zu wissen, dass an diesem Ort schon vor hundert Jahren allabendlich neue Welten aufgegangen sind und neue Welten erschaffen wurden.\u201c <\/p>\n\n\n\n<p>Eine dieser neuen Welten konnte er bereits mitgestalten. Mit seinem eindringlichen, starken und sensiblen Spiel brillierte er in der Rolle des Brutus, gleichzeitig Freund und M\u00f6rder von Julius Caesar, in der Er\u00f6ffnungspremiere des Schauspiels im Gro\u00dfen Haus. <\/p>\n\n\n\n<p>Ab diesem Freitag wird Lukas Umlauft mit seinem in Kassel erarbeiteten Soloabend \u201eRum und Wodka\u201c in der Kammer-Box, einem neuen Format in den Kammerspielen, zu sehen sein.<\/p>\n\n\n\n<p>Kultur Online TV<\/p>\n\n\n\n<p>#theater #kultur <\/p>\n","protected":false},"excerpt":{"rendered":"<p>Lukas Umlauft, geboren in Chemnitz, aufgewachsen in Dessau, geh\u00f6rt seit dieser Spielzeit zum Schauspielensemble des Staatstheaters Meiningen. Sein Soloabend \u201eRum und Wodka\u201c hat am Freitagabend in der Kammer-Box in den Kammerspielen Premiere. Die Schauspielerei war Lukas Umlauft gewisserma\u00dfen in die Wiege gelegt worden. Sowohl der Gro\u00dfvater als auch die Mutter waren Schauspieler, auch wenn diese, [&hellip;]<\/p>\n","protected":false},"author":2,"featured_media":18936,"comment_status":"closed","ping_status":"closed","sticky":false,"template":"","format":"standard","meta":{"_acf_changed":false,"footnotes":""},"categories":[105],"tags":[],"class_list":["post-18928","post","type-post","status-publish","format-standard","has-post-thumbnail","hentry","category-theater"],"acf":[],"yoast_head":"<!-- This site is optimized with the Yoast SEO plugin v26.1.1 - https:\/\/yoast.com\/wordpress\/plugins\/seo\/ -->\n<title>Von alten und neuen Welten - Kultur Online TV &amp; FM<\/title>\n<meta name=\"description\" content=\"Kultur sehen und H\u00f6ren\" \/>\n<meta name=\"robots\" content=\"index, follow, max-snippet:-1, max-image-preview:large, max-video-preview:-1\" \/>\n<link rel=\"canonical\" href=\"https:\/\/kulturonline.tv\/de\/von-alten-und-neuen-welten\/\" \/>\n<meta property=\"og:locale\" content=\"de_DE\" \/>\n<meta property=\"og:type\" content=\"article\" \/>\n<meta property=\"og:title\" content=\"Von alten und neuen Welten - Kultur Online TV &amp; FM\" \/>\n<meta property=\"og:description\" content=\"Kultur sehen und H\u00f6ren\" \/>\n<meta property=\"og:url\" content=\"https:\/\/kulturonline.tv\/de\/von-alten-und-neuen-welten\/\" \/>\n<meta property=\"og:site_name\" content=\"Kultur Online TV &amp; FM\" \/>\n<meta property=\"article:publisher\" content=\"https:\/\/www.facebook.com\/kulturonline.tv\" \/>\n<meta property=\"article:published_time\" content=\"2022-01-07T07:08:52+00:00\" \/>\n<meta property=\"article:modified_time\" content=\"2022-01-07T07:08:53+00:00\" \/>\n<meta property=\"og:image\" content=\"https:\/\/kulturonline.tv\/wp-content\/uploads\/2022\/01\/media.media_.880aa946-3366-4af5-b862-5292e3ce1de8.original1024-edited.jpg\" \/>\n\t<meta property=\"og:image:width\" content=\"1200\" \/>\n\t<meta property=\"og:image:height\" content=\"675\" \/>\n\t<meta property=\"og:image:type\" content=\"image\/jpeg\" \/>\n<meta name=\"author\" content=\"guenter.wolfgang\" \/>\n<meta name=\"twitter:card\" content=\"summary_large_image\" \/>\n<meta name=\"twitter:label1\" content=\"Verfasst von\" \/>\n\t<meta name=\"twitter:data1\" content=\"guenter.wolfgang\" \/>\n\t<meta name=\"twitter:label2\" content=\"Gesch\u00e4tzte Lesezeit\" \/>\n\t<meta name=\"twitter:data2\" content=\"3\u00a0Minuten\" \/>\n<script type=\"application\/ld+json\" class=\"yoast-schema-graph\">{\"@context\":\"https:\/\/schema.org\",\"@graph\":[{\"@type\":\"Article\",\"@id\":\"https:\/\/kulturonline.tv\/de\/von-alten-und-neuen-welten\/#article\",\"isPartOf\":{\"@id\":\"https:\/\/kulturonline.tv\/de\/von-alten-und-neuen-welten\/\"},\"author\":{\"name\":\"guenter.wolfgang\",\"@id\":\"https:\/\/kulturonline.tv\/de\/#\/schema\/person\/b0fac729bb9a0c193fb1df23449df4fe\"},\"headline\":\"Von alten und neuen Welten\",\"datePublished\":\"2022-01-07T07:08:52+00:00\",\"dateModified\":\"2022-01-07T07:08:53+00:00\",\"mainEntityOfPage\":{\"@id\":\"https:\/\/kulturonline.tv\/de\/von-alten-und-neuen-welten\/\"},\"wordCount\":389,\"publisher\":{\"@id\":\"https:\/\/kulturonline.tv\/de\/#organization\"},\"image\":{\"@id\":\"https:\/\/kulturonline.tv\/de\/von-alten-und-neuen-welten\/#primaryimage\"},\"thumbnailUrl\":\"https:\/\/kulturonline.tv\/wp-content\/uploads\/2022\/01\/media.media_.880aa946-3366-4af5-b862-5292e3ce1de8.original1024-edited.jpg\",\"articleSection\":[\"Theater\"],\"inLanguage\":\"de\"},{\"@type\":\"WebPage\",\"@id\":\"https:\/\/kulturonline.tv\/de\/von-alten-und-neuen-welten\/\",\"url\":\"https:\/\/kulturonline.tv\/de\/von-alten-und-neuen-welten\/\",\"name\":\"Von alten und neuen Welten - Kultur Online TV &amp; FM\",\"isPartOf\":{\"@id\":\"https:\/\/kulturonline.tv\/de\/#website\"},\"primaryImageOfPage\":{\"@id\":\"https:\/\/kulturonline.tv\/de\/von-alten-und-neuen-welten\/#primaryimage\"},\"image\":{\"@id\":\"https:\/\/kulturonline.tv\/de\/von-alten-und-neuen-welten\/#primaryimage\"},\"thumbnailUrl\":\"https:\/\/kulturonline.tv\/wp-content\/uploads\/2022\/01\/media.media_.880aa946-3366-4af5-b862-5292e3ce1de8.original1024-edited.jpg\",\"datePublished\":\"2022-01-07T07:08:52+00:00\",\"dateModified\":\"2022-01-07T07:08:53+00:00\",\"description\":\"Kultur sehen und H\u00f6ren\",\"breadcrumb\":{\"@id\":\"https:\/\/kulturonline.tv\/de\/von-alten-und-neuen-welten\/#breadcrumb\"},\"inLanguage\":\"de\",\"potentialAction\":[{\"@type\":\"ReadAction\",\"target\":[\"https:\/\/kulturonline.tv\/de\/von-alten-und-neuen-welten\/\"]}]},{\"@type\":\"ImageObject\",\"inLanguage\":\"de\",\"@id\":\"https:\/\/kulturonline.tv\/de\/von-alten-und-neuen-welten\/#primaryimage\",\"url\":\"https:\/\/kulturonline.tv\/wp-content\/uploads\/2022\/01\/media.media_.880aa946-3366-4af5-b862-5292e3ce1de8.original1024-edited.jpg\",\"contentUrl\":\"https:\/\/kulturonline.tv\/wp-content\/uploads\/2022\/01\/media.media_.880aa946-3366-4af5-b862-5292e3ce1de8.original1024-edited.jpg\",\"width\":1200,\"height\":675},{\"@type\":\"BreadcrumbList\",\"@id\":\"https:\/\/kulturonline.tv\/de\/von-alten-und-neuen-welten\/#breadcrumb\",\"itemListElement\":[{\"@type\":\"ListItem\",\"position\":1,\"name\":\"Startseite\",\"item\":\"https:\/\/kulturonline.tv\/de\/\"},{\"@type\":\"ListItem\",\"position\":2,\"name\":\"Von alten und neuen Welten\"}]},{\"@type\":\"WebSite\",\"@id\":\"https:\/\/kulturonline.tv\/de\/#website\",\"url\":\"https:\/\/kulturonline.tv\/de\/\",\"name\":\"Kultur Online TV &amp; FM\",\"description\":\"Wir sind Kultur 2.0 zum sehen &amp; h\u00f6ren\",\"publisher\":{\"@id\":\"https:\/\/kulturonline.tv\/de\/#organization\"},\"potentialAction\":[{\"@type\":\"SearchAction\",\"target\":{\"@type\":\"EntryPoint\",\"urlTemplate\":\"https:\/\/kulturonline.tv\/de\/?s={search_term_string}\"},\"query-input\":{\"@type\":\"PropertyValueSpecification\",\"valueRequired\":true,\"valueName\":\"search_term_string\"}}],\"inLanguage\":\"de\"},{\"@type\":\"Organization\",\"@id\":\"https:\/\/kulturonline.tv\/de\/#organization\",\"name\":\"Kultur Online TV\",\"url\":\"https:\/\/kulturonline.tv\/de\/\",\"logo\":{\"@type\":\"ImageObject\",\"inLanguage\":\"de\",\"@id\":\"https:\/\/kulturonline.tv\/de\/#\/schema\/logo\/image\/\",\"url\":\"https:\/\/kulturonline.tv\/wp-content\/uploads\/2021\/08\/Kultur-Online-Tv-Logo-Endversion-neu.png\",\"contentUrl\":\"https:\/\/kulturonline.tv\/wp-content\/uploads\/2021\/08\/Kultur-Online-Tv-Logo-Endversion-neu.png\",\"width\":200,\"height\":200,\"caption\":\"Kultur Online TV\"},\"image\":{\"@id\":\"https:\/\/kulturonline.tv\/de\/#\/schema\/logo\/image\/\"},\"sameAs\":[\"https:\/\/www.facebook.com\/kulturonline.tv\",\"https:\/\/www.instagram.com\/kulturonline.tv\"]},{\"@type\":\"Person\",\"@id\":\"https:\/\/kulturonline.tv\/de\/#\/schema\/person\/b0fac729bb9a0c193fb1df23449df4fe\",\"name\":\"guenter.wolfgang\"}]}<\/script>\n<!-- \/ Yoast SEO plugin. -->","yoast_head_json":{"title":"Von alten und neuen Welten - Kultur Online TV &amp; FM","description":"Kultur sehen und H\u00f6ren","robots":{"index":"index","follow":"follow","max-snippet":"max-snippet:-1","max-image-preview":"max-image-preview:large","max-video-preview":"max-video-preview:-1"},"canonical":"https:\/\/kulturonline.tv\/de\/von-alten-und-neuen-welten\/","og_locale":"de_DE","og_type":"article","og_title":"Von alten und neuen Welten - Kultur Online TV &amp; FM","og_description":"Kultur sehen und H\u00f6ren","og_url":"https:\/\/kulturonline.tv\/de\/von-alten-und-neuen-welten\/","og_site_name":"Kultur Online TV &amp; FM","article_publisher":"https:\/\/www.facebook.com\/kulturonline.tv","article_published_time":"2022-01-07T07:08:52+00:00","article_modified_time":"2022-01-07T07:08:53+00:00","og_image":[{"width":1200,"height":675,"url":"https:\/\/kulturonline.tv\/wp-content\/uploads\/2022\/01\/media.media_.880aa946-3366-4af5-b862-5292e3ce1de8.original1024-edited.jpg","type":"image\/jpeg"}],"author":"guenter.wolfgang","twitter_card":"summary_large_image","twitter_misc":{"Verfasst von":"guenter.wolfgang","Gesch\u00e4tzte Lesezeit":"3\u00a0Minuten"},"schema":{"@context":"https:\/\/schema.org","@graph":[{"@type":"Article","@id":"https:\/\/kulturonline.tv\/de\/von-alten-und-neuen-welten\/#article","isPartOf":{"@id":"https:\/\/kulturonline.tv\/de\/von-alten-und-neuen-welten\/"},"author":{"name":"guenter.wolfgang","@id":"https:\/\/kulturonline.tv\/de\/#\/schema\/person\/b0fac729bb9a0c193fb1df23449df4fe"},"headline":"Von alten und neuen Welten","datePublished":"2022-01-07T07:08:52+00:00","dateModified":"2022-01-07T07:08:53+00:00","mainEntityOfPage":{"@id":"https:\/\/kulturonline.tv\/de\/von-alten-und-neuen-welten\/"},"wordCount":389,"publisher":{"@id":"https:\/\/kulturonline.tv\/de\/#organization"},"image":{"@id":"https:\/\/kulturonline.tv\/de\/von-alten-und-neuen-welten\/#primaryimage"},"thumbnailUrl":"https:\/\/kulturonline.tv\/wp-content\/uploads\/2022\/01\/media.media_.880aa946-3366-4af5-b862-5292e3ce1de8.original1024-edited.jpg","articleSection":["Theater"],"inLanguage":"de"},{"@type":"WebPage","@id":"https:\/\/kulturonline.tv\/de\/von-alten-und-neuen-welten\/","url":"https:\/\/kulturonline.tv\/de\/von-alten-und-neuen-welten\/","name":"Von alten und neuen Welten - Kultur Online TV &amp; FM","isPartOf":{"@id":"https:\/\/kulturonline.tv\/de\/#website"},"primaryImageOfPage":{"@id":"https:\/\/kulturonline.tv\/de\/von-alten-und-neuen-welten\/#primaryimage"},"image":{"@id":"https:\/\/kulturonline.tv\/de\/von-alten-und-neuen-welten\/#primaryimage"},"thumbnailUrl":"https:\/\/kulturonline.tv\/wp-content\/uploads\/2022\/01\/media.media_.880aa946-3366-4af5-b862-5292e3ce1de8.original1024-edited.jpg","datePublished":"2022-01-07T07:08:52+00:00","dateModified":"2022-01-07T07:08:53+00:00","description":"Kultur sehen und H\u00f6ren","breadcrumb":{"@id":"https:\/\/kulturonline.tv\/de\/von-alten-und-neuen-welten\/#breadcrumb"},"inLanguage":"de","potentialAction":[{"@type":"ReadAction","target":["https:\/\/kulturonline.tv\/de\/von-alten-und-neuen-welten\/"]}]},{"@type":"ImageObject","inLanguage":"de","@id":"https:\/\/kulturonline.tv\/de\/von-alten-und-neuen-welten\/#primaryimage","url":"https:\/\/kulturonline.tv\/wp-content\/uploads\/2022\/01\/media.media_.880aa946-3366-4af5-b862-5292e3ce1de8.original1024-edited.jpg","contentUrl":"https:\/\/kulturonline.tv\/wp-content\/uploads\/2022\/01\/media.media_.880aa946-3366-4af5-b862-5292e3ce1de8.original1024-edited.jpg","width":1200,"height":675},{"@type":"BreadcrumbList","@id":"https:\/\/kulturonline.tv\/de\/von-alten-und-neuen-welten\/#breadcrumb","itemListElement":[{"@type":"ListItem","position":1,"name":"Startseite","item":"https:\/\/kulturonline.tv\/de\/"},{"@type":"ListItem","position":2,"name":"Von alten und neuen Welten"}]},{"@type":"WebSite","@id":"https:\/\/kulturonline.tv\/de\/#website","url":"https:\/\/kulturonline.tv\/de\/","name":"Kultur Online TV &amp; FM","description":"Wir sind Kultur 2.0 zum sehen &amp; h\u00f6ren","publisher":{"@id":"https:\/\/kulturonline.tv\/de\/#organization"},"potentialAction":[{"@type":"SearchAction","target":{"@type":"EntryPoint","urlTemplate":"https:\/\/kulturonline.tv\/de\/?s={search_term_string}"},"query-input":{"@type":"PropertyValueSpecification","valueRequired":true,"valueName":"search_term_string"}}],"inLanguage":"de"},{"@type":"Organization","@id":"https:\/\/kulturonline.tv\/de\/#organization","name":"Kultur Online TV","url":"https:\/\/kulturonline.tv\/de\/","logo":{"@type":"ImageObject","inLanguage":"de","@id":"https:\/\/kulturonline.tv\/de\/#\/schema\/logo\/image\/","url":"https:\/\/kulturonline.tv\/wp-content\/uploads\/2021\/08\/Kultur-Online-Tv-Logo-Endversion-neu.png","contentUrl":"https:\/\/kulturonline.tv\/wp-content\/uploads\/2021\/08\/Kultur-Online-Tv-Logo-Endversion-neu.png","width":200,"height":200,"caption":"Kultur Online TV"},"image":{"@id":"https:\/\/kulturonline.tv\/de\/#\/schema\/logo\/image\/"},"sameAs":["https:\/\/www.facebook.com\/kulturonline.tv","https:\/\/www.instagram.com\/kulturonline.tv"]},{"@type":"Person","@id":"https:\/\/kulturonline.tv\/de\/#\/schema\/person\/b0fac729bb9a0c193fb1df23449df4fe","name":"guenter.wolfgang"}]}},"_links":{"self":[{"href":"https:\/\/kulturonline.tv\/de\/wp-json\/wp\/v2\/posts\/18928","targetHints":{"allow":["GET"]}}],"collection":[{"href":"https:\/\/kulturonline.tv\/de\/wp-json\/wp\/v2\/posts"}],"about":[{"href":"https:\/\/kulturonline.tv\/de\/wp-json\/wp\/v2\/types\/post"}],"author":[{"embeddable":true,"href":"https:\/\/kulturonline.tv\/de\/wp-json\/wp\/v2\/users\/2"}],"replies":[{"embeddable":true,"href":"https:\/\/kulturonline.tv\/de\/wp-json\/wp\/v2\/comments?post=18928"}],"version-history":[{"count":0,"href":"https:\/\/kulturonline.tv\/de\/wp-json\/wp\/v2\/posts\/18928\/revisions"}],"wp:featuredmedia":[{"embeddable":true,"href":"https:\/\/kulturonline.tv\/de\/wp-json\/wp\/v2\/media\/18936"}],"wp:attachment":[{"href":"https:\/\/kulturonline.tv\/de\/wp-json\/wp\/v2\/media?parent=18928"}],"wp:term":[{"taxonomy":"category","embeddable":true,"href":"https:\/\/kulturonline.tv\/de\/wp-json\/wp\/v2\/categories?post=18928"},{"taxonomy":"post_tag","embeddable":true,"href":"https:\/\/kulturonline.tv\/de\/wp-json\/wp\/v2\/tags?post=18928"}],"curies":[{"name":"wp","href":"https:\/\/api.w.org\/{rel}","templated":true}]}}