{"id":18988,"date":"2022-01-08T07:54:32","date_gmt":"2022-01-08T06:54:32","guid":{"rendered":"https:\/\/kulturonline.tv\/?p=18988"},"modified":"2022-01-08T07:54:33","modified_gmt":"2022-01-08T06:54:33","slug":"roth-relevanz-der-kultur-rechnung-getragen","status":"publish","type":"post","link":"https:\/\/kulturonline.tv\/de\/roth-relevanz-der-kultur-rechnung-getragen\/","title":{"rendered":"Roth &#8211; Relevanz der Kultur Rechnung getragen"},"content":{"rendered":"\n<p><meta charset=\"utf-8\">&#8222;Auch in der Krise r\u00e4umen Bund und L\u00e4nder der Kultur den Stellenwert ein, der ihrer Bedeutung f\u00fcr die Gesellschaft und der Stellung der Kunstfreiheit im Grundgesetz entspricht.&#8220;<\/p>\n\n\n\n<figure class=\"wp-block-image size-full\"><img fetchpriority=\"high\" decoding=\"async\" width=\"800\" height=\"450\" src=\"https:\/\/kulturonline.tv\/wp-content\/uploads\/2022\/01\/1408x792.webp\" alt=\"\" class=\"wp-image-18990\" srcset=\"https:\/\/kulturonline.tv\/wp-content\/uploads\/2022\/01\/1408x792.webp 800w, https:\/\/kulturonline.tv\/wp-content\/uploads\/2022\/01\/1408x792-600x338.webp 600w, https:\/\/kulturonline.tv\/wp-content\/uploads\/2022\/01\/1408x792-768x432.webp 768w\" sizes=\"(max-width: 800px) 100vw, 800px\" \/><figcaption>\u00a9 dpa<\/figcaption><\/figure>\n\n\n\n<p>Claudia Roth ist die erste gr\u00fcne Kulturstaatsministerin. Ihr Handlungsspielraum wird geringer sein als der ihrer Vorg\u00e4nger. Statt auf eine eigene Agenda scheint sie sich zun\u00e4chst auf Symbolpolitik zu konzentrieren.<\/p>\n\n\n\n<p>Kultur ist in Deutschland L\u00e4ndersache. Es sei denn, sie wird vom Bund finanziert und verwaltet. Diese Einschr\u00e4nkung definiert das T\u00e4tigkeitsfeld der neuen Kulturstaatsministerin\u00a0Claudia Roth. Sie ist \u00fcberall dort zust\u00e4ndig, wo die L\u00e4nder es nicht sind.<\/p>\n\n\n\n<p>Mit den j\u00fcngsten Beschl\u00fcssen von Bund und L\u00e4ndern in der Corona-Pandemie sieht Kulturstaatsministerin Claudia Roth die Rolle der Kultur gest\u00e4rkt. Damit werde &#8222;der gesellschaftlichen Relevanz der Kultur und der Kreativen ausdr\u00fccklich Rechnung getragen&#8220;, sagte die Gr\u00fcnen-Politikerin am 07.01. <\/p>\n\n\n\n<p>&#8222;Auch in der Krise r\u00e4umen Bund und L\u00e4nder der Kultur den Stellenwert ein, der ihrer Bedeutung f\u00fcr die Gesellschaft und der Stellung der Kunstfreiheit im Grundgesetz entspricht.&#8220;<\/p>\n\n\n\n<p>Dies mache der ausdr\u00fcckliche Hinweis auf die besondere Begr\u00fcndungspflicht f\u00fcr Beschr\u00e4nkungen des Kulturbetriebs deutlich, sagte Roth. &#8222;Indem wir die Kultur st\u00e4rken, st\u00e4rken wir die Demokratie.&#8220;<\/p>\n\n\n\n<p>Nach den Worten Roths haben Kinos, Theater, soziokulturelle Zentren und andere Kulturorte sowie die Verantwortlichen in L\u00e4ndern und Kommunen &#8222;gemeinsam gr\u00f6\u00dfte Anstrengungen unternommen, um kulturelles Erleben auch unter Corona-Bedingungen m\u00f6glich zu machen&#8220;. <\/p>\n\n\n\n<p>Die Beschl\u00fcsse seien ein gemeinsames Signal von Bund und L\u00e4ndern, dass trotz der angespannten Situation keine Versch\u00e4rfungen beim Zugang zu Kultureinrichtungen und -veranstaltungen vorgesehen seien.<\/p>\n\n\n\n<p>Kultur Online TV<\/p>\n\n\n\n<p>#kultur #politik <\/p>\n","protected":false},"excerpt":{"rendered":"<p>&#8222;Auch in der Krise r\u00e4umen Bund und L\u00e4nder der Kultur den Stellenwert ein, der ihrer Bedeutung f\u00fcr die Gesellschaft und der Stellung der Kunstfreiheit im Grundgesetz entspricht.&#8220; Claudia Roth ist die erste gr\u00fcne Kulturstaatsministerin. Ihr Handlungsspielraum wird geringer sein als der ihrer Vorg\u00e4nger. Statt auf eine eigene Agenda scheint sie sich zun\u00e4chst auf Symbolpolitik zu [&hellip;]<\/p>\n","protected":false},"author":2,"featured_media":18990,"comment_status":"closed","ping_status":"closed","sticky":false,"template":"","format":"standard","meta":{"_acf_changed":false,"footnotes":""},"categories":[3],"tags":[],"class_list":["post-18988","post","type-post","status-publish","format-standard","has-post-thumbnail","hentry","category-newsflash"],"acf":[],"yoast_head":"<!-- This site is optimized with the Yoast SEO plugin v26.1.1 - https:\/\/yoast.com\/wordpress\/plugins\/seo\/ -->\n<title>Roth - Relevanz der Kultur Rechnung getragen - Kultur Online TV &amp; FM<\/title>\n<meta name=\"description\" content=\"Kultur sehen und H\u00f6ren\" \/>\n<meta name=\"robots\" content=\"index, follow, max-snippet:-1, max-image-preview:large, max-video-preview:-1\" \/>\n<link rel=\"canonical\" href=\"https:\/\/kulturonline.tv\/de\/roth-relevanz-der-kultur-rechnung-getragen\/\" \/>\n<meta property=\"og:locale\" content=\"de_DE\" \/>\n<meta property=\"og:type\" content=\"article\" \/>\n<meta property=\"og:title\" content=\"Roth - Relevanz der Kultur Rechnung getragen - Kultur Online TV &amp; FM\" \/>\n<meta property=\"og:description\" content=\"Kultur sehen und H\u00f6ren\" \/>\n<meta property=\"og:url\" content=\"https:\/\/kulturonline.tv\/de\/roth-relevanz-der-kultur-rechnung-getragen\/\" \/>\n<meta property=\"og:site_name\" content=\"Kultur Online TV &amp; FM\" \/>\n<meta property=\"article:publisher\" content=\"https:\/\/www.facebook.com\/kulturonline.tv\" \/>\n<meta property=\"article:published_time\" content=\"2022-01-08T06:54:32+00:00\" \/>\n<meta property=\"article:modified_time\" content=\"2022-01-08T06:54:33+00:00\" \/>\n<meta property=\"og:image\" content=\"https:\/\/kulturonline.tv\/wp-content\/uploads\/2022\/01\/1408x792.webp\" \/>\n\t<meta property=\"og:image:width\" content=\"800\" \/>\n\t<meta property=\"og:image:height\" content=\"450\" \/>\n\t<meta property=\"og:image:type\" content=\"image\/webp\" \/>\n<meta name=\"author\" content=\"guenter.wolfgang\" \/>\n<meta name=\"twitter:card\" content=\"summary_large_image\" \/>\n<meta name=\"twitter:label1\" content=\"Verfasst von\" \/>\n\t<meta name=\"twitter:data1\" content=\"guenter.wolfgang\" \/>\n\t<meta name=\"twitter:label2\" content=\"Gesch\u00e4tzte Lesezeit\" \/>\n\t<meta name=\"twitter:data2\" content=\"2\u00a0Minuten\" \/>\n<script type=\"application\/ld+json\" class=\"yoast-schema-graph\">{\"@context\":\"https:\/\/schema.org\",\"@graph\":[{\"@type\":\"Article\",\"@id\":\"https:\/\/kulturonline.tv\/de\/roth-relevanz-der-kultur-rechnung-getragen\/#article\",\"isPartOf\":{\"@id\":\"https:\/\/kulturonline.tv\/de\/roth-relevanz-der-kultur-rechnung-getragen\/\"},\"author\":{\"name\":\"guenter.wolfgang\",\"@id\":\"https:\/\/kulturonline.tv\/de\/#\/schema\/person\/b0fac729bb9a0c193fb1df23449df4fe\"},\"headline\":\"Roth &#8211; Relevanz der Kultur Rechnung getragen\",\"datePublished\":\"2022-01-08T06:54:32+00:00\",\"dateModified\":\"2022-01-08T06:54:33+00:00\",\"mainEntityOfPage\":{\"@id\":\"https:\/\/kulturonline.tv\/de\/roth-relevanz-der-kultur-rechnung-getragen\/\"},\"wordCount\":283,\"publisher\":{\"@id\":\"https:\/\/kulturonline.tv\/de\/#organization\"},\"image\":{\"@id\":\"https:\/\/kulturonline.tv\/de\/roth-relevanz-der-kultur-rechnung-getragen\/#primaryimage\"},\"thumbnailUrl\":\"https:\/\/kulturonline.tv\/wp-content\/uploads\/2022\/01\/1408x792.webp\",\"articleSection\":[\"Newsflash\"],\"inLanguage\":\"de\"},{\"@type\":\"WebPage\",\"@id\":\"https:\/\/kulturonline.tv\/de\/roth-relevanz-der-kultur-rechnung-getragen\/\",\"url\":\"https:\/\/kulturonline.tv\/de\/roth-relevanz-der-kultur-rechnung-getragen\/\",\"name\":\"Roth - Relevanz der Kultur Rechnung getragen - Kultur Online TV &amp; FM\",\"isPartOf\":{\"@id\":\"https:\/\/kulturonline.tv\/de\/#website\"},\"primaryImageOfPage\":{\"@id\":\"https:\/\/kulturonline.tv\/de\/roth-relevanz-der-kultur-rechnung-getragen\/#primaryimage\"},\"image\":{\"@id\":\"https:\/\/kulturonline.tv\/de\/roth-relevanz-der-kultur-rechnung-getragen\/#primaryimage\"},\"thumbnailUrl\":\"https:\/\/kulturonline.tv\/wp-content\/uploads\/2022\/01\/1408x792.webp\",\"datePublished\":\"2022-01-08T06:54:32+00:00\",\"dateModified\":\"2022-01-08T06:54:33+00:00\",\"description\":\"Kultur sehen und H\u00f6ren\",\"breadcrumb\":{\"@id\":\"https:\/\/kulturonline.tv\/de\/roth-relevanz-der-kultur-rechnung-getragen\/#breadcrumb\"},\"inLanguage\":\"de\",\"potentialAction\":[{\"@type\":\"ReadAction\",\"target\":[\"https:\/\/kulturonline.tv\/de\/roth-relevanz-der-kultur-rechnung-getragen\/\"]}]},{\"@type\":\"ImageObject\",\"inLanguage\":\"de\",\"@id\":\"https:\/\/kulturonline.tv\/de\/roth-relevanz-der-kultur-rechnung-getragen\/#primaryimage\",\"url\":\"https:\/\/kulturonline.tv\/wp-content\/uploads\/2022\/01\/1408x792.webp\",\"contentUrl\":\"https:\/\/kulturonline.tv\/wp-content\/uploads\/2022\/01\/1408x792.webp\",\"width\":800,\"height\":450},{\"@type\":\"BreadcrumbList\",\"@id\":\"https:\/\/kulturonline.tv\/de\/roth-relevanz-der-kultur-rechnung-getragen\/#breadcrumb\",\"itemListElement\":[{\"@type\":\"ListItem\",\"position\":1,\"name\":\"Startseite\",\"item\":\"https:\/\/kulturonline.tv\/de\/\"},{\"@type\":\"ListItem\",\"position\":2,\"name\":\"Roth &#8211; Relevanz der Kultur Rechnung getragen\"}]},{\"@type\":\"WebSite\",\"@id\":\"https:\/\/kulturonline.tv\/de\/#website\",\"url\":\"https:\/\/kulturonline.tv\/de\/\",\"name\":\"Kultur Online TV &amp; FM\",\"description\":\"Wir sind Kultur 2.0 zum sehen &amp; h\u00f6ren\",\"publisher\":{\"@id\":\"https:\/\/kulturonline.tv\/de\/#organization\"},\"potentialAction\":[{\"@type\":\"SearchAction\",\"target\":{\"@type\":\"EntryPoint\",\"urlTemplate\":\"https:\/\/kulturonline.tv\/de\/?s={search_term_string}\"},\"query-input\":{\"@type\":\"PropertyValueSpecification\",\"valueRequired\":true,\"valueName\":\"search_term_string\"}}],\"inLanguage\":\"de\"},{\"@type\":\"Organization\",\"@id\":\"https:\/\/kulturonline.tv\/de\/#organization\",\"name\":\"Kultur Online TV\",\"url\":\"https:\/\/kulturonline.tv\/de\/\",\"logo\":{\"@type\":\"ImageObject\",\"inLanguage\":\"de\",\"@id\":\"https:\/\/kulturonline.tv\/de\/#\/schema\/logo\/image\/\",\"url\":\"https:\/\/kulturonline.tv\/wp-content\/uploads\/2021\/08\/Kultur-Online-Tv-Logo-Endversion-neu.png\",\"contentUrl\":\"https:\/\/kulturonline.tv\/wp-content\/uploads\/2021\/08\/Kultur-Online-Tv-Logo-Endversion-neu.png\",\"width\":200,\"height\":200,\"caption\":\"Kultur Online TV\"},\"image\":{\"@id\":\"https:\/\/kulturonline.tv\/de\/#\/schema\/logo\/image\/\"},\"sameAs\":[\"https:\/\/www.facebook.com\/kulturonline.tv\",\"https:\/\/www.instagram.com\/kulturonline.tv\"]},{\"@type\":\"Person\",\"@id\":\"https:\/\/kulturonline.tv\/de\/#\/schema\/person\/b0fac729bb9a0c193fb1df23449df4fe\",\"name\":\"guenter.wolfgang\"}]}<\/script>\n<!-- \/ Yoast SEO plugin. -->","yoast_head_json":{"title":"Roth - Relevanz der Kultur Rechnung getragen - Kultur Online TV &amp; FM","description":"Kultur sehen und H\u00f6ren","robots":{"index":"index","follow":"follow","max-snippet":"max-snippet:-1","max-image-preview":"max-image-preview:large","max-video-preview":"max-video-preview:-1"},"canonical":"https:\/\/kulturonline.tv\/de\/roth-relevanz-der-kultur-rechnung-getragen\/","og_locale":"de_DE","og_type":"article","og_title":"Roth - Relevanz der Kultur Rechnung getragen - Kultur Online TV &amp; FM","og_description":"Kultur sehen und H\u00f6ren","og_url":"https:\/\/kulturonline.tv\/de\/roth-relevanz-der-kultur-rechnung-getragen\/","og_site_name":"Kultur Online TV &amp; FM","article_publisher":"https:\/\/www.facebook.com\/kulturonline.tv","article_published_time":"2022-01-08T06:54:32+00:00","article_modified_time":"2022-01-08T06:54:33+00:00","og_image":[{"width":800,"height":450,"url":"https:\/\/kulturonline.tv\/wp-content\/uploads\/2022\/01\/1408x792.webp","type":"image\/webp"}],"author":"guenter.wolfgang","twitter_card":"summary_large_image","twitter_misc":{"Verfasst von":"guenter.wolfgang","Gesch\u00e4tzte Lesezeit":"2\u00a0Minuten"},"schema":{"@context":"https:\/\/schema.org","@graph":[{"@type":"Article","@id":"https:\/\/kulturonline.tv\/de\/roth-relevanz-der-kultur-rechnung-getragen\/#article","isPartOf":{"@id":"https:\/\/kulturonline.tv\/de\/roth-relevanz-der-kultur-rechnung-getragen\/"},"author":{"name":"guenter.wolfgang","@id":"https:\/\/kulturonline.tv\/de\/#\/schema\/person\/b0fac729bb9a0c193fb1df23449df4fe"},"headline":"Roth &#8211; Relevanz der Kultur Rechnung getragen","datePublished":"2022-01-08T06:54:32+00:00","dateModified":"2022-01-08T06:54:33+00:00","mainEntityOfPage":{"@id":"https:\/\/kulturonline.tv\/de\/roth-relevanz-der-kultur-rechnung-getragen\/"},"wordCount":283,"publisher":{"@id":"https:\/\/kulturonline.tv\/de\/#organization"},"image":{"@id":"https:\/\/kulturonline.tv\/de\/roth-relevanz-der-kultur-rechnung-getragen\/#primaryimage"},"thumbnailUrl":"https:\/\/kulturonline.tv\/wp-content\/uploads\/2022\/01\/1408x792.webp","articleSection":["Newsflash"],"inLanguage":"de"},{"@type":"WebPage","@id":"https:\/\/kulturonline.tv\/de\/roth-relevanz-der-kultur-rechnung-getragen\/","url":"https:\/\/kulturonline.tv\/de\/roth-relevanz-der-kultur-rechnung-getragen\/","name":"Roth - Relevanz der Kultur Rechnung getragen - Kultur Online TV &amp; FM","isPartOf":{"@id":"https:\/\/kulturonline.tv\/de\/#website"},"primaryImageOfPage":{"@id":"https:\/\/kulturonline.tv\/de\/roth-relevanz-der-kultur-rechnung-getragen\/#primaryimage"},"image":{"@id":"https:\/\/kulturonline.tv\/de\/roth-relevanz-der-kultur-rechnung-getragen\/#primaryimage"},"thumbnailUrl":"https:\/\/kulturonline.tv\/wp-content\/uploads\/2022\/01\/1408x792.webp","datePublished":"2022-01-08T06:54:32+00:00","dateModified":"2022-01-08T06:54:33+00:00","description":"Kultur sehen und H\u00f6ren","breadcrumb":{"@id":"https:\/\/kulturonline.tv\/de\/roth-relevanz-der-kultur-rechnung-getragen\/#breadcrumb"},"inLanguage":"de","potentialAction":[{"@type":"ReadAction","target":["https:\/\/kulturonline.tv\/de\/roth-relevanz-der-kultur-rechnung-getragen\/"]}]},{"@type":"ImageObject","inLanguage":"de","@id":"https:\/\/kulturonline.tv\/de\/roth-relevanz-der-kultur-rechnung-getragen\/#primaryimage","url":"https:\/\/kulturonline.tv\/wp-content\/uploads\/2022\/01\/1408x792.webp","contentUrl":"https:\/\/kulturonline.tv\/wp-content\/uploads\/2022\/01\/1408x792.webp","width":800,"height":450},{"@type":"BreadcrumbList","@id":"https:\/\/kulturonline.tv\/de\/roth-relevanz-der-kultur-rechnung-getragen\/#breadcrumb","itemListElement":[{"@type":"ListItem","position":1,"name":"Startseite","item":"https:\/\/kulturonline.tv\/de\/"},{"@type":"ListItem","position":2,"name":"Roth &#8211; Relevanz der Kultur Rechnung getragen"}]},{"@type":"WebSite","@id":"https:\/\/kulturonline.tv\/de\/#website","url":"https:\/\/kulturonline.tv\/de\/","name":"Kultur Online TV &amp; FM","description":"Wir sind Kultur 2.0 zum sehen &amp; h\u00f6ren","publisher":{"@id":"https:\/\/kulturonline.tv\/de\/#organization"},"potentialAction":[{"@type":"SearchAction","target":{"@type":"EntryPoint","urlTemplate":"https:\/\/kulturonline.tv\/de\/?s={search_term_string}"},"query-input":{"@type":"PropertyValueSpecification","valueRequired":true,"valueName":"search_term_string"}}],"inLanguage":"de"},{"@type":"Organization","@id":"https:\/\/kulturonline.tv\/de\/#organization","name":"Kultur Online TV","url":"https:\/\/kulturonline.tv\/de\/","logo":{"@type":"ImageObject","inLanguage":"de","@id":"https:\/\/kulturonline.tv\/de\/#\/schema\/logo\/image\/","url":"https:\/\/kulturonline.tv\/wp-content\/uploads\/2021\/08\/Kultur-Online-Tv-Logo-Endversion-neu.png","contentUrl":"https:\/\/kulturonline.tv\/wp-content\/uploads\/2021\/08\/Kultur-Online-Tv-Logo-Endversion-neu.png","width":200,"height":200,"caption":"Kultur Online TV"},"image":{"@id":"https:\/\/kulturonline.tv\/de\/#\/schema\/logo\/image\/"},"sameAs":["https:\/\/www.facebook.com\/kulturonline.tv","https:\/\/www.instagram.com\/kulturonline.tv"]},{"@type":"Person","@id":"https:\/\/kulturonline.tv\/de\/#\/schema\/person\/b0fac729bb9a0c193fb1df23449df4fe","name":"guenter.wolfgang"}]}},"_links":{"self":[{"href":"https:\/\/kulturonline.tv\/de\/wp-json\/wp\/v2\/posts\/18988","targetHints":{"allow":["GET"]}}],"collection":[{"href":"https:\/\/kulturonline.tv\/de\/wp-json\/wp\/v2\/posts"}],"about":[{"href":"https:\/\/kulturonline.tv\/de\/wp-json\/wp\/v2\/types\/post"}],"author":[{"embeddable":true,"href":"https:\/\/kulturonline.tv\/de\/wp-json\/wp\/v2\/users\/2"}],"replies":[{"embeddable":true,"href":"https:\/\/kulturonline.tv\/de\/wp-json\/wp\/v2\/comments?post=18988"}],"version-history":[{"count":0,"href":"https:\/\/kulturonline.tv\/de\/wp-json\/wp\/v2\/posts\/18988\/revisions"}],"wp:featuredmedia":[{"embeddable":true,"href":"https:\/\/kulturonline.tv\/de\/wp-json\/wp\/v2\/media\/18990"}],"wp:attachment":[{"href":"https:\/\/kulturonline.tv\/de\/wp-json\/wp\/v2\/media?parent=18988"}],"wp:term":[{"taxonomy":"category","embeddable":true,"href":"https:\/\/kulturonline.tv\/de\/wp-json\/wp\/v2\/categories?post=18988"},{"taxonomy":"post_tag","embeddable":true,"href":"https:\/\/kulturonline.tv\/de\/wp-json\/wp\/v2\/tags?post=18988"}],"curies":[{"name":"wp","href":"https:\/\/api.w.org\/{rel}","templated":true}]}}