{"id":19096,"date":"2022-01-09T12:26:09","date_gmt":"2022-01-09T11:26:09","guid":{"rendered":"https:\/\/kulturonline.tv\/?p=19096"},"modified":"2025-06-13T23:08:58","modified_gmt":"2025-06-13T21:08:58","slug":"interview-mit-der-truppe-von-pam-pam-ida","status":"publish","type":"post","link":"https:\/\/kulturonline.tv\/de\/interview-mit-der-truppe-von-pam-pam-ida\/","title":{"rendered":"Interview mit der Musikgruppe \u201cPam Pam Ida\u201d"},"content":{"rendered":"\n<p>Ohne offene Ohren und Herzen gibt es keine Kultur, keine Musik, keinen Pop. Und gerade in dieser Zeit ist es umso wichtiger. Ein Gespr\u00e4ch mit der Gruppe &#8222;Pam Pam Ida&#8220;.<\/p>\n\n\n\n<div class=\"wp-block-media-text alignwide is-stacked-on-mobile\"><figure class=\"wp-block-media-text__media\"><img fetchpriority=\"high\" decoding=\"async\" width=\"1080\" height=\"1080\" src=\"https:\/\/kulturonline.tv\/wp-content\/uploads\/2022\/01\/Audio-Podcast-pAM-pAM-iDA.png\" alt=\"\" class=\"wp-image-19253 size-full\" srcset=\"https:\/\/kulturonline.tv\/wp-content\/uploads\/2022\/01\/Audio-Podcast-pAM-pAM-iDA.png 1080w, https:\/\/kulturonline.tv\/wp-content\/uploads\/2022\/01\/Audio-Podcast-pAM-pAM-iDA-300x300.png 300w, https:\/\/kulturonline.tv\/wp-content\/uploads\/2022\/01\/Audio-Podcast-pAM-pAM-iDA-100x100.png 100w, https:\/\/kulturonline.tv\/wp-content\/uploads\/2022\/01\/Audio-Podcast-pAM-pAM-iDA-600x600.png 600w, https:\/\/kulturonline.tv\/wp-content\/uploads\/2022\/01\/Audio-Podcast-pAM-pAM-iDA-800x800.png 800w, https:\/\/kulturonline.tv\/wp-content\/uploads\/2022\/01\/Audio-Podcast-pAM-pAM-iDA-500x500.png 500w, https:\/\/kulturonline.tv\/wp-content\/uploads\/2022\/01\/Audio-Podcast-pAM-pAM-iDA-768x768.png 768w\" sizes=\"(max-width: 1080px) 100vw, 1080px\" \/><\/figure><div class=\"wp-block-media-text__content\">\n<p class=\"has-large-font-size\"><\/p>\n<\/div><\/div>\n\n\n\n<figure class=\"wp-block-audio\"><audio controls src=\"https:\/\/kulturonline.tv\/wp-content\/uploads\/2022\/01\/pampamida-mp3.mp3\"><\/audio><figcaption>\u00a9 Kultur Online FM<\/figcaption><\/figure>\n\n\n\n<p><em><strong>Kultur Online FM Tom Glasmeyer im Gespr\u00e4ch mit Thomas Thumann und  Andreas Eckert <\/strong><\/em><\/p>\n\n\n\n<p><meta charset=\"utf-8\">Pam Pam Ida ist eine deutsche Band aus Sandersdorf, die vor allem durch Ihre Texte in ihrem niederbayerischen Heimatdialekt aus einer Mischung von Pop, Funk, Blues, Country und Rock bekannt geworden sind. <\/p>\n\n\n\n<p>Sie sind vielleicht das einzige Projekt im Dialektkosmos, das sich weniger der Partyunterhaltung oder gef\u00fchliger Hymnen verpflichtet sieht, sondern richtig gern neue Wege im Popdschungel beschreitet.<\/p>\n\n\n\n<p>Yes gef\u00e4llig aber no Anpassung an kapitalistische Marktideologien. Manchmal schaffen sie diesen Spagat sogar. Zumindest sagen das die ausverkauften Konzerte und viele Streaming-Abonnenten. Vielleicht haben sie also recht.<\/p>\n\n\n\n<p>Aber wer mag schon so abgehobene Besserwisser? Die Wahrheit \u00fcber Kunst liegt am Ende ja doch im Auge oder Ohr der Betrachtenden.<\/p>\n\n\n\n<p>Wenn von verpassten Chancen gesprochen wird, wenn doch lieber anders gehandelt worden w\u00e4re, wenn etwas fast gut war, aber doch irgendwas gefehlt hat. Doch gerade jetzt brauchen K\u00fcnstler*innen Ohren und Herzen, nicht nur eigentlich, sondern absolut.<\/p>\n\n\n\n<figure class=\"wp-block-embed is-type-video is-provider-youtube wp-block-embed-youtube wp-embed-aspect-16-9 wp-has-aspect-ratio\"><div class=\"wp-block-embed__wrapper\">\n<iframe title=\"Pam Pam Ida - Eigentlich\" width=\"800\" height=\"450\" src=\"https:\/\/www.youtube.com\/embed\/e-xLJ3Yo9Aw?feature=oembed\" frameborder=\"0\" allow=\"accelerometer; autoplay; clipboard-write; encrypted-media; gyroscope; picture-in-picture; web-share\" referrerpolicy=\"strict-origin-when-cross-origin\" allowfullscreen><\/iframe>\n<\/div><\/figure>\n\n\n\n<p>Ohne offene Ohren und Herzen gibt es keine Kultur, keine Musik, keinen Pop.<br>Diese Jungs machen sich genau dazu Gedanken.<\/p>\n\n\n\n<p>Wir von Kultur Online TV sprachen mit Andreas Eckert und Thomas Thuman \u00fcber deren Zusammenhalt w\u00e4hrend der Corona-Pandemie, den kreativen Prozessen und \u00fcber den Umgang mit Kritik und der N\u00e4he zu Fans. So unterschiedlich beide auch sind, so gut passen sie zusammen und leben ihr Projekt. <\/p>\n\n\n\n<p>Ihre Musik, weitere Infos und besonders die n\u00e4chsten Auftritte sind unter folgendem Link zu finden:<\/p>\n\n\n\n<p><a href=\"https:\/\/www.pampamida.de\/musik\/\">https:\/\/www.pampamida.de\/musik\/<\/a><\/p>\n\n\n\n<p><a href=\"https:\/\/www.pampamida.de\/live\/\">https:\/\/www.pampamida.de\/live\/<\/a><\/p>\n\n\n\n<p>Kultur Online TV<\/p>\n\n\n\n<p>#musik #gespr\u00e4ch #kreativit\u00e4t #kultur <\/p>\n","protected":false},"excerpt":{"rendered":"<p>Ohne offene Ohren und Herzen gibt es keine Kultur, keine Musik, keinen Pop. Und gerade in dieser Zeit ist es umso wichtiger. Ein Gespr\u00e4ch mit der Gruppe &#8222;Pam Pam Ida&#8220;. Kultur Online FM Tom Glasmeyer im Gespr\u00e4ch mit Thomas Thumann und Andreas Eckert Pam Pam Ida ist eine deutsche Band aus Sandersdorf, die vor allem [&hellip;]<\/p>\n","protected":false},"author":2,"featured_media":19099,"comment_status":"closed","ping_status":"closed","sticky":false,"template":"","format":"standard","meta":{"_acf_changed":false,"footnotes":""},"categories":[789],"tags":[],"class_list":["post-19096","post","type-post","status-publish","format-standard","has-post-thumbnail","hentry","category-audiothek-im-gespraech"],"acf":[],"yoast_head":"<!-- This site is optimized with the Yoast SEO plugin v26.1.1 - https:\/\/yoast.com\/wordpress\/plugins\/seo\/ -->\n<title>Interview mit der Musikgruppe \u201cPam Pam Ida\u201d - Kultur Online TV &amp; FM<\/title>\n<meta name=\"description\" content=\"Kultur sehen und H\u00f6ren\" \/>\n<meta name=\"robots\" content=\"index, follow, max-snippet:-1, max-image-preview:large, max-video-preview:-1\" \/>\n<link rel=\"canonical\" href=\"https:\/\/kulturonline.tv\/de\/interview-mit-der-truppe-von-pam-pam-ida\/\" \/>\n<meta property=\"og:locale\" content=\"de_DE\" \/>\n<meta property=\"og:type\" content=\"article\" \/>\n<meta property=\"og:title\" content=\"Interview mit der Musikgruppe \u201cPam Pam Ida\u201d - Kultur Online TV &amp; FM\" \/>\n<meta property=\"og:description\" content=\"Kultur sehen und H\u00f6ren\" \/>\n<meta property=\"og:url\" content=\"https:\/\/kulturonline.tv\/de\/interview-mit-der-truppe-von-pam-pam-ida\/\" \/>\n<meta property=\"og:site_name\" content=\"Kultur Online TV &amp; FM\" \/>\n<meta property=\"article:publisher\" content=\"https:\/\/www.facebook.com\/kulturonline.tv\" \/>\n<meta property=\"article:published_time\" content=\"2022-01-09T11:26:09+00:00\" \/>\n<meta property=\"article:modified_time\" content=\"2025-06-13T21:08:58+00:00\" \/>\n<meta property=\"og:image\" content=\"https:\/\/kulturonline.tv\/wp-content\/uploads\/2022\/01\/Bildschirmfoto-2021-12-06-um-09.15.10-edited-1.png.webp\" \/>\n\t<meta property=\"og:image:width\" content=\"1513\" \/>\n\t<meta property=\"og:image:height\" content=\"850\" \/>\n\t<meta property=\"og:image:type\" content=\"image\/webp\" \/>\n<meta name=\"author\" content=\"guenter.wolfgang\" \/>\n<meta name=\"twitter:card\" content=\"summary_large_image\" \/>\n<meta name=\"twitter:label1\" content=\"Verfasst von\" \/>\n\t<meta name=\"twitter:data1\" content=\"guenter.wolfgang\" \/>\n\t<meta name=\"twitter:label2\" content=\"Gesch\u00e4tzte Lesezeit\" \/>\n\t<meta name=\"twitter:data2\" content=\"2\u00a0Minuten\" \/>\n<script type=\"application\/ld+json\" class=\"yoast-schema-graph\">{\"@context\":\"https:\/\/schema.org\",\"@graph\":[{\"@type\":\"Article\",\"@id\":\"https:\/\/kulturonline.tv\/de\/interview-mit-der-truppe-von-pam-pam-ida\/#article\",\"isPartOf\":{\"@id\":\"https:\/\/kulturonline.tv\/de\/interview-mit-der-truppe-von-pam-pam-ida\/\"},\"author\":{\"name\":\"guenter.wolfgang\",\"@id\":\"https:\/\/kulturonline.tv\/de\/#\/schema\/person\/b0fac729bb9a0c193fb1df23449df4fe\"},\"headline\":\"Interview mit der Musikgruppe \u201cPam Pam Ida\u201d\",\"datePublished\":\"2022-01-09T11:26:09+00:00\",\"dateModified\":\"2025-06-13T21:08:58+00:00\",\"mainEntityOfPage\":{\"@id\":\"https:\/\/kulturonline.tv\/de\/interview-mit-der-truppe-von-pam-pam-ida\/\"},\"wordCount\":316,\"publisher\":{\"@id\":\"https:\/\/kulturonline.tv\/de\/#organization\"},\"image\":{\"@id\":\"https:\/\/kulturonline.tv\/de\/interview-mit-der-truppe-von-pam-pam-ida\/#primaryimage\"},\"thumbnailUrl\":\"https:\/\/kulturonline.tv\/wp-content\/uploads\/2022\/01\/Bildschirmfoto-2021-12-06-um-09.15.10-edited-1.png.webp\",\"articleSection\":[\"Audiothek im Gespr\u00e4ch\"],\"inLanguage\":\"de\"},{\"@type\":\"WebPage\",\"@id\":\"https:\/\/kulturonline.tv\/de\/interview-mit-der-truppe-von-pam-pam-ida\/\",\"url\":\"https:\/\/kulturonline.tv\/de\/interview-mit-der-truppe-von-pam-pam-ida\/\",\"name\":\"Interview mit der Musikgruppe \u201cPam Pam Ida\u201d - Kultur Online TV &amp; FM\",\"isPartOf\":{\"@id\":\"https:\/\/kulturonline.tv\/de\/#website\"},\"primaryImageOfPage\":{\"@id\":\"https:\/\/kulturonline.tv\/de\/interview-mit-der-truppe-von-pam-pam-ida\/#primaryimage\"},\"image\":{\"@id\":\"https:\/\/kulturonline.tv\/de\/interview-mit-der-truppe-von-pam-pam-ida\/#primaryimage\"},\"thumbnailUrl\":\"https:\/\/kulturonline.tv\/wp-content\/uploads\/2022\/01\/Bildschirmfoto-2021-12-06-um-09.15.10-edited-1.png.webp\",\"datePublished\":\"2022-01-09T11:26:09+00:00\",\"dateModified\":\"2025-06-13T21:08:58+00:00\",\"description\":\"Kultur sehen und H\u00f6ren\",\"breadcrumb\":{\"@id\":\"https:\/\/kulturonline.tv\/de\/interview-mit-der-truppe-von-pam-pam-ida\/#breadcrumb\"},\"inLanguage\":\"de\",\"potentialAction\":[{\"@type\":\"ReadAction\",\"target\":[\"https:\/\/kulturonline.tv\/de\/interview-mit-der-truppe-von-pam-pam-ida\/\"]}]},{\"@type\":\"ImageObject\",\"inLanguage\":\"de\",\"@id\":\"https:\/\/kulturonline.tv\/de\/interview-mit-der-truppe-von-pam-pam-ida\/#primaryimage\",\"url\":\"https:\/\/kulturonline.tv\/wp-content\/uploads\/2022\/01\/Bildschirmfoto-2021-12-06-um-09.15.10-edited-1.png.webp\",\"contentUrl\":\"https:\/\/kulturonline.tv\/wp-content\/uploads\/2022\/01\/Bildschirmfoto-2021-12-06-um-09.15.10-edited-1.png.webp\",\"width\":1513,\"height\":850},{\"@type\":\"BreadcrumbList\",\"@id\":\"https:\/\/kulturonline.tv\/de\/interview-mit-der-truppe-von-pam-pam-ida\/#breadcrumb\",\"itemListElement\":[{\"@type\":\"ListItem\",\"position\":1,\"name\":\"Startseite\",\"item\":\"https:\/\/kulturonline.tv\/de\/\"},{\"@type\":\"ListItem\",\"position\":2,\"name\":\"Interview mit der Musikgruppe \u201cPam Pam Ida\u201d\"}]},{\"@type\":\"WebSite\",\"@id\":\"https:\/\/kulturonline.tv\/de\/#website\",\"url\":\"https:\/\/kulturonline.tv\/de\/\",\"name\":\"Kultur Online TV &amp; FM\",\"description\":\"Wir sind Kultur 2.0 zum sehen &amp; h\u00f6ren\",\"publisher\":{\"@id\":\"https:\/\/kulturonline.tv\/de\/#organization\"},\"potentialAction\":[{\"@type\":\"SearchAction\",\"target\":{\"@type\":\"EntryPoint\",\"urlTemplate\":\"https:\/\/kulturonline.tv\/de\/?s={search_term_string}\"},\"query-input\":{\"@type\":\"PropertyValueSpecification\",\"valueRequired\":true,\"valueName\":\"search_term_string\"}}],\"inLanguage\":\"de\"},{\"@type\":\"Organization\",\"@id\":\"https:\/\/kulturonline.tv\/de\/#organization\",\"name\":\"Kultur Online TV\",\"url\":\"https:\/\/kulturonline.tv\/de\/\",\"logo\":{\"@type\":\"ImageObject\",\"inLanguage\":\"de\",\"@id\":\"https:\/\/kulturonline.tv\/de\/#\/schema\/logo\/image\/\",\"url\":\"https:\/\/kulturonline.tv\/wp-content\/uploads\/2021\/08\/Kultur-Online-Tv-Logo-Endversion-neu.png\",\"contentUrl\":\"https:\/\/kulturonline.tv\/wp-content\/uploads\/2021\/08\/Kultur-Online-Tv-Logo-Endversion-neu.png\",\"width\":200,\"height\":200,\"caption\":\"Kultur Online TV\"},\"image\":{\"@id\":\"https:\/\/kulturonline.tv\/de\/#\/schema\/logo\/image\/\"},\"sameAs\":[\"https:\/\/www.facebook.com\/kulturonline.tv\",\"https:\/\/www.instagram.com\/kulturonline.tv\"]},{\"@type\":\"Person\",\"@id\":\"https:\/\/kulturonline.tv\/de\/#\/schema\/person\/b0fac729bb9a0c193fb1df23449df4fe\",\"name\":\"guenter.wolfgang\"}]}<\/script>\n<!-- \/ Yoast SEO plugin. -->","yoast_head_json":{"title":"Interview mit der Musikgruppe \u201cPam Pam Ida\u201d - Kultur Online TV &amp; FM","description":"Kultur sehen und H\u00f6ren","robots":{"index":"index","follow":"follow","max-snippet":"max-snippet:-1","max-image-preview":"max-image-preview:large","max-video-preview":"max-video-preview:-1"},"canonical":"https:\/\/kulturonline.tv\/de\/interview-mit-der-truppe-von-pam-pam-ida\/","og_locale":"de_DE","og_type":"article","og_title":"Interview mit der Musikgruppe \u201cPam Pam Ida\u201d - Kultur Online TV &amp; FM","og_description":"Kultur sehen und H\u00f6ren","og_url":"https:\/\/kulturonline.tv\/de\/interview-mit-der-truppe-von-pam-pam-ida\/","og_site_name":"Kultur Online TV &amp; FM","article_publisher":"https:\/\/www.facebook.com\/kulturonline.tv","article_published_time":"2022-01-09T11:26:09+00:00","article_modified_time":"2025-06-13T21:08:58+00:00","og_image":[{"width":1513,"height":850,"url":"https:\/\/kulturonline.tv\/wp-content\/uploads\/2022\/01\/Bildschirmfoto-2021-12-06-um-09.15.10-edited-1.png.webp","type":"image\/webp"}],"author":"guenter.wolfgang","twitter_card":"summary_large_image","twitter_misc":{"Verfasst von":"guenter.wolfgang","Gesch\u00e4tzte Lesezeit":"2\u00a0Minuten"},"schema":{"@context":"https:\/\/schema.org","@graph":[{"@type":"Article","@id":"https:\/\/kulturonline.tv\/de\/interview-mit-der-truppe-von-pam-pam-ida\/#article","isPartOf":{"@id":"https:\/\/kulturonline.tv\/de\/interview-mit-der-truppe-von-pam-pam-ida\/"},"author":{"name":"guenter.wolfgang","@id":"https:\/\/kulturonline.tv\/de\/#\/schema\/person\/b0fac729bb9a0c193fb1df23449df4fe"},"headline":"Interview mit der Musikgruppe \u201cPam Pam Ida\u201d","datePublished":"2022-01-09T11:26:09+00:00","dateModified":"2025-06-13T21:08:58+00:00","mainEntityOfPage":{"@id":"https:\/\/kulturonline.tv\/de\/interview-mit-der-truppe-von-pam-pam-ida\/"},"wordCount":316,"publisher":{"@id":"https:\/\/kulturonline.tv\/de\/#organization"},"image":{"@id":"https:\/\/kulturonline.tv\/de\/interview-mit-der-truppe-von-pam-pam-ida\/#primaryimage"},"thumbnailUrl":"https:\/\/kulturonline.tv\/wp-content\/uploads\/2022\/01\/Bildschirmfoto-2021-12-06-um-09.15.10-edited-1.png.webp","articleSection":["Audiothek im Gespr\u00e4ch"],"inLanguage":"de"},{"@type":"WebPage","@id":"https:\/\/kulturonline.tv\/de\/interview-mit-der-truppe-von-pam-pam-ida\/","url":"https:\/\/kulturonline.tv\/de\/interview-mit-der-truppe-von-pam-pam-ida\/","name":"Interview mit der Musikgruppe \u201cPam Pam Ida\u201d - Kultur Online TV &amp; FM","isPartOf":{"@id":"https:\/\/kulturonline.tv\/de\/#website"},"primaryImageOfPage":{"@id":"https:\/\/kulturonline.tv\/de\/interview-mit-der-truppe-von-pam-pam-ida\/#primaryimage"},"image":{"@id":"https:\/\/kulturonline.tv\/de\/interview-mit-der-truppe-von-pam-pam-ida\/#primaryimage"},"thumbnailUrl":"https:\/\/kulturonline.tv\/wp-content\/uploads\/2022\/01\/Bildschirmfoto-2021-12-06-um-09.15.10-edited-1.png.webp","datePublished":"2022-01-09T11:26:09+00:00","dateModified":"2025-06-13T21:08:58+00:00","description":"Kultur sehen und H\u00f6ren","breadcrumb":{"@id":"https:\/\/kulturonline.tv\/de\/interview-mit-der-truppe-von-pam-pam-ida\/#breadcrumb"},"inLanguage":"de","potentialAction":[{"@type":"ReadAction","target":["https:\/\/kulturonline.tv\/de\/interview-mit-der-truppe-von-pam-pam-ida\/"]}]},{"@type":"ImageObject","inLanguage":"de","@id":"https:\/\/kulturonline.tv\/de\/interview-mit-der-truppe-von-pam-pam-ida\/#primaryimage","url":"https:\/\/kulturonline.tv\/wp-content\/uploads\/2022\/01\/Bildschirmfoto-2021-12-06-um-09.15.10-edited-1.png.webp","contentUrl":"https:\/\/kulturonline.tv\/wp-content\/uploads\/2022\/01\/Bildschirmfoto-2021-12-06-um-09.15.10-edited-1.png.webp","width":1513,"height":850},{"@type":"BreadcrumbList","@id":"https:\/\/kulturonline.tv\/de\/interview-mit-der-truppe-von-pam-pam-ida\/#breadcrumb","itemListElement":[{"@type":"ListItem","position":1,"name":"Startseite","item":"https:\/\/kulturonline.tv\/de\/"},{"@type":"ListItem","position":2,"name":"Interview mit der Musikgruppe \u201cPam Pam Ida\u201d"}]},{"@type":"WebSite","@id":"https:\/\/kulturonline.tv\/de\/#website","url":"https:\/\/kulturonline.tv\/de\/","name":"Kultur Online TV &amp; FM","description":"Wir sind Kultur 2.0 zum sehen &amp; h\u00f6ren","publisher":{"@id":"https:\/\/kulturonline.tv\/de\/#organization"},"potentialAction":[{"@type":"SearchAction","target":{"@type":"EntryPoint","urlTemplate":"https:\/\/kulturonline.tv\/de\/?s={search_term_string}"},"query-input":{"@type":"PropertyValueSpecification","valueRequired":true,"valueName":"search_term_string"}}],"inLanguage":"de"},{"@type":"Organization","@id":"https:\/\/kulturonline.tv\/de\/#organization","name":"Kultur Online TV","url":"https:\/\/kulturonline.tv\/de\/","logo":{"@type":"ImageObject","inLanguage":"de","@id":"https:\/\/kulturonline.tv\/de\/#\/schema\/logo\/image\/","url":"https:\/\/kulturonline.tv\/wp-content\/uploads\/2021\/08\/Kultur-Online-Tv-Logo-Endversion-neu.png","contentUrl":"https:\/\/kulturonline.tv\/wp-content\/uploads\/2021\/08\/Kultur-Online-Tv-Logo-Endversion-neu.png","width":200,"height":200,"caption":"Kultur Online TV"},"image":{"@id":"https:\/\/kulturonline.tv\/de\/#\/schema\/logo\/image\/"},"sameAs":["https:\/\/www.facebook.com\/kulturonline.tv","https:\/\/www.instagram.com\/kulturonline.tv"]},{"@type":"Person","@id":"https:\/\/kulturonline.tv\/de\/#\/schema\/person\/b0fac729bb9a0c193fb1df23449df4fe","name":"guenter.wolfgang"}]}},"_links":{"self":[{"href":"https:\/\/kulturonline.tv\/de\/wp-json\/wp\/v2\/posts\/19096","targetHints":{"allow":["GET"]}}],"collection":[{"href":"https:\/\/kulturonline.tv\/de\/wp-json\/wp\/v2\/posts"}],"about":[{"href":"https:\/\/kulturonline.tv\/de\/wp-json\/wp\/v2\/types\/post"}],"author":[{"embeddable":true,"href":"https:\/\/kulturonline.tv\/de\/wp-json\/wp\/v2\/users\/2"}],"replies":[{"embeddable":true,"href":"https:\/\/kulturonline.tv\/de\/wp-json\/wp\/v2\/comments?post=19096"}],"version-history":[{"count":1,"href":"https:\/\/kulturonline.tv\/de\/wp-json\/wp\/v2\/posts\/19096\/revisions"}],"predecessor-version":[{"id":110495,"href":"https:\/\/kulturonline.tv\/de\/wp-json\/wp\/v2\/posts\/19096\/revisions\/110495"}],"wp:featuredmedia":[{"embeddable":true,"href":"https:\/\/kulturonline.tv\/de\/wp-json\/wp\/v2\/media\/19099"}],"wp:attachment":[{"href":"https:\/\/kulturonline.tv\/de\/wp-json\/wp\/v2\/media?parent=19096"}],"wp:term":[{"taxonomy":"category","embeddable":true,"href":"https:\/\/kulturonline.tv\/de\/wp-json\/wp\/v2\/categories?post=19096"},{"taxonomy":"post_tag","embeddable":true,"href":"https:\/\/kulturonline.tv\/de\/wp-json\/wp\/v2\/tags?post=19096"}],"curies":[{"name":"wp","href":"https:\/\/api.w.org\/{rel}","templated":true}]}}