{"id":19246,"date":"2022-01-10T13:50:03","date_gmt":"2022-01-10T12:50:03","guid":{"rendered":"https:\/\/kulturonline.tv\/?p=19246"},"modified":"2022-01-10T13:50:03","modified_gmt":"2022-01-10T12:50:03","slug":"barbara-honigmann-bekommt-literaturpreis","status":"publish","type":"post","link":"https:\/\/kulturonline.tv\/de\/barbara-honigmann-bekommt-literaturpreis\/","title":{"rendered":"Barbara Honigmann bekommt Literaturpreis"},"content":{"rendered":"\n<p>Der Literaturpreis der Konrad-Adenauer-Stiftung 2022 geht an die Schriftstellerin Barbara Honigmann.<\/p>\n\n\n\n<figure class=\"wp-block-image size-full\"><img fetchpriority=\"high\" decoding=\"async\" width=\"1004\" height=\"565\" src=\"https:\/\/kulturonline.tv\/wp-content\/uploads\/2022\/01\/Barbara-Honigmann-Kultur-Online-TV-edited.jpg\" alt=\"\" class=\"wp-image-19250\" srcset=\"https:\/\/kulturonline.tv\/wp-content\/uploads\/2022\/01\/Barbara-Honigmann-Kultur-Online-TV-edited.jpg 1004w, https:\/\/kulturonline.tv\/wp-content\/uploads\/2022\/01\/Barbara-Honigmann-Kultur-Online-TV-edited-600x338.jpg 600w, https:\/\/kulturonline.tv\/wp-content\/uploads\/2022\/01\/Barbara-Honigmann-Kultur-Online-TV-edited-800x450.jpg 800w, https:\/\/kulturonline.tv\/wp-content\/uploads\/2022\/01\/Barbara-Honigmann-Kultur-Online-TV-edited-768x432.jpg 768w\" sizes=\"(max-width: 1004px) 100vw, 1004px\" \/><\/figure>\n\n\n\n<p>Sie erh\u00e4lt die mit 20.000 Euro dotierte Auszeichnung voraussichtlich Anfang Juli in Weimar. Der Stiftungsvorsitzende, Norbert Lammert, lobte Honigmanns Texte zur Geschichte j\u00fcdischen Lebens in Deutschland und Europa als authentischen Beitrag zur Erinnerungskultur des Landes. Honigmann wurde 1949 als Kind j\u00fcdischer Remigranten in Ostberlin geboren und kam vom Theater zur Literatur. 1986 deb\u00fctierte sie mit dem Erz\u00e4hlungsband &#8222;Roman von einem Kinde&#8220;. Der Literaturpreis der Konrad-Adenauer-Stiftung wird an Autorinnen und Autoren verliehen, die nach Meinung der Jury der Freiheit das Wort geben. Zu den bisherigen Preistr\u00e4gern geh\u00f6ren unter anderen Sarah Kirsch, Walter Kempowski, Herta M\u00fcller, Daniel Kehlmann und Cees Nooteboom.<\/p>\n\n\n\n<p>Kultur Online TV<\/p>\n\n\n\n<p>#literatur #news #kunst  #kultur<\/p>\n","protected":false},"excerpt":{"rendered":"<p>Der Literaturpreis der Konrad-Adenauer-Stiftung 2022 geht an die Schriftstellerin Barbara Honigmann. Sie erh\u00e4lt die mit 20.000 Euro dotierte Auszeichnung voraussichtlich Anfang Juli in Weimar. Der Stiftungsvorsitzende, Norbert Lammert, lobte Honigmanns Texte zur Geschichte j\u00fcdischen Lebens in Deutschland und Europa als authentischen Beitrag zur Erinnerungskultur des Landes. Honigmann wurde 1949 als Kind j\u00fcdischer Remigranten in Ostberlin [&hellip;]<\/p>\n","protected":false},"author":2,"featured_media":19250,"comment_status":"closed","ping_status":"closed","sticky":false,"template":"","format":"standard","meta":{"_acf_changed":false,"footnotes":""},"categories":[106,3],"tags":[],"class_list":["post-19246","post","type-post","status-publish","format-standard","has-post-thumbnail","hentry","category-literatur","category-newsflash"],"acf":[],"yoast_head":"<!-- This site is optimized with the Yoast SEO plugin v26.1.1 - https:\/\/yoast.com\/wordpress\/plugins\/seo\/ -->\n<title>Barbara Honigmann bekommt Literaturpreis - Kultur Online TV &amp; FM<\/title>\n<meta name=\"description\" content=\"Kultur sehen und H\u00f6ren\" \/>\n<meta name=\"robots\" content=\"index, follow, max-snippet:-1, max-image-preview:large, max-video-preview:-1\" \/>\n<link rel=\"canonical\" href=\"https:\/\/kulturonline.tv\/de\/barbara-honigmann-bekommt-literaturpreis\/\" \/>\n<meta property=\"og:locale\" content=\"de_DE\" \/>\n<meta property=\"og:type\" content=\"article\" \/>\n<meta property=\"og:title\" content=\"Barbara Honigmann bekommt Literaturpreis - Kultur Online TV &amp; FM\" \/>\n<meta property=\"og:description\" content=\"Kultur sehen und H\u00f6ren\" \/>\n<meta property=\"og:url\" content=\"https:\/\/kulturonline.tv\/de\/barbara-honigmann-bekommt-literaturpreis\/\" \/>\n<meta property=\"og:site_name\" content=\"Kultur Online TV &amp; FM\" \/>\n<meta property=\"article:publisher\" content=\"https:\/\/www.facebook.com\/kulturonline.tv\" \/>\n<meta property=\"article:published_time\" content=\"2022-01-10T12:50:03+00:00\" \/>\n<meta property=\"og:image\" content=\"https:\/\/kulturonline.tv\/wp-content\/uploads\/2022\/01\/Barbara-Honigmann-Kultur-Online-TV-edited.jpg\" \/>\n\t<meta property=\"og:image:width\" content=\"1004\" \/>\n\t<meta property=\"og:image:height\" content=\"565\" \/>\n\t<meta property=\"og:image:type\" content=\"image\/jpeg\" \/>\n<meta name=\"author\" content=\"guenter.wolfgang\" \/>\n<meta name=\"twitter:card\" content=\"summary_large_image\" \/>\n<meta name=\"twitter:label1\" content=\"Verfasst von\" \/>\n\t<meta name=\"twitter:data1\" content=\"guenter.wolfgang\" \/>\n\t<meta name=\"twitter:label2\" content=\"Gesch\u00e4tzte Lesezeit\" \/>\n\t<meta name=\"twitter:data2\" content=\"1\u00a0Minute\" \/>\n<script type=\"application\/ld+json\" class=\"yoast-schema-graph\">{\"@context\":\"https:\/\/schema.org\",\"@graph\":[{\"@type\":\"Article\",\"@id\":\"https:\/\/kulturonline.tv\/de\/barbara-honigmann-bekommt-literaturpreis\/#article\",\"isPartOf\":{\"@id\":\"https:\/\/kulturonline.tv\/de\/barbara-honigmann-bekommt-literaturpreis\/\"},\"author\":{\"name\":\"guenter.wolfgang\",\"@id\":\"https:\/\/kulturonline.tv\/de\/#\/schema\/person\/b0fac729bb9a0c193fb1df23449df4fe\"},\"headline\":\"Barbara Honigmann bekommt Literaturpreis\",\"datePublished\":\"2022-01-10T12:50:03+00:00\",\"mainEntityOfPage\":{\"@id\":\"https:\/\/kulturonline.tv\/de\/barbara-honigmann-bekommt-literaturpreis\/\"},\"wordCount\":125,\"publisher\":{\"@id\":\"https:\/\/kulturonline.tv\/de\/#organization\"},\"image\":{\"@id\":\"https:\/\/kulturonline.tv\/de\/barbara-honigmann-bekommt-literaturpreis\/#primaryimage\"},\"thumbnailUrl\":\"https:\/\/kulturonline.tv\/wp-content\/uploads\/2022\/01\/Barbara-Honigmann-Kultur-Online-TV-edited.jpg\",\"articleSection\":[\"Literatur\",\"Newsflash\"],\"inLanguage\":\"de\"},{\"@type\":\"WebPage\",\"@id\":\"https:\/\/kulturonline.tv\/de\/barbara-honigmann-bekommt-literaturpreis\/\",\"url\":\"https:\/\/kulturonline.tv\/de\/barbara-honigmann-bekommt-literaturpreis\/\",\"name\":\"Barbara Honigmann bekommt Literaturpreis - Kultur Online TV &amp; FM\",\"isPartOf\":{\"@id\":\"https:\/\/kulturonline.tv\/de\/#website\"},\"primaryImageOfPage\":{\"@id\":\"https:\/\/kulturonline.tv\/de\/barbara-honigmann-bekommt-literaturpreis\/#primaryimage\"},\"image\":{\"@id\":\"https:\/\/kulturonline.tv\/de\/barbara-honigmann-bekommt-literaturpreis\/#primaryimage\"},\"thumbnailUrl\":\"https:\/\/kulturonline.tv\/wp-content\/uploads\/2022\/01\/Barbara-Honigmann-Kultur-Online-TV-edited.jpg\",\"datePublished\":\"2022-01-10T12:50:03+00:00\",\"description\":\"Kultur sehen und H\u00f6ren\",\"breadcrumb\":{\"@id\":\"https:\/\/kulturonline.tv\/de\/barbara-honigmann-bekommt-literaturpreis\/#breadcrumb\"},\"inLanguage\":\"de\",\"potentialAction\":[{\"@type\":\"ReadAction\",\"target\":[\"https:\/\/kulturonline.tv\/de\/barbara-honigmann-bekommt-literaturpreis\/\"]}]},{\"@type\":\"ImageObject\",\"inLanguage\":\"de\",\"@id\":\"https:\/\/kulturonline.tv\/de\/barbara-honigmann-bekommt-literaturpreis\/#primaryimage\",\"url\":\"https:\/\/kulturonline.tv\/wp-content\/uploads\/2022\/01\/Barbara-Honigmann-Kultur-Online-TV-edited.jpg\",\"contentUrl\":\"https:\/\/kulturonline.tv\/wp-content\/uploads\/2022\/01\/Barbara-Honigmann-Kultur-Online-TV-edited.jpg\",\"width\":1004,\"height\":565},{\"@type\":\"BreadcrumbList\",\"@id\":\"https:\/\/kulturonline.tv\/de\/barbara-honigmann-bekommt-literaturpreis\/#breadcrumb\",\"itemListElement\":[{\"@type\":\"ListItem\",\"position\":1,\"name\":\"Startseite\",\"item\":\"https:\/\/kulturonline.tv\/de\/\"},{\"@type\":\"ListItem\",\"position\":2,\"name\":\"Barbara Honigmann bekommt Literaturpreis\"}]},{\"@type\":\"WebSite\",\"@id\":\"https:\/\/kulturonline.tv\/de\/#website\",\"url\":\"https:\/\/kulturonline.tv\/de\/\",\"name\":\"Kultur Online TV &amp; FM\",\"description\":\"Wir sind Kultur 2.0 zum sehen &amp; h\u00f6ren\",\"publisher\":{\"@id\":\"https:\/\/kulturonline.tv\/de\/#organization\"},\"potentialAction\":[{\"@type\":\"SearchAction\",\"target\":{\"@type\":\"EntryPoint\",\"urlTemplate\":\"https:\/\/kulturonline.tv\/de\/?s={search_term_string}\"},\"query-input\":{\"@type\":\"PropertyValueSpecification\",\"valueRequired\":true,\"valueName\":\"search_term_string\"}}],\"inLanguage\":\"de\"},{\"@type\":\"Organization\",\"@id\":\"https:\/\/kulturonline.tv\/de\/#organization\",\"name\":\"Kultur Online TV\",\"url\":\"https:\/\/kulturonline.tv\/de\/\",\"logo\":{\"@type\":\"ImageObject\",\"inLanguage\":\"de\",\"@id\":\"https:\/\/kulturonline.tv\/de\/#\/schema\/logo\/image\/\",\"url\":\"https:\/\/kulturonline.tv\/wp-content\/uploads\/2021\/08\/Kultur-Online-Tv-Logo-Endversion-neu.png\",\"contentUrl\":\"https:\/\/kulturonline.tv\/wp-content\/uploads\/2021\/08\/Kultur-Online-Tv-Logo-Endversion-neu.png\",\"width\":200,\"height\":200,\"caption\":\"Kultur Online TV\"},\"image\":{\"@id\":\"https:\/\/kulturonline.tv\/de\/#\/schema\/logo\/image\/\"},\"sameAs\":[\"https:\/\/www.facebook.com\/kulturonline.tv\",\"https:\/\/www.instagram.com\/kulturonline.tv\"]},{\"@type\":\"Person\",\"@id\":\"https:\/\/kulturonline.tv\/de\/#\/schema\/person\/b0fac729bb9a0c193fb1df23449df4fe\",\"name\":\"guenter.wolfgang\"}]}<\/script>\n<!-- \/ Yoast SEO plugin. -->","yoast_head_json":{"title":"Barbara Honigmann bekommt Literaturpreis - Kultur Online TV &amp; FM","description":"Kultur sehen und H\u00f6ren","robots":{"index":"index","follow":"follow","max-snippet":"max-snippet:-1","max-image-preview":"max-image-preview:large","max-video-preview":"max-video-preview:-1"},"canonical":"https:\/\/kulturonline.tv\/de\/barbara-honigmann-bekommt-literaturpreis\/","og_locale":"de_DE","og_type":"article","og_title":"Barbara Honigmann bekommt Literaturpreis - Kultur Online TV &amp; FM","og_description":"Kultur sehen und H\u00f6ren","og_url":"https:\/\/kulturonline.tv\/de\/barbara-honigmann-bekommt-literaturpreis\/","og_site_name":"Kultur Online TV &amp; FM","article_publisher":"https:\/\/www.facebook.com\/kulturonline.tv","article_published_time":"2022-01-10T12:50:03+00:00","og_image":[{"width":1004,"height":565,"url":"https:\/\/kulturonline.tv\/wp-content\/uploads\/2022\/01\/Barbara-Honigmann-Kultur-Online-TV-edited.jpg","type":"image\/jpeg"}],"author":"guenter.wolfgang","twitter_card":"summary_large_image","twitter_misc":{"Verfasst von":"guenter.wolfgang","Gesch\u00e4tzte Lesezeit":"1\u00a0Minute"},"schema":{"@context":"https:\/\/schema.org","@graph":[{"@type":"Article","@id":"https:\/\/kulturonline.tv\/de\/barbara-honigmann-bekommt-literaturpreis\/#article","isPartOf":{"@id":"https:\/\/kulturonline.tv\/de\/barbara-honigmann-bekommt-literaturpreis\/"},"author":{"name":"guenter.wolfgang","@id":"https:\/\/kulturonline.tv\/de\/#\/schema\/person\/b0fac729bb9a0c193fb1df23449df4fe"},"headline":"Barbara Honigmann bekommt Literaturpreis","datePublished":"2022-01-10T12:50:03+00:00","mainEntityOfPage":{"@id":"https:\/\/kulturonline.tv\/de\/barbara-honigmann-bekommt-literaturpreis\/"},"wordCount":125,"publisher":{"@id":"https:\/\/kulturonline.tv\/de\/#organization"},"image":{"@id":"https:\/\/kulturonline.tv\/de\/barbara-honigmann-bekommt-literaturpreis\/#primaryimage"},"thumbnailUrl":"https:\/\/kulturonline.tv\/wp-content\/uploads\/2022\/01\/Barbara-Honigmann-Kultur-Online-TV-edited.jpg","articleSection":["Literatur","Newsflash"],"inLanguage":"de"},{"@type":"WebPage","@id":"https:\/\/kulturonline.tv\/de\/barbara-honigmann-bekommt-literaturpreis\/","url":"https:\/\/kulturonline.tv\/de\/barbara-honigmann-bekommt-literaturpreis\/","name":"Barbara Honigmann bekommt Literaturpreis - Kultur Online TV &amp; FM","isPartOf":{"@id":"https:\/\/kulturonline.tv\/de\/#website"},"primaryImageOfPage":{"@id":"https:\/\/kulturonline.tv\/de\/barbara-honigmann-bekommt-literaturpreis\/#primaryimage"},"image":{"@id":"https:\/\/kulturonline.tv\/de\/barbara-honigmann-bekommt-literaturpreis\/#primaryimage"},"thumbnailUrl":"https:\/\/kulturonline.tv\/wp-content\/uploads\/2022\/01\/Barbara-Honigmann-Kultur-Online-TV-edited.jpg","datePublished":"2022-01-10T12:50:03+00:00","description":"Kultur sehen und H\u00f6ren","breadcrumb":{"@id":"https:\/\/kulturonline.tv\/de\/barbara-honigmann-bekommt-literaturpreis\/#breadcrumb"},"inLanguage":"de","potentialAction":[{"@type":"ReadAction","target":["https:\/\/kulturonline.tv\/de\/barbara-honigmann-bekommt-literaturpreis\/"]}]},{"@type":"ImageObject","inLanguage":"de","@id":"https:\/\/kulturonline.tv\/de\/barbara-honigmann-bekommt-literaturpreis\/#primaryimage","url":"https:\/\/kulturonline.tv\/wp-content\/uploads\/2022\/01\/Barbara-Honigmann-Kultur-Online-TV-edited.jpg","contentUrl":"https:\/\/kulturonline.tv\/wp-content\/uploads\/2022\/01\/Barbara-Honigmann-Kultur-Online-TV-edited.jpg","width":1004,"height":565},{"@type":"BreadcrumbList","@id":"https:\/\/kulturonline.tv\/de\/barbara-honigmann-bekommt-literaturpreis\/#breadcrumb","itemListElement":[{"@type":"ListItem","position":1,"name":"Startseite","item":"https:\/\/kulturonline.tv\/de\/"},{"@type":"ListItem","position":2,"name":"Barbara Honigmann bekommt Literaturpreis"}]},{"@type":"WebSite","@id":"https:\/\/kulturonline.tv\/de\/#website","url":"https:\/\/kulturonline.tv\/de\/","name":"Kultur Online TV &amp; FM","description":"Wir sind Kultur 2.0 zum sehen &amp; h\u00f6ren","publisher":{"@id":"https:\/\/kulturonline.tv\/de\/#organization"},"potentialAction":[{"@type":"SearchAction","target":{"@type":"EntryPoint","urlTemplate":"https:\/\/kulturonline.tv\/de\/?s={search_term_string}"},"query-input":{"@type":"PropertyValueSpecification","valueRequired":true,"valueName":"search_term_string"}}],"inLanguage":"de"},{"@type":"Organization","@id":"https:\/\/kulturonline.tv\/de\/#organization","name":"Kultur Online TV","url":"https:\/\/kulturonline.tv\/de\/","logo":{"@type":"ImageObject","inLanguage":"de","@id":"https:\/\/kulturonline.tv\/de\/#\/schema\/logo\/image\/","url":"https:\/\/kulturonline.tv\/wp-content\/uploads\/2021\/08\/Kultur-Online-Tv-Logo-Endversion-neu.png","contentUrl":"https:\/\/kulturonline.tv\/wp-content\/uploads\/2021\/08\/Kultur-Online-Tv-Logo-Endversion-neu.png","width":200,"height":200,"caption":"Kultur Online TV"},"image":{"@id":"https:\/\/kulturonline.tv\/de\/#\/schema\/logo\/image\/"},"sameAs":["https:\/\/www.facebook.com\/kulturonline.tv","https:\/\/www.instagram.com\/kulturonline.tv"]},{"@type":"Person","@id":"https:\/\/kulturonline.tv\/de\/#\/schema\/person\/b0fac729bb9a0c193fb1df23449df4fe","name":"guenter.wolfgang"}]}},"_links":{"self":[{"href":"https:\/\/kulturonline.tv\/de\/wp-json\/wp\/v2\/posts\/19246","targetHints":{"allow":["GET"]}}],"collection":[{"href":"https:\/\/kulturonline.tv\/de\/wp-json\/wp\/v2\/posts"}],"about":[{"href":"https:\/\/kulturonline.tv\/de\/wp-json\/wp\/v2\/types\/post"}],"author":[{"embeddable":true,"href":"https:\/\/kulturonline.tv\/de\/wp-json\/wp\/v2\/users\/2"}],"replies":[{"embeddable":true,"href":"https:\/\/kulturonline.tv\/de\/wp-json\/wp\/v2\/comments?post=19246"}],"version-history":[{"count":0,"href":"https:\/\/kulturonline.tv\/de\/wp-json\/wp\/v2\/posts\/19246\/revisions"}],"wp:featuredmedia":[{"embeddable":true,"href":"https:\/\/kulturonline.tv\/de\/wp-json\/wp\/v2\/media\/19250"}],"wp:attachment":[{"href":"https:\/\/kulturonline.tv\/de\/wp-json\/wp\/v2\/media?parent=19246"}],"wp:term":[{"taxonomy":"category","embeddable":true,"href":"https:\/\/kulturonline.tv\/de\/wp-json\/wp\/v2\/categories?post=19246"},{"taxonomy":"post_tag","embeddable":true,"href":"https:\/\/kulturonline.tv\/de\/wp-json\/wp\/v2\/tags?post=19246"}],"curies":[{"name":"wp","href":"https:\/\/api.w.org\/{rel}","templated":true}]}}