{"id":19533,"date":"2022-01-13T08:10:08","date_gmt":"2022-01-13T07:10:08","guid":{"rendered":"https:\/\/kulturonline.tv\/?p=19533"},"modified":"2022-01-13T12:29:49","modified_gmt":"2022-01-13T11:29:49","slug":"ich-bin-nicht-allein-damit-allein-zu-sein","status":"publish","type":"post","link":"https:\/\/kulturonline.tv\/de\/ich-bin-nicht-allein-damit-allein-zu-sein\/","title":{"rendered":"&#8222;Ich bin nicht allein, um allein zu sein&#8220;"},"content":{"rendered":"\n<p><meta charset=\"utf-8\">\u201eIch hatte einige Male Suizidgedanken und bin nicht stolz darauf\u201c. <\/p>\n\n\n\n<figure class=\"wp-block-image size-large\"><img fetchpriority=\"high\" decoding=\"async\" width=\"2024\" height=\"1139\" src=\"https:\/\/kulturonline.tv\/wp-content\/uploads\/2022\/01\/Bildschirmfoto-2022-01-13-um-08.04.02-edited.png\" alt=\"\" class=\"wp-image-19543\" srcset=\"https:\/\/kulturonline.tv\/wp-content\/uploads\/2022\/01\/Bildschirmfoto-2022-01-13-um-08.04.02-edited.png 2024w, https:\/\/kulturonline.tv\/wp-content\/uploads\/2022\/01\/Bildschirmfoto-2022-01-13-um-08.04.02-edited-600x338.png 600w, https:\/\/kulturonline.tv\/wp-content\/uploads\/2022\/01\/Bildschirmfoto-2022-01-13-um-08.04.02-edited-800x450.png 800w, https:\/\/kulturonline.tv\/wp-content\/uploads\/2022\/01\/Bildschirmfoto-2022-01-13-um-08.04.02-edited-1600x900.png 1600w, https:\/\/kulturonline.tv\/wp-content\/uploads\/2022\/01\/Bildschirmfoto-2022-01-13-um-08.04.02-edited-768x432.png 768w, https:\/\/kulturonline.tv\/wp-content\/uploads\/2022\/01\/Bildschirmfoto-2022-01-13-um-08.04.02-edited-1536x864.png 1536w\" sizes=\"(max-width: 2024px) 100vw, 2024px\" \/><figcaption>\u00a9 Michael Ferire<\/figcaption><\/figure>\n\n\n\n<p>Sieben Jahre lang war er nicht zu sehen oder zu h\u00f6ren &#8211; und dann erz\u00e4hlt der S\u00e4nger Stromae in den franz\u00f6sischen TV-Hauptnachrichten mit einem Song von der H\u00f6lle. Nicht in der Welt, sondern in uns. Es ist ganz gro\u00dfe Kunst.<\/p>\n\n\n\n<p>S\u00e4nger Stromae hat offen seine Suizidgedanken in der Vergangenheit thematisiert. Musik habe ihm geholfen und schuf seine neue Single \u201eL&#8217;Enfer\u201c.<\/p>\n\n\n\n<p>Ich bin nicht allein darin, mich ganz allein zu f\u00fchlen\u201c, lauten die ersten Songzeilen, die Stromae sichtlich bewegt vortrug. \u201eIch hatte einige Male Suizidgedanken und bin nicht stolz darauf\u201c, hei\u00dft es im Verlauf des Textes, und: \u201eAll diese Gedanken haben mich durch die H\u00f6lle gehen lassen.\u201c <\/p>\n\n\n\n<p>Immer wieder begleiteten den K\u00fcnstler psychische Probleme. 2015 musste er aufgrund von Angstzust\u00e4nden eine Tournee durch Afrika abbrechen, seitdem war es um den Belgier ruhiger geworden. Im Jahr 2017 gab er, die Panikattacken w\u00fcrden ihn noch weiter begleiten.<\/p>\n\n\n\n<p>\u201eL&#8217;Enfer\u201c ist Teil von Stromaes im M\u00e4rz erscheinenden Album \u201eMultitude\u201c, sein erstes Werk nach dem vor acht Jahren erschienen \u201eRacine carr\u00e9e\u201c. Wie der Titel, der auf deutsch so viel wie \u201eVielzahl\u201c bedeutet, schon andeutet, lie\u00df Stromae sich von verschiedenen Musikrichtungen inspirieren. <\/p>\n\n\n\n<p>Gemeinsam mit seiner Mutter bereiste er viele L\u00e4nder mit dem Rucksack&nbsp;\u2013 vieles ausprobieren und erkunden, und viele Einfl\u00fcsse miteinander verbinden, das war auch die Idee f\u00fcr das neue Album, wie er im Gespr\u00e4ch mit Coudray erz\u00e4hlt. <\/p>\n\n\n\n<p>\u201eIch liebe es, Dinge zu vermischen. Sich von \u00fcberall inspirieren zu lassen, ohne dabei auf ein bestimmtes Land zeigen zu k\u00f6nnen.\u201c So treffen etwa eine chinesische Erhu-Laute, ein Cembalo und Rio Funk aufeinander.<\/p>\n\n\n\n<figure class=\"wp-block-embed is-type-video is-provider-youtube wp-block-embed-youtube wp-embed-aspect-16-9 wp-has-aspect-ratio\"><div class=\"wp-block-embed__wrapper\">\n<iframe title=\"Stromae - L\u2019enfer (Live Performance)\" width=\"800\" height=\"450\" src=\"https:\/\/www.youtube.com\/embed\/YAG6nj7Sff8?feature=oembed\" frameborder=\"0\" allow=\"accelerometer; autoplay; clipboard-write; encrypted-media; gyroscope; picture-in-picture; web-share\" referrerpolicy=\"strict-origin-when-cross-origin\" allowfullscreen><\/iframe>\n<\/div><\/figure>\n\n\n\n<p>Kultur Online TV<\/p>\n\n\n\n<p>#musik #kultur <\/p>\n","protected":false},"excerpt":{"rendered":"<p>\u201eIch hatte einige Male Suizidgedanken und bin nicht stolz darauf\u201c. Sieben Jahre lang war er nicht zu sehen oder zu h\u00f6ren &#8211; und dann erz\u00e4hlt der S\u00e4nger Stromae in den franz\u00f6sischen TV-Hauptnachrichten mit einem Song von der H\u00f6lle. Nicht in der Welt, sondern in uns. Es ist ganz gro\u00dfe Kunst. S\u00e4nger Stromae hat offen seine [&hellip;]<\/p>\n","protected":false},"author":2,"featured_media":19543,"comment_status":"closed","ping_status":"closed","sticky":false,"template":"","format":"standard","meta":{"_acf_changed":false,"footnotes":""},"categories":[19],"tags":[],"class_list":["post-19533","post","type-post","status-publish","format-standard","has-post-thumbnail","hentry","category-musik"],"acf":[],"yoast_head":"<!-- This site is optimized with the Yoast SEO plugin v26.1.1 - https:\/\/yoast.com\/wordpress\/plugins\/seo\/ -->\n<title>&quot;Ich bin nicht allein, um allein zu sein&quot; - Kultur Online TV &amp; FM<\/title>\n<meta name=\"description\" content=\"Kultur sehen und H\u00f6ren\" \/>\n<meta name=\"robots\" content=\"index, follow, max-snippet:-1, max-image-preview:large, max-video-preview:-1\" \/>\n<link rel=\"canonical\" href=\"https:\/\/kulturonline.tv\/de\/ich-bin-nicht-allein-damit-allein-zu-sein\/\" \/>\n<meta property=\"og:locale\" content=\"de_DE\" \/>\n<meta property=\"og:type\" content=\"article\" \/>\n<meta property=\"og:title\" content=\"&quot;Ich bin nicht allein, um allein zu sein&quot; - Kultur Online TV &amp; FM\" \/>\n<meta property=\"og:description\" content=\"Kultur sehen und H\u00f6ren\" \/>\n<meta property=\"og:url\" content=\"https:\/\/kulturonline.tv\/de\/ich-bin-nicht-allein-damit-allein-zu-sein\/\" \/>\n<meta property=\"og:site_name\" content=\"Kultur Online TV &amp; FM\" \/>\n<meta property=\"article:publisher\" content=\"https:\/\/www.facebook.com\/kulturonline.tv\" \/>\n<meta property=\"article:published_time\" content=\"2022-01-13T07:10:08+00:00\" \/>\n<meta property=\"article:modified_time\" content=\"2022-01-13T11:29:49+00:00\" \/>\n<meta property=\"og:image\" content=\"https:\/\/kulturonline.tv\/wp-content\/uploads\/2022\/01\/Bildschirmfoto-2022-01-13-um-08.04.02-edited.png\" \/>\n\t<meta property=\"og:image:width\" content=\"2024\" \/>\n\t<meta property=\"og:image:height\" content=\"1139\" \/>\n\t<meta property=\"og:image:type\" content=\"image\/png\" \/>\n<meta name=\"author\" content=\"guenter.wolfgang\" \/>\n<meta name=\"twitter:card\" content=\"summary_large_image\" \/>\n<meta name=\"twitter:label1\" content=\"Verfasst von\" \/>\n\t<meta name=\"twitter:data1\" content=\"guenter.wolfgang\" \/>\n\t<meta name=\"twitter:label2\" content=\"Gesch\u00e4tzte Lesezeit\" \/>\n\t<meta name=\"twitter:data2\" content=\"2\u00a0Minuten\" \/>\n<script type=\"application\/ld+json\" class=\"yoast-schema-graph\">{\"@context\":\"https:\/\/schema.org\",\"@graph\":[{\"@type\":\"Article\",\"@id\":\"https:\/\/kulturonline.tv\/de\/ich-bin-nicht-allein-damit-allein-zu-sein\/#article\",\"isPartOf\":{\"@id\":\"https:\/\/kulturonline.tv\/de\/ich-bin-nicht-allein-damit-allein-zu-sein\/\"},\"author\":{\"name\":\"guenter.wolfgang\",\"@id\":\"https:\/\/kulturonline.tv\/de\/#\/schema\/person\/b0fac729bb9a0c193fb1df23449df4fe\"},\"headline\":\"&#8222;Ich bin nicht allein, um allein zu sein&#8220;\",\"datePublished\":\"2022-01-13T07:10:08+00:00\",\"dateModified\":\"2022-01-13T11:29:49+00:00\",\"mainEntityOfPage\":{\"@id\":\"https:\/\/kulturonline.tv\/de\/ich-bin-nicht-allein-damit-allein-zu-sein\/\"},\"wordCount\":310,\"publisher\":{\"@id\":\"https:\/\/kulturonline.tv\/de\/#organization\"},\"image\":{\"@id\":\"https:\/\/kulturonline.tv\/de\/ich-bin-nicht-allein-damit-allein-zu-sein\/#primaryimage\"},\"thumbnailUrl\":\"https:\/\/kulturonline.tv\/wp-content\/uploads\/2022\/01\/Bildschirmfoto-2022-01-13-um-08.04.02-edited.png\",\"articleSection\":[\"Musik\"],\"inLanguage\":\"de\"},{\"@type\":\"WebPage\",\"@id\":\"https:\/\/kulturonline.tv\/de\/ich-bin-nicht-allein-damit-allein-zu-sein\/\",\"url\":\"https:\/\/kulturonline.tv\/de\/ich-bin-nicht-allein-damit-allein-zu-sein\/\",\"name\":\"\\\"Ich bin nicht allein, um allein zu sein\\\" - Kultur Online TV &amp; FM\",\"isPartOf\":{\"@id\":\"https:\/\/kulturonline.tv\/de\/#website\"},\"primaryImageOfPage\":{\"@id\":\"https:\/\/kulturonline.tv\/de\/ich-bin-nicht-allein-damit-allein-zu-sein\/#primaryimage\"},\"image\":{\"@id\":\"https:\/\/kulturonline.tv\/de\/ich-bin-nicht-allein-damit-allein-zu-sein\/#primaryimage\"},\"thumbnailUrl\":\"https:\/\/kulturonline.tv\/wp-content\/uploads\/2022\/01\/Bildschirmfoto-2022-01-13-um-08.04.02-edited.png\",\"datePublished\":\"2022-01-13T07:10:08+00:00\",\"dateModified\":\"2022-01-13T11:29:49+00:00\",\"description\":\"Kultur sehen und H\u00f6ren\",\"breadcrumb\":{\"@id\":\"https:\/\/kulturonline.tv\/de\/ich-bin-nicht-allein-damit-allein-zu-sein\/#breadcrumb\"},\"inLanguage\":\"de\",\"potentialAction\":[{\"@type\":\"ReadAction\",\"target\":[\"https:\/\/kulturonline.tv\/de\/ich-bin-nicht-allein-damit-allein-zu-sein\/\"]}]},{\"@type\":\"ImageObject\",\"inLanguage\":\"de\",\"@id\":\"https:\/\/kulturonline.tv\/de\/ich-bin-nicht-allein-damit-allein-zu-sein\/#primaryimage\",\"url\":\"https:\/\/kulturonline.tv\/wp-content\/uploads\/2022\/01\/Bildschirmfoto-2022-01-13-um-08.04.02-edited.png\",\"contentUrl\":\"https:\/\/kulturonline.tv\/wp-content\/uploads\/2022\/01\/Bildschirmfoto-2022-01-13-um-08.04.02-edited.png\",\"width\":2024,\"height\":1139},{\"@type\":\"BreadcrumbList\",\"@id\":\"https:\/\/kulturonline.tv\/de\/ich-bin-nicht-allein-damit-allein-zu-sein\/#breadcrumb\",\"itemListElement\":[{\"@type\":\"ListItem\",\"position\":1,\"name\":\"Startseite\",\"item\":\"https:\/\/kulturonline.tv\/de\/\"},{\"@type\":\"ListItem\",\"position\":2,\"name\":\"&#8222;Ich bin nicht allein, um allein zu sein&#8220;\"}]},{\"@type\":\"WebSite\",\"@id\":\"https:\/\/kulturonline.tv\/de\/#website\",\"url\":\"https:\/\/kulturonline.tv\/de\/\",\"name\":\"Kultur Online TV &amp; FM\",\"description\":\"Wir sind Kultur 2.0 zum sehen &amp; h\u00f6ren\",\"publisher\":{\"@id\":\"https:\/\/kulturonline.tv\/de\/#organization\"},\"potentialAction\":[{\"@type\":\"SearchAction\",\"target\":{\"@type\":\"EntryPoint\",\"urlTemplate\":\"https:\/\/kulturonline.tv\/de\/?s={search_term_string}\"},\"query-input\":{\"@type\":\"PropertyValueSpecification\",\"valueRequired\":true,\"valueName\":\"search_term_string\"}}],\"inLanguage\":\"de\"},{\"@type\":\"Organization\",\"@id\":\"https:\/\/kulturonline.tv\/de\/#organization\",\"name\":\"Kultur Online TV\",\"url\":\"https:\/\/kulturonline.tv\/de\/\",\"logo\":{\"@type\":\"ImageObject\",\"inLanguage\":\"de\",\"@id\":\"https:\/\/kulturonline.tv\/de\/#\/schema\/logo\/image\/\",\"url\":\"https:\/\/kulturonline.tv\/wp-content\/uploads\/2021\/08\/Kultur-Online-Tv-Logo-Endversion-neu.png\",\"contentUrl\":\"https:\/\/kulturonline.tv\/wp-content\/uploads\/2021\/08\/Kultur-Online-Tv-Logo-Endversion-neu.png\",\"width\":200,\"height\":200,\"caption\":\"Kultur Online TV\"},\"image\":{\"@id\":\"https:\/\/kulturonline.tv\/de\/#\/schema\/logo\/image\/\"},\"sameAs\":[\"https:\/\/www.facebook.com\/kulturonline.tv\",\"https:\/\/www.instagram.com\/kulturonline.tv\"]},{\"@type\":\"Person\",\"@id\":\"https:\/\/kulturonline.tv\/de\/#\/schema\/person\/b0fac729bb9a0c193fb1df23449df4fe\",\"name\":\"guenter.wolfgang\"}]}<\/script>\n<!-- \/ Yoast SEO plugin. -->","yoast_head_json":{"title":"\"Ich bin nicht allein, um allein zu sein\" - Kultur Online TV &amp; FM","description":"Kultur sehen und H\u00f6ren","robots":{"index":"index","follow":"follow","max-snippet":"max-snippet:-1","max-image-preview":"max-image-preview:large","max-video-preview":"max-video-preview:-1"},"canonical":"https:\/\/kulturonline.tv\/de\/ich-bin-nicht-allein-damit-allein-zu-sein\/","og_locale":"de_DE","og_type":"article","og_title":"\"Ich bin nicht allein, um allein zu sein\" - Kultur Online TV &amp; FM","og_description":"Kultur sehen und H\u00f6ren","og_url":"https:\/\/kulturonline.tv\/de\/ich-bin-nicht-allein-damit-allein-zu-sein\/","og_site_name":"Kultur Online TV &amp; FM","article_publisher":"https:\/\/www.facebook.com\/kulturonline.tv","article_published_time":"2022-01-13T07:10:08+00:00","article_modified_time":"2022-01-13T11:29:49+00:00","og_image":[{"width":2024,"height":1139,"url":"https:\/\/kulturonline.tv\/wp-content\/uploads\/2022\/01\/Bildschirmfoto-2022-01-13-um-08.04.02-edited.png","type":"image\/png"}],"author":"guenter.wolfgang","twitter_card":"summary_large_image","twitter_misc":{"Verfasst von":"guenter.wolfgang","Gesch\u00e4tzte Lesezeit":"2\u00a0Minuten"},"schema":{"@context":"https:\/\/schema.org","@graph":[{"@type":"Article","@id":"https:\/\/kulturonline.tv\/de\/ich-bin-nicht-allein-damit-allein-zu-sein\/#article","isPartOf":{"@id":"https:\/\/kulturonline.tv\/de\/ich-bin-nicht-allein-damit-allein-zu-sein\/"},"author":{"name":"guenter.wolfgang","@id":"https:\/\/kulturonline.tv\/de\/#\/schema\/person\/b0fac729bb9a0c193fb1df23449df4fe"},"headline":"&#8222;Ich bin nicht allein, um allein zu sein&#8220;","datePublished":"2022-01-13T07:10:08+00:00","dateModified":"2022-01-13T11:29:49+00:00","mainEntityOfPage":{"@id":"https:\/\/kulturonline.tv\/de\/ich-bin-nicht-allein-damit-allein-zu-sein\/"},"wordCount":310,"publisher":{"@id":"https:\/\/kulturonline.tv\/de\/#organization"},"image":{"@id":"https:\/\/kulturonline.tv\/de\/ich-bin-nicht-allein-damit-allein-zu-sein\/#primaryimage"},"thumbnailUrl":"https:\/\/kulturonline.tv\/wp-content\/uploads\/2022\/01\/Bildschirmfoto-2022-01-13-um-08.04.02-edited.png","articleSection":["Musik"],"inLanguage":"de"},{"@type":"WebPage","@id":"https:\/\/kulturonline.tv\/de\/ich-bin-nicht-allein-damit-allein-zu-sein\/","url":"https:\/\/kulturonline.tv\/de\/ich-bin-nicht-allein-damit-allein-zu-sein\/","name":"\"Ich bin nicht allein, um allein zu sein\" - Kultur Online TV &amp; FM","isPartOf":{"@id":"https:\/\/kulturonline.tv\/de\/#website"},"primaryImageOfPage":{"@id":"https:\/\/kulturonline.tv\/de\/ich-bin-nicht-allein-damit-allein-zu-sein\/#primaryimage"},"image":{"@id":"https:\/\/kulturonline.tv\/de\/ich-bin-nicht-allein-damit-allein-zu-sein\/#primaryimage"},"thumbnailUrl":"https:\/\/kulturonline.tv\/wp-content\/uploads\/2022\/01\/Bildschirmfoto-2022-01-13-um-08.04.02-edited.png","datePublished":"2022-01-13T07:10:08+00:00","dateModified":"2022-01-13T11:29:49+00:00","description":"Kultur sehen und H\u00f6ren","breadcrumb":{"@id":"https:\/\/kulturonline.tv\/de\/ich-bin-nicht-allein-damit-allein-zu-sein\/#breadcrumb"},"inLanguage":"de","potentialAction":[{"@type":"ReadAction","target":["https:\/\/kulturonline.tv\/de\/ich-bin-nicht-allein-damit-allein-zu-sein\/"]}]},{"@type":"ImageObject","inLanguage":"de","@id":"https:\/\/kulturonline.tv\/de\/ich-bin-nicht-allein-damit-allein-zu-sein\/#primaryimage","url":"https:\/\/kulturonline.tv\/wp-content\/uploads\/2022\/01\/Bildschirmfoto-2022-01-13-um-08.04.02-edited.png","contentUrl":"https:\/\/kulturonline.tv\/wp-content\/uploads\/2022\/01\/Bildschirmfoto-2022-01-13-um-08.04.02-edited.png","width":2024,"height":1139},{"@type":"BreadcrumbList","@id":"https:\/\/kulturonline.tv\/de\/ich-bin-nicht-allein-damit-allein-zu-sein\/#breadcrumb","itemListElement":[{"@type":"ListItem","position":1,"name":"Startseite","item":"https:\/\/kulturonline.tv\/de\/"},{"@type":"ListItem","position":2,"name":"&#8222;Ich bin nicht allein, um allein zu sein&#8220;"}]},{"@type":"WebSite","@id":"https:\/\/kulturonline.tv\/de\/#website","url":"https:\/\/kulturonline.tv\/de\/","name":"Kultur Online TV &amp; FM","description":"Wir sind Kultur 2.0 zum sehen &amp; h\u00f6ren","publisher":{"@id":"https:\/\/kulturonline.tv\/de\/#organization"},"potentialAction":[{"@type":"SearchAction","target":{"@type":"EntryPoint","urlTemplate":"https:\/\/kulturonline.tv\/de\/?s={search_term_string}"},"query-input":{"@type":"PropertyValueSpecification","valueRequired":true,"valueName":"search_term_string"}}],"inLanguage":"de"},{"@type":"Organization","@id":"https:\/\/kulturonline.tv\/de\/#organization","name":"Kultur Online TV","url":"https:\/\/kulturonline.tv\/de\/","logo":{"@type":"ImageObject","inLanguage":"de","@id":"https:\/\/kulturonline.tv\/de\/#\/schema\/logo\/image\/","url":"https:\/\/kulturonline.tv\/wp-content\/uploads\/2021\/08\/Kultur-Online-Tv-Logo-Endversion-neu.png","contentUrl":"https:\/\/kulturonline.tv\/wp-content\/uploads\/2021\/08\/Kultur-Online-Tv-Logo-Endversion-neu.png","width":200,"height":200,"caption":"Kultur Online TV"},"image":{"@id":"https:\/\/kulturonline.tv\/de\/#\/schema\/logo\/image\/"},"sameAs":["https:\/\/www.facebook.com\/kulturonline.tv","https:\/\/www.instagram.com\/kulturonline.tv"]},{"@type":"Person","@id":"https:\/\/kulturonline.tv\/de\/#\/schema\/person\/b0fac729bb9a0c193fb1df23449df4fe","name":"guenter.wolfgang"}]}},"_links":{"self":[{"href":"https:\/\/kulturonline.tv\/de\/wp-json\/wp\/v2\/posts\/19533","targetHints":{"allow":["GET"]}}],"collection":[{"href":"https:\/\/kulturonline.tv\/de\/wp-json\/wp\/v2\/posts"}],"about":[{"href":"https:\/\/kulturonline.tv\/de\/wp-json\/wp\/v2\/types\/post"}],"author":[{"embeddable":true,"href":"https:\/\/kulturonline.tv\/de\/wp-json\/wp\/v2\/users\/2"}],"replies":[{"embeddable":true,"href":"https:\/\/kulturonline.tv\/de\/wp-json\/wp\/v2\/comments?post=19533"}],"version-history":[{"count":0,"href":"https:\/\/kulturonline.tv\/de\/wp-json\/wp\/v2\/posts\/19533\/revisions"}],"wp:featuredmedia":[{"embeddable":true,"href":"https:\/\/kulturonline.tv\/de\/wp-json\/wp\/v2\/media\/19543"}],"wp:attachment":[{"href":"https:\/\/kulturonline.tv\/de\/wp-json\/wp\/v2\/media?parent=19533"}],"wp:term":[{"taxonomy":"category","embeddable":true,"href":"https:\/\/kulturonline.tv\/de\/wp-json\/wp\/v2\/categories?post=19533"},{"taxonomy":"post_tag","embeddable":true,"href":"https:\/\/kulturonline.tv\/de\/wp-json\/wp\/v2\/tags?post=19533"}],"curies":[{"name":"wp","href":"https:\/\/api.w.org\/{rel}","templated":true}]}}