{"id":19564,"date":"2022-01-13T12:28:29","date_gmt":"2022-01-13T11:28:29","guid":{"rendered":"https:\/\/kulturonline.tv\/?p=19564"},"modified":"2022-01-13T12:28:29","modified_gmt":"2022-01-13T11:28:29","slug":"buchmarkt-waechst","status":"publish","type":"post","link":"https:\/\/kulturonline.tv\/de\/buchmarkt-waechst\/","title":{"rendered":"Buchmarkt w\u00e4chst"},"content":{"rendered":"\n<p><meta charset=\"utf-8\">Der Umsatz in den wichtigsten Vertriebssegmenten legte 2021 zu &#8211; ganz besonders gut verkauften sich B\u00fccher von Juli Zeh und Hape Kerkeling.<\/p>\n\n\n\n<figure class=\"wp-block-image size-full\"><img fetchpriority=\"high\" decoding=\"async\" width=\"1349\" height=\"759\" src=\"https:\/\/kulturonline.tv\/wp-content\/uploads\/2022\/01\/1408x792-7-edited.webp\" alt=\"\" class=\"wp-image-19568\" srcset=\"https:\/\/kulturonline.tv\/wp-content\/uploads\/2022\/01\/1408x792-7-edited.webp 1349w, https:\/\/kulturonline.tv\/wp-content\/uploads\/2022\/01\/1408x792-7-edited-600x338.webp 600w, https:\/\/kulturonline.tv\/wp-content\/uploads\/2022\/01\/1408x792-7-edited-800x450.webp 800w, https:\/\/kulturonline.tv\/wp-content\/uploads\/2022\/01\/1408x792-7-edited-768x432.webp 768w\" sizes=\"(max-width: 1349px) 100vw, 1349px\" \/><figcaption>\u00a9\u00a0Jan Woitas<\/figcaption><\/figure>\n\n\n\n<p>Der deutsche\u00a0Buchmarkt\u00a0hat sich 2021 trotz Corona gut entwickelt. Das geht aus vorl\u00e4ufigen Zahlen hervor, die der B\u00f6rsenverein des deutschen Buchhandels am Donnerstag in Frankfurt ver\u00f6ffentlichte. Der Umsatz f\u00fcr die wichtigsten Vertriebssegmente lag 3,2 Prozent \u00fcber dem des Vorjahres. <\/p>\n\n\n\n<p>Das Gesch\u00e4ft lief sogar besser als vor der Corona-Pandemie: Gegen\u00fcber 2019 legte der Buchmarkt-Umsatz um 0,8 Prozent zu. Die station\u00e4ren Buchhandlungen haben unter den Ladenschlie\u00dfungen im Fr\u00fchjahr allerdings gelitten und konnten die Einbu\u00dfen nicht aufholen. Sie schlossen mit einem Umsatzminus von 3,1 Prozent gegen\u00fcber 2020 sowie von 11,5 Prozent gegen\u00fcber dem Vor-Corona-Jahr 2019 ab. <\/p>\n\n\n\n<p>&#8222;Das Buch hat sich w\u00e4hrend der Pandemie als krisenfest erwiesen. Die Menschen haben ein gro\u00dfes Bed\u00fcrfnis nach guten Geschichten, nach gesicherten Informationen, Rat und Inspiration&#8220;, kommentierte B\u00f6rsenvereinsvorsteherin Karin Schmidt-Friderichs die\u00a0Zahlen.<\/p>\n\n\n\n<p>Die gr\u00f6\u00dften Zuw\u00e4chse verbuchten Kinder- und Jugendb\u00fccher, sie brachten 9,4 Prozent mehr Umsatz als 2019. Auch Belletristik (plus 4,2) und Sachb\u00fccher (plus 1,6 Prozent) legten gegen\u00fcber dem Jahr vor der Pandemie zu. <\/p>\n\n\n\n<p>Der meistverkaufte Roman des letzten Jahres war laut Media Control\u00a0&#8222;\u00dcber Menschen&#8220; von Juli Zeh. Auf Rang 2 folgte\u00a0&#8222;Playlist&#8220; von Sebastian Fitzek, den dritten Platz belegte Lucinda Riley mit &#8222;Die verschwundene Schwester&#8220;. Unter den Sachbuch-Titeln belegte &#8222;Pfoten vom Tisch!&#8220; von Hape Kerkeling den ersten Platz, Ferdinand von Schirach mit &#8222;Jeder Mensch&#8220; kam auf Rang 2, und &#8222;Die kleinste gemeinsame Wirklichkeit&#8220; von Mai Thi Nguyen-Kim auf Platz\u00a03.<\/p>\n\n\n\n<p>Die Anzahl der selbst verlegten B\u00fccher nahm rasant zu.\u00a0Und gerade am Anfang gab es dort mit Sicherheit B\u00fccher, die sowohl von der \u00e4u\u00dferen Qualit\u00e4t als auch vom Schreibstil her eher schlecht waren. Der Markt wurde zeitweise regelrecht von Billigb\u00fcchern \u00fcberschwemmt, lieblos zusammengeschrieben und schon vom \u00c4u\u00dferen her eher abschreckend. <\/p>\n\n\n\n<p>Schnell hie\u00df es, selbst verlegte B\u00fccher sind schlecht, das sind B\u00fccher, die kein Verlag haben m\u00f6chte. Doch mit der Zeit hat sich das ge\u00e4ndert.\u00a0Ein Autor, der als Selfpublisher ver\u00f6ffentlicht und es ernst damit meint auf dem Markt Fu\u00df zu fassen, achtet auf Qualit\u00e4t.\u00a0<\/p>\n\n\n\n<p>Kultur Online TV<\/p>\n\n\n\n<p>#literatur #markt #kultur <\/p>\n","protected":false},"excerpt":{"rendered":"<p>Der Umsatz in den wichtigsten Vertriebssegmenten legte 2021 zu &#8211; ganz besonders gut verkauften sich B\u00fccher von Juli Zeh und Hape Kerkeling. Der deutsche\u00a0Buchmarkt\u00a0hat sich 2021 trotz Corona gut entwickelt. Das geht aus vorl\u00e4ufigen Zahlen hervor, die der B\u00f6rsenverein des deutschen Buchhandels am Donnerstag in Frankfurt ver\u00f6ffentlichte. Der Umsatz f\u00fcr die wichtigsten Vertriebssegmente lag 3,2 [&hellip;]<\/p>\n","protected":false},"author":2,"featured_media":19568,"comment_status":"closed","ping_status":"closed","sticky":false,"template":"","format":"standard","meta":{"_acf_changed":false,"footnotes":""},"categories":[106],"tags":[],"class_list":["post-19564","post","type-post","status-publish","format-standard","has-post-thumbnail","hentry","category-literatur"],"acf":[],"yoast_head":"<!-- This site is optimized with the Yoast SEO plugin v26.1.1 - https:\/\/yoast.com\/wordpress\/plugins\/seo\/ -->\n<title>Buchmarkt w\u00e4chst - Kultur Online TV &amp; FM<\/title>\n<meta name=\"description\" content=\"Kultur sehen und H\u00f6ren\" \/>\n<meta name=\"robots\" content=\"index, follow, max-snippet:-1, max-image-preview:large, max-video-preview:-1\" \/>\n<link rel=\"canonical\" href=\"https:\/\/kulturonline.tv\/de\/buchmarkt-waechst\/\" \/>\n<meta property=\"og:locale\" content=\"de_DE\" \/>\n<meta property=\"og:type\" content=\"article\" \/>\n<meta property=\"og:title\" content=\"Buchmarkt w\u00e4chst - Kultur Online TV &amp; FM\" \/>\n<meta property=\"og:description\" content=\"Kultur sehen und H\u00f6ren\" \/>\n<meta property=\"og:url\" content=\"https:\/\/kulturonline.tv\/de\/buchmarkt-waechst\/\" \/>\n<meta property=\"og:site_name\" content=\"Kultur Online TV &amp; FM\" \/>\n<meta property=\"article:publisher\" content=\"https:\/\/www.facebook.com\/kulturonline.tv\" \/>\n<meta property=\"article:published_time\" content=\"2022-01-13T11:28:29+00:00\" \/>\n<meta property=\"og:image\" content=\"https:\/\/kulturonline.tv\/wp-content\/uploads\/2022\/01\/1408x792-7-edited.webp\" \/>\n\t<meta property=\"og:image:width\" content=\"1349\" \/>\n\t<meta property=\"og:image:height\" content=\"759\" \/>\n\t<meta property=\"og:image:type\" content=\"image\/webp\" \/>\n<meta name=\"author\" content=\"guenter.wolfgang\" \/>\n<meta name=\"twitter:card\" content=\"summary_large_image\" \/>\n<meta name=\"twitter:label1\" content=\"Verfasst von\" \/>\n\t<meta name=\"twitter:data1\" content=\"guenter.wolfgang\" \/>\n\t<meta name=\"twitter:label2\" content=\"Gesch\u00e4tzte Lesezeit\" \/>\n\t<meta name=\"twitter:data2\" content=\"3\u00a0Minuten\" \/>\n<script type=\"application\/ld+json\" class=\"yoast-schema-graph\">{\"@context\":\"https:\/\/schema.org\",\"@graph\":[{\"@type\":\"Article\",\"@id\":\"https:\/\/kulturonline.tv\/de\/buchmarkt-waechst\/#article\",\"isPartOf\":{\"@id\":\"https:\/\/kulturonline.tv\/de\/buchmarkt-waechst\/\"},\"author\":{\"name\":\"guenter.wolfgang\",\"@id\":\"https:\/\/kulturonline.tv\/de\/#\/schema\/person\/b0fac729bb9a0c193fb1df23449df4fe\"},\"headline\":\"Buchmarkt w\u00e4chst\",\"datePublished\":\"2022-01-13T11:28:29+00:00\",\"mainEntityOfPage\":{\"@id\":\"https:\/\/kulturonline.tv\/de\/buchmarkt-waechst\/\"},\"wordCount\":370,\"publisher\":{\"@id\":\"https:\/\/kulturonline.tv\/de\/#organization\"},\"image\":{\"@id\":\"https:\/\/kulturonline.tv\/de\/buchmarkt-waechst\/#primaryimage\"},\"thumbnailUrl\":\"https:\/\/kulturonline.tv\/wp-content\/uploads\/2022\/01\/1408x792-7-edited.webp\",\"articleSection\":[\"Literatur\"],\"inLanguage\":\"de\"},{\"@type\":\"WebPage\",\"@id\":\"https:\/\/kulturonline.tv\/de\/buchmarkt-waechst\/\",\"url\":\"https:\/\/kulturonline.tv\/de\/buchmarkt-waechst\/\",\"name\":\"Buchmarkt w\u00e4chst - Kultur Online TV &amp; FM\",\"isPartOf\":{\"@id\":\"https:\/\/kulturonline.tv\/de\/#website\"},\"primaryImageOfPage\":{\"@id\":\"https:\/\/kulturonline.tv\/de\/buchmarkt-waechst\/#primaryimage\"},\"image\":{\"@id\":\"https:\/\/kulturonline.tv\/de\/buchmarkt-waechst\/#primaryimage\"},\"thumbnailUrl\":\"https:\/\/kulturonline.tv\/wp-content\/uploads\/2022\/01\/1408x792-7-edited.webp\",\"datePublished\":\"2022-01-13T11:28:29+00:00\",\"description\":\"Kultur sehen und H\u00f6ren\",\"breadcrumb\":{\"@id\":\"https:\/\/kulturonline.tv\/de\/buchmarkt-waechst\/#breadcrumb\"},\"inLanguage\":\"de\",\"potentialAction\":[{\"@type\":\"ReadAction\",\"target\":[\"https:\/\/kulturonline.tv\/de\/buchmarkt-waechst\/\"]}]},{\"@type\":\"ImageObject\",\"inLanguage\":\"de\",\"@id\":\"https:\/\/kulturonline.tv\/de\/buchmarkt-waechst\/#primaryimage\",\"url\":\"https:\/\/kulturonline.tv\/wp-content\/uploads\/2022\/01\/1408x792-7-edited.webp\",\"contentUrl\":\"https:\/\/kulturonline.tv\/wp-content\/uploads\/2022\/01\/1408x792-7-edited.webp\",\"width\":1349,\"height\":759},{\"@type\":\"BreadcrumbList\",\"@id\":\"https:\/\/kulturonline.tv\/de\/buchmarkt-waechst\/#breadcrumb\",\"itemListElement\":[{\"@type\":\"ListItem\",\"position\":1,\"name\":\"Startseite\",\"item\":\"https:\/\/kulturonline.tv\/de\/\"},{\"@type\":\"ListItem\",\"position\":2,\"name\":\"Buchmarkt w\u00e4chst\"}]},{\"@type\":\"WebSite\",\"@id\":\"https:\/\/kulturonline.tv\/de\/#website\",\"url\":\"https:\/\/kulturonline.tv\/de\/\",\"name\":\"Kultur Online TV &amp; FM\",\"description\":\"Wir sind Kultur 2.0 zum sehen &amp; h\u00f6ren\",\"publisher\":{\"@id\":\"https:\/\/kulturonline.tv\/de\/#organization\"},\"potentialAction\":[{\"@type\":\"SearchAction\",\"target\":{\"@type\":\"EntryPoint\",\"urlTemplate\":\"https:\/\/kulturonline.tv\/de\/?s={search_term_string}\"},\"query-input\":{\"@type\":\"PropertyValueSpecification\",\"valueRequired\":true,\"valueName\":\"search_term_string\"}}],\"inLanguage\":\"de\"},{\"@type\":\"Organization\",\"@id\":\"https:\/\/kulturonline.tv\/de\/#organization\",\"name\":\"Kultur Online TV\",\"url\":\"https:\/\/kulturonline.tv\/de\/\",\"logo\":{\"@type\":\"ImageObject\",\"inLanguage\":\"de\",\"@id\":\"https:\/\/kulturonline.tv\/de\/#\/schema\/logo\/image\/\",\"url\":\"https:\/\/kulturonline.tv\/wp-content\/uploads\/2021\/08\/Kultur-Online-Tv-Logo-Endversion-neu.png\",\"contentUrl\":\"https:\/\/kulturonline.tv\/wp-content\/uploads\/2021\/08\/Kultur-Online-Tv-Logo-Endversion-neu.png\",\"width\":200,\"height\":200,\"caption\":\"Kultur Online TV\"},\"image\":{\"@id\":\"https:\/\/kulturonline.tv\/de\/#\/schema\/logo\/image\/\"},\"sameAs\":[\"https:\/\/www.facebook.com\/kulturonline.tv\",\"https:\/\/www.instagram.com\/kulturonline.tv\"]},{\"@type\":\"Person\",\"@id\":\"https:\/\/kulturonline.tv\/de\/#\/schema\/person\/b0fac729bb9a0c193fb1df23449df4fe\",\"name\":\"guenter.wolfgang\"}]}<\/script>\n<!-- \/ Yoast SEO plugin. -->","yoast_head_json":{"title":"Buchmarkt w\u00e4chst - Kultur Online TV &amp; FM","description":"Kultur sehen und H\u00f6ren","robots":{"index":"index","follow":"follow","max-snippet":"max-snippet:-1","max-image-preview":"max-image-preview:large","max-video-preview":"max-video-preview:-1"},"canonical":"https:\/\/kulturonline.tv\/de\/buchmarkt-waechst\/","og_locale":"de_DE","og_type":"article","og_title":"Buchmarkt w\u00e4chst - Kultur Online TV &amp; FM","og_description":"Kultur sehen und H\u00f6ren","og_url":"https:\/\/kulturonline.tv\/de\/buchmarkt-waechst\/","og_site_name":"Kultur Online TV &amp; FM","article_publisher":"https:\/\/www.facebook.com\/kulturonline.tv","article_published_time":"2022-01-13T11:28:29+00:00","og_image":[{"width":1349,"height":759,"url":"https:\/\/kulturonline.tv\/wp-content\/uploads\/2022\/01\/1408x792-7-edited.webp","type":"image\/webp"}],"author":"guenter.wolfgang","twitter_card":"summary_large_image","twitter_misc":{"Verfasst von":"guenter.wolfgang","Gesch\u00e4tzte Lesezeit":"3\u00a0Minuten"},"schema":{"@context":"https:\/\/schema.org","@graph":[{"@type":"Article","@id":"https:\/\/kulturonline.tv\/de\/buchmarkt-waechst\/#article","isPartOf":{"@id":"https:\/\/kulturonline.tv\/de\/buchmarkt-waechst\/"},"author":{"name":"guenter.wolfgang","@id":"https:\/\/kulturonline.tv\/de\/#\/schema\/person\/b0fac729bb9a0c193fb1df23449df4fe"},"headline":"Buchmarkt w\u00e4chst","datePublished":"2022-01-13T11:28:29+00:00","mainEntityOfPage":{"@id":"https:\/\/kulturonline.tv\/de\/buchmarkt-waechst\/"},"wordCount":370,"publisher":{"@id":"https:\/\/kulturonline.tv\/de\/#organization"},"image":{"@id":"https:\/\/kulturonline.tv\/de\/buchmarkt-waechst\/#primaryimage"},"thumbnailUrl":"https:\/\/kulturonline.tv\/wp-content\/uploads\/2022\/01\/1408x792-7-edited.webp","articleSection":["Literatur"],"inLanguage":"de"},{"@type":"WebPage","@id":"https:\/\/kulturonline.tv\/de\/buchmarkt-waechst\/","url":"https:\/\/kulturonline.tv\/de\/buchmarkt-waechst\/","name":"Buchmarkt w\u00e4chst - Kultur Online TV &amp; FM","isPartOf":{"@id":"https:\/\/kulturonline.tv\/de\/#website"},"primaryImageOfPage":{"@id":"https:\/\/kulturonline.tv\/de\/buchmarkt-waechst\/#primaryimage"},"image":{"@id":"https:\/\/kulturonline.tv\/de\/buchmarkt-waechst\/#primaryimage"},"thumbnailUrl":"https:\/\/kulturonline.tv\/wp-content\/uploads\/2022\/01\/1408x792-7-edited.webp","datePublished":"2022-01-13T11:28:29+00:00","description":"Kultur sehen und H\u00f6ren","breadcrumb":{"@id":"https:\/\/kulturonline.tv\/de\/buchmarkt-waechst\/#breadcrumb"},"inLanguage":"de","potentialAction":[{"@type":"ReadAction","target":["https:\/\/kulturonline.tv\/de\/buchmarkt-waechst\/"]}]},{"@type":"ImageObject","inLanguage":"de","@id":"https:\/\/kulturonline.tv\/de\/buchmarkt-waechst\/#primaryimage","url":"https:\/\/kulturonline.tv\/wp-content\/uploads\/2022\/01\/1408x792-7-edited.webp","contentUrl":"https:\/\/kulturonline.tv\/wp-content\/uploads\/2022\/01\/1408x792-7-edited.webp","width":1349,"height":759},{"@type":"BreadcrumbList","@id":"https:\/\/kulturonline.tv\/de\/buchmarkt-waechst\/#breadcrumb","itemListElement":[{"@type":"ListItem","position":1,"name":"Startseite","item":"https:\/\/kulturonline.tv\/de\/"},{"@type":"ListItem","position":2,"name":"Buchmarkt w\u00e4chst"}]},{"@type":"WebSite","@id":"https:\/\/kulturonline.tv\/de\/#website","url":"https:\/\/kulturonline.tv\/de\/","name":"Kultur Online TV &amp; FM","description":"Wir sind Kultur 2.0 zum sehen &amp; h\u00f6ren","publisher":{"@id":"https:\/\/kulturonline.tv\/de\/#organization"},"potentialAction":[{"@type":"SearchAction","target":{"@type":"EntryPoint","urlTemplate":"https:\/\/kulturonline.tv\/de\/?s={search_term_string}"},"query-input":{"@type":"PropertyValueSpecification","valueRequired":true,"valueName":"search_term_string"}}],"inLanguage":"de"},{"@type":"Organization","@id":"https:\/\/kulturonline.tv\/de\/#organization","name":"Kultur Online TV","url":"https:\/\/kulturonline.tv\/de\/","logo":{"@type":"ImageObject","inLanguage":"de","@id":"https:\/\/kulturonline.tv\/de\/#\/schema\/logo\/image\/","url":"https:\/\/kulturonline.tv\/wp-content\/uploads\/2021\/08\/Kultur-Online-Tv-Logo-Endversion-neu.png","contentUrl":"https:\/\/kulturonline.tv\/wp-content\/uploads\/2021\/08\/Kultur-Online-Tv-Logo-Endversion-neu.png","width":200,"height":200,"caption":"Kultur Online TV"},"image":{"@id":"https:\/\/kulturonline.tv\/de\/#\/schema\/logo\/image\/"},"sameAs":["https:\/\/www.facebook.com\/kulturonline.tv","https:\/\/www.instagram.com\/kulturonline.tv"]},{"@type":"Person","@id":"https:\/\/kulturonline.tv\/de\/#\/schema\/person\/b0fac729bb9a0c193fb1df23449df4fe","name":"guenter.wolfgang"}]}},"_links":{"self":[{"href":"https:\/\/kulturonline.tv\/de\/wp-json\/wp\/v2\/posts\/19564","targetHints":{"allow":["GET"]}}],"collection":[{"href":"https:\/\/kulturonline.tv\/de\/wp-json\/wp\/v2\/posts"}],"about":[{"href":"https:\/\/kulturonline.tv\/de\/wp-json\/wp\/v2\/types\/post"}],"author":[{"embeddable":true,"href":"https:\/\/kulturonline.tv\/de\/wp-json\/wp\/v2\/users\/2"}],"replies":[{"embeddable":true,"href":"https:\/\/kulturonline.tv\/de\/wp-json\/wp\/v2\/comments?post=19564"}],"version-history":[{"count":0,"href":"https:\/\/kulturonline.tv\/de\/wp-json\/wp\/v2\/posts\/19564\/revisions"}],"wp:featuredmedia":[{"embeddable":true,"href":"https:\/\/kulturonline.tv\/de\/wp-json\/wp\/v2\/media\/19568"}],"wp:attachment":[{"href":"https:\/\/kulturonline.tv\/de\/wp-json\/wp\/v2\/media?parent=19564"}],"wp:term":[{"taxonomy":"category","embeddable":true,"href":"https:\/\/kulturonline.tv\/de\/wp-json\/wp\/v2\/categories?post=19564"},{"taxonomy":"post_tag","embeddable":true,"href":"https:\/\/kulturonline.tv\/de\/wp-json\/wp\/v2\/tags?post=19564"}],"curies":[{"name":"wp","href":"https:\/\/api.w.org\/{rel}","templated":true}]}}