{"id":19583,"date":"2022-01-14T07:00:41","date_gmt":"2022-01-14T06:00:41","guid":{"rendered":"https:\/\/kulturonline.tv\/?p=19583"},"modified":"2022-01-14T07:00:42","modified_gmt":"2022-01-14T06:00:42","slug":"herbert-achternbusch-ist-tot","status":"publish","type":"post","link":"https:\/\/kulturonline.tv\/de\/herbert-achternbusch-ist-tot\/","title":{"rendered":"Herbert Achternbusch ist tot"},"content":{"rendered":"\n<p>Der Regisseur, Schriftsteller und Maler von subversiv-sarkastischem Humor starb im Alter von 83 Jahren.<\/p>\n\n\n\n<figure class=\"wp-block-image size-full\"><img fetchpriority=\"high\" decoding=\"async\" width=\"1349\" height=\"759\" src=\"https:\/\/kulturonline.tv\/wp-content\/uploads\/2022\/01\/1408x792-8-edited.webp\" alt=\"\" class=\"wp-image-19587\" srcset=\"https:\/\/kulturonline.tv\/wp-content\/uploads\/2022\/01\/1408x792-8-edited.webp 1349w, https:\/\/kulturonline.tv\/wp-content\/uploads\/2022\/01\/1408x792-8-edited-600x338.webp 600w, https:\/\/kulturonline.tv\/wp-content\/uploads\/2022\/01\/1408x792-8-edited-800x450.webp 800w, https:\/\/kulturonline.tv\/wp-content\/uploads\/2022\/01\/1408x792-8-edited-768x432.webp 768w\" sizes=\"(max-width: 1349px) 100vw, 1349px\" \/><figcaption>\u00a9 Regina Schmeken<\/figcaption><\/figure>\n\n\n\n<p>Er war mehr als ein Filmemacher. Er schrieb, dichtete, malte, war Schauspieler. Herbert Achternbusch ist tot. Er starb im Alter von 83 Jahren. Die Stadt M\u00fcnchen best\u00e4tigte einen entsprechenden Bericht der &#8222;S\u00fcddeutschen Zeitung&#8220;.<\/p>\n\n\n\n<p>Fast 30 Filme listet seine Filmothek auf, 20 Theaterst\u00fccke, 40 Buchpublikationen und Hunderte von gro\u00dffl\u00e4chigen Bildern. In der \u00d6ffentlichkeit ist er weniger als Maler denn als Sch\u00f6pfer skurril-subversiver Filme in Erinnerung geblieben.<\/p>\n\n\n\n<p>Einer dieser Streifen hei\u00dft &#8222;Die Atlantikschwimmer&#8220; und zeigt zwei M\u00e4nner, nur mit Badehose und Schwimmbrillen bekleidet, wie sie in den oberbayerischen Walchensee h\u00fcpfen, um von dort aus Amerika zu erreichen. Getreu dem Motto: Du hast keine Chance, aber nutze sie! Ein echter Achternbusch eben.<\/p>\n\n\n\n<p>1938 als uneheliches Kind in M\u00fcnchen geboren, wuchs Achternbusch nach dem Selbstmord der Mutter im Bayerischen Wald bei seiner Gro\u00dfmutter auf. Seine Oma habe ihn gelehrt, was richtig und falsch sei, sagte Achternbusch als erwachsener Mann.<\/p>\n\n\n\n<p>In N\u00fcrnberg und M\u00fcnchen studierte Achternbusch bildende Kunst und entdeckte schon bald zus\u00e4tzlich zur Malerei das Filmemachen f\u00fcr sich. Sp\u00e4ter bet\u00e4tigte er sich zudem als Schriftsteller und Schauspieler, er war der Hauptdarsteller in seinen eigenen Filmen. Der &#8222;Universaldilletant&#8220; Achternbusch sagte einmal \u00fcber sich selbst: &#8222;Schlechter als ich ist keiner.&#8220;<\/p>\n\n\n\n<p>Sein Filmen war eben doch bestimmt von der Einsicht, dass, wenn man keine ganz gro\u00dfen, teuren Filme machen kann, man eben ganz kleine, billige machen musste. Alles dazwischen war spie\u00dfig oder Fernsehen. <\/p>\n\n\n\n<p>Und so ging, als er anfing mit dem Film \u201eBierkampf\u201c, Achternbusch als Polizist verkleidet \u00fcbers Oktoberfest und provozierte die Leute. Und die Kamera, ohne jede Drehgenehmigung, schaute dabei zu. Eindrucksvollere Massenszenen als diesen Bierzeltwahnsinn hat auch Bernd Eichinger selten auf die Leinwand gebracht. <\/p>\n\n\n\n<p>Und wenn die Kamera von einem Dach hinunter auf den Marienplatz schaute, brauchte der Film nur einen kleinen narrativen Gesamtzusammenhang zu behaupten. Und halb M\u00fcnchen wurde zur Statisterie in Achternbuschs Low-budget-Monumentalkino.<\/p>\n\n\n\n<p>Kultur Online TV<\/p>\n\n\n\n<p>#film #literatur #kultur #tod<\/p>\n","protected":false},"excerpt":{"rendered":"<p>Der Regisseur, Schriftsteller und Maler von subversiv-sarkastischem Humor starb im Alter von 83 Jahren. Er war mehr als ein Filmemacher. Er schrieb, dichtete, malte, war Schauspieler. Herbert Achternbusch ist tot. Er starb im Alter von 83 Jahren. Die Stadt M\u00fcnchen best\u00e4tigte einen entsprechenden Bericht der &#8222;S\u00fcddeutschen Zeitung&#8220;. Fast 30 Filme listet seine Filmothek auf, 20 [&hellip;]<\/p>\n","protected":false},"author":2,"featured_media":19587,"comment_status":"closed","ping_status":"closed","sticky":false,"template":"","format":"standard","meta":{"_acf_changed":false,"footnotes":""},"categories":[3],"tags":[],"class_list":["post-19583","post","type-post","status-publish","format-standard","has-post-thumbnail","hentry","category-newsflash"],"acf":[],"yoast_head":"<!-- This site is optimized with the Yoast SEO plugin v26.1.1 - https:\/\/yoast.com\/wordpress\/plugins\/seo\/ -->\n<title>Herbert Achternbusch ist tot - Kultur Online TV &amp; FM<\/title>\n<meta name=\"description\" content=\"Kultur sehen und H\u00f6ren\" \/>\n<meta name=\"robots\" content=\"index, follow, max-snippet:-1, max-image-preview:large, max-video-preview:-1\" \/>\n<link rel=\"canonical\" href=\"https:\/\/kulturonline.tv\/de\/herbert-achternbusch-ist-tot\/\" \/>\n<meta property=\"og:locale\" content=\"de_DE\" \/>\n<meta property=\"og:type\" content=\"article\" \/>\n<meta property=\"og:title\" content=\"Herbert Achternbusch ist tot - Kultur Online TV &amp; FM\" \/>\n<meta property=\"og:description\" content=\"Kultur sehen und H\u00f6ren\" \/>\n<meta property=\"og:url\" content=\"https:\/\/kulturonline.tv\/de\/herbert-achternbusch-ist-tot\/\" \/>\n<meta property=\"og:site_name\" content=\"Kultur Online TV &amp; FM\" \/>\n<meta property=\"article:publisher\" content=\"https:\/\/www.facebook.com\/kulturonline.tv\" \/>\n<meta property=\"article:published_time\" content=\"2022-01-14T06:00:41+00:00\" \/>\n<meta property=\"article:modified_time\" content=\"2022-01-14T06:00:42+00:00\" \/>\n<meta property=\"og:image\" content=\"https:\/\/kulturonline.tv\/wp-content\/uploads\/2022\/01\/1408x792-8-edited.webp\" \/>\n\t<meta property=\"og:image:width\" content=\"1349\" \/>\n\t<meta property=\"og:image:height\" content=\"759\" \/>\n\t<meta property=\"og:image:type\" content=\"image\/webp\" \/>\n<meta name=\"author\" content=\"guenter.wolfgang\" \/>\n<meta name=\"twitter:card\" content=\"summary_large_image\" \/>\n<meta name=\"twitter:label1\" content=\"Verfasst von\" \/>\n\t<meta name=\"twitter:data1\" content=\"guenter.wolfgang\" \/>\n\t<meta name=\"twitter:label2\" content=\"Gesch\u00e4tzte Lesezeit\" \/>\n\t<meta name=\"twitter:data2\" content=\"3\u00a0Minuten\" \/>\n<script type=\"application\/ld+json\" class=\"yoast-schema-graph\">{\"@context\":\"https:\/\/schema.org\",\"@graph\":[{\"@type\":\"Article\",\"@id\":\"https:\/\/kulturonline.tv\/de\/herbert-achternbusch-ist-tot\/#article\",\"isPartOf\":{\"@id\":\"https:\/\/kulturonline.tv\/de\/herbert-achternbusch-ist-tot\/\"},\"author\":{\"name\":\"guenter.wolfgang\",\"@id\":\"https:\/\/kulturonline.tv\/de\/#\/schema\/person\/b0fac729bb9a0c193fb1df23449df4fe\"},\"headline\":\"Herbert Achternbusch ist tot\",\"datePublished\":\"2022-01-14T06:00:41+00:00\",\"dateModified\":\"2022-01-14T06:00:42+00:00\",\"mainEntityOfPage\":{\"@id\":\"https:\/\/kulturonline.tv\/de\/herbert-achternbusch-ist-tot\/\"},\"wordCount\":342,\"publisher\":{\"@id\":\"https:\/\/kulturonline.tv\/de\/#organization\"},\"image\":{\"@id\":\"https:\/\/kulturonline.tv\/de\/herbert-achternbusch-ist-tot\/#primaryimage\"},\"thumbnailUrl\":\"https:\/\/kulturonline.tv\/wp-content\/uploads\/2022\/01\/1408x792-8-edited.webp\",\"articleSection\":[\"Newsflash\"],\"inLanguage\":\"de\"},{\"@type\":\"WebPage\",\"@id\":\"https:\/\/kulturonline.tv\/de\/herbert-achternbusch-ist-tot\/\",\"url\":\"https:\/\/kulturonline.tv\/de\/herbert-achternbusch-ist-tot\/\",\"name\":\"Herbert Achternbusch ist tot - Kultur Online TV &amp; FM\",\"isPartOf\":{\"@id\":\"https:\/\/kulturonline.tv\/de\/#website\"},\"primaryImageOfPage\":{\"@id\":\"https:\/\/kulturonline.tv\/de\/herbert-achternbusch-ist-tot\/#primaryimage\"},\"image\":{\"@id\":\"https:\/\/kulturonline.tv\/de\/herbert-achternbusch-ist-tot\/#primaryimage\"},\"thumbnailUrl\":\"https:\/\/kulturonline.tv\/wp-content\/uploads\/2022\/01\/1408x792-8-edited.webp\",\"datePublished\":\"2022-01-14T06:00:41+00:00\",\"dateModified\":\"2022-01-14T06:00:42+00:00\",\"description\":\"Kultur sehen und H\u00f6ren\",\"breadcrumb\":{\"@id\":\"https:\/\/kulturonline.tv\/de\/herbert-achternbusch-ist-tot\/#breadcrumb\"},\"inLanguage\":\"de\",\"potentialAction\":[{\"@type\":\"ReadAction\",\"target\":[\"https:\/\/kulturonline.tv\/de\/herbert-achternbusch-ist-tot\/\"]}]},{\"@type\":\"ImageObject\",\"inLanguage\":\"de\",\"@id\":\"https:\/\/kulturonline.tv\/de\/herbert-achternbusch-ist-tot\/#primaryimage\",\"url\":\"https:\/\/kulturonline.tv\/wp-content\/uploads\/2022\/01\/1408x792-8-edited.webp\",\"contentUrl\":\"https:\/\/kulturonline.tv\/wp-content\/uploads\/2022\/01\/1408x792-8-edited.webp\",\"width\":1349,\"height\":759},{\"@type\":\"BreadcrumbList\",\"@id\":\"https:\/\/kulturonline.tv\/de\/herbert-achternbusch-ist-tot\/#breadcrumb\",\"itemListElement\":[{\"@type\":\"ListItem\",\"position\":1,\"name\":\"Startseite\",\"item\":\"https:\/\/kulturonline.tv\/de\/\"},{\"@type\":\"ListItem\",\"position\":2,\"name\":\"Herbert Achternbusch ist tot\"}]},{\"@type\":\"WebSite\",\"@id\":\"https:\/\/kulturonline.tv\/de\/#website\",\"url\":\"https:\/\/kulturonline.tv\/de\/\",\"name\":\"Kultur Online TV &amp; FM\",\"description\":\"Wir sind Kultur 2.0 zum sehen &amp; h\u00f6ren\",\"publisher\":{\"@id\":\"https:\/\/kulturonline.tv\/de\/#organization\"},\"potentialAction\":[{\"@type\":\"SearchAction\",\"target\":{\"@type\":\"EntryPoint\",\"urlTemplate\":\"https:\/\/kulturonline.tv\/de\/?s={search_term_string}\"},\"query-input\":{\"@type\":\"PropertyValueSpecification\",\"valueRequired\":true,\"valueName\":\"search_term_string\"}}],\"inLanguage\":\"de\"},{\"@type\":\"Organization\",\"@id\":\"https:\/\/kulturonline.tv\/de\/#organization\",\"name\":\"Kultur Online TV\",\"url\":\"https:\/\/kulturonline.tv\/de\/\",\"logo\":{\"@type\":\"ImageObject\",\"inLanguage\":\"de\",\"@id\":\"https:\/\/kulturonline.tv\/de\/#\/schema\/logo\/image\/\",\"url\":\"https:\/\/kulturonline.tv\/wp-content\/uploads\/2021\/08\/Kultur-Online-Tv-Logo-Endversion-neu.png\",\"contentUrl\":\"https:\/\/kulturonline.tv\/wp-content\/uploads\/2021\/08\/Kultur-Online-Tv-Logo-Endversion-neu.png\",\"width\":200,\"height\":200,\"caption\":\"Kultur Online TV\"},\"image\":{\"@id\":\"https:\/\/kulturonline.tv\/de\/#\/schema\/logo\/image\/\"},\"sameAs\":[\"https:\/\/www.facebook.com\/kulturonline.tv\",\"https:\/\/www.instagram.com\/kulturonline.tv\"]},{\"@type\":\"Person\",\"@id\":\"https:\/\/kulturonline.tv\/de\/#\/schema\/person\/b0fac729bb9a0c193fb1df23449df4fe\",\"name\":\"guenter.wolfgang\"}]}<\/script>\n<!-- \/ Yoast SEO plugin. -->","yoast_head_json":{"title":"Herbert Achternbusch ist tot - Kultur Online TV &amp; FM","description":"Kultur sehen und H\u00f6ren","robots":{"index":"index","follow":"follow","max-snippet":"max-snippet:-1","max-image-preview":"max-image-preview:large","max-video-preview":"max-video-preview:-1"},"canonical":"https:\/\/kulturonline.tv\/de\/herbert-achternbusch-ist-tot\/","og_locale":"de_DE","og_type":"article","og_title":"Herbert Achternbusch ist tot - Kultur Online TV &amp; FM","og_description":"Kultur sehen und H\u00f6ren","og_url":"https:\/\/kulturonline.tv\/de\/herbert-achternbusch-ist-tot\/","og_site_name":"Kultur Online TV &amp; FM","article_publisher":"https:\/\/www.facebook.com\/kulturonline.tv","article_published_time":"2022-01-14T06:00:41+00:00","article_modified_time":"2022-01-14T06:00:42+00:00","og_image":[{"width":1349,"height":759,"url":"https:\/\/kulturonline.tv\/wp-content\/uploads\/2022\/01\/1408x792-8-edited.webp","type":"image\/webp"}],"author":"guenter.wolfgang","twitter_card":"summary_large_image","twitter_misc":{"Verfasst von":"guenter.wolfgang","Gesch\u00e4tzte Lesezeit":"3\u00a0Minuten"},"schema":{"@context":"https:\/\/schema.org","@graph":[{"@type":"Article","@id":"https:\/\/kulturonline.tv\/de\/herbert-achternbusch-ist-tot\/#article","isPartOf":{"@id":"https:\/\/kulturonline.tv\/de\/herbert-achternbusch-ist-tot\/"},"author":{"name":"guenter.wolfgang","@id":"https:\/\/kulturonline.tv\/de\/#\/schema\/person\/b0fac729bb9a0c193fb1df23449df4fe"},"headline":"Herbert Achternbusch ist tot","datePublished":"2022-01-14T06:00:41+00:00","dateModified":"2022-01-14T06:00:42+00:00","mainEntityOfPage":{"@id":"https:\/\/kulturonline.tv\/de\/herbert-achternbusch-ist-tot\/"},"wordCount":342,"publisher":{"@id":"https:\/\/kulturonline.tv\/de\/#organization"},"image":{"@id":"https:\/\/kulturonline.tv\/de\/herbert-achternbusch-ist-tot\/#primaryimage"},"thumbnailUrl":"https:\/\/kulturonline.tv\/wp-content\/uploads\/2022\/01\/1408x792-8-edited.webp","articleSection":["Newsflash"],"inLanguage":"de"},{"@type":"WebPage","@id":"https:\/\/kulturonline.tv\/de\/herbert-achternbusch-ist-tot\/","url":"https:\/\/kulturonline.tv\/de\/herbert-achternbusch-ist-tot\/","name":"Herbert Achternbusch ist tot - Kultur Online TV &amp; FM","isPartOf":{"@id":"https:\/\/kulturonline.tv\/de\/#website"},"primaryImageOfPage":{"@id":"https:\/\/kulturonline.tv\/de\/herbert-achternbusch-ist-tot\/#primaryimage"},"image":{"@id":"https:\/\/kulturonline.tv\/de\/herbert-achternbusch-ist-tot\/#primaryimage"},"thumbnailUrl":"https:\/\/kulturonline.tv\/wp-content\/uploads\/2022\/01\/1408x792-8-edited.webp","datePublished":"2022-01-14T06:00:41+00:00","dateModified":"2022-01-14T06:00:42+00:00","description":"Kultur sehen und H\u00f6ren","breadcrumb":{"@id":"https:\/\/kulturonline.tv\/de\/herbert-achternbusch-ist-tot\/#breadcrumb"},"inLanguage":"de","potentialAction":[{"@type":"ReadAction","target":["https:\/\/kulturonline.tv\/de\/herbert-achternbusch-ist-tot\/"]}]},{"@type":"ImageObject","inLanguage":"de","@id":"https:\/\/kulturonline.tv\/de\/herbert-achternbusch-ist-tot\/#primaryimage","url":"https:\/\/kulturonline.tv\/wp-content\/uploads\/2022\/01\/1408x792-8-edited.webp","contentUrl":"https:\/\/kulturonline.tv\/wp-content\/uploads\/2022\/01\/1408x792-8-edited.webp","width":1349,"height":759},{"@type":"BreadcrumbList","@id":"https:\/\/kulturonline.tv\/de\/herbert-achternbusch-ist-tot\/#breadcrumb","itemListElement":[{"@type":"ListItem","position":1,"name":"Startseite","item":"https:\/\/kulturonline.tv\/de\/"},{"@type":"ListItem","position":2,"name":"Herbert Achternbusch ist tot"}]},{"@type":"WebSite","@id":"https:\/\/kulturonline.tv\/de\/#website","url":"https:\/\/kulturonline.tv\/de\/","name":"Kultur Online TV &amp; FM","description":"Wir sind Kultur 2.0 zum sehen &amp; h\u00f6ren","publisher":{"@id":"https:\/\/kulturonline.tv\/de\/#organization"},"potentialAction":[{"@type":"SearchAction","target":{"@type":"EntryPoint","urlTemplate":"https:\/\/kulturonline.tv\/de\/?s={search_term_string}"},"query-input":{"@type":"PropertyValueSpecification","valueRequired":true,"valueName":"search_term_string"}}],"inLanguage":"de"},{"@type":"Organization","@id":"https:\/\/kulturonline.tv\/de\/#organization","name":"Kultur Online TV","url":"https:\/\/kulturonline.tv\/de\/","logo":{"@type":"ImageObject","inLanguage":"de","@id":"https:\/\/kulturonline.tv\/de\/#\/schema\/logo\/image\/","url":"https:\/\/kulturonline.tv\/wp-content\/uploads\/2021\/08\/Kultur-Online-Tv-Logo-Endversion-neu.png","contentUrl":"https:\/\/kulturonline.tv\/wp-content\/uploads\/2021\/08\/Kultur-Online-Tv-Logo-Endversion-neu.png","width":200,"height":200,"caption":"Kultur Online TV"},"image":{"@id":"https:\/\/kulturonline.tv\/de\/#\/schema\/logo\/image\/"},"sameAs":["https:\/\/www.facebook.com\/kulturonline.tv","https:\/\/www.instagram.com\/kulturonline.tv"]},{"@type":"Person","@id":"https:\/\/kulturonline.tv\/de\/#\/schema\/person\/b0fac729bb9a0c193fb1df23449df4fe","name":"guenter.wolfgang"}]}},"_links":{"self":[{"href":"https:\/\/kulturonline.tv\/de\/wp-json\/wp\/v2\/posts\/19583","targetHints":{"allow":["GET"]}}],"collection":[{"href":"https:\/\/kulturonline.tv\/de\/wp-json\/wp\/v2\/posts"}],"about":[{"href":"https:\/\/kulturonline.tv\/de\/wp-json\/wp\/v2\/types\/post"}],"author":[{"embeddable":true,"href":"https:\/\/kulturonline.tv\/de\/wp-json\/wp\/v2\/users\/2"}],"replies":[{"embeddable":true,"href":"https:\/\/kulturonline.tv\/de\/wp-json\/wp\/v2\/comments?post=19583"}],"version-history":[{"count":0,"href":"https:\/\/kulturonline.tv\/de\/wp-json\/wp\/v2\/posts\/19583\/revisions"}],"wp:featuredmedia":[{"embeddable":true,"href":"https:\/\/kulturonline.tv\/de\/wp-json\/wp\/v2\/media\/19587"}],"wp:attachment":[{"href":"https:\/\/kulturonline.tv\/de\/wp-json\/wp\/v2\/media?parent=19583"}],"wp:term":[{"taxonomy":"category","embeddable":true,"href":"https:\/\/kulturonline.tv\/de\/wp-json\/wp\/v2\/categories?post=19583"},{"taxonomy":"post_tag","embeddable":true,"href":"https:\/\/kulturonline.tv\/de\/wp-json\/wp\/v2\/tags?post=19583"}],"curies":[{"name":"wp","href":"https:\/\/api.w.org\/{rel}","templated":true}]}}