{"id":19597,"date":"2022-01-14T07:23:20","date_gmt":"2022-01-14T06:23:20","guid":{"rendered":"https:\/\/kulturonline.tv\/?p=19597"},"modified":"2022-01-14T07:23:21","modified_gmt":"2022-01-14T06:23:21","slug":"action-ist-charakter","status":"publish","type":"post","link":"https:\/\/kulturonline.tv\/de\/action-ist-charakter\/","title":{"rendered":"Action ist Charakter"},"content":{"rendered":"\n<p>Von den &#8222;Warriors&#8220; bis &#8222;Nur 48 Stunden&#8220; &#8211; Regisseur Walter Hill hat den modernen Actionfilm mitgepr\u00e4gt. Ein Gru\u00df zum achtzigsten Geburtstag.<\/p>\n\n\n\n<figure class=\"wp-block-image size-full\"><img fetchpriority=\"high\" decoding=\"async\" width=\"1269\" height=\"714\" src=\"https:\/\/kulturonline.tv\/wp-content\/uploads\/2022\/01\/1408x792-1-1-edited.webp\" alt=\"\" class=\"wp-image-19601\" srcset=\"https:\/\/kulturonline.tv\/wp-content\/uploads\/2022\/01\/1408x792-1-1-edited.webp 1269w, https:\/\/kulturonline.tv\/wp-content\/uploads\/2022\/01\/1408x792-1-1-edited-600x338.webp 600w, https:\/\/kulturonline.tv\/wp-content\/uploads\/2022\/01\/1408x792-1-1-edited-800x450.webp 800w, https:\/\/kulturonline.tv\/wp-content\/uploads\/2022\/01\/1408x792-1-1-edited-768x432.webp 768w\" sizes=\"(max-width: 1269px) 100vw, 1269px\" \/><figcaption>\u00a9 Columbia Pictures<\/figcaption><\/figure>\n\n\n\n<p>Walter Hill geh\u00f6rt sicher zu den pr\u00e4gendsten Regisseuren, Produzenten und Drehbuchautoren des Actiongenres. Er kam am 10. Januar 1942 in Long Beach in Kalifornien auf die Welt, k\u00e4mpfte als Kind mit Asthma, wodurch er mehrere Jahre Schule verpasste, und wurde schon fr\u00fch zum Filmfan.<\/p>\n\n\n\n<p>Au\u00dferdem interessierte sich Hill f\u00fcr Comics, weshalb in ihm der Wunsch erwuchs, Comics zu zeichnen und er infolgedessen Kunst an der Universidad de las Am\u00e9ricas in Mexico City studierte. Sp\u00e4ter wechselte er an die Michigan State University und machte dort seinen Abschluss in Geschichte.<\/p>\n\n\n\n<p>Nach einem kurzem Intermezzo, bei dem er in Los Angeles im Auftrag einer Firma f\u00fcr Geschichtsdokumentationen recherchierte, landete Walter Hill schlie\u00dflich in Hollywood. Er fing im Postraum von Universal an, absolvierte ein Trainingsprogramm der Directors Guild of America und arbeitete als Regieassistent an Filmen wie \u201eThomas Crown ist nicht zu fassen\u201c und \u201eBullitt\u201c.<\/p>\n\n\n\n<p>W\u00e4hrend dieser Zeit arbeitete er auch an Drehbuchb\u00fcchern. Das erste verfilmte davon war \u201eHickey &amp; Boggs\u201c, das Regisseur Robert Culp allerdings etwas umschrieb, weshalb Hill mit dem Resultat nicht ganz zufrieden war. Der Film tr\u00e4gt aber bereits Z\u00fcge des Buddy-Cop-Genres, das Hill zehn Jahre sp\u00e4ter mit \u201eNur 48 Stunden\u201c so richtig aus der Taufe heben sollte.<\/p>\n\n\n\n<p>Warner stellte Hill, neben sp\u00e4teren Genre-Gr\u00f6\u00dfen wie John Milius (mit dem er sp\u00e4ter \u00f6fter zusammenarbeitete), Brian de Palma und Terence Malick, als Autor ein. Sein n\u00e4chstes Drehbuch, \u201eGetaway\u201c, wurde von einem von Hills Idolen verfilmt, Sam Peckinpah. Seine folgenden Scripts, \u201eWebster ist nicht zu fassen\u201c, \u201eDer Mackintosh Mann\u201c und \u201eUnter Wasser stirbt man nicht\u201c, waren Auftragsarbeiten, ehe er 1975 das erste Mal selbst Regie f\u00fchren sollte.<\/p>\n\n\n\n<p>Hills Deb\u00fct \u201eEin stahlharter Mann\u201c mit Charles Bronson ist ein Boxerdrama zur Depressionszeit, das mit reichlich Western-Anleihen daherkommt. Hill selbst sagte in einem Interview: \u201eEvery film I\u2019ve done has been a western.\u201c <\/p>\n\n\n\n<p>Hills zweite Regiearbeit, \u201eDriver\u201c, zeigt die Einfl\u00fcsse zweier weiterer Genres, die Hill neben dem Western sehr inspirieren: Der Film Noir und der Gangsterfilm. \u201eDriver\u201c selbst wiederum beeinflusste Nicolas Winding Refns \u201eDrive\u201c und Edgar Wrights \u201eBaby Driver\u201c stark, weshalb Hill in letzterem Film auch einen Cameo als Sprecher absolviert.<\/p>\n\n\n\n<p>Im Alter von 77 nahm Hill mit \u201eThe Cowboy Illiad \u2013 A Legend Told in the Spoken Word\u201c seine erste Platte auf \u2013 eine von ihm eingesprochene Westernstory. Hill ist seit 1986 mit der Agentin Hildy Gottlieb verheiratet und hat mit ihr zwei T\u00f6chter, Joanna und Miranda.<\/p>\n\n\n\n<figure class=\"wp-block-embed is-type-video is-provider-youtube wp-block-embed-youtube wp-embed-aspect-16-9 wp-has-aspect-ratio\"><div class=\"wp-block-embed__wrapper\">\n<iframe title=\"Walter Hill - Testosteron ... und Action! | Arte TRACKS\" width=\"800\" height=\"450\" src=\"https:\/\/www.youtube.com\/embed\/u7ST7ATwQsg?feature=oembed\" frameborder=\"0\" allow=\"accelerometer; autoplay; clipboard-write; encrypted-media; gyroscope; picture-in-picture; web-share\" referrerpolicy=\"strict-origin-when-cross-origin\" allowfullscreen><\/iframe>\n<\/div><\/figure>\n\n\n\n<p>Kultur Online TV<\/p>\n\n\n\n<p>#film #regisseur #action<\/p>\n","protected":false},"excerpt":{"rendered":"<p>Von den &#8222;Warriors&#8220; bis &#8222;Nur 48 Stunden&#8220; &#8211; Regisseur Walter Hill hat den modernen Actionfilm mitgepr\u00e4gt. Ein Gru\u00df zum achtzigsten Geburtstag. Walter Hill geh\u00f6rt sicher zu den pr\u00e4gendsten Regisseuren, Produzenten und Drehbuchautoren des Actiongenres. Er kam am 10. Januar 1942 in Long Beach in Kalifornien auf die Welt, k\u00e4mpfte als Kind mit Asthma, wodurch er [&hellip;]<\/p>\n","protected":false},"author":2,"featured_media":19601,"comment_status":"closed","ping_status":"closed","sticky":false,"template":"","format":"standard","meta":{"_acf_changed":false,"footnotes":""},"categories":[1],"tags":[],"class_list":["post-19597","post","type-post","status-publish","format-standard","has-post-thumbnail","hentry","category-unkategorisiert"],"acf":[],"yoast_head":"<!-- This site is optimized with the Yoast SEO plugin v26.1.1 - https:\/\/yoast.com\/wordpress\/plugins\/seo\/ -->\n<title>Action ist Charakter - Kultur Online TV &amp; FM<\/title>\n<meta name=\"description\" content=\"Kultur sehen und H\u00f6ren\" \/>\n<meta name=\"robots\" content=\"index, follow, max-snippet:-1, max-image-preview:large, max-video-preview:-1\" \/>\n<link rel=\"canonical\" href=\"https:\/\/kulturonline.tv\/de\/action-ist-charakter\/\" \/>\n<meta property=\"og:locale\" content=\"de_DE\" \/>\n<meta property=\"og:type\" content=\"article\" \/>\n<meta property=\"og:title\" content=\"Action ist Charakter - Kultur Online TV &amp; FM\" \/>\n<meta property=\"og:description\" content=\"Kultur sehen und H\u00f6ren\" \/>\n<meta property=\"og:url\" content=\"https:\/\/kulturonline.tv\/de\/action-ist-charakter\/\" \/>\n<meta property=\"og:site_name\" content=\"Kultur Online TV &amp; FM\" \/>\n<meta property=\"article:publisher\" content=\"https:\/\/www.facebook.com\/kulturonline.tv\" \/>\n<meta property=\"article:published_time\" content=\"2022-01-14T06:23:20+00:00\" \/>\n<meta property=\"article:modified_time\" content=\"2022-01-14T06:23:21+00:00\" \/>\n<meta property=\"og:image\" content=\"https:\/\/kulturonline.tv\/wp-content\/uploads\/2022\/01\/1408x792-1-1-edited.webp\" \/>\n\t<meta property=\"og:image:width\" content=\"1269\" \/>\n\t<meta property=\"og:image:height\" content=\"714\" \/>\n\t<meta property=\"og:image:type\" content=\"image\/webp\" \/>\n<meta name=\"author\" content=\"guenter.wolfgang\" \/>\n<meta name=\"twitter:card\" content=\"summary_large_image\" \/>\n<meta name=\"twitter:label1\" content=\"Verfasst von\" \/>\n\t<meta name=\"twitter:data1\" content=\"guenter.wolfgang\" \/>\n\t<meta name=\"twitter:label2\" content=\"Gesch\u00e4tzte Lesezeit\" \/>\n\t<meta name=\"twitter:data2\" content=\"3\u00a0Minuten\" \/>\n<script type=\"application\/ld+json\" class=\"yoast-schema-graph\">{\"@context\":\"https:\/\/schema.org\",\"@graph\":[{\"@type\":\"Article\",\"@id\":\"https:\/\/kulturonline.tv\/de\/action-ist-charakter\/#article\",\"isPartOf\":{\"@id\":\"https:\/\/kulturonline.tv\/de\/action-ist-charakter\/\"},\"author\":{\"name\":\"guenter.wolfgang\",\"@id\":\"https:\/\/kulturonline.tv\/de\/#\/schema\/person\/b0fac729bb9a0c193fb1df23449df4fe\"},\"headline\":\"Action ist Charakter\",\"datePublished\":\"2022-01-14T06:23:20+00:00\",\"dateModified\":\"2022-01-14T06:23:21+00:00\",\"mainEntityOfPage\":{\"@id\":\"https:\/\/kulturonline.tv\/de\/action-ist-charakter\/\"},\"wordCount\":447,\"publisher\":{\"@id\":\"https:\/\/kulturonline.tv\/de\/#organization\"},\"image\":{\"@id\":\"https:\/\/kulturonline.tv\/de\/action-ist-charakter\/#primaryimage\"},\"thumbnailUrl\":\"https:\/\/kulturonline.tv\/wp-content\/uploads\/2022\/01\/1408x792-1-1-edited.webp\",\"articleSection\":[\"Unkategorisiert\"],\"inLanguage\":\"de\"},{\"@type\":\"WebPage\",\"@id\":\"https:\/\/kulturonline.tv\/de\/action-ist-charakter\/\",\"url\":\"https:\/\/kulturonline.tv\/de\/action-ist-charakter\/\",\"name\":\"Action ist Charakter - Kultur Online TV &amp; FM\",\"isPartOf\":{\"@id\":\"https:\/\/kulturonline.tv\/de\/#website\"},\"primaryImageOfPage\":{\"@id\":\"https:\/\/kulturonline.tv\/de\/action-ist-charakter\/#primaryimage\"},\"image\":{\"@id\":\"https:\/\/kulturonline.tv\/de\/action-ist-charakter\/#primaryimage\"},\"thumbnailUrl\":\"https:\/\/kulturonline.tv\/wp-content\/uploads\/2022\/01\/1408x792-1-1-edited.webp\",\"datePublished\":\"2022-01-14T06:23:20+00:00\",\"dateModified\":\"2022-01-14T06:23:21+00:00\",\"description\":\"Kultur sehen und H\u00f6ren\",\"breadcrumb\":{\"@id\":\"https:\/\/kulturonline.tv\/de\/action-ist-charakter\/#breadcrumb\"},\"inLanguage\":\"de\",\"potentialAction\":[{\"@type\":\"ReadAction\",\"target\":[\"https:\/\/kulturonline.tv\/de\/action-ist-charakter\/\"]}]},{\"@type\":\"ImageObject\",\"inLanguage\":\"de\",\"@id\":\"https:\/\/kulturonline.tv\/de\/action-ist-charakter\/#primaryimage\",\"url\":\"https:\/\/kulturonline.tv\/wp-content\/uploads\/2022\/01\/1408x792-1-1-edited.webp\",\"contentUrl\":\"https:\/\/kulturonline.tv\/wp-content\/uploads\/2022\/01\/1408x792-1-1-edited.webp\",\"width\":1269,\"height\":714},{\"@type\":\"BreadcrumbList\",\"@id\":\"https:\/\/kulturonline.tv\/de\/action-ist-charakter\/#breadcrumb\",\"itemListElement\":[{\"@type\":\"ListItem\",\"position\":1,\"name\":\"Startseite\",\"item\":\"https:\/\/kulturonline.tv\/de\/\"},{\"@type\":\"ListItem\",\"position\":2,\"name\":\"Action ist Charakter\"}]},{\"@type\":\"WebSite\",\"@id\":\"https:\/\/kulturonline.tv\/de\/#website\",\"url\":\"https:\/\/kulturonline.tv\/de\/\",\"name\":\"Kultur Online TV &amp; FM\",\"description\":\"Wir sind Kultur 2.0 zum sehen &amp; h\u00f6ren\",\"publisher\":{\"@id\":\"https:\/\/kulturonline.tv\/de\/#organization\"},\"potentialAction\":[{\"@type\":\"SearchAction\",\"target\":{\"@type\":\"EntryPoint\",\"urlTemplate\":\"https:\/\/kulturonline.tv\/de\/?s={search_term_string}\"},\"query-input\":{\"@type\":\"PropertyValueSpecification\",\"valueRequired\":true,\"valueName\":\"search_term_string\"}}],\"inLanguage\":\"de\"},{\"@type\":\"Organization\",\"@id\":\"https:\/\/kulturonline.tv\/de\/#organization\",\"name\":\"Kultur Online TV\",\"url\":\"https:\/\/kulturonline.tv\/de\/\",\"logo\":{\"@type\":\"ImageObject\",\"inLanguage\":\"de\",\"@id\":\"https:\/\/kulturonline.tv\/de\/#\/schema\/logo\/image\/\",\"url\":\"https:\/\/kulturonline.tv\/wp-content\/uploads\/2021\/08\/Kultur-Online-Tv-Logo-Endversion-neu.png\",\"contentUrl\":\"https:\/\/kulturonline.tv\/wp-content\/uploads\/2021\/08\/Kultur-Online-Tv-Logo-Endversion-neu.png\",\"width\":200,\"height\":200,\"caption\":\"Kultur Online TV\"},\"image\":{\"@id\":\"https:\/\/kulturonline.tv\/de\/#\/schema\/logo\/image\/\"},\"sameAs\":[\"https:\/\/www.facebook.com\/kulturonline.tv\",\"https:\/\/www.instagram.com\/kulturonline.tv\"]},{\"@type\":\"Person\",\"@id\":\"https:\/\/kulturonline.tv\/de\/#\/schema\/person\/b0fac729bb9a0c193fb1df23449df4fe\",\"name\":\"guenter.wolfgang\"}]}<\/script>\n<!-- \/ Yoast SEO plugin. -->","yoast_head_json":{"title":"Action ist Charakter - Kultur Online TV &amp; FM","description":"Kultur sehen und H\u00f6ren","robots":{"index":"index","follow":"follow","max-snippet":"max-snippet:-1","max-image-preview":"max-image-preview:large","max-video-preview":"max-video-preview:-1"},"canonical":"https:\/\/kulturonline.tv\/de\/action-ist-charakter\/","og_locale":"de_DE","og_type":"article","og_title":"Action ist Charakter - Kultur Online TV &amp; FM","og_description":"Kultur sehen und H\u00f6ren","og_url":"https:\/\/kulturonline.tv\/de\/action-ist-charakter\/","og_site_name":"Kultur Online TV &amp; FM","article_publisher":"https:\/\/www.facebook.com\/kulturonline.tv","article_published_time":"2022-01-14T06:23:20+00:00","article_modified_time":"2022-01-14T06:23:21+00:00","og_image":[{"width":1269,"height":714,"url":"https:\/\/kulturonline.tv\/wp-content\/uploads\/2022\/01\/1408x792-1-1-edited.webp","type":"image\/webp"}],"author":"guenter.wolfgang","twitter_card":"summary_large_image","twitter_misc":{"Verfasst von":"guenter.wolfgang","Gesch\u00e4tzte Lesezeit":"3\u00a0Minuten"},"schema":{"@context":"https:\/\/schema.org","@graph":[{"@type":"Article","@id":"https:\/\/kulturonline.tv\/de\/action-ist-charakter\/#article","isPartOf":{"@id":"https:\/\/kulturonline.tv\/de\/action-ist-charakter\/"},"author":{"name":"guenter.wolfgang","@id":"https:\/\/kulturonline.tv\/de\/#\/schema\/person\/b0fac729bb9a0c193fb1df23449df4fe"},"headline":"Action ist Charakter","datePublished":"2022-01-14T06:23:20+00:00","dateModified":"2022-01-14T06:23:21+00:00","mainEntityOfPage":{"@id":"https:\/\/kulturonline.tv\/de\/action-ist-charakter\/"},"wordCount":447,"publisher":{"@id":"https:\/\/kulturonline.tv\/de\/#organization"},"image":{"@id":"https:\/\/kulturonline.tv\/de\/action-ist-charakter\/#primaryimage"},"thumbnailUrl":"https:\/\/kulturonline.tv\/wp-content\/uploads\/2022\/01\/1408x792-1-1-edited.webp","articleSection":["Unkategorisiert"],"inLanguage":"de"},{"@type":"WebPage","@id":"https:\/\/kulturonline.tv\/de\/action-ist-charakter\/","url":"https:\/\/kulturonline.tv\/de\/action-ist-charakter\/","name":"Action ist Charakter - Kultur Online TV &amp; FM","isPartOf":{"@id":"https:\/\/kulturonline.tv\/de\/#website"},"primaryImageOfPage":{"@id":"https:\/\/kulturonline.tv\/de\/action-ist-charakter\/#primaryimage"},"image":{"@id":"https:\/\/kulturonline.tv\/de\/action-ist-charakter\/#primaryimage"},"thumbnailUrl":"https:\/\/kulturonline.tv\/wp-content\/uploads\/2022\/01\/1408x792-1-1-edited.webp","datePublished":"2022-01-14T06:23:20+00:00","dateModified":"2022-01-14T06:23:21+00:00","description":"Kultur sehen und H\u00f6ren","breadcrumb":{"@id":"https:\/\/kulturonline.tv\/de\/action-ist-charakter\/#breadcrumb"},"inLanguage":"de","potentialAction":[{"@type":"ReadAction","target":["https:\/\/kulturonline.tv\/de\/action-ist-charakter\/"]}]},{"@type":"ImageObject","inLanguage":"de","@id":"https:\/\/kulturonline.tv\/de\/action-ist-charakter\/#primaryimage","url":"https:\/\/kulturonline.tv\/wp-content\/uploads\/2022\/01\/1408x792-1-1-edited.webp","contentUrl":"https:\/\/kulturonline.tv\/wp-content\/uploads\/2022\/01\/1408x792-1-1-edited.webp","width":1269,"height":714},{"@type":"BreadcrumbList","@id":"https:\/\/kulturonline.tv\/de\/action-ist-charakter\/#breadcrumb","itemListElement":[{"@type":"ListItem","position":1,"name":"Startseite","item":"https:\/\/kulturonline.tv\/de\/"},{"@type":"ListItem","position":2,"name":"Action ist Charakter"}]},{"@type":"WebSite","@id":"https:\/\/kulturonline.tv\/de\/#website","url":"https:\/\/kulturonline.tv\/de\/","name":"Kultur Online TV &amp; FM","description":"Wir sind Kultur 2.0 zum sehen &amp; h\u00f6ren","publisher":{"@id":"https:\/\/kulturonline.tv\/de\/#organization"},"potentialAction":[{"@type":"SearchAction","target":{"@type":"EntryPoint","urlTemplate":"https:\/\/kulturonline.tv\/de\/?s={search_term_string}"},"query-input":{"@type":"PropertyValueSpecification","valueRequired":true,"valueName":"search_term_string"}}],"inLanguage":"de"},{"@type":"Organization","@id":"https:\/\/kulturonline.tv\/de\/#organization","name":"Kultur Online TV","url":"https:\/\/kulturonline.tv\/de\/","logo":{"@type":"ImageObject","inLanguage":"de","@id":"https:\/\/kulturonline.tv\/de\/#\/schema\/logo\/image\/","url":"https:\/\/kulturonline.tv\/wp-content\/uploads\/2021\/08\/Kultur-Online-Tv-Logo-Endversion-neu.png","contentUrl":"https:\/\/kulturonline.tv\/wp-content\/uploads\/2021\/08\/Kultur-Online-Tv-Logo-Endversion-neu.png","width":200,"height":200,"caption":"Kultur Online TV"},"image":{"@id":"https:\/\/kulturonline.tv\/de\/#\/schema\/logo\/image\/"},"sameAs":["https:\/\/www.facebook.com\/kulturonline.tv","https:\/\/www.instagram.com\/kulturonline.tv"]},{"@type":"Person","@id":"https:\/\/kulturonline.tv\/de\/#\/schema\/person\/b0fac729bb9a0c193fb1df23449df4fe","name":"guenter.wolfgang"}]}},"_links":{"self":[{"href":"https:\/\/kulturonline.tv\/de\/wp-json\/wp\/v2\/posts\/19597","targetHints":{"allow":["GET"]}}],"collection":[{"href":"https:\/\/kulturonline.tv\/de\/wp-json\/wp\/v2\/posts"}],"about":[{"href":"https:\/\/kulturonline.tv\/de\/wp-json\/wp\/v2\/types\/post"}],"author":[{"embeddable":true,"href":"https:\/\/kulturonline.tv\/de\/wp-json\/wp\/v2\/users\/2"}],"replies":[{"embeddable":true,"href":"https:\/\/kulturonline.tv\/de\/wp-json\/wp\/v2\/comments?post=19597"}],"version-history":[{"count":0,"href":"https:\/\/kulturonline.tv\/de\/wp-json\/wp\/v2\/posts\/19597\/revisions"}],"wp:featuredmedia":[{"embeddable":true,"href":"https:\/\/kulturonline.tv\/de\/wp-json\/wp\/v2\/media\/19601"}],"wp:attachment":[{"href":"https:\/\/kulturonline.tv\/de\/wp-json\/wp\/v2\/media?parent=19597"}],"wp:term":[{"taxonomy":"category","embeddable":true,"href":"https:\/\/kulturonline.tv\/de\/wp-json\/wp\/v2\/categories?post=19597"},{"taxonomy":"post_tag","embeddable":true,"href":"https:\/\/kulturonline.tv\/de\/wp-json\/wp\/v2\/tags?post=19597"}],"curies":[{"name":"wp","href":"https:\/\/api.w.org\/{rel}","templated":true}]}}