{"id":19748,"date":"2022-01-16T09:48:56","date_gmt":"2022-01-16T08:48:56","guid":{"rendered":"https:\/\/kulturonline.tv\/?p=19748"},"modified":"2022-01-16T09:48:57","modified_gmt":"2022-01-16T08:48:57","slug":"antiquaria-messe-wird-erneut-wegen-corona-abgesagt","status":"publish","type":"post","link":"https:\/\/kulturonline.tv\/de\/antiquaria-messe-wird-erneut-wegen-corona-abgesagt\/","title":{"rendered":"Antiquaria-Messe wird erneut wegen Corona abgesagt"},"content":{"rendered":"\n<p>Es sollte die erste Antiquaria nach zwei Jahren Corona-Zwangspause werden &#8211; doch nun ist die traditionelle Ludwigsburger Messe f\u00fcr wertvolle B\u00fccher, alte Handschriften und jahrhundertealte Grafiken ein weiteres Mal abgesagt worden. <\/p>\n\n\n\n<figure class=\"wp-block-image size-full\"><img fetchpriority=\"high\" decoding=\"async\" width=\"865\" height=\"487\" src=\"https:\/\/kulturonline.tv\/wp-content\/uploads\/2022\/01\/Bildschirmfoto-2022-01-16-um-09.48.04-edited.png\" alt=\"\" class=\"wp-image-19756\" srcset=\"https:\/\/kulturonline.tv\/wp-content\/uploads\/2022\/01\/Bildschirmfoto-2022-01-16-um-09.48.04-edited.png 865w, https:\/\/kulturonline.tv\/wp-content\/uploads\/2022\/01\/Bildschirmfoto-2022-01-16-um-09.48.04-edited-600x338.png 600w, https:\/\/kulturonline.tv\/wp-content\/uploads\/2022\/01\/Bildschirmfoto-2022-01-16-um-09.48.04-edited-800x450.png 800w, https:\/\/kulturonline.tv\/wp-content\/uploads\/2022\/01\/Bildschirmfoto-2022-01-16-um-09.48.04-edited-768x432.png 768w\" sizes=\"(max-width: 865px) 100vw, 865px\" \/><figcaption>\u00a9 Chr. Klose<\/figcaption><\/figure>\n\n\n\n<p>Bereits im vergangenen Jahr wurde vom Verband Deutscher Antiquare aufgrund der Corona-Pandemie eine virtuelle Messeplattform entwickelt, die 2022 nochmals Antiquarinnen und Antiquaren aus dem In- und Ausland die M\u00f6glichkeit gibt, ihre Ware zum Beginn des Jahres zu pr\u00e4sentieren.&nbsp;<br>Des Weiteren wird auch 2022 ein ausf\u00fchrlicher, gedruckter Messekatalog produziert.&nbsp;<\/p>\n\n\n\n<p>Der Verband Deutscher Antiquare begr\u00fc\u00dft hiermit 69&nbsp;Antiquariate und Galerien aus Deutschland, \u00d6sterreich und der Schweiz, den&nbsp;Niederlanden Frankreich, England und den USA.<\/p>\n\n\n\n<p>Es seien zum einen nach wie vor keine Messen erlaubt. &#8222;Und selbst wenn sich die Situation in den n\u00e4chsten Wochen etwas entspannen sollte, ist mit strengen Hygiene- und Zugangsvorschriften und kurzfristigen Unw\u00e4gbarkeiten zu rechnen&#8220;, sagte Veranstalterin Petra Bewer.<\/p>\n\n\n\n<p>Herzst\u00fcck der Antiquaria seien aber die Kommunikation und der Austausch. Die Messe h\u00e4tte eigentlich vom 17. bis 19. Februar in der Barockstadt stattfinden sollen. Es w\u00e4re die 36. Messe dieser Art und nach Angaben von Bewer die erste in Deutschland seit zwei Jahren gewesen.<\/p>\n\n\n\n<p>Auf der Antiquaria bieten seit mehr als drei Jahrzehnten Dutzende Aussteller und Ausstellerinnen in Messejahren seltene, kuriose und einzigartige antiquarische B\u00fccher, Autographen und Grafiken aus allen Sammelbereichen an. Darunter sind alte Drucke ebenso wie Inkunabeln, B\u00fccher zur Fotografie, Literatur oder auch alter und moderner Kunst sowie Kinderb\u00fccher. Landkarten, St\u00e4dteansichten, K\u00fcnstlergrafiken und Autographen geh\u00f6ren bei der Antiquaria ebenfalls stets zum Angebot. <\/p>\n\n\n\n<p>Nach der Absage sollen sie nun \u00fcber einen digitalen Katalog zu kaufen sein. Darin wird als teuerster Titel der sechsb\u00e4ndige Atlas von Willem Jansz und Joan Blaeu &#8222;Theatrum orbis terrarum. 1648 &#8211; 1655&#8220; mit mehr als 400 teils Kupfertafeln aufgef\u00fchrt. Der Preis: 112.000 Euro.<\/p>\n\n\n\n<p>Die Aussteller sind unter folgendem Link zu finden:<\/p>\n\n\n\n<p><a href=\"https:\/\/www.antiquariatsmesse-stuttgart.de\/de\/aussteller\/firmen-a-z\">https:\/\/www.antiquariatsmesse-stuttgart.de\/de\/aussteller\/firmen-a-z<\/a><\/p>\n\n\n\n<p>Kultur Online TV<\/p>\n\n\n\n<p>#literatur #messe #corona #kultur <\/p>\n","protected":false},"excerpt":{"rendered":"<p>Es sollte die erste Antiquaria nach zwei Jahren Corona-Zwangspause werden &#8211; doch nun ist die traditionelle Ludwigsburger Messe f\u00fcr wertvolle B\u00fccher, alte Handschriften und jahrhundertealte Grafiken ein weiteres Mal abgesagt worden. Bereits im vergangenen Jahr wurde vom Verband Deutscher Antiquare aufgrund der Corona-Pandemie eine virtuelle Messeplattform entwickelt, die 2022 nochmals Antiquarinnen und Antiquaren aus dem [&hellip;]<\/p>\n","protected":false},"author":2,"featured_media":19756,"comment_status":"closed","ping_status":"closed","sticky":false,"template":"","format":"standard","meta":{"_acf_changed":false,"footnotes":""},"categories":[106,3],"tags":[],"class_list":["post-19748","post","type-post","status-publish","format-standard","has-post-thumbnail","hentry","category-literatur","category-newsflash"],"acf":[],"yoast_head":"<!-- This site is optimized with the Yoast SEO plugin v26.1.1 - https:\/\/yoast.com\/wordpress\/plugins\/seo\/ -->\n<title>Antiquaria-Messe wird erneut wegen Corona abgesagt - Kultur Online TV &amp; FM<\/title>\n<meta name=\"description\" content=\"Kultur sehen und H\u00f6ren\" \/>\n<meta name=\"robots\" content=\"index, follow, max-snippet:-1, max-image-preview:large, max-video-preview:-1\" \/>\n<link rel=\"canonical\" href=\"https:\/\/kulturonline.tv\/de\/antiquaria-messe-wird-erneut-wegen-corona-abgesagt\/\" \/>\n<meta property=\"og:locale\" content=\"de_DE\" \/>\n<meta property=\"og:type\" content=\"article\" \/>\n<meta property=\"og:title\" content=\"Antiquaria-Messe wird erneut wegen Corona abgesagt - Kultur Online TV &amp; FM\" \/>\n<meta property=\"og:description\" content=\"Kultur sehen und H\u00f6ren\" \/>\n<meta property=\"og:url\" content=\"https:\/\/kulturonline.tv\/de\/antiquaria-messe-wird-erneut-wegen-corona-abgesagt\/\" \/>\n<meta property=\"og:site_name\" content=\"Kultur Online TV &amp; FM\" \/>\n<meta property=\"article:publisher\" content=\"https:\/\/www.facebook.com\/kulturonline.tv\" \/>\n<meta property=\"article:published_time\" content=\"2022-01-16T08:48:56+00:00\" \/>\n<meta property=\"article:modified_time\" content=\"2022-01-16T08:48:57+00:00\" \/>\n<meta property=\"og:image\" content=\"https:\/\/kulturonline.tv\/wp-content\/uploads\/2022\/01\/Bildschirmfoto-2022-01-16-um-09.48.04-edited.png\" \/>\n\t<meta property=\"og:image:width\" content=\"865\" \/>\n\t<meta property=\"og:image:height\" content=\"487\" \/>\n\t<meta property=\"og:image:type\" content=\"image\/png\" \/>\n<meta name=\"author\" content=\"guenter.wolfgang\" \/>\n<meta name=\"twitter:card\" content=\"summary_large_image\" \/>\n<meta name=\"twitter:label1\" content=\"Verfasst von\" \/>\n\t<meta name=\"twitter:data1\" content=\"guenter.wolfgang\" \/>\n\t<meta name=\"twitter:label2\" content=\"Gesch\u00e4tzte Lesezeit\" \/>\n\t<meta name=\"twitter:data2\" content=\"2\u00a0Minuten\" \/>\n<script type=\"application\/ld+json\" class=\"yoast-schema-graph\">{\"@context\":\"https:\/\/schema.org\",\"@graph\":[{\"@type\":\"Article\",\"@id\":\"https:\/\/kulturonline.tv\/de\/antiquaria-messe-wird-erneut-wegen-corona-abgesagt\/#article\",\"isPartOf\":{\"@id\":\"https:\/\/kulturonline.tv\/de\/antiquaria-messe-wird-erneut-wegen-corona-abgesagt\/\"},\"author\":{\"name\":\"guenter.wolfgang\",\"@id\":\"https:\/\/kulturonline.tv\/de\/#\/schema\/person\/b0fac729bb9a0c193fb1df23449df4fe\"},\"headline\":\"Antiquaria-Messe wird erneut wegen Corona abgesagt\",\"datePublished\":\"2022-01-16T08:48:56+00:00\",\"dateModified\":\"2022-01-16T08:48:57+00:00\",\"mainEntityOfPage\":{\"@id\":\"https:\/\/kulturonline.tv\/de\/antiquaria-messe-wird-erneut-wegen-corona-abgesagt\/\"},\"wordCount\":331,\"publisher\":{\"@id\":\"https:\/\/kulturonline.tv\/de\/#organization\"},\"image\":{\"@id\":\"https:\/\/kulturonline.tv\/de\/antiquaria-messe-wird-erneut-wegen-corona-abgesagt\/#primaryimage\"},\"thumbnailUrl\":\"https:\/\/kulturonline.tv\/wp-content\/uploads\/2022\/01\/Bildschirmfoto-2022-01-16-um-09.48.04-edited.png\",\"articleSection\":[\"Literatur\",\"Newsflash\"],\"inLanguage\":\"de\"},{\"@type\":\"WebPage\",\"@id\":\"https:\/\/kulturonline.tv\/de\/antiquaria-messe-wird-erneut-wegen-corona-abgesagt\/\",\"url\":\"https:\/\/kulturonline.tv\/de\/antiquaria-messe-wird-erneut-wegen-corona-abgesagt\/\",\"name\":\"Antiquaria-Messe wird erneut wegen Corona abgesagt - Kultur Online TV &amp; FM\",\"isPartOf\":{\"@id\":\"https:\/\/kulturonline.tv\/de\/#website\"},\"primaryImageOfPage\":{\"@id\":\"https:\/\/kulturonline.tv\/de\/antiquaria-messe-wird-erneut-wegen-corona-abgesagt\/#primaryimage\"},\"image\":{\"@id\":\"https:\/\/kulturonline.tv\/de\/antiquaria-messe-wird-erneut-wegen-corona-abgesagt\/#primaryimage\"},\"thumbnailUrl\":\"https:\/\/kulturonline.tv\/wp-content\/uploads\/2022\/01\/Bildschirmfoto-2022-01-16-um-09.48.04-edited.png\",\"datePublished\":\"2022-01-16T08:48:56+00:00\",\"dateModified\":\"2022-01-16T08:48:57+00:00\",\"description\":\"Kultur sehen und H\u00f6ren\",\"breadcrumb\":{\"@id\":\"https:\/\/kulturonline.tv\/de\/antiquaria-messe-wird-erneut-wegen-corona-abgesagt\/#breadcrumb\"},\"inLanguage\":\"de\",\"potentialAction\":[{\"@type\":\"ReadAction\",\"target\":[\"https:\/\/kulturonline.tv\/de\/antiquaria-messe-wird-erneut-wegen-corona-abgesagt\/\"]}]},{\"@type\":\"ImageObject\",\"inLanguage\":\"de\",\"@id\":\"https:\/\/kulturonline.tv\/de\/antiquaria-messe-wird-erneut-wegen-corona-abgesagt\/#primaryimage\",\"url\":\"https:\/\/kulturonline.tv\/wp-content\/uploads\/2022\/01\/Bildschirmfoto-2022-01-16-um-09.48.04-edited.png\",\"contentUrl\":\"https:\/\/kulturonline.tv\/wp-content\/uploads\/2022\/01\/Bildschirmfoto-2022-01-16-um-09.48.04-edited.png\",\"width\":865,\"height\":487},{\"@type\":\"BreadcrumbList\",\"@id\":\"https:\/\/kulturonline.tv\/de\/antiquaria-messe-wird-erneut-wegen-corona-abgesagt\/#breadcrumb\",\"itemListElement\":[{\"@type\":\"ListItem\",\"position\":1,\"name\":\"Startseite\",\"item\":\"https:\/\/kulturonline.tv\/de\/\"},{\"@type\":\"ListItem\",\"position\":2,\"name\":\"Antiquaria-Messe wird erneut wegen Corona abgesagt\"}]},{\"@type\":\"WebSite\",\"@id\":\"https:\/\/kulturonline.tv\/de\/#website\",\"url\":\"https:\/\/kulturonline.tv\/de\/\",\"name\":\"Kultur Online TV &amp; FM\",\"description\":\"Wir sind Kultur 2.0 zum sehen &amp; h\u00f6ren\",\"publisher\":{\"@id\":\"https:\/\/kulturonline.tv\/de\/#organization\"},\"potentialAction\":[{\"@type\":\"SearchAction\",\"target\":{\"@type\":\"EntryPoint\",\"urlTemplate\":\"https:\/\/kulturonline.tv\/de\/?s={search_term_string}\"},\"query-input\":{\"@type\":\"PropertyValueSpecification\",\"valueRequired\":true,\"valueName\":\"search_term_string\"}}],\"inLanguage\":\"de\"},{\"@type\":\"Organization\",\"@id\":\"https:\/\/kulturonline.tv\/de\/#organization\",\"name\":\"Kultur Online TV\",\"url\":\"https:\/\/kulturonline.tv\/de\/\",\"logo\":{\"@type\":\"ImageObject\",\"inLanguage\":\"de\",\"@id\":\"https:\/\/kulturonline.tv\/de\/#\/schema\/logo\/image\/\",\"url\":\"https:\/\/kulturonline.tv\/wp-content\/uploads\/2021\/08\/Kultur-Online-Tv-Logo-Endversion-neu.png\",\"contentUrl\":\"https:\/\/kulturonline.tv\/wp-content\/uploads\/2021\/08\/Kultur-Online-Tv-Logo-Endversion-neu.png\",\"width\":200,\"height\":200,\"caption\":\"Kultur Online TV\"},\"image\":{\"@id\":\"https:\/\/kulturonline.tv\/de\/#\/schema\/logo\/image\/\"},\"sameAs\":[\"https:\/\/www.facebook.com\/kulturonline.tv\",\"https:\/\/www.instagram.com\/kulturonline.tv\"]},{\"@type\":\"Person\",\"@id\":\"https:\/\/kulturonline.tv\/de\/#\/schema\/person\/b0fac729bb9a0c193fb1df23449df4fe\",\"name\":\"guenter.wolfgang\"}]}<\/script>\n<!-- \/ Yoast SEO plugin. -->","yoast_head_json":{"title":"Antiquaria-Messe wird erneut wegen Corona abgesagt - Kultur Online TV &amp; FM","description":"Kultur sehen und H\u00f6ren","robots":{"index":"index","follow":"follow","max-snippet":"max-snippet:-1","max-image-preview":"max-image-preview:large","max-video-preview":"max-video-preview:-1"},"canonical":"https:\/\/kulturonline.tv\/de\/antiquaria-messe-wird-erneut-wegen-corona-abgesagt\/","og_locale":"de_DE","og_type":"article","og_title":"Antiquaria-Messe wird erneut wegen Corona abgesagt - Kultur Online TV &amp; FM","og_description":"Kultur sehen und H\u00f6ren","og_url":"https:\/\/kulturonline.tv\/de\/antiquaria-messe-wird-erneut-wegen-corona-abgesagt\/","og_site_name":"Kultur Online TV &amp; FM","article_publisher":"https:\/\/www.facebook.com\/kulturonline.tv","article_published_time":"2022-01-16T08:48:56+00:00","article_modified_time":"2022-01-16T08:48:57+00:00","og_image":[{"width":865,"height":487,"url":"https:\/\/kulturonline.tv\/wp-content\/uploads\/2022\/01\/Bildschirmfoto-2022-01-16-um-09.48.04-edited.png","type":"image\/png"}],"author":"guenter.wolfgang","twitter_card":"summary_large_image","twitter_misc":{"Verfasst von":"guenter.wolfgang","Gesch\u00e4tzte Lesezeit":"2\u00a0Minuten"},"schema":{"@context":"https:\/\/schema.org","@graph":[{"@type":"Article","@id":"https:\/\/kulturonline.tv\/de\/antiquaria-messe-wird-erneut-wegen-corona-abgesagt\/#article","isPartOf":{"@id":"https:\/\/kulturonline.tv\/de\/antiquaria-messe-wird-erneut-wegen-corona-abgesagt\/"},"author":{"name":"guenter.wolfgang","@id":"https:\/\/kulturonline.tv\/de\/#\/schema\/person\/b0fac729bb9a0c193fb1df23449df4fe"},"headline":"Antiquaria-Messe wird erneut wegen Corona abgesagt","datePublished":"2022-01-16T08:48:56+00:00","dateModified":"2022-01-16T08:48:57+00:00","mainEntityOfPage":{"@id":"https:\/\/kulturonline.tv\/de\/antiquaria-messe-wird-erneut-wegen-corona-abgesagt\/"},"wordCount":331,"publisher":{"@id":"https:\/\/kulturonline.tv\/de\/#organization"},"image":{"@id":"https:\/\/kulturonline.tv\/de\/antiquaria-messe-wird-erneut-wegen-corona-abgesagt\/#primaryimage"},"thumbnailUrl":"https:\/\/kulturonline.tv\/wp-content\/uploads\/2022\/01\/Bildschirmfoto-2022-01-16-um-09.48.04-edited.png","articleSection":["Literatur","Newsflash"],"inLanguage":"de"},{"@type":"WebPage","@id":"https:\/\/kulturonline.tv\/de\/antiquaria-messe-wird-erneut-wegen-corona-abgesagt\/","url":"https:\/\/kulturonline.tv\/de\/antiquaria-messe-wird-erneut-wegen-corona-abgesagt\/","name":"Antiquaria-Messe wird erneut wegen Corona abgesagt - Kultur Online TV &amp; FM","isPartOf":{"@id":"https:\/\/kulturonline.tv\/de\/#website"},"primaryImageOfPage":{"@id":"https:\/\/kulturonline.tv\/de\/antiquaria-messe-wird-erneut-wegen-corona-abgesagt\/#primaryimage"},"image":{"@id":"https:\/\/kulturonline.tv\/de\/antiquaria-messe-wird-erneut-wegen-corona-abgesagt\/#primaryimage"},"thumbnailUrl":"https:\/\/kulturonline.tv\/wp-content\/uploads\/2022\/01\/Bildschirmfoto-2022-01-16-um-09.48.04-edited.png","datePublished":"2022-01-16T08:48:56+00:00","dateModified":"2022-01-16T08:48:57+00:00","description":"Kultur sehen und H\u00f6ren","breadcrumb":{"@id":"https:\/\/kulturonline.tv\/de\/antiquaria-messe-wird-erneut-wegen-corona-abgesagt\/#breadcrumb"},"inLanguage":"de","potentialAction":[{"@type":"ReadAction","target":["https:\/\/kulturonline.tv\/de\/antiquaria-messe-wird-erneut-wegen-corona-abgesagt\/"]}]},{"@type":"ImageObject","inLanguage":"de","@id":"https:\/\/kulturonline.tv\/de\/antiquaria-messe-wird-erneut-wegen-corona-abgesagt\/#primaryimage","url":"https:\/\/kulturonline.tv\/wp-content\/uploads\/2022\/01\/Bildschirmfoto-2022-01-16-um-09.48.04-edited.png","contentUrl":"https:\/\/kulturonline.tv\/wp-content\/uploads\/2022\/01\/Bildschirmfoto-2022-01-16-um-09.48.04-edited.png","width":865,"height":487},{"@type":"BreadcrumbList","@id":"https:\/\/kulturonline.tv\/de\/antiquaria-messe-wird-erneut-wegen-corona-abgesagt\/#breadcrumb","itemListElement":[{"@type":"ListItem","position":1,"name":"Startseite","item":"https:\/\/kulturonline.tv\/de\/"},{"@type":"ListItem","position":2,"name":"Antiquaria-Messe wird erneut wegen Corona abgesagt"}]},{"@type":"WebSite","@id":"https:\/\/kulturonline.tv\/de\/#website","url":"https:\/\/kulturonline.tv\/de\/","name":"Kultur Online TV &amp; FM","description":"Wir sind Kultur 2.0 zum sehen &amp; h\u00f6ren","publisher":{"@id":"https:\/\/kulturonline.tv\/de\/#organization"},"potentialAction":[{"@type":"SearchAction","target":{"@type":"EntryPoint","urlTemplate":"https:\/\/kulturonline.tv\/de\/?s={search_term_string}"},"query-input":{"@type":"PropertyValueSpecification","valueRequired":true,"valueName":"search_term_string"}}],"inLanguage":"de"},{"@type":"Organization","@id":"https:\/\/kulturonline.tv\/de\/#organization","name":"Kultur Online TV","url":"https:\/\/kulturonline.tv\/de\/","logo":{"@type":"ImageObject","inLanguage":"de","@id":"https:\/\/kulturonline.tv\/de\/#\/schema\/logo\/image\/","url":"https:\/\/kulturonline.tv\/wp-content\/uploads\/2021\/08\/Kultur-Online-Tv-Logo-Endversion-neu.png","contentUrl":"https:\/\/kulturonline.tv\/wp-content\/uploads\/2021\/08\/Kultur-Online-Tv-Logo-Endversion-neu.png","width":200,"height":200,"caption":"Kultur Online TV"},"image":{"@id":"https:\/\/kulturonline.tv\/de\/#\/schema\/logo\/image\/"},"sameAs":["https:\/\/www.facebook.com\/kulturonline.tv","https:\/\/www.instagram.com\/kulturonline.tv"]},{"@type":"Person","@id":"https:\/\/kulturonline.tv\/de\/#\/schema\/person\/b0fac729bb9a0c193fb1df23449df4fe","name":"guenter.wolfgang"}]}},"_links":{"self":[{"href":"https:\/\/kulturonline.tv\/de\/wp-json\/wp\/v2\/posts\/19748","targetHints":{"allow":["GET"]}}],"collection":[{"href":"https:\/\/kulturonline.tv\/de\/wp-json\/wp\/v2\/posts"}],"about":[{"href":"https:\/\/kulturonline.tv\/de\/wp-json\/wp\/v2\/types\/post"}],"author":[{"embeddable":true,"href":"https:\/\/kulturonline.tv\/de\/wp-json\/wp\/v2\/users\/2"}],"replies":[{"embeddable":true,"href":"https:\/\/kulturonline.tv\/de\/wp-json\/wp\/v2\/comments?post=19748"}],"version-history":[{"count":0,"href":"https:\/\/kulturonline.tv\/de\/wp-json\/wp\/v2\/posts\/19748\/revisions"}],"wp:featuredmedia":[{"embeddable":true,"href":"https:\/\/kulturonline.tv\/de\/wp-json\/wp\/v2\/media\/19756"}],"wp:attachment":[{"href":"https:\/\/kulturonline.tv\/de\/wp-json\/wp\/v2\/media?parent=19748"}],"wp:term":[{"taxonomy":"category","embeddable":true,"href":"https:\/\/kulturonline.tv\/de\/wp-json\/wp\/v2\/categories?post=19748"},{"taxonomy":"post_tag","embeddable":true,"href":"https:\/\/kulturonline.tv\/de\/wp-json\/wp\/v2\/tags?post=19748"}],"curies":[{"name":"wp","href":"https:\/\/api.w.org\/{rel}","templated":true}]}}