{"id":19807,"date":"2022-01-17T08:29:04","date_gmt":"2022-01-17T07:29:04","guid":{"rendered":"https:\/\/kulturonline.tv\/?p=19807"},"modified":"2022-01-17T08:30:09","modified_gmt":"2022-01-17T07:30:09","slug":"ich-durchaus-verbesserlich","status":"publish","type":"post","link":"https:\/\/kulturonline.tv\/de\/ich-durchaus-verbesserlich\/","title":{"rendered":"Ich, durchaus verbesserlich"},"content":{"rendered":"\n<p>Matthias Brandt brilliert in einem Solo am Berliner Ensemble als Max Frischs &#8222;Gantenbein&#8220;.<\/p>\n\n\n\n<figure class=\"wp-block-image size-full\"><img fetchpriority=\"high\" decoding=\"async\" width=\"1352\" height=\"761\" src=\"https:\/\/kulturonline.tv\/wp-content\/uploads\/2022\/01\/1408x792-1-1-edited-1.webp\" alt=\"\" class=\"wp-image-19822\" srcset=\"https:\/\/kulturonline.tv\/wp-content\/uploads\/2022\/01\/1408x792-1-1-edited-1.webp 1352w, https:\/\/kulturonline.tv\/wp-content\/uploads\/2022\/01\/1408x792-1-1-edited-1-600x338.webp 600w, https:\/\/kulturonline.tv\/wp-content\/uploads\/2022\/01\/1408x792-1-1-edited-1-800x450.webp 800w, https:\/\/kulturonline.tv\/wp-content\/uploads\/2022\/01\/1408x792-1-1-edited-1-768x432.webp 768w\" sizes=\"(max-width: 1352px) 100vw, 1352px\" \/><figcaption>\u00a9 Christian Behring<\/figcaption><\/figure>\n\n\n\n<p>Viele Menschen kennen&nbsp;Matthias Brandt&nbsp;aus seinen &#8222;Polizeiruf&#8220;-Krimis &#8211; oder sie haben dessen B\u00fccher &#8222;Blackbird&#8220; oder &#8222;Raumpatrouille&#8220; gelesen. Nun ist der Schauspieler erstmals seit Jahren wieder in einer&nbsp;Theaterinszenierung zu sehen.<\/p>\n\n\n\n<p>Am Berliner Ensemble feierte am Freitagabend &#8222;Mein Name sei Gantenbein&#8220; Premiere. Vorlage ist der Roman von Max Frisch (1911-1991).<\/p>\n\n\n\n<p>In der Theaterfassung wird daraus allerdings ein Monolog: Brandt steht also ganz alleine auf der B\u00fchne, umrandet von einem Leuchtrahmen. In den rund zwei Stunden schl\u00fcpft er in verschiedene Rollen. In die Figur Gantenbein zum Beispiel, die vorgibt, blind zu sein. Oder andere Personen, die der Erz\u00e4hler erfindet.<\/p>\n\n\n\n<p>Letztlich geht es um die gro\u00dfe Frage nach Identit\u00e4t. Was genau sind wir eigentlich? Und wie konstruieren wir unser Ich? &#8222;Jeder Mensch erfindet sich fr\u00fcher oder sp\u00e4ter eine Geschichte, die er f\u00fcr sein Leben h\u00e4lt&#8220;, hei\u00dft es im Roman. Auch Brandt sagt diesen Satz. Der 60-J\u00e4hrige spielt die Figuren mit Einf\u00fchlungsverm\u00f6gen zwischen Witz und Verzweiflung. Verkleidet sich und schreit irgendwann: &#8222;Wann werden die Aschenbecher geleert?&#8220;<\/p>\n\n\n\n<p>Das radikalisiert Frischs Ich-Erz\u00e4hler, wenn er sich st\u00e4ndig neu erfindet, zum Beispiel als Gantenbein, der sich versuchsweise, und um die anderen besser beobachten zu k\u00f6nnen, blind stellt. Was w\u00e4re, wenn Gantenbeins Geliebte untreu w\u00e4re, oder wenn sie keine ber\u00fchmte Schauspielerin, sondern zum Beispiel eine Wissenschaftlerin w\u00e4re? Und weshalb sollte die eine Variante wahrscheinlicher, gar realer sein als eine andere? <\/p>\n\n\n\n<p>Das soziale Leben rutscht in den Konjunktiv und wird zum Theaterspiel, am Rand der Farce der ewigen Rollenwechsel: Wie k\u00f6nnten mich die anderen sehen? Und k\u00f6nnte ich in ihren Augen vielleicht auch ein ganz anderer sein? <\/p>\n\n\n\n<p>Und ist das, was ich als meine Person behaupte, nur eine Erfindung von sehr begrenzter Haltbarkeit? Weil der Roman ein einziges m\u00e4anderndes Selbstgespr\u00e4ch, ein Blick in unz\u00e4hlige zerbrochene Spiegelbilder ist, wirkt Reeses Entscheidung, ihn nicht als Ensemblest\u00fcck, sondern als Monolog f\u00fcr Matthias Brandt zu inszenieren, sehr&nbsp;einleuchtend.<\/p>\n\n\n\n<p>Kultur Online TV<\/p>\n\n\n\n<p>#theater #frisch #kultur<\/p>\n","protected":false},"excerpt":{"rendered":"<p>Matthias Brandt brilliert in einem Solo am Berliner Ensemble als Max Frischs &#8222;Gantenbein&#8220;. Viele Menschen kennen&nbsp;Matthias Brandt&nbsp;aus seinen &#8222;Polizeiruf&#8220;-Krimis &#8211; oder sie haben dessen B\u00fccher &#8222;Blackbird&#8220; oder &#8222;Raumpatrouille&#8220; gelesen. Nun ist der Schauspieler erstmals seit Jahren wieder in einer&nbsp;Theaterinszenierung zu sehen. Am Berliner Ensemble feierte am Freitagabend &#8222;Mein Name sei Gantenbein&#8220; Premiere. Vorlage ist der [&hellip;]<\/p>\n","protected":false},"author":2,"featured_media":19822,"comment_status":"closed","ping_status":"closed","sticky":false,"template":"","format":"standard","meta":{"_acf_changed":false,"footnotes":""},"categories":[105],"tags":[],"class_list":["post-19807","post","type-post","status-publish","format-standard","has-post-thumbnail","hentry","category-theater"],"acf":[],"yoast_head":"<!-- This site is optimized with the Yoast SEO plugin v26.1.1 - https:\/\/yoast.com\/wordpress\/plugins\/seo\/ -->\n<title>Ich, durchaus verbesserlich - Kultur Online TV &amp; FM<\/title>\n<meta name=\"description\" content=\"Kultur sehen und H\u00f6ren\" \/>\n<meta name=\"robots\" content=\"index, follow, max-snippet:-1, max-image-preview:large, max-video-preview:-1\" \/>\n<link rel=\"canonical\" href=\"https:\/\/kulturonline.tv\/de\/ich-durchaus-verbesserlich\/\" \/>\n<meta property=\"og:locale\" content=\"de_DE\" \/>\n<meta property=\"og:type\" content=\"article\" \/>\n<meta property=\"og:title\" content=\"Ich, durchaus verbesserlich - Kultur Online TV &amp; FM\" \/>\n<meta property=\"og:description\" content=\"Kultur sehen und H\u00f6ren\" \/>\n<meta property=\"og:url\" content=\"https:\/\/kulturonline.tv\/de\/ich-durchaus-verbesserlich\/\" \/>\n<meta property=\"og:site_name\" content=\"Kultur Online TV &amp; FM\" \/>\n<meta property=\"article:publisher\" content=\"https:\/\/www.facebook.com\/kulturonline.tv\" \/>\n<meta property=\"article:published_time\" content=\"2022-01-17T07:29:04+00:00\" \/>\n<meta property=\"article:modified_time\" content=\"2022-01-17T07:30:09+00:00\" \/>\n<meta property=\"og:image\" content=\"https:\/\/kulturonline.tv\/wp-content\/uploads\/2022\/01\/1408x792-1-1-edited-1.webp\" \/>\n\t<meta property=\"og:image:width\" content=\"1352\" \/>\n\t<meta property=\"og:image:height\" content=\"761\" \/>\n\t<meta property=\"og:image:type\" content=\"image\/webp\" \/>\n<meta name=\"author\" content=\"guenter.wolfgang\" \/>\n<meta name=\"twitter:card\" content=\"summary_large_image\" \/>\n<meta name=\"twitter:label1\" content=\"Verfasst von\" \/>\n\t<meta name=\"twitter:data1\" content=\"guenter.wolfgang\" \/>\n\t<meta name=\"twitter:label2\" content=\"Gesch\u00e4tzte Lesezeit\" \/>\n\t<meta name=\"twitter:data2\" content=\"2\u00a0Minuten\" \/>\n<script type=\"application\/ld+json\" class=\"yoast-schema-graph\">{\"@context\":\"https:\/\/schema.org\",\"@graph\":[{\"@type\":\"Article\",\"@id\":\"https:\/\/kulturonline.tv\/de\/ich-durchaus-verbesserlich\/#article\",\"isPartOf\":{\"@id\":\"https:\/\/kulturonline.tv\/de\/ich-durchaus-verbesserlich\/\"},\"author\":{\"name\":\"guenter.wolfgang\",\"@id\":\"https:\/\/kulturonline.tv\/de\/#\/schema\/person\/b0fac729bb9a0c193fb1df23449df4fe\"},\"headline\":\"Ich, durchaus verbesserlich\",\"datePublished\":\"2022-01-17T07:29:04+00:00\",\"dateModified\":\"2022-01-17T07:30:09+00:00\",\"mainEntityOfPage\":{\"@id\":\"https:\/\/kulturonline.tv\/de\/ich-durchaus-verbesserlich\/\"},\"wordCount\":362,\"publisher\":{\"@id\":\"https:\/\/kulturonline.tv\/de\/#organization\"},\"image\":{\"@id\":\"https:\/\/kulturonline.tv\/de\/ich-durchaus-verbesserlich\/#primaryimage\"},\"thumbnailUrl\":\"https:\/\/kulturonline.tv\/wp-content\/uploads\/2022\/01\/1408x792-1-1-edited-1.webp\",\"articleSection\":[\"Theater\"],\"inLanguage\":\"de\"},{\"@type\":\"WebPage\",\"@id\":\"https:\/\/kulturonline.tv\/de\/ich-durchaus-verbesserlich\/\",\"url\":\"https:\/\/kulturonline.tv\/de\/ich-durchaus-verbesserlich\/\",\"name\":\"Ich, durchaus verbesserlich - Kultur Online TV &amp; FM\",\"isPartOf\":{\"@id\":\"https:\/\/kulturonline.tv\/de\/#website\"},\"primaryImageOfPage\":{\"@id\":\"https:\/\/kulturonline.tv\/de\/ich-durchaus-verbesserlich\/#primaryimage\"},\"image\":{\"@id\":\"https:\/\/kulturonline.tv\/de\/ich-durchaus-verbesserlich\/#primaryimage\"},\"thumbnailUrl\":\"https:\/\/kulturonline.tv\/wp-content\/uploads\/2022\/01\/1408x792-1-1-edited-1.webp\",\"datePublished\":\"2022-01-17T07:29:04+00:00\",\"dateModified\":\"2022-01-17T07:30:09+00:00\",\"description\":\"Kultur sehen und H\u00f6ren\",\"breadcrumb\":{\"@id\":\"https:\/\/kulturonline.tv\/de\/ich-durchaus-verbesserlich\/#breadcrumb\"},\"inLanguage\":\"de\",\"potentialAction\":[{\"@type\":\"ReadAction\",\"target\":[\"https:\/\/kulturonline.tv\/de\/ich-durchaus-verbesserlich\/\"]}]},{\"@type\":\"ImageObject\",\"inLanguage\":\"de\",\"@id\":\"https:\/\/kulturonline.tv\/de\/ich-durchaus-verbesserlich\/#primaryimage\",\"url\":\"https:\/\/kulturonline.tv\/wp-content\/uploads\/2022\/01\/1408x792-1-1-edited-1.webp\",\"contentUrl\":\"https:\/\/kulturonline.tv\/wp-content\/uploads\/2022\/01\/1408x792-1-1-edited-1.webp\",\"width\":1352,\"height\":761},{\"@type\":\"BreadcrumbList\",\"@id\":\"https:\/\/kulturonline.tv\/de\/ich-durchaus-verbesserlich\/#breadcrumb\",\"itemListElement\":[{\"@type\":\"ListItem\",\"position\":1,\"name\":\"Startseite\",\"item\":\"https:\/\/kulturonline.tv\/de\/\"},{\"@type\":\"ListItem\",\"position\":2,\"name\":\"Ich, durchaus verbesserlich\"}]},{\"@type\":\"WebSite\",\"@id\":\"https:\/\/kulturonline.tv\/de\/#website\",\"url\":\"https:\/\/kulturonline.tv\/de\/\",\"name\":\"Kultur Online TV &amp; FM\",\"description\":\"Wir sind Kultur 2.0 zum sehen &amp; h\u00f6ren\",\"publisher\":{\"@id\":\"https:\/\/kulturonline.tv\/de\/#organization\"},\"potentialAction\":[{\"@type\":\"SearchAction\",\"target\":{\"@type\":\"EntryPoint\",\"urlTemplate\":\"https:\/\/kulturonline.tv\/de\/?s={search_term_string}\"},\"query-input\":{\"@type\":\"PropertyValueSpecification\",\"valueRequired\":true,\"valueName\":\"search_term_string\"}}],\"inLanguage\":\"de\"},{\"@type\":\"Organization\",\"@id\":\"https:\/\/kulturonline.tv\/de\/#organization\",\"name\":\"Kultur Online TV\",\"url\":\"https:\/\/kulturonline.tv\/de\/\",\"logo\":{\"@type\":\"ImageObject\",\"inLanguage\":\"de\",\"@id\":\"https:\/\/kulturonline.tv\/de\/#\/schema\/logo\/image\/\",\"url\":\"https:\/\/kulturonline.tv\/wp-content\/uploads\/2021\/08\/Kultur-Online-Tv-Logo-Endversion-neu.png\",\"contentUrl\":\"https:\/\/kulturonline.tv\/wp-content\/uploads\/2021\/08\/Kultur-Online-Tv-Logo-Endversion-neu.png\",\"width\":200,\"height\":200,\"caption\":\"Kultur Online TV\"},\"image\":{\"@id\":\"https:\/\/kulturonline.tv\/de\/#\/schema\/logo\/image\/\"},\"sameAs\":[\"https:\/\/www.facebook.com\/kulturonline.tv\",\"https:\/\/www.instagram.com\/kulturonline.tv\"]},{\"@type\":\"Person\",\"@id\":\"https:\/\/kulturonline.tv\/de\/#\/schema\/person\/b0fac729bb9a0c193fb1df23449df4fe\",\"name\":\"guenter.wolfgang\"}]}<\/script>\n<!-- \/ Yoast SEO plugin. -->","yoast_head_json":{"title":"Ich, durchaus verbesserlich - Kultur Online TV &amp; FM","description":"Kultur sehen und H\u00f6ren","robots":{"index":"index","follow":"follow","max-snippet":"max-snippet:-1","max-image-preview":"max-image-preview:large","max-video-preview":"max-video-preview:-1"},"canonical":"https:\/\/kulturonline.tv\/de\/ich-durchaus-verbesserlich\/","og_locale":"de_DE","og_type":"article","og_title":"Ich, durchaus verbesserlich - Kultur Online TV &amp; FM","og_description":"Kultur sehen und H\u00f6ren","og_url":"https:\/\/kulturonline.tv\/de\/ich-durchaus-verbesserlich\/","og_site_name":"Kultur Online TV &amp; FM","article_publisher":"https:\/\/www.facebook.com\/kulturonline.tv","article_published_time":"2022-01-17T07:29:04+00:00","article_modified_time":"2022-01-17T07:30:09+00:00","og_image":[{"width":1352,"height":761,"url":"https:\/\/kulturonline.tv\/wp-content\/uploads\/2022\/01\/1408x792-1-1-edited-1.webp","type":"image\/webp"}],"author":"guenter.wolfgang","twitter_card":"summary_large_image","twitter_misc":{"Verfasst von":"guenter.wolfgang","Gesch\u00e4tzte Lesezeit":"2\u00a0Minuten"},"schema":{"@context":"https:\/\/schema.org","@graph":[{"@type":"Article","@id":"https:\/\/kulturonline.tv\/de\/ich-durchaus-verbesserlich\/#article","isPartOf":{"@id":"https:\/\/kulturonline.tv\/de\/ich-durchaus-verbesserlich\/"},"author":{"name":"guenter.wolfgang","@id":"https:\/\/kulturonline.tv\/de\/#\/schema\/person\/b0fac729bb9a0c193fb1df23449df4fe"},"headline":"Ich, durchaus verbesserlich","datePublished":"2022-01-17T07:29:04+00:00","dateModified":"2022-01-17T07:30:09+00:00","mainEntityOfPage":{"@id":"https:\/\/kulturonline.tv\/de\/ich-durchaus-verbesserlich\/"},"wordCount":362,"publisher":{"@id":"https:\/\/kulturonline.tv\/de\/#organization"},"image":{"@id":"https:\/\/kulturonline.tv\/de\/ich-durchaus-verbesserlich\/#primaryimage"},"thumbnailUrl":"https:\/\/kulturonline.tv\/wp-content\/uploads\/2022\/01\/1408x792-1-1-edited-1.webp","articleSection":["Theater"],"inLanguage":"de"},{"@type":"WebPage","@id":"https:\/\/kulturonline.tv\/de\/ich-durchaus-verbesserlich\/","url":"https:\/\/kulturonline.tv\/de\/ich-durchaus-verbesserlich\/","name":"Ich, durchaus verbesserlich - Kultur Online TV &amp; FM","isPartOf":{"@id":"https:\/\/kulturonline.tv\/de\/#website"},"primaryImageOfPage":{"@id":"https:\/\/kulturonline.tv\/de\/ich-durchaus-verbesserlich\/#primaryimage"},"image":{"@id":"https:\/\/kulturonline.tv\/de\/ich-durchaus-verbesserlich\/#primaryimage"},"thumbnailUrl":"https:\/\/kulturonline.tv\/wp-content\/uploads\/2022\/01\/1408x792-1-1-edited-1.webp","datePublished":"2022-01-17T07:29:04+00:00","dateModified":"2022-01-17T07:30:09+00:00","description":"Kultur sehen und H\u00f6ren","breadcrumb":{"@id":"https:\/\/kulturonline.tv\/de\/ich-durchaus-verbesserlich\/#breadcrumb"},"inLanguage":"de","potentialAction":[{"@type":"ReadAction","target":["https:\/\/kulturonline.tv\/de\/ich-durchaus-verbesserlich\/"]}]},{"@type":"ImageObject","inLanguage":"de","@id":"https:\/\/kulturonline.tv\/de\/ich-durchaus-verbesserlich\/#primaryimage","url":"https:\/\/kulturonline.tv\/wp-content\/uploads\/2022\/01\/1408x792-1-1-edited-1.webp","contentUrl":"https:\/\/kulturonline.tv\/wp-content\/uploads\/2022\/01\/1408x792-1-1-edited-1.webp","width":1352,"height":761},{"@type":"BreadcrumbList","@id":"https:\/\/kulturonline.tv\/de\/ich-durchaus-verbesserlich\/#breadcrumb","itemListElement":[{"@type":"ListItem","position":1,"name":"Startseite","item":"https:\/\/kulturonline.tv\/de\/"},{"@type":"ListItem","position":2,"name":"Ich, durchaus verbesserlich"}]},{"@type":"WebSite","@id":"https:\/\/kulturonline.tv\/de\/#website","url":"https:\/\/kulturonline.tv\/de\/","name":"Kultur Online TV &amp; FM","description":"Wir sind Kultur 2.0 zum sehen &amp; h\u00f6ren","publisher":{"@id":"https:\/\/kulturonline.tv\/de\/#organization"},"potentialAction":[{"@type":"SearchAction","target":{"@type":"EntryPoint","urlTemplate":"https:\/\/kulturonline.tv\/de\/?s={search_term_string}"},"query-input":{"@type":"PropertyValueSpecification","valueRequired":true,"valueName":"search_term_string"}}],"inLanguage":"de"},{"@type":"Organization","@id":"https:\/\/kulturonline.tv\/de\/#organization","name":"Kultur Online TV","url":"https:\/\/kulturonline.tv\/de\/","logo":{"@type":"ImageObject","inLanguage":"de","@id":"https:\/\/kulturonline.tv\/de\/#\/schema\/logo\/image\/","url":"https:\/\/kulturonline.tv\/wp-content\/uploads\/2021\/08\/Kultur-Online-Tv-Logo-Endversion-neu.png","contentUrl":"https:\/\/kulturonline.tv\/wp-content\/uploads\/2021\/08\/Kultur-Online-Tv-Logo-Endversion-neu.png","width":200,"height":200,"caption":"Kultur Online TV"},"image":{"@id":"https:\/\/kulturonline.tv\/de\/#\/schema\/logo\/image\/"},"sameAs":["https:\/\/www.facebook.com\/kulturonline.tv","https:\/\/www.instagram.com\/kulturonline.tv"]},{"@type":"Person","@id":"https:\/\/kulturonline.tv\/de\/#\/schema\/person\/b0fac729bb9a0c193fb1df23449df4fe","name":"guenter.wolfgang"}]}},"_links":{"self":[{"href":"https:\/\/kulturonline.tv\/de\/wp-json\/wp\/v2\/posts\/19807","targetHints":{"allow":["GET"]}}],"collection":[{"href":"https:\/\/kulturonline.tv\/de\/wp-json\/wp\/v2\/posts"}],"about":[{"href":"https:\/\/kulturonline.tv\/de\/wp-json\/wp\/v2\/types\/post"}],"author":[{"embeddable":true,"href":"https:\/\/kulturonline.tv\/de\/wp-json\/wp\/v2\/users\/2"}],"replies":[{"embeddable":true,"href":"https:\/\/kulturonline.tv\/de\/wp-json\/wp\/v2\/comments?post=19807"}],"version-history":[{"count":0,"href":"https:\/\/kulturonline.tv\/de\/wp-json\/wp\/v2\/posts\/19807\/revisions"}],"wp:featuredmedia":[{"embeddable":true,"href":"https:\/\/kulturonline.tv\/de\/wp-json\/wp\/v2\/media\/19822"}],"wp:attachment":[{"href":"https:\/\/kulturonline.tv\/de\/wp-json\/wp\/v2\/media?parent=19807"}],"wp:term":[{"taxonomy":"category","embeddable":true,"href":"https:\/\/kulturonline.tv\/de\/wp-json\/wp\/v2\/categories?post=19807"},{"taxonomy":"post_tag","embeddable":true,"href":"https:\/\/kulturonline.tv\/de\/wp-json\/wp\/v2\/tags?post=19807"}],"curies":[{"name":"wp","href":"https:\/\/api.w.org\/{rel}","templated":true}]}}